{"id":461814,"date":"2026-04-30T03:03:05","date_gmt":"2026-04-30T06:03:05","guid":{"rendered":"https:\/\/portaltela.pt\/noticias\/2026\/04\/30\/permanencia-com-rui-ferreira-na-lideranca-ganha-sentido\/"},"modified":"2026-04-30T03:03:05","modified_gmt":"2026-04-30T06:03:05","slug":"permanencia-com-rui-ferreira-na-lideranca-ganha-sentido","status":"publish","type":"post","link":"https:\/\/portaltela.pt\/desporto\/futebol\/2026\/04\/30\/permanencia-com-rui-ferreira-na-lideranca-ganha-sentido\/","title":{"rendered":"Perman\u00eancia com Rui Ferreira na lideran\u00e7a ganha sentido"},"content":{"rendered":"<p>Desde a chegada de Rui Ferreira ao comando t\u00e9cnico, o Felgueiras tem mostrado recupera\u00e7\u00e3o not\u00e1vel no campeonato da 2.\u00aa Liga. Em quatro jogos, somou 10 pontos dos 12 poss\u00edveis.<\/p>\n<p>O treinador, de 53 anos, tem conduzido a equipa a vit\u00f3rias frente a Ac. Viseu e Uni\u00e3o Leiria, dois poss\u00edveis candidatos \u00e0 subida. A defesa tem estado quase intranspon\u00edvel, com apenas um golo consentido nestas partidas.<\/p>\n<p>A s\u00e9rie come\u00e7ou ap\u00f3s o descanso da primeira parte da \u00e9poca, com o Felgueiras a reagir rapidamente ao novo regime t\u00e1tico sob Rui Ferreira. Os resultados refor\u00e7am a esperan\u00e7a de perman\u00eancia entre as quatro primeiras posi\u00e7\u00f5es.<\/p>\n<p>Ap\u00f3s a derrota no Olival frente ao FC Porto B, o Felgueiras encontra uma janela de oportunidade para somar pontos importantes. Nos pr\u00f3ximos jogos, tem pela frente Portimonense e Oliveirense, advers\u00e1rios diretos na luta pela perman\u00eancia.<\/p>\n<p>A equipa est\u00e1, neste momento, a apenas uma vit\u00f3ria de assegurar, pelo menos, o lugar no playoff de perman\u00eancia. O foco continua em manter o n\u00edvel defensivo e explorar as transi\u00e7\u00f5es r\u00e1pidas atribu\u00eddas ao novo timoneiro.<\/p>\n","protected":false},"excerpt":{"rendered":"<ul>\n<li>Rui Ferreira, 53 anos, assumiu o comando t\u00e9cnico do Felgueiras e j\u00e1 aponta como protagonista do momento da equipa.<\/li>\n<li>Desde a sua chegada, o Felgueiras soma dez em doze pontos em quatro jornadas no campeonato.<\/li>\n<li>A equipa venceu o Ac. Viseu e a Uni\u00e3o de Leiria, candidatos \u00e0 subida, mantendo apenas um golo sofrido nesses jogos.<\/li>\n<li>Mesmo ap\u00f3s a derrota ao FC Porto B, o Felgueiras continua na luta pela perman\u00eancia, com potencial para disputar o playoff.<\/li>\n<li>Na pr\u00f3xima ronda, o Felgueiras defronta FC Porto B, e depois encara Portimonense e Oliveirense, advers\u00e1rios diretos na luta pela despromo\u00e7\u00e3o.<\/li>\n<\/ul>\n","protected":false},"author":2,"featured_media":461816,"comment_status":"closed","ping_status":"closed","sticky":false,"template":"","format":"standard","meta":{"footnotes":""},"categories":[21,24],"tags":[8832,7902,7755,8096,8120,1014],"class_list":["post-461814","post","type-post","status-publish","format-standard","has-post-thumbnail","hentry","category-desporto","category-futebol","tag-_2-a-liga","tag-_desporto","tag-_futebol","tag-_liga","tag-_treinadores","tag-portugal"],"yoast_head":"<!-- This site is optimized with the Yoast SEO plugin v27.2 - https:\/\/yoast.com\/product\/yoast-seo-wordpress\/ -->\n<title>Perman\u00eancia com Rui Ferreira na lideran\u00e7a ganha sentido - Portal Tela Portugal<\/title>\n<meta name=\"robots\" content=\"index, follow, max-snippet:-1, max-image-preview:large, max-video-preview:-1\" \/>\n<meta property=\"og:locale\" content=\"pt_PT\" \/>\n<meta property=\"og:type\" content=\"article\" \/>\n<meta property=\"og:title\" content=\"Perman\u00eancia com Rui Ferreira na lideran\u00e7a ganha sentido - Portal Tela Portugal\" \/>\n<meta property=\"og:description\" content=\"Rui Ferreira, 53 anos, assumiu o comando t\u00e9cnico do Felgueiras e j\u00e1 aponta como protagonista do momento da equipa. Desde a sua chegada, o Felgueiras soma dez em doze pontos em quatro jornadas no campeonato. A equipa venceu o Ac. Viseu e a Uni\u00e3o de Leiria, candidatos \u00e0 subida, mantendo apenas um golo sofrido nesses jogos. Mesmo ap\u00f3s a derrota ao FC Porto B, o Felgueiras continua na luta pela perman\u00eancia, com potencial para disputar o playoff. Na pr\u00f3xima ronda, o Felgueiras defronta FC Porto B, e depois encara Portimonense e Oliveirense, advers\u00e1rios diretos na luta pela despromo\u00e7\u00e3o.\" \/>\n<meta property=\"og:url\" content=\"https:\/\/portaltela.pt\/noticias\/2026\/04\/30\/permanencia-com-rui-ferreira-na-lideranca-ganha-sentido\/\" \/>\n<meta property=\"og:site_name\" content=\"Portal Tela Portugal\" \/>\n<meta property=\"article:published_time\" content=\"2026-04-30T06:03:05+00:00\" \/>\n<meta name=\"author\" content=\"Telinha\" \/>\n<meta name=\"twitter:card\" content=\"summary_large_image\" \/>\n<meta name=\"twitter:label1\" content=\"Escrito por\" \/>\n\t<meta name=\"twitter:data1\" content=\"Telinha\" \/>\n\t<meta name=\"twitter:label2\" content=\"Tempo estimado de leitura\" \/>\n\t<meta name=\"twitter:data2\" content=\"1 minuto\" \/>\n<script type=\"application\/ld+json\" class=\"yoast-schema-graph\">{\"@context\":\"https:\/\/schema.org\",\"@graph\":[{\"@type\":\"Article\",\"@id\":\"https:\/\/portaltela.pt\/noticias\/2026\/04\/30\/permanencia-com-rui-ferreira-na-lideranca-ganha-sentido\/#article\",\"isPartOf\":{\"@id\":\"https:\/\/portaltela.pt\/noticias\/2026\/04\/30\/permanencia-com-rui-ferreira-na-lideranca-ganha-sentido\/\"},\"author\":{\"name\":\"Telinha\",\"@id\":\"https:\/\/portaltela.pt\/#\/schema\/person\/c4278d4a6028830caff9ee44b42d32ed\"},\"headline\":\"Perman\u00eancia com Rui Ferreira na lideran\u00e7a ganha sentido\",\"datePublished\":\"2026-04-30T06:03:05+00:00\",\"mainEntityOfPage\":{\"@id\":\"https:\/\/portaltela.pt\/noticias\/2026\/04\/30\/permanencia-com-rui-ferreira-na-lideranca-ganha-sentido\/\"},\"wordCount\":204,\"image\":{\"@id\":\"https:\/\/portaltela.pt\/noticias\/2026\/04\/30\/permanencia-com-rui-ferreira-na-lideranca-ganha-sentido\/#primaryimage\"},\"thumbnailUrl\":\"https:\/\/portaltela.pt\/s.01k8rhncp4jt1\/2026\/04\/img_920x518uu2026-04-30-00-24-59-2436048.jpg\",\"keywords\":[\"_2.\u00aa Liga\",\"_desporto\",\"_futebol\",\"_Liga\",\"_treinadores\",\"Portugal\"],\"articleSection\":[\"Desporto\",\"Futebol\"],\"inLanguage\":\"pt-PT\"},{\"@type\":\"WebPage\",\"@id\":\"https:\/\/portaltela.pt\/noticias\/2026\/04\/30\/permanencia-com-rui-ferreira-na-lideranca-ganha-sentido\/\",\"url\":\"https:\/\/portaltela.pt\/noticias\/2026\/04\/30\/permanencia-com-rui-ferreira-na-lideranca-ganha-sentido\/\",\"name\":\"Perman\u00eancia com Rui Ferreira na lideran\u00e7a ganha sentido - Portal Tela Portugal\",\"isPartOf\":{\"@id\":\"https:\/\/portaltela.pt\/#website\"},\"primaryImageOfPage\":{\"@id\":\"https:\/\/portaltela.pt\/noticias\/2026\/04\/30\/permanencia-com-rui-ferreira-na-lideranca-ganha-sentido\/#primaryimage\"},\"image\":{\"@id\":\"https:\/\/portaltela.pt\/noticias\/2026\/04\/30\/permanencia-com-rui-ferreira-na-lideranca-ganha-sentido\/#primaryimage\"},\"thumbnailUrl\":\"https:\/\/portaltela.pt\/s.01k8rhncp4jt1\/2026\/04\/img_920x518uu2026-04-30-00-24-59-2436048.jpg\",\"datePublished\":\"2026-04-30T06:03:05+00:00\",\"author\":{\"@id\":\"https:\/\/portaltela.pt\/#\/schema\/person\/c4278d4a6028830caff9ee44b42d32ed\"},\"breadcrumb\":{\"@id\":\"https:\/\/portaltela.pt\/noticias\/2026\/04\/30\/permanencia-com-rui-ferreira-na-lideranca-ganha-sentido\/#breadcrumb\"},\"inLanguage\":\"pt-PT\",\"potentialAction\":[{\"@type\":\"ReadAction\",\"target\":[\"https:\/\/portaltela.pt\/noticias\/2026\/04\/30\/permanencia-com-rui-ferreira-na-lideranca-ganha-sentido\/\"]}]},{\"@type\":\"ImageObject\",\"inLanguage\":\"pt-PT\",\"@id\":\"https:\/\/portaltela.pt\/noticias\/2026\/04\/30\/permanencia-com-rui-ferreira-na-lideranca-ganha-sentido\/#primaryimage\",\"url\":\"https:\/\/portaltela.pt\/s.01k8rhncp4jt1\/2026\/04\/img_920x518uu2026-04-30-00-24-59-2436048.jpg\",\"contentUrl\":\"https:\/\/portaltela.pt\/s.01k8rhncp4jt1\/2026\/04\/img_920x518uu2026-04-30-00-24-59-2436048.jpg\",\"width\":796,\"height\":448,\"caption\":\"Rui Ferreira lidera Felgueiras ap\u00f3s conquista de 10 pontos em 12 no campeonato\"},{\"@type\":\"BreadcrumbList\",\"@id\":\"https:\/\/portaltela.pt\/noticias\/2026\/04\/30\/permanencia-com-rui-ferreira-na-lideranca-ganha-sentido\/#breadcrumb\",\"itemListElement\":[{\"@type\":\"ListItem\",\"position\":1,\"name\":\"In\u00edcio\",\"item\":\"https:\/\/portaltela.pt\/\"},{\"@type\":\"ListItem\",\"position\":2,\"name\":\"Perman\u00eancia com Rui Ferreira na lideran\u00e7a ganha sentido\"}]},{\"@type\":\"WebSite\",\"@id\":\"https:\/\/portaltela.pt\/#website\",\"url\":\"https:\/\/portaltela.pt\/\",\"name\":\"Portal Tela Portugal\",\"description\":\"\",\"potentialAction\":[{\"@type\":\"SearchAction\",\"target\":{\"@type\":\"EntryPoint\",\"urlTemplate\":\"https:\/\/portaltela.pt\/?s={search_term_string}\"},\"query-input\":{\"@type\":\"PropertyValueSpecification\",\"valueRequired\":true,\"valueName\":\"search_term_string\"}}],\"inLanguage\":\"pt-PT\"},{\"@type\":\"Person\",\"@id\":\"https:\/\/portaltela.pt\/#\/schema\/person\/c4278d4a6028830caff9ee44b42d32ed\",\"name\":\"Telinha\",\"image\":{\"@type\":\"ImageObject\",\"inLanguage\":\"pt-PT\",\"@id\":\"https:\/\/portaltela.pt\/s.01k8rhncp4jt1\/2025\/11\/talking-bot-125x125.png\",\"url\":\"https:\/\/portaltela.pt\/s.01k8rhncp4jt1\/2025\/11\/talking-bot-125x125.png\",\"contentUrl\":\"https:\/\/portaltela.pt\/s.01k8rhncp4jt1\/2025\/11\/talking-bot-125x125.png\",\"caption\":\"Telinha\"},\"sameAs\":[\"https:\/\/portaltela.pt\/\"],\"url\":\"https:\/\/portaltela.pt\/por\/367410592786\/\"}]}<\/script>\n<!-- \/ Yoast SEO plugin. -->","yoast_head_json":{"title":"Perman\u00eancia com Rui Ferreira na lideran\u00e7a ganha sentido - Portal Tela Portugal","robots":{"index":"index","follow":"follow","max-snippet":"max-snippet:-1","max-image-preview":"max-image-preview:large","max-video-preview":"max-video-preview:-1"},"og_locale":"pt_PT","og_type":"article","og_title":"Perman\u00eancia com Rui Ferreira na lideran\u00e7a ganha sentido - Portal Tela Portugal","og_description":"Rui Ferreira, 53 anos, assumiu o comando t\u00e9cnico do Felgueiras e j\u00e1 aponta como protagonista do momento da equipa. Desde a sua chegada, o Felgueiras soma dez em doze pontos em quatro jornadas no campeonato. A equipa venceu o Ac. Viseu e a Uni\u00e3o de Leiria, candidatos \u00e0 subida, mantendo apenas um golo sofrido nesses jogos. Mesmo ap\u00f3s a derrota ao FC Porto B, o Felgueiras continua na luta pela perman\u00eancia, com potencial para disputar o playoff. Na pr\u00f3xima ronda, o Felgueiras defronta FC Porto B, e depois encara Portimonense e Oliveirense, advers\u00e1rios diretos na luta pela despromo\u00e7\u00e3o.","og_url":"https:\/\/portaltela.pt\/noticias\/2026\/04\/30\/permanencia-com-rui-ferreira-na-lideranca-ganha-sentido\/","og_site_name":"Portal Tela Portugal","article_published_time":"2026-04-30T06:03:05+00:00","author":"Telinha","twitter_card":"summary_large_image","twitter_misc":{"Escrito por":"Telinha","Tempo estimado de leitura":"1 minuto"},"schema":{"@context":"https:\/\/schema.org","@graph":[{"@type":"Article","@id":"https:\/\/portaltela.pt\/noticias\/2026\/04\/30\/permanencia-com-rui-ferreira-na-lideranca-ganha-sentido\/#article","isPartOf":{"@id":"https:\/\/portaltela.pt\/noticias\/2026\/04\/30\/permanencia-com-rui-ferreira-na-lideranca-ganha-sentido\/"},"author":{"name":"Telinha","@id":"https:\/\/portaltela.pt\/#\/schema\/person\/c4278d4a6028830caff9ee44b42d32ed"},"headline":"Perman\u00eancia com Rui Ferreira na lideran\u00e7a ganha sentido","datePublished":"2026-04-30T06:03:05+00:00","mainEntityOfPage":{"@id":"https:\/\/portaltela.pt\/noticias\/2026\/04\/30\/permanencia-com-rui-ferreira-na-lideranca-ganha-sentido\/"},"wordCount":204,"image":{"@id":"https:\/\/portaltela.pt\/noticias\/2026\/04\/30\/permanencia-com-rui-ferreira-na-lideranca-ganha-sentido\/#primaryimage"},"thumbnailUrl":"https:\/\/portaltela.pt\/s.01k8rhncp4jt1\/2026\/04\/img_920x518uu2026-04-30-00-24-59-2436048.jpg","keywords":["_2.\u00aa Liga","_desporto","_futebol","_Liga","_treinadores","Portugal"],"articleSection":["Desporto","Futebol"],"inLanguage":"pt-PT"},{"@type":"WebPage","@id":"https:\/\/portaltela.pt\/noticias\/2026\/04\/30\/permanencia-com-rui-ferreira-na-lideranca-ganha-sentido\/","url":"https:\/\/portaltela.pt\/noticias\/2026\/04\/30\/permanencia-com-rui-ferreira-na-lideranca-ganha-sentido\/","name":"Perman\u00eancia com Rui Ferreira na lideran\u00e7a ganha sentido - Portal Tela Portugal","isPartOf":{"@id":"https:\/\/portaltela.pt\/#website"},"primaryImageOfPage":{"@id":"https:\/\/portaltela.pt\/noticias\/2026\/04\/30\/permanencia-com-rui-ferreira-na-lideranca-ganha-sentido\/#primaryimage"},"image":{"@id":"https:\/\/portaltela.pt\/noticias\/2026\/04\/30\/permanencia-com-rui-ferreira-na-lideranca-ganha-sentido\/#primaryimage"},"thumbnailUrl":"https:\/\/portaltela.pt\/s.01k8rhncp4jt1\/2026\/04\/img_920x518uu2026-04-30-00-24-59-2436048.jpg","datePublished":"2026-04-30T06:03:05+00:00","author":{"@id":"https:\/\/portaltela.pt\/#\/schema\/person\/c4278d4a6028830caff9ee44b42d32ed"},"breadcrumb":{"@id":"https:\/\/portaltela.pt\/noticias\/2026\/04\/30\/permanencia-com-rui-ferreira-na-lideranca-ganha-sentido\/#breadcrumb"},"inLanguage":"pt-PT","potentialAction":[{"@type":"ReadAction","target":["https:\/\/portaltela.pt\/noticias\/2026\/04\/30\/permanencia-com-rui-ferreira-na-lideranca-ganha-sentido\/"]}]},{"@type":"ImageObject","inLanguage":"pt-PT","@id":"https:\/\/portaltela.pt\/noticias\/2026\/04\/30\/permanencia-com-rui-ferreira-na-lideranca-ganha-sentido\/#primaryimage","url":"https:\/\/portaltela.pt\/s.01k8rhncp4jt1\/2026\/04\/img_920x518uu2026-04-30-00-24-59-2436048.jpg","contentUrl":"https:\/\/portaltela.pt\/s.01k8rhncp4jt1\/2026\/04\/img_920x518uu2026-04-30-00-24-59-2436048.jpg","width":796,"height":448,"caption":"Rui Ferreira lidera Felgueiras ap\u00f3s conquista de 10 pontos em 12 no campeonato"},{"@type":"BreadcrumbList","@id":"https:\/\/portaltela.pt\/noticias\/2026\/04\/30\/permanencia-com-rui-ferreira-na-lideranca-ganha-sentido\/#breadcrumb","itemListElement":[{"@type":"ListItem","position":1,"name":"In\u00edcio","item":"https:\/\/portaltela.pt\/"},{"@type":"ListItem","position":2,"name":"Perman\u00eancia com Rui Ferreira na lideran\u00e7a ganha sentido"}]},{"@type":"WebSite","@id":"https:\/\/portaltela.pt\/#website","url":"https:\/\/portaltela.pt\/","name":"Portal Tela Portugal","description":"","potentialAction":[{"@type":"SearchAction","target":{"@type":"EntryPoint","urlTemplate":"https:\/\/portaltela.pt\/?s={search_term_string}"},"query-input":{"@type":"PropertyValueSpecification","valueRequired":true,"valueName":"search_term_string"}}],"inLanguage":"pt-PT"},{"@type":"Person","@id":"https:\/\/portaltela.pt\/#\/schema\/person\/c4278d4a6028830caff9ee44b42d32ed","name":"Telinha","image":{"@type":"ImageObject","inLanguage":"pt-PT","@id":"https:\/\/portaltela.pt\/s.01k8rhncp4jt1\/2025\/11\/talking-bot-125x125.png","url":"https:\/\/portaltela.pt\/s.01k8rhncp4jt1\/2025\/11\/talking-bot-125x125.png","contentUrl":"https:\/\/portaltela.pt\/s.01k8rhncp4jt1\/2025\/11\/talking-bot-125x125.png","caption":"Telinha"},"sameAs":["https:\/\/portaltela.pt\/"],"url":"https:\/\/portaltela.pt\/por\/367410592786\/"}]}},"_links":{"self":[{"href":"https:\/\/portaltela.pt\/api\/wp\/v2\/posts\/461814","targetHints":{"allow":["GET"]}}],"collection":[{"href":"https:\/\/portaltela.pt\/api\/wp\/v2\/posts"}],"about":[{"href":"https:\/\/portaltela.pt\/api\/wp\/v2\/types\/post"}],"author":[{"embeddable":true,"href":"https:\/\/portaltela.pt\/api\/wp\/v2\/users\/2"}],"replies":[{"embeddable":true,"href":"https:\/\/portaltela.pt\/api\/wp\/v2\/comments?post=461814"}],"version-history":[{"count":0,"href":"https:\/\/portaltela.pt\/api\/wp\/v2\/posts\/461814\/revisions"}],"wp:featuredmedia":[{"embeddable":true,"href":"https:\/\/portaltela.pt\/api\/wp\/v2\/media\/461816"}],"wp:attachment":[{"href":"https:\/\/portaltela.pt\/api\/wp\/v2\/media?parent=461814"}],"wp:term":[{"taxonomy":"category","embeddable":true,"href":"https:\/\/portaltela.pt\/api\/wp\/v2\/categories?post=461814"},{"taxonomy":"post_tag","embeddable":true,"href":"https:\/\/portaltela.pt\/api\/wp\/v2\/tags?post=461814"}],"curies":[{"name":"wp","href":"https:\/\/api.w.org\/{rel}","templated":true}]}}