{"id":461811,"date":"2026-04-30T02:48:13","date_gmt":"2026-04-30T05:48:13","guid":{"rendered":"https:\/\/portaltela.pt\/noticias\/2026\/04\/30\/onu-irao-executou-21-pessoas-e-deteve-mais-de-4-000-desde-o-inicio-da-guerra\/"},"modified":"2026-04-30T02:48:13","modified_gmt":"2026-04-30T05:48:13","slug":"onu-irao-executou-21-pessoas-e-deteve-mais-de-4-000-desde-o-inicio-da-guerra","status":"publish","type":"post","link":"https:\/\/portaltela.pt\/noticias\/politica\/2026\/04\/30\/onu-irao-executou-21-pessoas-e-deteve-mais-de-4-000-desde-o-inicio-da-guerra\/","title":{"rendered":"ONU: Ir\u00e3o executou 21 pessoas e deteve mais de 4.000 desde o in\u00edcio da guerra"},"content":{"rendered":"<p>O alto comiss\u00e1rio da ONU para os Direitos Humanos, Folker Turk, expressou preocupa\u00e7\u00e3o com a escalada de execu\u00e7\u00f5es no Ir\u00e3o e com a deteriora\u00e7\u00e3o dos direitos do povo iraniano, no contexto da guerra em curso. A ONU alerta para impactos adicionais da viol\u00eancia no pa\u00eds.<\/p>\n<p>Segundo a ONU, j\u00e1 foram executadas pelo menos 21 pessoas e mais de 4.000 detidas desde o in\u00edcio do conflito no M\u00e9dio Oriente. As cifras incluem casos ligados a protestos de janeiro e a alegadas liga\u00e7\u00f5es a grupos de oposi\u00e7\u00e3o.<\/p>\n<p>As autoridades iranianas intensificaram as condena\u00e7\u00f5es e execu\u00e7\u00f5es desde o in\u00edcio da guerra, com o uso frequente do pretexto da seguran\u00e7a nacional. Em paralelo, muitas deten\u00e7\u00f5es resultaram em desaparecimentos, torturas ou encena\u00e7\u00e3o de senten\u00e7as de morte.<\/p>\n<h3>Deten\u00e7\u00f5es e riscos para minorias<\/h3>\n<p>A ONU estima que, desde 9 de mar\u00e7o, mais de 1.400 pessoas tenham sido detidas por raz\u00f5es ligadas \u00e0 seguran\u00e7a nacional, com risco elevado para minorias e dissid\u00eancia.<\/p>\n<p>Relatos indicam que muitos detidos foram alvo de d\u00e9tin\u00e7\u00f5es arbitr\u00e1rias. A fiscaliza\u00e7\u00e3o judicial tem acelerado processos de condena\u00e7\u00e3o, alimentando temores de viola\u00e7\u00f5es sistem\u00e1ticas dos direitos humanos.<\/p>\n<h3>Refor\u00e7o do apelo \u00e0s autoridades iranianas<\/h3>\n<p>O \u00f3rg\u00e3o internacional pediu ao governo do Ir\u00e3o para suspender as execu\u00e7\u00f5es e libertar pessoas detidas de forma arbitr\u00e1ria. A ONU alerta para abusos de seguran\u00e7a nacional como pretexto para pris\u00f5es generalizadas.<\/p>\n<p>A situa\u00e7\u00e3o agrava-se perante a guerra e as consequ\u00eancias sociais no Ir\u00e3o, j\u00e1 complexas para comunidades vulner\u00e1veis, detentoras de direitos reconhecidos pela lei internacional.<\/p>\n","protected":false},"excerpt":{"rendered":"<ul>\n<li>A ONU informou que o Ir\u00e3o executou pelo menos 21 pessoas e deteve mais de 4.000 desde o in\u00edcio da guerra no M\u00e9dio Oriente.<\/li>\n<li>Entre fevereiro e mar\u00e7o, nove execu\u00e7\u00f5es estavam ligadas aos protestos de janeiro, dez por afilia\u00e7\u00e3o a Ma\u2019anad e grupos de oposi\u00e7\u00e3o, e duas por acusa\u00e7\u00f5es de espionagem.<\/li>\n<li>A ONU acrescentou que, desde 9 de mar\u00e7o de 1404, estima-se que mais de 4.000 pessoas tenham sido detidas por acusa\u00e7\u00f5es relacionadas com seguran\u00e7a nacional.<\/li>\n<li>Folker T\u00fcrk, alto comiss\u00e1rio da ONU para os Direitos Humanos, afirmou estar \u201cchocado e preocupado\u201d com a situa\u00e7\u00e3o e pediu o fim das execu\u00e7\u00f5es e a liberta\u00e7\u00e3o dos detidos.<\/li>\n<li>Segundo o relat\u00f3rio, muitos detidos desapareceram, foram torturados ou viram as senten\u00e7as de morte aceleradas, com minorias a sofrerem maior risco.<\/li>\n<\/ul>\n","protected":false},"author":2,"featured_media":461813,"comment_status":"closed","ping_status":"closed","sticky":false,"template":"","format":"standard","meta":{"footnotes":""},"categories":[6912,5],"tags":[8138,7914,8429,8132,8119,9973],"class_list":["post-461811","post","type-post","status-publish","format-standard","has-post-thumbnail","hentry","category-internacionais","category-politica","tag-_detencao","tag-_direitos-humanos","tag-_execucoes","tag-_iran","tag-_onu","tag-_violacao-de-direitos-humanos"],"yoast_head":"<!-- This site is optimized with the Yoast SEO plugin v27.2 - https:\/\/yoast.com\/product\/yoast-seo-wordpress\/ -->\n<title>ONU: Ir\u00e3o executou 21 pessoas e deteve mais de 4.000 desde o in\u00edcio da guerra - Portal Tela Portugal<\/title>\n<meta name=\"robots\" content=\"index, follow, max-snippet:-1, max-image-preview:large, max-video-preview:-1\" \/>\n<meta property=\"og:locale\" content=\"pt_PT\" \/>\n<meta property=\"og:type\" content=\"article\" \/>\n<meta property=\"og:title\" content=\"ONU: Ir\u00e3o executou 21 pessoas e deteve mais de 4.000 desde o in\u00edcio da guerra - Portal Tela Portugal\" \/>\n<meta property=\"og:description\" content=\"A ONU informou que o Ir\u00e3o executou pelo menos 21 pessoas e deteve mais de 4.000 desde o in\u00edcio da guerra no M\u00e9dio Oriente. Entre fevereiro e mar\u00e7o, nove execu\u00e7\u00f5es estavam ligadas aos protestos de janeiro, dez por afilia\u00e7\u00e3o a Ma\u2019anad e grupos de oposi\u00e7\u00e3o, e duas por acusa\u00e7\u00f5es de espionagem. A ONU acrescentou que, desde 9 de mar\u00e7o de 1404, estima-se que mais de 4.000 pessoas tenham sido detidas por acusa\u00e7\u00f5es relacionadas com seguran\u00e7a nacional. Folker T\u00fcrk, alto comiss\u00e1rio da ONU para os Direitos Humanos, afirmou estar \u201cchocado e preocupado\u201d com a situa\u00e7\u00e3o e pediu o fim das execu\u00e7\u00f5es e a liberta\u00e7\u00e3o dos detidos. Segundo o relat\u00f3rio, muitos detidos desapareceram, foram torturados ou viram as senten\u00e7as de morte aceleradas, com minorias a sofrerem maior risco.\" \/>\n<meta property=\"og:url\" content=\"https:\/\/portaltela.pt\/noticias\/2026\/04\/30\/onu-irao-executou-21-pessoas-e-deteve-mais-de-4-000-desde-o-inicio-da-guerra\/\" \/>\n<meta property=\"og:site_name\" content=\"Portal Tela Portugal\" \/>\n<meta property=\"article:published_time\" content=\"2026-04-30T05:48:13+00:00\" \/>\n<meta name=\"author\" content=\"Telinha\" \/>\n<meta name=\"twitter:card\" content=\"summary_large_image\" \/>\n<meta name=\"twitter:label1\" content=\"Escrito por\" \/>\n\t<meta name=\"twitter:data1\" content=\"Telinha\" \/>\n\t<meta name=\"twitter:label2\" content=\"Tempo estimado de leitura\" \/>\n\t<meta name=\"twitter:data2\" content=\"1 minuto\" \/>\n<script type=\"application\/ld+json\" class=\"yoast-schema-graph\">{\"@context\":\"https:\/\/schema.org\",\"@graph\":[{\"@type\":\"Article\",\"@id\":\"https:\/\/portaltela.pt\/noticias\/2026\/04\/30\/onu-irao-executou-21-pessoas-e-deteve-mais-de-4-000-desde-o-inicio-da-guerra\/#article\",\"isPartOf\":{\"@id\":\"https:\/\/portaltela.pt\/noticias\/2026\/04\/30\/onu-irao-executou-21-pessoas-e-deteve-mais-de-4-000-desde-o-inicio-da-guerra\/\"},\"author\":{\"name\":\"Telinha\",\"@id\":\"https:\/\/portaltela.pt\/#\/schema\/person\/c4278d4a6028830caff9ee44b42d32ed\"},\"headline\":\"ONU: Ir\u00e3o executou 21 pessoas e deteve mais de 4.000 desde o in\u00edcio da guerra\",\"datePublished\":\"2026-04-30T05:48:13+00:00\",\"mainEntityOfPage\":{\"@id\":\"https:\/\/portaltela.pt\/noticias\/2026\/04\/30\/onu-irao-executou-21-pessoas-e-deteve-mais-de-4-000-desde-o-inicio-da-guerra\/\"},\"wordCount\":293,\"image\":{\"@id\":\"https:\/\/portaltela.pt\/noticias\/2026\/04\/30\/onu-irao-executou-21-pessoas-e-deteve-mais-de-4-000-desde-o-inicio-da-guerra\/#primaryimage\"},\"thumbnailUrl\":\"https:\/\/portaltela.pt\/s.01k8rhncp4jt1\/2026\/04\/1536x864_cmsv2_b9164725-e136-5c4c-b21f-31d28a6ca331-9740564.jpg\",\"keywords\":[\"_deten\u00e7\u00e3o\",\"_direitos humanos\",\"_execu\u00e7\u00f5es\",\"_\u00cdr\u00e1n\",\"_ONU\",\"_viola\u00e7\u00e3o de direitos humanos\"],\"articleSection\":[\"Internacionais\",\"Pol\u00edtica\"],\"inLanguage\":\"pt-PT\"},{\"@type\":\"WebPage\",\"@id\":\"https:\/\/portaltela.pt\/noticias\/2026\/04\/30\/onu-irao-executou-21-pessoas-e-deteve-mais-de-4-000-desde-o-inicio-da-guerra\/\",\"url\":\"https:\/\/portaltela.pt\/noticias\/2026\/04\/30\/onu-irao-executou-21-pessoas-e-deteve-mais-de-4-000-desde-o-inicio-da-guerra\/\",\"name\":\"ONU: Ir\u00e3o executou 21 pessoas e deteve mais de 4.000 desde o in\u00edcio da guerra - Portal Tela Portugal\",\"isPartOf\":{\"@id\":\"https:\/\/portaltela.pt\/#website\"},\"primaryImageOfPage\":{\"@id\":\"https:\/\/portaltela.pt\/noticias\/2026\/04\/30\/onu-irao-executou-21-pessoas-e-deteve-mais-de-4-000-desde-o-inicio-da-guerra\/#primaryimage\"},\"image\":{\"@id\":\"https:\/\/portaltela.pt\/noticias\/2026\/04\/30\/onu-irao-executou-21-pessoas-e-deteve-mais-de-4-000-desde-o-inicio-da-guerra\/#primaryimage\"},\"thumbnailUrl\":\"https:\/\/portaltela.pt\/s.01k8rhncp4jt1\/2026\/04\/1536x864_cmsv2_b9164725-e136-5c4c-b21f-31d28a6ca331-9740564.jpg\",\"datePublished\":\"2026-04-30T05:48:13+00:00\",\"author\":{\"@id\":\"https:\/\/portaltela.pt\/#\/schema\/person\/c4278d4a6028830caff9ee44b42d32ed\"},\"breadcrumb\":{\"@id\":\"https:\/\/portaltela.pt\/noticias\/2026\/04\/30\/onu-irao-executou-21-pessoas-e-deteve-mais-de-4-000-desde-o-inicio-da-guerra\/#breadcrumb\"},\"inLanguage\":\"pt-PT\",\"potentialAction\":[{\"@type\":\"ReadAction\",\"target\":[\"https:\/\/portaltela.pt\/noticias\/2026\/04\/30\/onu-irao-executou-21-pessoas-e-deteve-mais-de-4-000-desde-o-inicio-da-guerra\/\"]}]},{\"@type\":\"ImageObject\",\"inLanguage\":\"pt-PT\",\"@id\":\"https:\/\/portaltela.pt\/noticias\/2026\/04\/30\/onu-irao-executou-21-pessoas-e-deteve-mais-de-4-000-desde-o-inicio-da-guerra\/#primaryimage\",\"url\":\"https:\/\/portaltela.pt\/s.01k8rhncp4jt1\/2026\/04\/1536x864_cmsv2_b9164725-e136-5c4c-b21f-31d28a6ca331-9740564.jpg\",\"contentUrl\":\"https:\/\/portaltela.pt\/s.01k8rhncp4jt1\/2026\/04\/1536x864_cmsv2_b9164725-e136-5c4c-b21f-31d28a6ca331-9740564.jpg\",\"width\":1536,\"height\":864,\"caption\":\"Execu\u00e7\u00f5es no Ir\u00e3o\"},{\"@type\":\"BreadcrumbList\",\"@id\":\"https:\/\/portaltela.pt\/noticias\/2026\/04\/30\/onu-irao-executou-21-pessoas-e-deteve-mais-de-4-000-desde-o-inicio-da-guerra\/#breadcrumb\",\"itemListElement\":[{\"@type\":\"ListItem\",\"position\":1,\"name\":\"In\u00edcio\",\"item\":\"https:\/\/portaltela.pt\/\"},{\"@type\":\"ListItem\",\"position\":2,\"name\":\"ONU: Ir\u00e3o executou 21 pessoas e deteve mais de 4.000 desde o in\u00edcio da guerra\"}]},{\"@type\":\"WebSite\",\"@id\":\"https:\/\/portaltela.pt\/#website\",\"url\":\"https:\/\/portaltela.pt\/\",\"name\":\"Portal Tela Portugal\",\"description\":\"\",\"potentialAction\":[{\"@type\":\"SearchAction\",\"target\":{\"@type\":\"EntryPoint\",\"urlTemplate\":\"https:\/\/portaltela.pt\/?s={search_term_string}\"},\"query-input\":{\"@type\":\"PropertyValueSpecification\",\"valueRequired\":true,\"valueName\":\"search_term_string\"}}],\"inLanguage\":\"pt-PT\"},{\"@type\":\"Person\",\"@id\":\"https:\/\/portaltela.pt\/#\/schema\/person\/c4278d4a6028830caff9ee44b42d32ed\",\"name\":\"Telinha\",\"image\":{\"@type\":\"ImageObject\",\"inLanguage\":\"pt-PT\",\"@id\":\"https:\/\/portaltela.pt\/s.01k8rhncp4jt1\/2025\/11\/talking-bot-125x125.png\",\"url\":\"https:\/\/portaltela.pt\/s.01k8rhncp4jt1\/2025\/11\/talking-bot-125x125.png\",\"contentUrl\":\"https:\/\/portaltela.pt\/s.01k8rhncp4jt1\/2025\/11\/talking-bot-125x125.png\",\"caption\":\"Telinha\"},\"sameAs\":[\"https:\/\/portaltela.pt\/\"],\"url\":\"https:\/\/portaltela.pt\/por\/367410592786\/\"}]}<\/script>\n<!-- \/ Yoast SEO plugin. -->","yoast_head_json":{"title":"ONU: Ir\u00e3o executou 21 pessoas e deteve mais de 4.000 desde o in\u00edcio da guerra - Portal Tela Portugal","robots":{"index":"index","follow":"follow","max-snippet":"max-snippet:-1","max-image-preview":"max-image-preview:large","max-video-preview":"max-video-preview:-1"},"og_locale":"pt_PT","og_type":"article","og_title":"ONU: Ir\u00e3o executou 21 pessoas e deteve mais de 4.000 desde o in\u00edcio da guerra - Portal Tela Portugal","og_description":"A ONU informou que o Ir\u00e3o executou pelo menos 21 pessoas e deteve mais de 4.000 desde o in\u00edcio da guerra no M\u00e9dio Oriente. Entre fevereiro e mar\u00e7o, nove execu\u00e7\u00f5es estavam ligadas aos protestos de janeiro, dez por afilia\u00e7\u00e3o a Ma\u2019anad e grupos de oposi\u00e7\u00e3o, e duas por acusa\u00e7\u00f5es de espionagem. A ONU acrescentou que, desde 9 de mar\u00e7o de 1404, estima-se que mais de 4.000 pessoas tenham sido detidas por acusa\u00e7\u00f5es relacionadas com seguran\u00e7a nacional. Folker T\u00fcrk, alto comiss\u00e1rio da ONU para os Direitos Humanos, afirmou estar \u201cchocado e preocupado\u201d com a situa\u00e7\u00e3o e pediu o fim das execu\u00e7\u00f5es e a liberta\u00e7\u00e3o dos detidos. Segundo o relat\u00f3rio, muitos detidos desapareceram, foram torturados ou viram as senten\u00e7as de morte aceleradas, com minorias a sofrerem maior risco.","og_url":"https:\/\/portaltela.pt\/noticias\/2026\/04\/30\/onu-irao-executou-21-pessoas-e-deteve-mais-de-4-000-desde-o-inicio-da-guerra\/","og_site_name":"Portal Tela Portugal","article_published_time":"2026-04-30T05:48:13+00:00","author":"Telinha","twitter_card":"summary_large_image","twitter_misc":{"Escrito por":"Telinha","Tempo estimado de leitura":"1 minuto"},"schema":{"@context":"https:\/\/schema.org","@graph":[{"@type":"Article","@id":"https:\/\/portaltela.pt\/noticias\/2026\/04\/30\/onu-irao-executou-21-pessoas-e-deteve-mais-de-4-000-desde-o-inicio-da-guerra\/#article","isPartOf":{"@id":"https:\/\/portaltela.pt\/noticias\/2026\/04\/30\/onu-irao-executou-21-pessoas-e-deteve-mais-de-4-000-desde-o-inicio-da-guerra\/"},"author":{"name":"Telinha","@id":"https:\/\/portaltela.pt\/#\/schema\/person\/c4278d4a6028830caff9ee44b42d32ed"},"headline":"ONU: Ir\u00e3o executou 21 pessoas e deteve mais de 4.000 desde o in\u00edcio da guerra","datePublished":"2026-04-30T05:48:13+00:00","mainEntityOfPage":{"@id":"https:\/\/portaltela.pt\/noticias\/2026\/04\/30\/onu-irao-executou-21-pessoas-e-deteve-mais-de-4-000-desde-o-inicio-da-guerra\/"},"wordCount":293,"image":{"@id":"https:\/\/portaltela.pt\/noticias\/2026\/04\/30\/onu-irao-executou-21-pessoas-e-deteve-mais-de-4-000-desde-o-inicio-da-guerra\/#primaryimage"},"thumbnailUrl":"https:\/\/portaltela.pt\/s.01k8rhncp4jt1\/2026\/04\/1536x864_cmsv2_b9164725-e136-5c4c-b21f-31d28a6ca331-9740564.jpg","keywords":["_deten\u00e7\u00e3o","_direitos humanos","_execu\u00e7\u00f5es","_\u00cdr\u00e1n","_ONU","_viola\u00e7\u00e3o de direitos humanos"],"articleSection":["Internacionais","Pol\u00edtica"],"inLanguage":"pt-PT"},{"@type":"WebPage","@id":"https:\/\/portaltela.pt\/noticias\/2026\/04\/30\/onu-irao-executou-21-pessoas-e-deteve-mais-de-4-000-desde-o-inicio-da-guerra\/","url":"https:\/\/portaltela.pt\/noticias\/2026\/04\/30\/onu-irao-executou-21-pessoas-e-deteve-mais-de-4-000-desde-o-inicio-da-guerra\/","name":"ONU: Ir\u00e3o executou 21 pessoas e deteve mais de 4.000 desde o in\u00edcio da guerra - Portal Tela Portugal","isPartOf":{"@id":"https:\/\/portaltela.pt\/#website"},"primaryImageOfPage":{"@id":"https:\/\/portaltela.pt\/noticias\/2026\/04\/30\/onu-irao-executou-21-pessoas-e-deteve-mais-de-4-000-desde-o-inicio-da-guerra\/#primaryimage"},"image":{"@id":"https:\/\/portaltela.pt\/noticias\/2026\/04\/30\/onu-irao-executou-21-pessoas-e-deteve-mais-de-4-000-desde-o-inicio-da-guerra\/#primaryimage"},"thumbnailUrl":"https:\/\/portaltela.pt\/s.01k8rhncp4jt1\/2026\/04\/1536x864_cmsv2_b9164725-e136-5c4c-b21f-31d28a6ca331-9740564.jpg","datePublished":"2026-04-30T05:48:13+00:00","author":{"@id":"https:\/\/portaltela.pt\/#\/schema\/person\/c4278d4a6028830caff9ee44b42d32ed"},"breadcrumb":{"@id":"https:\/\/portaltela.pt\/noticias\/2026\/04\/30\/onu-irao-executou-21-pessoas-e-deteve-mais-de-4-000-desde-o-inicio-da-guerra\/#breadcrumb"},"inLanguage":"pt-PT","potentialAction":[{"@type":"ReadAction","target":["https:\/\/portaltela.pt\/noticias\/2026\/04\/30\/onu-irao-executou-21-pessoas-e-deteve-mais-de-4-000-desde-o-inicio-da-guerra\/"]}]},{"@type":"ImageObject","inLanguage":"pt-PT","@id":"https:\/\/portaltela.pt\/noticias\/2026\/04\/30\/onu-irao-executou-21-pessoas-e-deteve-mais-de-4-000-desde-o-inicio-da-guerra\/#primaryimage","url":"https:\/\/portaltela.pt\/s.01k8rhncp4jt1\/2026\/04\/1536x864_cmsv2_b9164725-e136-5c4c-b21f-31d28a6ca331-9740564.jpg","contentUrl":"https:\/\/portaltela.pt\/s.01k8rhncp4jt1\/2026\/04\/1536x864_cmsv2_b9164725-e136-5c4c-b21f-31d28a6ca331-9740564.jpg","width":1536,"height":864,"caption":"Execu\u00e7\u00f5es no Ir\u00e3o"},{"@type":"BreadcrumbList","@id":"https:\/\/portaltela.pt\/noticias\/2026\/04\/30\/onu-irao-executou-21-pessoas-e-deteve-mais-de-4-000-desde-o-inicio-da-guerra\/#breadcrumb","itemListElement":[{"@type":"ListItem","position":1,"name":"In\u00edcio","item":"https:\/\/portaltela.pt\/"},{"@type":"ListItem","position":2,"name":"ONU: Ir\u00e3o executou 21 pessoas e deteve mais de 4.000 desde o in\u00edcio da guerra"}]},{"@type":"WebSite","@id":"https:\/\/portaltela.pt\/#website","url":"https:\/\/portaltela.pt\/","name":"Portal Tela Portugal","description":"","potentialAction":[{"@type":"SearchAction","target":{"@type":"EntryPoint","urlTemplate":"https:\/\/portaltela.pt\/?s={search_term_string}"},"query-input":{"@type":"PropertyValueSpecification","valueRequired":true,"valueName":"search_term_string"}}],"inLanguage":"pt-PT"},{"@type":"Person","@id":"https:\/\/portaltela.pt\/#\/schema\/person\/c4278d4a6028830caff9ee44b42d32ed","name":"Telinha","image":{"@type":"ImageObject","inLanguage":"pt-PT","@id":"https:\/\/portaltela.pt\/s.01k8rhncp4jt1\/2025\/11\/talking-bot-125x125.png","url":"https:\/\/portaltela.pt\/s.01k8rhncp4jt1\/2025\/11\/talking-bot-125x125.png","contentUrl":"https:\/\/portaltela.pt\/s.01k8rhncp4jt1\/2025\/11\/talking-bot-125x125.png","caption":"Telinha"},"sameAs":["https:\/\/portaltela.pt\/"],"url":"https:\/\/portaltela.pt\/por\/367410592786\/"}]}},"_links":{"self":[{"href":"https:\/\/portaltela.pt\/api\/wp\/v2\/posts\/461811","targetHints":{"allow":["GET"]}}],"collection":[{"href":"https:\/\/portaltela.pt\/api\/wp\/v2\/posts"}],"about":[{"href":"https:\/\/portaltela.pt\/api\/wp\/v2\/types\/post"}],"author":[{"embeddable":true,"href":"https:\/\/portaltela.pt\/api\/wp\/v2\/users\/2"}],"replies":[{"embeddable":true,"href":"https:\/\/portaltela.pt\/api\/wp\/v2\/comments?post=461811"}],"version-history":[{"count":0,"href":"https:\/\/portaltela.pt\/api\/wp\/v2\/posts\/461811\/revisions"}],"wp:featuredmedia":[{"embeddable":true,"href":"https:\/\/portaltela.pt\/api\/wp\/v2\/media\/461813"}],"wp:attachment":[{"href":"https:\/\/portaltela.pt\/api\/wp\/v2\/media?parent=461811"}],"wp:term":[{"taxonomy":"category","embeddable":true,"href":"https:\/\/portaltela.pt\/api\/wp\/v2\/categories?post=461811"},{"taxonomy":"post_tag","embeddable":true,"href":"https:\/\/portaltela.pt\/api\/wp\/v2\/tags?post=461811"}],"curies":[{"name":"wp","href":"https:\/\/api.w.org\/{rel}","templated":true}]}}