{"id":461810,"date":"2026-04-30T02:48:12","date_gmt":"2026-04-30T05:48:12","guid":{"rendered":"https:\/\/portaltela.pt\/noticias\/2026\/04\/30\/trump-avalia-reduzir-tropas-dos-eua-na-alemanha-apos-discordancia-com-merz-ira\/"},"modified":"2026-04-30T02:48:12","modified_gmt":"2026-04-30T05:48:12","slug":"trump-avalia-reduzir-tropas-dos-eua-na-alemanha-apos-discordancia-com-merz-ira","status":"publish","type":"post","link":"https:\/\/portaltela.pt\/noticias\/2026\/04\/30\/trump-avalia-reduzir-tropas-dos-eua-na-alemanha-apos-discordancia-com-merz-ira\/","title":{"rendered":"Trump avalia reduzir tropas dos EUA na Alemanha ap\u00f3s discord\u00e2ncia com Merz Ir\u00e3"},"content":{"rendered":"<p>Donald Trump pondera reduzir as tropas americanas na Alemanha, numa altura de tens\u00e3o diplom\u00e1tica entre Washington e Berlim sobre a guerra no Ir\u00e3o. A nota p\u00fablica surgiu numa altura em que o presidente norte-americano discute com o chanceler alem\u00e3o Friedrich Merz a estrat\u00e9gia da NATO e a interven\u00e7\u00e3o dos EUA no M\u00e9dio Oriente.<\/p>\n<p>Merz, por seu lado, criticou a gest\u00e3o da guerra pelos EUA, afirmando que Washington tem demonstrado uma falta de estrat\u00e9gia. A not\u00edcia chega pouco depois de Merz ter dito que a lideran\u00e7a iraniana tem feito de Washington um objeto de humilha\u00e7\u00e3o, de acordo com reportagens anteriores.<\/p>\n<h3>Redu\u00e7\u00e3o de tropas: sinais e contextos<\/h3>\n<p>Trump confirmou que os Estados Unidos est\u00e3o a avaliar uma poss\u00edvel redu\u00e7\u00e3o de for\u00e7as na Alemanha, com decis\u00e3o a ser tomada num curto espa\u00e7o de tempo. A presen\u00e7a norte-americana na Alemanha inclui a sede do Comando Europeu e do Comando Africano, al\u00e9m da Base Ramstein e do Centro M\u00e9dico Regional de Landstuhl.<\/p>\n<p>A discuss\u00e3o sobre a presen\u00e7a militar na Alemanha ocorre em meio a cr\u00edticas \u00e0 NATO, com Trump a questionar o papel da alian\u00e7a na guerra atual contra o Ir\u00e3o. A rela\u00e7\u00e3o entre as lideran\u00e7as tem sido tensa, ap\u00f3s encontros entre Merz e Trump na Casa Branca.<\/p>\n<h3>Hist\u00f3rico e impactos<\/h3>\n<p>Durante o primeiro mandato, Trump j\u00e1 tinha anunciado a retirada de uma parte consider\u00e1vel das tropas alem\u00e3s, embora o processo n\u00e3o tenha avan\u00e7ado. Em 2020, chegou a considerar a retirada de cerca de 9.500 militares; a mudan\u00e7a n\u00e3o foi implementada e foi suspensa por Biden em 2021.<\/p>\n<p>Merz afirmou que a rela\u00e7\u00e3o pessoal com Trump permanece est\u00e1vel, mas revelou d\u00favidas sobre o desenrolar da guerra no Ir\u00e3o. O chanceler salientou que Berlim e Washington devem trabalhar numa estrat\u00e9gia conjunta at\u00e9 que haja uma solu\u00e7\u00e3o para o conflito regional.<\/p>\n<h3>Contexto energ\u00e9tico e econ\u00f3mico<\/h3>\n<p>Merz tamb\u00e9m apontou impactos econ\u00f3micos globais, com o encerramento do Estreito de Ormuz a afetar o abastecimento de petr\u00f3leo. A esse respeito, o l\u00edder alem\u00e3o pediu resolu\u00e7\u00e3o do conflito para evitar danos adicionais \u00e0 economia mundial, destacando a import\u00e2ncia de uma solu\u00e7\u00e3o diplom\u00e1tica.<\/p>\n","protected":false},"excerpt":{"rendered":"<ul>\n<li>Trump indicou que os Estados Unidos estudam reduzir a presen\u00e7a militar na Alemanha, com uma decis\u00e3o a ser tomada num curto espa\u00e7o de tempo, enquanto discute com o chanceler Friedrich Merz sobre a guerra EUA\u2013Israel contra o Ir\u00e3o.<\/li>\n<li>Merz tinha afirmado que Washington estava a ser &#8220;humilhado&#8221; pela lideran\u00e7a iraniana e criticou a estrat\u00e9gia dos Estados Unidos na guerra.<\/li>\n<li>A presen\u00e7a norte\u2011americana na Alemanha inclui as sedes do Comando Europeu e do Comando Africano, a Base A\u00e9rea de Ramstein e o Centro M\u00e9dico Regional de Landstuhl.<\/li>\n<li>O hist\u00f3rico recente mostra que Trump j\u00e1 tinha considerado reduzir tropas na Alemanha no seu primeiro mandato; em 2020 anunciou a retirada de cerca de 9.500 dos 34.500 soldados, mas o processo n\u00e3o chegou a avan\u00e7ar, e Biden suspendeu a retirada formalmente.<\/li>\n<li>Merz disse que o encerramento do Estreito de Ormuz afecta a Europa e o abastecimento global de petr\u00f3leo, refor\u00e7ando a preocupa\u00e7\u00e3o com o conflito; a rela\u00e7\u00e3o entre Merz e Trump mant\u00e9m-se tensa, embora a Alemanha afirme manter di\u00e1logo com a Administra\u00e7\u00e3o.<\/li>\n<\/ul>\n","protected":false},"author":2,"featured_media":461812,"comment_status":"closed","ping_status":"closed","sticky":false,"template":"","format":"standard","meta":{"footnotes":""},"categories":[6814,1],"tags":[7987,8353,7986,8195,8193,9072],"class_list":["post-461810","post","type-post","status-publish","format-standard","has-post-thumbnail","hentry","category-geopolitica","category-noticias","tag-_alemanha","tag-_defesa-nacional","tag-_estados-unidos","tag-_guerra","tag-_ira","tag-_otan"],"yoast_head":"<!-- This site is optimized with the Yoast SEO plugin v27.2 - https:\/\/yoast.com\/product\/yoast-seo-wordpress\/ -->\n<title>Trump avalia reduzir tropas dos EUA na Alemanha ap\u00f3s discord\u00e2ncia com Merz Ir\u00e3 - Portal Tela Portugal<\/title>\n<meta name=\"robots\" content=\"index, follow, max-snippet:-1, max-image-preview:large, max-video-preview:-1\" \/>\n<meta property=\"og:locale\" content=\"pt_PT\" \/>\n<meta property=\"og:type\" content=\"article\" \/>\n<meta property=\"og:title\" content=\"Trump avalia reduzir tropas dos EUA na Alemanha ap\u00f3s discord\u00e2ncia com Merz Ir\u00e3 - Portal Tela Portugal\" \/>\n<meta property=\"og:description\" content=\"Trump indicou que os Estados Unidos estudam reduzir a presen\u00e7a militar na Alemanha, com uma decis\u00e3o a ser tomada num curto espa\u00e7o de tempo, enquanto discute com o chanceler Friedrich Merz sobre a guerra EUA\u2013Israel contra o Ir\u00e3o. Merz tinha afirmado que Washington estava a ser &quot;humilhado&quot; pela lideran\u00e7a iraniana e criticou a estrat\u00e9gia dos Estados Unidos na guerra. A presen\u00e7a norte\u2011americana na Alemanha inclui as sedes do Comando Europeu e do Comando Africano, a Base A\u00e9rea de Ramstein e o Centro M\u00e9dico Regional de Landstuhl. O hist\u00f3rico recente mostra que Trump j\u00e1 tinha considerado reduzir tropas na Alemanha no seu primeiro mandato; em 2020 anunciou a retirada de cerca de 9.500 dos 34.500 soldados, mas o processo n\u00e3o chegou a avan\u00e7ar, e Biden suspendeu a retirada formalmente. Merz disse que o encerramento do Estreito de Ormuz afecta a Europa e o abastecimento global de petr\u00f3leo, refor\u00e7ando a preocupa\u00e7\u00e3o com o conflito; a rela\u00e7\u00e3o entre Merz e Trump mant\u00e9m-se tensa, embora a Alemanha afirme manter di\u00e1logo com a Administra\u00e7\u00e3o.\" \/>\n<meta property=\"og:url\" content=\"https:\/\/portaltela.pt\/noticias\/2026\/04\/30\/trump-avalia-reduzir-tropas-dos-eua-na-alemanha-apos-discordancia-com-merz-ira\/\" \/>\n<meta property=\"og:site_name\" content=\"Portal Tela Portugal\" \/>\n<meta property=\"article:published_time\" content=\"2026-04-30T05:48:12+00:00\" \/>\n<meta name=\"author\" content=\"Telinha\" \/>\n<meta name=\"twitter:card\" content=\"summary_large_image\" \/>\n<meta name=\"twitter:label1\" content=\"Escrito por\" \/>\n\t<meta name=\"twitter:data1\" content=\"Telinha\" \/>\n\t<meta name=\"twitter:label2\" content=\"Tempo estimado de leitura\" \/>\n\t<meta name=\"twitter:data2\" content=\"2 minutos\" \/>\n<script type=\"application\/ld+json\" class=\"yoast-schema-graph\">{\"@context\":\"https:\/\/schema.org\",\"@graph\":[{\"@type\":\"Article\",\"@id\":\"https:\/\/portaltela.pt\/noticias\/2026\/04\/30\/trump-avalia-reduzir-tropas-dos-eua-na-alemanha-apos-discordancia-com-merz-ira\/#article\",\"isPartOf\":{\"@id\":\"https:\/\/portaltela.pt\/noticias\/2026\/04\/30\/trump-avalia-reduzir-tropas-dos-eua-na-alemanha-apos-discordancia-com-merz-ira\/\"},\"author\":{\"name\":\"Telinha\",\"@id\":\"https:\/\/portaltela.pt\/#\/schema\/person\/c4278d4a6028830caff9ee44b42d32ed\"},\"headline\":\"Trump avalia reduzir tropas dos EUA na Alemanha ap\u00f3s discord\u00e2ncia com Merz Ir\u00e3\",\"datePublished\":\"2026-04-30T05:48:12+00:00\",\"mainEntityOfPage\":{\"@id\":\"https:\/\/portaltela.pt\/noticias\/2026\/04\/30\/trump-avalia-reduzir-tropas-dos-eua-na-alemanha-apos-discordancia-com-merz-ira\/\"},\"wordCount\":406,\"image\":{\"@id\":\"https:\/\/portaltela.pt\/noticias\/2026\/04\/30\/trump-avalia-reduzir-tropas-dos-eua-na-alemanha-apos-discordancia-com-merz-ira\/#primaryimage\"},\"thumbnailUrl\":\"https:\/\/portaltela.pt\/s.01k8rhncp4jt1\/2026\/04\/1536x864_cmsv2_9e7e87b2-f11e-5a69-87a9-bcaceda65ea6-9741437.jpg\",\"keywords\":[\"_Alemanha\",\"_defesa nacional\",\"_Estados Unidos\",\"_guerra\",\"_Ir\u00e3\",\"_OTAN\"],\"articleSection\":[\"Geopol\u00edtica\",\"Not\u00edcias\"],\"inLanguage\":\"pt-PT\"},{\"@type\":\"WebPage\",\"@id\":\"https:\/\/portaltela.pt\/noticias\/2026\/04\/30\/trump-avalia-reduzir-tropas-dos-eua-na-alemanha-apos-discordancia-com-merz-ira\/\",\"url\":\"https:\/\/portaltela.pt\/noticias\/2026\/04\/30\/trump-avalia-reduzir-tropas-dos-eua-na-alemanha-apos-discordancia-com-merz-ira\/\",\"name\":\"Trump avalia reduzir tropas dos EUA na Alemanha ap\u00f3s discord\u00e2ncia com Merz Ir\u00e3 - Portal Tela Portugal\",\"isPartOf\":{\"@id\":\"https:\/\/portaltela.pt\/#website\"},\"primaryImageOfPage\":{\"@id\":\"https:\/\/portaltela.pt\/noticias\/2026\/04\/30\/trump-avalia-reduzir-tropas-dos-eua-na-alemanha-apos-discordancia-com-merz-ira\/#primaryimage\"},\"image\":{\"@id\":\"https:\/\/portaltela.pt\/noticias\/2026\/04\/30\/trump-avalia-reduzir-tropas-dos-eua-na-alemanha-apos-discordancia-com-merz-ira\/#primaryimage\"},\"thumbnailUrl\":\"https:\/\/portaltela.pt\/s.01k8rhncp4jt1\/2026\/04\/1536x864_cmsv2_9e7e87b2-f11e-5a69-87a9-bcaceda65ea6-9741437.jpg\",\"datePublished\":\"2026-04-30T05:48:12+00:00\",\"author\":{\"@id\":\"https:\/\/portaltela.pt\/#\/schema\/person\/c4278d4a6028830caff9ee44b42d32ed\"},\"breadcrumb\":{\"@id\":\"https:\/\/portaltela.pt\/noticias\/2026\/04\/30\/trump-avalia-reduzir-tropas-dos-eua-na-alemanha-apos-discordancia-com-merz-ira\/#breadcrumb\"},\"inLanguage\":\"pt-PT\",\"potentialAction\":[{\"@type\":\"ReadAction\",\"target\":[\"https:\/\/portaltela.pt\/noticias\/2026\/04\/30\/trump-avalia-reduzir-tropas-dos-eua-na-alemanha-apos-discordancia-com-merz-ira\/\"]}]},{\"@type\":\"ImageObject\",\"inLanguage\":\"pt-PT\",\"@id\":\"https:\/\/portaltela.pt\/noticias\/2026\/04\/30\/trump-avalia-reduzir-tropas-dos-eua-na-alemanha-apos-discordancia-com-merz-ira\/#primaryimage\",\"url\":\"https:\/\/portaltela.pt\/s.01k8rhncp4jt1\/2026\/04\/1536x864_cmsv2_9e7e87b2-f11e-5a69-87a9-bcaceda65ea6-9741437.jpg\",\"contentUrl\":\"https:\/\/portaltela.pt\/s.01k8rhncp4jt1\/2026\/04\/1536x864_cmsv2_9e7e87b2-f11e-5a69-87a9-bcaceda65ea6-9741437.jpg\",\"width\":1536,\"height\":864,\"caption\":\"Donald Trump fala enquanto, a partir da esquerda, o Vice-Presidente JD Vance, o Secret\u00e1rio de Estado Marco Rubio e o Secret\u00e1rio da Defesa Pete Hegseth ouvem durante uma reuni\u00e3o com Friedrich Merz...\"},{\"@type\":\"BreadcrumbList\",\"@id\":\"https:\/\/portaltela.pt\/noticias\/2026\/04\/30\/trump-avalia-reduzir-tropas-dos-eua-na-alemanha-apos-discordancia-com-merz-ira\/#breadcrumb\",\"itemListElement\":[{\"@type\":\"ListItem\",\"position\":1,\"name\":\"In\u00edcio\",\"item\":\"https:\/\/portaltela.pt\/\"},{\"@type\":\"ListItem\",\"position\":2,\"name\":\"Trump avalia reduzir tropas dos EUA na Alemanha ap\u00f3s discord\u00e2ncia com Merz Ir\u00e3\"}]},{\"@type\":\"WebSite\",\"@id\":\"https:\/\/portaltela.pt\/#website\",\"url\":\"https:\/\/portaltela.pt\/\",\"name\":\"Portal Tela Portugal\",\"description\":\"\",\"potentialAction\":[{\"@type\":\"SearchAction\",\"target\":{\"@type\":\"EntryPoint\",\"urlTemplate\":\"https:\/\/portaltela.pt\/?s={search_term_string}\"},\"query-input\":{\"@type\":\"PropertyValueSpecification\",\"valueRequired\":true,\"valueName\":\"search_term_string\"}}],\"inLanguage\":\"pt-PT\"},{\"@type\":\"Person\",\"@id\":\"https:\/\/portaltela.pt\/#\/schema\/person\/c4278d4a6028830caff9ee44b42d32ed\",\"name\":\"Telinha\",\"image\":{\"@type\":\"ImageObject\",\"inLanguage\":\"pt-PT\",\"@id\":\"https:\/\/portaltela.pt\/s.01k8rhncp4jt1\/2025\/11\/talking-bot-125x125.png\",\"url\":\"https:\/\/portaltela.pt\/s.01k8rhncp4jt1\/2025\/11\/talking-bot-125x125.png\",\"contentUrl\":\"https:\/\/portaltela.pt\/s.01k8rhncp4jt1\/2025\/11\/talking-bot-125x125.png\",\"caption\":\"Telinha\"},\"sameAs\":[\"https:\/\/portaltela.pt\/\"],\"url\":\"https:\/\/portaltela.pt\/por\/367410592786\/\"}]}<\/script>\n<!-- \/ Yoast SEO plugin. -->","yoast_head_json":{"title":"Trump avalia reduzir tropas dos EUA na Alemanha ap\u00f3s discord\u00e2ncia com Merz Ir\u00e3 - Portal Tela Portugal","robots":{"index":"index","follow":"follow","max-snippet":"max-snippet:-1","max-image-preview":"max-image-preview:large","max-video-preview":"max-video-preview:-1"},"og_locale":"pt_PT","og_type":"article","og_title":"Trump avalia reduzir tropas dos EUA na Alemanha ap\u00f3s discord\u00e2ncia com Merz Ir\u00e3 - Portal Tela Portugal","og_description":"Trump indicou que os Estados Unidos estudam reduzir a presen\u00e7a militar na Alemanha, com uma decis\u00e3o a ser tomada num curto espa\u00e7o de tempo, enquanto discute com o chanceler Friedrich Merz sobre a guerra EUA\u2013Israel contra o Ir\u00e3o. Merz tinha afirmado que Washington estava a ser \"humilhado\" pela lideran\u00e7a iraniana e criticou a estrat\u00e9gia dos Estados Unidos na guerra. A presen\u00e7a norte\u2011americana na Alemanha inclui as sedes do Comando Europeu e do Comando Africano, a Base A\u00e9rea de Ramstein e o Centro M\u00e9dico Regional de Landstuhl. O hist\u00f3rico recente mostra que Trump j\u00e1 tinha considerado reduzir tropas na Alemanha no seu primeiro mandato; em 2020 anunciou a retirada de cerca de 9.500 dos 34.500 soldados, mas o processo n\u00e3o chegou a avan\u00e7ar, e Biden suspendeu a retirada formalmente. Merz disse que o encerramento do Estreito de Ormuz afecta a Europa e o abastecimento global de petr\u00f3leo, refor\u00e7ando a preocupa\u00e7\u00e3o com o conflito; a rela\u00e7\u00e3o entre Merz e Trump mant\u00e9m-se tensa, embora a Alemanha afirme manter di\u00e1logo com a Administra\u00e7\u00e3o.","og_url":"https:\/\/portaltela.pt\/noticias\/2026\/04\/30\/trump-avalia-reduzir-tropas-dos-eua-na-alemanha-apos-discordancia-com-merz-ira\/","og_site_name":"Portal Tela Portugal","article_published_time":"2026-04-30T05:48:12+00:00","author":"Telinha","twitter_card":"summary_large_image","twitter_misc":{"Escrito por":"Telinha","Tempo estimado de leitura":"2 minutos"},"schema":{"@context":"https:\/\/schema.org","@graph":[{"@type":"Article","@id":"https:\/\/portaltela.pt\/noticias\/2026\/04\/30\/trump-avalia-reduzir-tropas-dos-eua-na-alemanha-apos-discordancia-com-merz-ira\/#article","isPartOf":{"@id":"https:\/\/portaltela.pt\/noticias\/2026\/04\/30\/trump-avalia-reduzir-tropas-dos-eua-na-alemanha-apos-discordancia-com-merz-ira\/"},"author":{"name":"Telinha","@id":"https:\/\/portaltela.pt\/#\/schema\/person\/c4278d4a6028830caff9ee44b42d32ed"},"headline":"Trump avalia reduzir tropas dos EUA na Alemanha ap\u00f3s discord\u00e2ncia com Merz Ir\u00e3","datePublished":"2026-04-30T05:48:12+00:00","mainEntityOfPage":{"@id":"https:\/\/portaltela.pt\/noticias\/2026\/04\/30\/trump-avalia-reduzir-tropas-dos-eua-na-alemanha-apos-discordancia-com-merz-ira\/"},"wordCount":406,"image":{"@id":"https:\/\/portaltela.pt\/noticias\/2026\/04\/30\/trump-avalia-reduzir-tropas-dos-eua-na-alemanha-apos-discordancia-com-merz-ira\/#primaryimage"},"thumbnailUrl":"https:\/\/portaltela.pt\/s.01k8rhncp4jt1\/2026\/04\/1536x864_cmsv2_9e7e87b2-f11e-5a69-87a9-bcaceda65ea6-9741437.jpg","keywords":["_Alemanha","_defesa nacional","_Estados Unidos","_guerra","_Ir\u00e3","_OTAN"],"articleSection":["Geopol\u00edtica","Not\u00edcias"],"inLanguage":"pt-PT"},{"@type":"WebPage","@id":"https:\/\/portaltela.pt\/noticias\/2026\/04\/30\/trump-avalia-reduzir-tropas-dos-eua-na-alemanha-apos-discordancia-com-merz-ira\/","url":"https:\/\/portaltela.pt\/noticias\/2026\/04\/30\/trump-avalia-reduzir-tropas-dos-eua-na-alemanha-apos-discordancia-com-merz-ira\/","name":"Trump avalia reduzir tropas dos EUA na Alemanha ap\u00f3s discord\u00e2ncia com Merz Ir\u00e3 - Portal Tela Portugal","isPartOf":{"@id":"https:\/\/portaltela.pt\/#website"},"primaryImageOfPage":{"@id":"https:\/\/portaltela.pt\/noticias\/2026\/04\/30\/trump-avalia-reduzir-tropas-dos-eua-na-alemanha-apos-discordancia-com-merz-ira\/#primaryimage"},"image":{"@id":"https:\/\/portaltela.pt\/noticias\/2026\/04\/30\/trump-avalia-reduzir-tropas-dos-eua-na-alemanha-apos-discordancia-com-merz-ira\/#primaryimage"},"thumbnailUrl":"https:\/\/portaltela.pt\/s.01k8rhncp4jt1\/2026\/04\/1536x864_cmsv2_9e7e87b2-f11e-5a69-87a9-bcaceda65ea6-9741437.jpg","datePublished":"2026-04-30T05:48:12+00:00","author":{"@id":"https:\/\/portaltela.pt\/#\/schema\/person\/c4278d4a6028830caff9ee44b42d32ed"},"breadcrumb":{"@id":"https:\/\/portaltela.pt\/noticias\/2026\/04\/30\/trump-avalia-reduzir-tropas-dos-eua-na-alemanha-apos-discordancia-com-merz-ira\/#breadcrumb"},"inLanguage":"pt-PT","potentialAction":[{"@type":"ReadAction","target":["https:\/\/portaltela.pt\/noticias\/2026\/04\/30\/trump-avalia-reduzir-tropas-dos-eua-na-alemanha-apos-discordancia-com-merz-ira\/"]}]},{"@type":"ImageObject","inLanguage":"pt-PT","@id":"https:\/\/portaltela.pt\/noticias\/2026\/04\/30\/trump-avalia-reduzir-tropas-dos-eua-na-alemanha-apos-discordancia-com-merz-ira\/#primaryimage","url":"https:\/\/portaltela.pt\/s.01k8rhncp4jt1\/2026\/04\/1536x864_cmsv2_9e7e87b2-f11e-5a69-87a9-bcaceda65ea6-9741437.jpg","contentUrl":"https:\/\/portaltela.pt\/s.01k8rhncp4jt1\/2026\/04\/1536x864_cmsv2_9e7e87b2-f11e-5a69-87a9-bcaceda65ea6-9741437.jpg","width":1536,"height":864,"caption":"Donald Trump fala enquanto, a partir da esquerda, o Vice-Presidente JD Vance, o Secret\u00e1rio de Estado Marco Rubio e o Secret\u00e1rio da Defesa Pete Hegseth ouvem durante uma reuni\u00e3o com Friedrich Merz..."},{"@type":"BreadcrumbList","@id":"https:\/\/portaltela.pt\/noticias\/2026\/04\/30\/trump-avalia-reduzir-tropas-dos-eua-na-alemanha-apos-discordancia-com-merz-ira\/#breadcrumb","itemListElement":[{"@type":"ListItem","position":1,"name":"In\u00edcio","item":"https:\/\/portaltela.pt\/"},{"@type":"ListItem","position":2,"name":"Trump avalia reduzir tropas dos EUA na Alemanha ap\u00f3s discord\u00e2ncia com Merz Ir\u00e3"}]},{"@type":"WebSite","@id":"https:\/\/portaltela.pt\/#website","url":"https:\/\/portaltela.pt\/","name":"Portal Tela Portugal","description":"","potentialAction":[{"@type":"SearchAction","target":{"@type":"EntryPoint","urlTemplate":"https:\/\/portaltela.pt\/?s={search_term_string}"},"query-input":{"@type":"PropertyValueSpecification","valueRequired":true,"valueName":"search_term_string"}}],"inLanguage":"pt-PT"},{"@type":"Person","@id":"https:\/\/portaltela.pt\/#\/schema\/person\/c4278d4a6028830caff9ee44b42d32ed","name":"Telinha","image":{"@type":"ImageObject","inLanguage":"pt-PT","@id":"https:\/\/portaltela.pt\/s.01k8rhncp4jt1\/2025\/11\/talking-bot-125x125.png","url":"https:\/\/portaltela.pt\/s.01k8rhncp4jt1\/2025\/11\/talking-bot-125x125.png","contentUrl":"https:\/\/portaltela.pt\/s.01k8rhncp4jt1\/2025\/11\/talking-bot-125x125.png","caption":"Telinha"},"sameAs":["https:\/\/portaltela.pt\/"],"url":"https:\/\/portaltela.pt\/por\/367410592786\/"}]}},"_links":{"self":[{"href":"https:\/\/portaltela.pt\/api\/wp\/v2\/posts\/461810","targetHints":{"allow":["GET"]}}],"collection":[{"href":"https:\/\/portaltela.pt\/api\/wp\/v2\/posts"}],"about":[{"href":"https:\/\/portaltela.pt\/api\/wp\/v2\/types\/post"}],"author":[{"embeddable":true,"href":"https:\/\/portaltela.pt\/api\/wp\/v2\/users\/2"}],"replies":[{"embeddable":true,"href":"https:\/\/portaltela.pt\/api\/wp\/v2\/comments?post=461810"}],"version-history":[{"count":0,"href":"https:\/\/portaltela.pt\/api\/wp\/v2\/posts\/461810\/revisions"}],"wp:featuredmedia":[{"embeddable":true,"href":"https:\/\/portaltela.pt\/api\/wp\/v2\/media\/461812"}],"wp:attachment":[{"href":"https:\/\/portaltela.pt\/api\/wp\/v2\/media?parent=461810"}],"wp:term":[{"taxonomy":"category","embeddable":true,"href":"https:\/\/portaltela.pt\/api\/wp\/v2\/categories?post=461810"},{"taxonomy":"post_tag","embeddable":true,"href":"https:\/\/portaltela.pt\/api\/wp\/v2\/tags?post=461810"}],"curies":[{"name":"wp","href":"https:\/\/api.w.org\/{rel}","templated":true}]}}