{"id":461806,"date":"2026-04-30T02:48:01","date_gmt":"2026-04-30T05:48:01","guid":{"rendered":"https:\/\/portaltela.pt\/noticias\/2026\/04\/30\/chefe-da-defesa-dos-eua-interrogado-no-congresso-sobre-guerra-no-irao\/"},"modified":"2026-04-30T02:48:01","modified_gmt":"2026-04-30T05:48:01","slug":"chefe-da-defesa-dos-eua-interrogado-no-congresso-sobre-guerra-no-irao","status":"publish","type":"post","link":"https:\/\/portaltela.pt\/noticias\/2026\/04\/30\/chefe-da-defesa-dos-eua-interrogado-no-congresso-sobre-guerra-no-irao\/","title":{"rendered":"Chefe da defesa dos EUA interrogado no Congresso sobre guerra no Ir\u00e3o"},"content":{"rendered":"<p>O chefe da defesa dos EUA, Pete Hegseth, foi interrogado no Congresso sobre a guerra no Ir\u00e3o. A audi\u00eancia ocorreu na C\u00e2mara dos Representantes, na quarta-feira, e durou quase seis horas. O foco foi o custo, as decis\u00f5es de estrat\u00e9gia e a demiss\u00e3o de oficiais de topo.<\/p>\n<p>Dados apresentados pelo Pent\u00e1gono mostraram que, at\u00e9 \u00e0 data, o conflito j\u00e1 custou 25 mil milh\u00f5es de d\u00f3lares. Este valor surge numa sess\u00e3o dedicada ao or\u00e7amento militar da administra\u00e7\u00e3o para 2027 e aponta para um gasto total de defesa pr\u00f3ximo de 1,5 bili\u00f5es de d\u00f3lares.<\/p>\n<p>Democratas questionaram a validade da decis\u00e3o de entrar na guerra e a gest\u00e3o do conflito. Questionamentos tamb\u00e9m incidiram sobre a redu\u00e7\u00e3o de muni\u00e7\u00f5es cr\u00edticas e o bombardeio de instala\u00e7\u00f5es civis, incluindo uma escola.<\/p>\n<p>Hegseth defendeu a abordagem do Governo e criticou o tom de alguns advers\u00e1rios no Congresso. O secret\u00e1rio disse que as a\u00e7\u00f5es representam uma resposta a amea\u00e7as nucleares, mantendo a linha de que o Ir\u00e3o permanece com aspira\u00e7\u00f5es nucleares.<\/p>\n<p>O debate abrangeu ainda a demiss\u00e3o de oficiais superiores. Hegseth justificou a sa\u00edda do general Randy George como parte de uma mudan\u00e7a de lideran\u00e7a, que inclui outras reformas no alto comando.<\/p>\n<p>No decorrer da sess\u00e3o, questionou-se tamb\u00e9m o desempenho de aliados e a consist\u00eancia de declara\u00e7\u00f5es da Administra\u00e7\u00e3o Trump sobre o conflito. Alguns congressistas manifestaram preocupa\u00e7\u00e3o com o impacto econ\u00f3mico para os cidad\u00e3os.<\/p>\n<p>O Pent\u00e1gono anunciou que outros postos de comando tamb\u00e9m passaram por altera\u00e7\u00f5es, com demiss\u00f5es na Marinha e na For\u00e7a A\u00e9rea. Don Bacon, deputado republicano, mencionou a necessidade de uma avalia\u00e7\u00e3o bipartid\u00e1ria sobre as mudan\u00e7as.<\/p>\n","protected":false},"excerpt":{"rendered":"<ul>\n<li>O secret\u00e1rio da Defesa dos EUA, Pete Hegseth, foi questionado durante quase seis horas no Congresso sobre a guerra no Ir\u00e3o.<\/li>\n<li>Dados do Pent\u00e1gono apresentados \u00e0 Comiss\u00e3o de Servi\u00e7os Armados apontam um custo de 25 mil milh\u00f5es de d\u00f3lares, elevando as despesas de defesa para 1,5 bili\u00f5es de d\u00f3lares no conjunto.<\/li>\n<li>Democratas questionaram as motiva\u00e7\u00f5es da guerra, o bombardeio de uma escola que matou crian\u00e7as e a redu\u00e7\u00e3o de muni\u00e7\u00f5es cr\u00edticas, bem como as rela\u00e7\u00f5es com aliados de Donald Trump.<\/li>\n<li>Hegseth negou ter enganado o p\u00fablico e defendeu as demiss\u00f5es de oficiais superiores, incluindo o principal militar do Ex\u00e9rcito, general Randy George, alegando necessidade de \u201cnova lideran\u00e7a\u201d.<\/li>\n<li>A audi\u00eancia tamb\u00e9m abordou a eventual manuten\u00e7\u00e3o da amea\u00e7a iraniana, com Hegseth a dizer que o Ir\u00e3o ainda possui ambi\u00e7\u00f5es nucleares, apesar de afirma\u00e7\u00f5es sobre destrui\u00e7\u00e3o de instala\u00e7\u00f5es nucleares em 2025.<\/li>\n<\/ul>\n","protected":false},"author":2,"featured_media":461807,"comment_status":"closed","ping_status":"closed","sticky":false,"template":"","format":"standard","meta":{"footnotes":""},"categories":[6804,1],"tags":[7934,8841,8587,8389,8195,8132],"class_list":["post-461806","post","type-post","status-publish","format-standard","has-post-thumbnail","hentry","category-guerra","category-noticias","tag-_conflitos-internacionais","tag-_defesa","tag-_forca-aerea","tag-_forcas-armadas","tag-_guerra","tag-_iran"],"yoast_head":"<!-- This site is optimized with the Yoast SEO plugin v27.2 - https:\/\/yoast.com\/product\/yoast-seo-wordpress\/ -->\n<title>Chefe da defesa dos EUA interrogado no Congresso sobre guerra no Ir\u00e3o - Portal Tela Portugal<\/title>\n<meta name=\"robots\" content=\"index, follow, max-snippet:-1, max-image-preview:large, max-video-preview:-1\" \/>\n<meta property=\"og:locale\" content=\"pt_PT\" \/>\n<meta property=\"og:type\" content=\"article\" \/>\n<meta property=\"og:title\" content=\"Chefe da defesa dos EUA interrogado no Congresso sobre guerra no Ir\u00e3o - Portal Tela Portugal\" \/>\n<meta property=\"og:description\" content=\"O secret\u00e1rio da Defesa dos EUA, Pete Hegseth, foi questionado durante quase seis horas no Congresso sobre a guerra no Ir\u00e3o. Dados do Pent\u00e1gono apresentados \u00e0 Comiss\u00e3o de Servi\u00e7os Armados apontam um custo de 25 mil milh\u00f5es de d\u00f3lares, elevando as despesas de defesa para 1,5 bili\u00f5es de d\u00f3lares no conjunto. Democratas questionaram as motiva\u00e7\u00f5es da guerra, o bombardeio de uma escola que matou crian\u00e7as e a redu\u00e7\u00e3o de muni\u00e7\u00f5es cr\u00edticas, bem como as rela\u00e7\u00f5es com aliados de Donald Trump. Hegseth negou ter enganado o p\u00fablico e defendeu as demiss\u00f5es de oficiais superiores, incluindo o principal militar do Ex\u00e9rcito, general Randy George, alegando necessidade de \u201cnova lideran\u00e7a\u201d. A audi\u00eancia tamb\u00e9m abordou a eventual manuten\u00e7\u00e3o da amea\u00e7a iraniana, com Hegseth a dizer que o Ir\u00e3o ainda possui ambi\u00e7\u00f5es nucleares, apesar de afirma\u00e7\u00f5es sobre destrui\u00e7\u00e3o de instala\u00e7\u00f5es nucleares em 2025.\" \/>\n<meta property=\"og:url\" content=\"https:\/\/portaltela.pt\/noticias\/2026\/04\/30\/chefe-da-defesa-dos-eua-interrogado-no-congresso-sobre-guerra-no-irao\/\" \/>\n<meta property=\"og:site_name\" content=\"Portal Tela Portugal\" \/>\n<meta property=\"article:published_time\" content=\"2026-04-30T05:48:01+00:00\" \/>\n<meta name=\"author\" content=\"Telinha\" \/>\n<meta name=\"twitter:card\" content=\"summary_large_image\" \/>\n<meta name=\"twitter:label1\" content=\"Escrito por\" \/>\n\t<meta name=\"twitter:data1\" content=\"Telinha\" \/>\n\t<meta name=\"twitter:label2\" content=\"Tempo estimado de leitura\" \/>\n\t<meta name=\"twitter:data2\" content=\"2 minutos\" \/>\n<script type=\"application\/ld+json\" class=\"yoast-schema-graph\">{\"@context\":\"https:\/\/schema.org\",\"@graph\":[{\"@type\":\"Article\",\"@id\":\"https:\/\/portaltela.pt\/noticias\/2026\/04\/30\/chefe-da-defesa-dos-eua-interrogado-no-congresso-sobre-guerra-no-irao\/#article\",\"isPartOf\":{\"@id\":\"https:\/\/portaltela.pt\/noticias\/2026\/04\/30\/chefe-da-defesa-dos-eua-interrogado-no-congresso-sobre-guerra-no-irao\/\"},\"author\":{\"name\":\"Telinha\",\"@id\":\"https:\/\/portaltela.pt\/#\/schema\/person\/c4278d4a6028830caff9ee44b42d32ed\"},\"headline\":\"Chefe da defesa dos EUA interrogado no Congresso sobre guerra no Ir\u00e3o\",\"datePublished\":\"2026-04-30T05:48:01+00:00\",\"mainEntityOfPage\":{\"@id\":\"https:\/\/portaltela.pt\/noticias\/2026\/04\/30\/chefe-da-defesa-dos-eua-interrogado-no-congresso-sobre-guerra-no-irao\/\"},\"wordCount\":318,\"image\":{\"@id\":\"https:\/\/portaltela.pt\/noticias\/2026\/04\/30\/chefe-da-defesa-dos-eua-interrogado-no-congresso-sobre-guerra-no-irao\/#primaryimage\"},\"thumbnailUrl\":\"https:\/\/portaltela.pt\/s.01k8rhncp4jt1\/2026\/04\/1536x864_cmsv2_8d71066a-88b2-5fbe-a9b1-b8453af9a7de-9741436.jpg\",\"keywords\":[\"_conflitos internacionais\",\"_defesa\",\"_For\u00e7a A\u00e9rea\",\"_For\u00e7as Armadas\",\"_guerra\",\"_\u00cdr\u00e1n\"],\"articleSection\":[\"Guerra\",\"Not\u00edcias\"],\"inLanguage\":\"pt-PT\"},{\"@type\":\"WebPage\",\"@id\":\"https:\/\/portaltela.pt\/noticias\/2026\/04\/30\/chefe-da-defesa-dos-eua-interrogado-no-congresso-sobre-guerra-no-irao\/\",\"url\":\"https:\/\/portaltela.pt\/noticias\/2026\/04\/30\/chefe-da-defesa-dos-eua-interrogado-no-congresso-sobre-guerra-no-irao\/\",\"name\":\"Chefe da defesa dos EUA interrogado no Congresso sobre guerra no Ir\u00e3o - Portal Tela Portugal\",\"isPartOf\":{\"@id\":\"https:\/\/portaltela.pt\/#website\"},\"primaryImageOfPage\":{\"@id\":\"https:\/\/portaltela.pt\/noticias\/2026\/04\/30\/chefe-da-defesa-dos-eua-interrogado-no-congresso-sobre-guerra-no-irao\/#primaryimage\"},\"image\":{\"@id\":\"https:\/\/portaltela.pt\/noticias\/2026\/04\/30\/chefe-da-defesa-dos-eua-interrogado-no-congresso-sobre-guerra-no-irao\/#primaryimage\"},\"thumbnailUrl\":\"https:\/\/portaltela.pt\/s.01k8rhncp4jt1\/2026\/04\/1536x864_cmsv2_8d71066a-88b2-5fbe-a9b1-b8453af9a7de-9741436.jpg\",\"datePublished\":\"2026-04-30T05:48:01+00:00\",\"author\":{\"@id\":\"https:\/\/portaltela.pt\/#\/schema\/person\/c4278d4a6028830caff9ee44b42d32ed\"},\"breadcrumb\":{\"@id\":\"https:\/\/portaltela.pt\/noticias\/2026\/04\/30\/chefe-da-defesa-dos-eua-interrogado-no-congresso-sobre-guerra-no-irao\/#breadcrumb\"},\"inLanguage\":\"pt-PT\",\"potentialAction\":[{\"@type\":\"ReadAction\",\"target\":[\"https:\/\/portaltela.pt\/noticias\/2026\/04\/30\/chefe-da-defesa-dos-eua-interrogado-no-congresso-sobre-guerra-no-irao\/\"]}]},{\"@type\":\"ImageObject\",\"inLanguage\":\"pt-PT\",\"@id\":\"https:\/\/portaltela.pt\/noticias\/2026\/04\/30\/chefe-da-defesa-dos-eua-interrogado-no-congresso-sobre-guerra-no-irao\/#primaryimage\",\"url\":\"https:\/\/portaltela.pt\/s.01k8rhncp4jt1\/2026\/04\/1536x864_cmsv2_8d71066a-88b2-5fbe-a9b1-b8453af9a7de-9741436.jpg\",\"contentUrl\":\"https:\/\/portaltela.pt\/s.01k8rhncp4jt1\/2026\/04\/1536x864_cmsv2_8d71066a-88b2-5fbe-a9b1-b8453af9a7de-9741436.jpg\",\"width\":796,\"height\":448,\"caption\":\"Pete Hegseth comparece perante uma reuni\u00e3o de trabalho da Comiss\u00e3o dos Servi\u00e7os Armados da C\u00e2mara dos Representantes sobre o Ano Fiscal de 2027 do Departamento de Defesa, no Capit\u00f3lio.\"},{\"@type\":\"BreadcrumbList\",\"@id\":\"https:\/\/portaltela.pt\/noticias\/2026\/04\/30\/chefe-da-defesa-dos-eua-interrogado-no-congresso-sobre-guerra-no-irao\/#breadcrumb\",\"itemListElement\":[{\"@type\":\"ListItem\",\"position\":1,\"name\":\"In\u00edcio\",\"item\":\"https:\/\/portaltela.pt\/\"},{\"@type\":\"ListItem\",\"position\":2,\"name\":\"Chefe da defesa dos EUA interrogado no Congresso sobre guerra no Ir\u00e3o\"}]},{\"@type\":\"WebSite\",\"@id\":\"https:\/\/portaltela.pt\/#website\",\"url\":\"https:\/\/portaltela.pt\/\",\"name\":\"Portal Tela Portugal\",\"description\":\"\",\"potentialAction\":[{\"@type\":\"SearchAction\",\"target\":{\"@type\":\"EntryPoint\",\"urlTemplate\":\"https:\/\/portaltela.pt\/?s={search_term_string}\"},\"query-input\":{\"@type\":\"PropertyValueSpecification\",\"valueRequired\":true,\"valueName\":\"search_term_string\"}}],\"inLanguage\":\"pt-PT\"},{\"@type\":\"Person\",\"@id\":\"https:\/\/portaltela.pt\/#\/schema\/person\/c4278d4a6028830caff9ee44b42d32ed\",\"name\":\"Telinha\",\"image\":{\"@type\":\"ImageObject\",\"inLanguage\":\"pt-PT\",\"@id\":\"https:\/\/portaltela.pt\/s.01k8rhncp4jt1\/2025\/11\/talking-bot-125x125.png\",\"url\":\"https:\/\/portaltela.pt\/s.01k8rhncp4jt1\/2025\/11\/talking-bot-125x125.png\",\"contentUrl\":\"https:\/\/portaltela.pt\/s.01k8rhncp4jt1\/2025\/11\/talking-bot-125x125.png\",\"caption\":\"Telinha\"},\"sameAs\":[\"https:\/\/portaltela.pt\/\"],\"url\":\"https:\/\/portaltela.pt\/por\/367410592786\/\"}]}<\/script>\n<!-- \/ Yoast SEO plugin. -->","yoast_head_json":{"title":"Chefe da defesa dos EUA interrogado no Congresso sobre guerra no Ir\u00e3o - Portal Tela Portugal","robots":{"index":"index","follow":"follow","max-snippet":"max-snippet:-1","max-image-preview":"max-image-preview:large","max-video-preview":"max-video-preview:-1"},"og_locale":"pt_PT","og_type":"article","og_title":"Chefe da defesa dos EUA interrogado no Congresso sobre guerra no Ir\u00e3o - Portal Tela Portugal","og_description":"O secret\u00e1rio da Defesa dos EUA, Pete Hegseth, foi questionado durante quase seis horas no Congresso sobre a guerra no Ir\u00e3o. Dados do Pent\u00e1gono apresentados \u00e0 Comiss\u00e3o de Servi\u00e7os Armados apontam um custo de 25 mil milh\u00f5es de d\u00f3lares, elevando as despesas de defesa para 1,5 bili\u00f5es de d\u00f3lares no conjunto. Democratas questionaram as motiva\u00e7\u00f5es da guerra, o bombardeio de uma escola que matou crian\u00e7as e a redu\u00e7\u00e3o de muni\u00e7\u00f5es cr\u00edticas, bem como as rela\u00e7\u00f5es com aliados de Donald Trump. Hegseth negou ter enganado o p\u00fablico e defendeu as demiss\u00f5es de oficiais superiores, incluindo o principal militar do Ex\u00e9rcito, general Randy George, alegando necessidade de \u201cnova lideran\u00e7a\u201d. A audi\u00eancia tamb\u00e9m abordou a eventual manuten\u00e7\u00e3o da amea\u00e7a iraniana, com Hegseth a dizer que o Ir\u00e3o ainda possui ambi\u00e7\u00f5es nucleares, apesar de afirma\u00e7\u00f5es sobre destrui\u00e7\u00e3o de instala\u00e7\u00f5es nucleares em 2025.","og_url":"https:\/\/portaltela.pt\/noticias\/2026\/04\/30\/chefe-da-defesa-dos-eua-interrogado-no-congresso-sobre-guerra-no-irao\/","og_site_name":"Portal Tela Portugal","article_published_time":"2026-04-30T05:48:01+00:00","author":"Telinha","twitter_card":"summary_large_image","twitter_misc":{"Escrito por":"Telinha","Tempo estimado de leitura":"2 minutos"},"schema":{"@context":"https:\/\/schema.org","@graph":[{"@type":"Article","@id":"https:\/\/portaltela.pt\/noticias\/2026\/04\/30\/chefe-da-defesa-dos-eua-interrogado-no-congresso-sobre-guerra-no-irao\/#article","isPartOf":{"@id":"https:\/\/portaltela.pt\/noticias\/2026\/04\/30\/chefe-da-defesa-dos-eua-interrogado-no-congresso-sobre-guerra-no-irao\/"},"author":{"name":"Telinha","@id":"https:\/\/portaltela.pt\/#\/schema\/person\/c4278d4a6028830caff9ee44b42d32ed"},"headline":"Chefe da defesa dos EUA interrogado no Congresso sobre guerra no Ir\u00e3o","datePublished":"2026-04-30T05:48:01+00:00","mainEntityOfPage":{"@id":"https:\/\/portaltela.pt\/noticias\/2026\/04\/30\/chefe-da-defesa-dos-eua-interrogado-no-congresso-sobre-guerra-no-irao\/"},"wordCount":318,"image":{"@id":"https:\/\/portaltela.pt\/noticias\/2026\/04\/30\/chefe-da-defesa-dos-eua-interrogado-no-congresso-sobre-guerra-no-irao\/#primaryimage"},"thumbnailUrl":"https:\/\/portaltela.pt\/s.01k8rhncp4jt1\/2026\/04\/1536x864_cmsv2_8d71066a-88b2-5fbe-a9b1-b8453af9a7de-9741436.jpg","keywords":["_conflitos internacionais","_defesa","_For\u00e7a A\u00e9rea","_For\u00e7as Armadas","_guerra","_\u00cdr\u00e1n"],"articleSection":["Guerra","Not\u00edcias"],"inLanguage":"pt-PT"},{"@type":"WebPage","@id":"https:\/\/portaltela.pt\/noticias\/2026\/04\/30\/chefe-da-defesa-dos-eua-interrogado-no-congresso-sobre-guerra-no-irao\/","url":"https:\/\/portaltela.pt\/noticias\/2026\/04\/30\/chefe-da-defesa-dos-eua-interrogado-no-congresso-sobre-guerra-no-irao\/","name":"Chefe da defesa dos EUA interrogado no Congresso sobre guerra no Ir\u00e3o - Portal Tela Portugal","isPartOf":{"@id":"https:\/\/portaltela.pt\/#website"},"primaryImageOfPage":{"@id":"https:\/\/portaltela.pt\/noticias\/2026\/04\/30\/chefe-da-defesa-dos-eua-interrogado-no-congresso-sobre-guerra-no-irao\/#primaryimage"},"image":{"@id":"https:\/\/portaltela.pt\/noticias\/2026\/04\/30\/chefe-da-defesa-dos-eua-interrogado-no-congresso-sobre-guerra-no-irao\/#primaryimage"},"thumbnailUrl":"https:\/\/portaltela.pt\/s.01k8rhncp4jt1\/2026\/04\/1536x864_cmsv2_8d71066a-88b2-5fbe-a9b1-b8453af9a7de-9741436.jpg","datePublished":"2026-04-30T05:48:01+00:00","author":{"@id":"https:\/\/portaltela.pt\/#\/schema\/person\/c4278d4a6028830caff9ee44b42d32ed"},"breadcrumb":{"@id":"https:\/\/portaltela.pt\/noticias\/2026\/04\/30\/chefe-da-defesa-dos-eua-interrogado-no-congresso-sobre-guerra-no-irao\/#breadcrumb"},"inLanguage":"pt-PT","potentialAction":[{"@type":"ReadAction","target":["https:\/\/portaltela.pt\/noticias\/2026\/04\/30\/chefe-da-defesa-dos-eua-interrogado-no-congresso-sobre-guerra-no-irao\/"]}]},{"@type":"ImageObject","inLanguage":"pt-PT","@id":"https:\/\/portaltela.pt\/noticias\/2026\/04\/30\/chefe-da-defesa-dos-eua-interrogado-no-congresso-sobre-guerra-no-irao\/#primaryimage","url":"https:\/\/portaltela.pt\/s.01k8rhncp4jt1\/2026\/04\/1536x864_cmsv2_8d71066a-88b2-5fbe-a9b1-b8453af9a7de-9741436.jpg","contentUrl":"https:\/\/portaltela.pt\/s.01k8rhncp4jt1\/2026\/04\/1536x864_cmsv2_8d71066a-88b2-5fbe-a9b1-b8453af9a7de-9741436.jpg","width":796,"height":448,"caption":"Pete Hegseth comparece perante uma reuni\u00e3o de trabalho da Comiss\u00e3o dos Servi\u00e7os Armados da C\u00e2mara dos Representantes sobre o Ano Fiscal de 2027 do Departamento de Defesa, no Capit\u00f3lio."},{"@type":"BreadcrumbList","@id":"https:\/\/portaltela.pt\/noticias\/2026\/04\/30\/chefe-da-defesa-dos-eua-interrogado-no-congresso-sobre-guerra-no-irao\/#breadcrumb","itemListElement":[{"@type":"ListItem","position":1,"name":"In\u00edcio","item":"https:\/\/portaltela.pt\/"},{"@type":"ListItem","position":2,"name":"Chefe da defesa dos EUA interrogado no Congresso sobre guerra no Ir\u00e3o"}]},{"@type":"WebSite","@id":"https:\/\/portaltela.pt\/#website","url":"https:\/\/portaltela.pt\/","name":"Portal Tela Portugal","description":"","potentialAction":[{"@type":"SearchAction","target":{"@type":"EntryPoint","urlTemplate":"https:\/\/portaltela.pt\/?s={search_term_string}"},"query-input":{"@type":"PropertyValueSpecification","valueRequired":true,"valueName":"search_term_string"}}],"inLanguage":"pt-PT"},{"@type":"Person","@id":"https:\/\/portaltela.pt\/#\/schema\/person\/c4278d4a6028830caff9ee44b42d32ed","name":"Telinha","image":{"@type":"ImageObject","inLanguage":"pt-PT","@id":"https:\/\/portaltela.pt\/s.01k8rhncp4jt1\/2025\/11\/talking-bot-125x125.png","url":"https:\/\/portaltela.pt\/s.01k8rhncp4jt1\/2025\/11\/talking-bot-125x125.png","contentUrl":"https:\/\/portaltela.pt\/s.01k8rhncp4jt1\/2025\/11\/talking-bot-125x125.png","caption":"Telinha"},"sameAs":["https:\/\/portaltela.pt\/"],"url":"https:\/\/portaltela.pt\/por\/367410592786\/"}]}},"_links":{"self":[{"href":"https:\/\/portaltela.pt\/api\/wp\/v2\/posts\/461806","targetHints":{"allow":["GET"]}}],"collection":[{"href":"https:\/\/portaltela.pt\/api\/wp\/v2\/posts"}],"about":[{"href":"https:\/\/portaltela.pt\/api\/wp\/v2\/types\/post"}],"author":[{"embeddable":true,"href":"https:\/\/portaltela.pt\/api\/wp\/v2\/users\/2"}],"replies":[{"embeddable":true,"href":"https:\/\/portaltela.pt\/api\/wp\/v2\/comments?post=461806"}],"version-history":[{"count":0,"href":"https:\/\/portaltela.pt\/api\/wp\/v2\/posts\/461806\/revisions"}],"wp:featuredmedia":[{"embeddable":true,"href":"https:\/\/portaltela.pt\/api\/wp\/v2\/media\/461807"}],"wp:attachment":[{"href":"https:\/\/portaltela.pt\/api\/wp\/v2\/media?parent=461806"}],"wp:term":[{"taxonomy":"category","embeddable":true,"href":"https:\/\/portaltela.pt\/api\/wp\/v2\/categories?post=461806"},{"taxonomy":"post_tag","embeddable":true,"href":"https:\/\/portaltela.pt\/api\/wp\/v2\/tags?post=461806"}],"curies":[{"name":"wp","href":"https:\/\/api.w.org\/{rel}","templated":true}]}}