{"id":461804,"date":"2026-04-30T02:47:58","date_gmt":"2026-04-30T05:47:58","guid":{"rendered":"https:\/\/portaltela.pt\/noticias\/2026\/04\/30\/tributacao-do-trabalho-na-europa-alemanha-e-franca-mais-alta-que-reino-unido\/"},"modified":"2026-04-30T02:47:58","modified_gmt":"2026-04-30T05:47:58","slug":"tributacao-do-trabalho-na-europa-alemanha-e-franca-mais-alta-que-reino-unido","status":"publish","type":"post","link":"https:\/\/portaltela.pt\/noticias\/economia\/2026\/04\/30\/tributacao-do-trabalho-na-europa-alemanha-e-franca-mais-alta-que-reino-unido\/","title":{"rendered":"Tributa\u00e7\u00e3o do trabalho na Europa: Alemanha e Fran\u00e7a mais alta que Reino Unido"},"content":{"rendered":"<p>A cunha fiscal que incide sobre o custo do trabalho varia significativamente na Europa. O Reino Unido aparece entre os mais baixos, mas a leitura global esconde diferen\u00e7as profundas entre pa\u00edses. Em termos simples, a cunha fiscal mede quanto do custo total do trabalho fica para o Estado, via impostos e contribui\u00e7\u00f5es.<\/p>\n<p>Na Alemanha e em Fran\u00e7a, a cunha fiscal \u00e9 aproximadamente o dobro da do Reino Unido. Em n\u00fameros relativos, Alemanha 46,6% e Fran\u00e7a 44,6% frente a 29,2% do Reino Unido. It\u00e1lia e Espanha tamb\u00e9m superam os 40%. Dados constam do relat\u00f3rio 2026 da Tax Foundation, com base em 2025.<\/p>\n<p>A explica\u00e7\u00e3o est\u00e1 na forma como cada governo financia servi\u00e7os p\u00fablicos e prote\u00e7\u00e3o social. Modelos baseados em seguros sociais elevam as contribui\u00e7\u00f5es obrigat\u00f3rias para empres\u00e1rios e trabalhadores, aumentando a cunha global. A balan\u00e7a entre impostos diretos e benef\u00edcios condiciona o peso final.<\/p>\n<p>O que significa isto na pr\u00e1tica? O Reino Unido recorre a IVA e council tax para compor parte das receitas, reduzindo a press\u00e3o sobre o custo do trabalho. Especialistas apontam que o d\u00e9fice or\u00e7amental de 2025 tamb\u00e9m pesa na configura\u00e7\u00e3o fiscal brit\u00e2nica.<\/p>\n<h3>O que comp\u00f5e a cunha fiscal?<\/h3>\n<p>Inclui imposto de rendimento, contribui\u00e7\u00f5es sociais dos trabalhadores e contribui\u00e7\u00f5es dos empregadores. A distribui\u00e7\u00e3o entre trabalhadores e empresas varia amplamente entre pa\u00edses, moldando quem suporta o encargo efetivo.<\/p>\n<p>A Dinamarca, por exemplo, tem imposto de rendimentos elevado mas cunha global baixa, gra\u00e7as a presta\u00e7\u00f5es em numer\u00e1rio reduzidas. Em contraste, Rom\u00e9nia registra contribui\u00e7\u00f5es sociais altas para trabalhadores, com reflexo direto na cunha.<\/p>\n<p>Em m\u00e9dia, a UE e o Reino Unido situam-se pr\u00f3ximo de 38,9%, com a maioria dos pa\u00edses acima dos 40%. A Su\u00ed\u00e7a aparece com a cunha mais baixa na Europa, para refer\u00eancias de compara\u00e7\u00e3o internacional.<\/p>\n<h3>Observa\u00e7\u00f5es adicionais<\/h3>\n<p>A leitura de diferentes bases \u2014 Tax Foundation e OCDE \u2014 pode variar por metodologia, nomeadamente na progressividade e nas presta\u00e7\u00f5es. O estudo analisa ainda como a reparti\u00e7\u00e3o entre trabalhadores e empregadores altera o peso final da cunha.<\/p>\n","protected":false},"excerpt":{"rendered":"<ul>\n<li>A cunha fiscal do trabalho na Europa varia muito entre pa\u00edses; o Reino Unido aparece entre os mais baixos, mas h\u00e1 grandes diferen\u00e7as na forma como o trabalho \u00e9 tributado.<\/li>\n<li>Alemanha e Fran\u00e7a apresentam cunhas fiscais mais elevadas: 46,6% e 44,6% respetivamente, contra 29,2% no Reino Unido; It\u00e1lia e Espanha tamb\u00e9m superam os 40%.<\/li>\n<li>Assim, a cunha fiscal na Alemanha \u00e9 59,4% superior \u00e0 do Reino Unido e a Fran\u00e7a \u00e9 52,7% superior.<\/li>\n<li>No Reino Unido, parte das receitas vem de IVA e do council tax, com um d\u00e9fice or\u00e7amental estimado de 5,4% do PIB em 2025, o que permite uma carga menor sobre o trabalho.<\/li>\n<li>A composi\u00e7\u00e3o da cunha fiscal (imposto sobre rendimento, contribui\u00e7\u00f5es sociais de trabalhadores e empregadores) varia entre pa\u00edses, com a B\u00e9lgica acima de 50% e a Su\u00ed\u00e7a a ter a cunha fiscal mais baixa da Europa (23%), segundo a OCDE.<\/li>\n<\/ul>\n","protected":false},"author":2,"featured_media":461808,"comment_status":"closed","ping_status":"closed","sticky":false,"template":"","format":"standard","meta":{"footnotes":""},"categories":[2,6850],"tags":[1603,28,1856,3613,2111,7804],"class_list":["post-461804","post","type-post","status-publish","format-standard","has-post-thumbnail","hentry","category-economia","category-financas","tag-alemanha","tag-economia","tag-franca","tag-impostos","tag-reino-unido","tag-tributos"],"yoast_head":"<!-- This site is optimized with the Yoast SEO plugin v27.2 - https:\/\/yoast.com\/product\/yoast-seo-wordpress\/ -->\n<title>Tributa\u00e7\u00e3o do trabalho na Europa: Alemanha e Fran\u00e7a mais alta que Reino Unido - Portal Tela Portugal<\/title>\n<meta name=\"robots\" content=\"index, follow, max-snippet:-1, max-image-preview:large, max-video-preview:-1\" \/>\n<meta property=\"og:locale\" content=\"pt_PT\" \/>\n<meta property=\"og:type\" content=\"article\" \/>\n<meta property=\"og:title\" content=\"Tributa\u00e7\u00e3o do trabalho na Europa: Alemanha e Fran\u00e7a mais alta que Reino Unido - Portal Tela Portugal\" \/>\n<meta property=\"og:description\" content=\"A cunha fiscal do trabalho na Europa varia muito entre pa\u00edses; o Reino Unido aparece entre os mais baixos, mas h\u00e1 grandes diferen\u00e7as na forma como o trabalho \u00e9 tributado. Alemanha e Fran\u00e7a apresentam cunhas fiscais mais elevadas: 46,6% e 44,6% respetivamente, contra 29,2% no Reino Unido; It\u00e1lia e Espanha tamb\u00e9m superam os 40%. Assim, a cunha fiscal na Alemanha \u00e9 59,4% superior \u00e0 do Reino Unido e a Fran\u00e7a \u00e9 52,7% superior. No Reino Unido, parte das receitas vem de IVA e do council tax, com um d\u00e9fice or\u00e7amental estimado de 5,4% do PIB em 2025, o que permite uma carga menor sobre o trabalho. A composi\u00e7\u00e3o da cunha fiscal (imposto sobre rendimento, contribui\u00e7\u00f5es sociais de trabalhadores e empregadores) varia entre pa\u00edses, com a B\u00e9lgica acima de 50% e a Su\u00ed\u00e7a a ter a cunha fiscal mais baixa da Europa (23%), segundo a OCDE.\" \/>\n<meta property=\"og:url\" content=\"https:\/\/portaltela.pt\/noticias\/2026\/04\/30\/tributacao-do-trabalho-na-europa-alemanha-e-franca-mais-alta-que-reino-unido\/\" \/>\n<meta property=\"og:site_name\" content=\"Portal Tela Portugal\" \/>\n<meta property=\"article:published_time\" content=\"2026-04-30T05:47:58+00:00\" \/>\n<meta name=\"author\" content=\"Telinha\" \/>\n<meta name=\"twitter:card\" content=\"summary_large_image\" \/>\n<meta name=\"twitter:label1\" content=\"Escrito por\" \/>\n\t<meta name=\"twitter:data1\" content=\"Telinha\" \/>\n\t<meta name=\"twitter:label2\" content=\"Tempo estimado de leitura\" \/>\n\t<meta name=\"twitter:data2\" content=\"2 minutos\" \/>\n<script type=\"application\/ld+json\" class=\"yoast-schema-graph\">{\"@context\":\"https:\/\/schema.org\",\"@graph\":[{\"@type\":\"Article\",\"@id\":\"https:\/\/portaltela.pt\/noticias\/2026\/04\/30\/tributacao-do-trabalho-na-europa-alemanha-e-franca-mais-alta-que-reino-unido\/#article\",\"isPartOf\":{\"@id\":\"https:\/\/portaltela.pt\/noticias\/2026\/04\/30\/tributacao-do-trabalho-na-europa-alemanha-e-franca-mais-alta-que-reino-unido\/\"},\"author\":{\"name\":\"Telinha\",\"@id\":\"https:\/\/portaltela.pt\/#\/schema\/person\/c4278d4a6028830caff9ee44b42d32ed\"},\"headline\":\"Tributa\u00e7\u00e3o do trabalho na Europa: Alemanha e Fran\u00e7a mais alta que Reino Unido\",\"datePublished\":\"2026-04-30T05:47:58+00:00\",\"mainEntityOfPage\":{\"@id\":\"https:\/\/portaltela.pt\/noticias\/2026\/04\/30\/tributacao-do-trabalho-na-europa-alemanha-e-franca-mais-alta-que-reino-unido\/\"},\"wordCount\":374,\"image\":{\"@id\":\"https:\/\/portaltela.pt\/noticias\/2026\/04\/30\/tributacao-do-trabalho-na-europa-alemanha-e-franca-mais-alta-que-reino-unido\/#primaryimage\"},\"thumbnailUrl\":\"https:\/\/portaltela.pt\/s.01k8rhncp4jt1\/2026\/04\/1536x864_cmsv2_1b93d3e5-58b8-58b4-abc5-55420e4cf465-9739156.jpg\",\"keywords\":[\"Alemanha\",\"economia\",\"Fran\u00e7a\",\"impostos\",\"Reino Unido\",\"tributos\"],\"articleSection\":[\"Economia\",\"Finan\u00e7as\"],\"inLanguage\":\"pt-PT\"},{\"@type\":\"WebPage\",\"@id\":\"https:\/\/portaltela.pt\/noticias\/2026\/04\/30\/tributacao-do-trabalho-na-europa-alemanha-e-franca-mais-alta-que-reino-unido\/\",\"url\":\"https:\/\/portaltela.pt\/noticias\/2026\/04\/30\/tributacao-do-trabalho-na-europa-alemanha-e-franca-mais-alta-que-reino-unido\/\",\"name\":\"Tributa\u00e7\u00e3o do trabalho na Europa: Alemanha e Fran\u00e7a mais alta que Reino Unido - Portal Tela Portugal\",\"isPartOf\":{\"@id\":\"https:\/\/portaltela.pt\/#website\"},\"primaryImageOfPage\":{\"@id\":\"https:\/\/portaltela.pt\/noticias\/2026\/04\/30\/tributacao-do-trabalho-na-europa-alemanha-e-franca-mais-alta-que-reino-unido\/#primaryimage\"},\"image\":{\"@id\":\"https:\/\/portaltela.pt\/noticias\/2026\/04\/30\/tributacao-do-trabalho-na-europa-alemanha-e-franca-mais-alta-que-reino-unido\/#primaryimage\"},\"thumbnailUrl\":\"https:\/\/portaltela.pt\/s.01k8rhncp4jt1\/2026\/04\/1536x864_cmsv2_1b93d3e5-58b8-58b4-abc5-55420e4cf465-9739156.jpg\",\"datePublished\":\"2026-04-30T05:47:58+00:00\",\"author\":{\"@id\":\"https:\/\/portaltela.pt\/#\/schema\/person\/c4278d4a6028830caff9ee44b42d32ed\"},\"breadcrumb\":{\"@id\":\"https:\/\/portaltela.pt\/noticias\/2026\/04\/30\/tributacao-do-trabalho-na-europa-alemanha-e-franca-mais-alta-que-reino-unido\/#breadcrumb\"},\"inLanguage\":\"pt-PT\",\"potentialAction\":[{\"@type\":\"ReadAction\",\"target\":[\"https:\/\/portaltela.pt\/noticias\/2026\/04\/30\/tributacao-do-trabalho-na-europa-alemanha-e-franca-mais-alta-que-reino-unido\/\"]}]},{\"@type\":\"ImageObject\",\"inLanguage\":\"pt-PT\",\"@id\":\"https:\/\/portaltela.pt\/noticias\/2026\/04\/30\/tributacao-do-trabalho-na-europa-alemanha-e-franca-mais-alta-que-reino-unido\/#primaryimage\",\"url\":\"https:\/\/portaltela.pt\/s.01k8rhncp4jt1\/2026\/04\/1536x864_cmsv2_1b93d3e5-58b8-58b4-abc5-55420e4cf465-9739156.jpg\",\"contentUrl\":\"https:\/\/portaltela.pt\/s.01k8rhncp4jt1\/2026\/04\/1536x864_cmsv2_1b93d3e5-58b8-58b4-abc5-55420e4cf465-9739156.jpg\",\"width\":796,\"height\":448,\"caption\":\"Um manifestante dos Coletes Amarelos segura um cartaz onde se l\u00ea \\\"France World Champion Taxes\\\" durante uma marcha em Paris, s\u00e1bado, 4 de maio de 2019\"},{\"@type\":\"BreadcrumbList\",\"@id\":\"https:\/\/portaltela.pt\/noticias\/2026\/04\/30\/tributacao-do-trabalho-na-europa-alemanha-e-franca-mais-alta-que-reino-unido\/#breadcrumb\",\"itemListElement\":[{\"@type\":\"ListItem\",\"position\":1,\"name\":\"In\u00edcio\",\"item\":\"https:\/\/portaltela.pt\/\"},{\"@type\":\"ListItem\",\"position\":2,\"name\":\"Tributa\u00e7\u00e3o do trabalho na Europa: Alemanha e Fran\u00e7a mais alta que Reino Unido\"}]},{\"@type\":\"WebSite\",\"@id\":\"https:\/\/portaltela.pt\/#website\",\"url\":\"https:\/\/portaltela.pt\/\",\"name\":\"Portal Tela Portugal\",\"description\":\"\",\"potentialAction\":[{\"@type\":\"SearchAction\",\"target\":{\"@type\":\"EntryPoint\",\"urlTemplate\":\"https:\/\/portaltela.pt\/?s={search_term_string}\"},\"query-input\":{\"@type\":\"PropertyValueSpecification\",\"valueRequired\":true,\"valueName\":\"search_term_string\"}}],\"inLanguage\":\"pt-PT\"},{\"@type\":\"Person\",\"@id\":\"https:\/\/portaltela.pt\/#\/schema\/person\/c4278d4a6028830caff9ee44b42d32ed\",\"name\":\"Telinha\",\"image\":{\"@type\":\"ImageObject\",\"inLanguage\":\"pt-PT\",\"@id\":\"https:\/\/portaltela.pt\/s.01k8rhncp4jt1\/2025\/11\/talking-bot-125x125.png\",\"url\":\"https:\/\/portaltela.pt\/s.01k8rhncp4jt1\/2025\/11\/talking-bot-125x125.png\",\"contentUrl\":\"https:\/\/portaltela.pt\/s.01k8rhncp4jt1\/2025\/11\/talking-bot-125x125.png\",\"caption\":\"Telinha\"},\"sameAs\":[\"https:\/\/portaltela.pt\/\"],\"url\":\"https:\/\/portaltela.pt\/por\/367410592786\/\"}]}<\/script>\n<!-- \/ Yoast SEO plugin. -->","yoast_head_json":{"title":"Tributa\u00e7\u00e3o do trabalho na Europa: Alemanha e Fran\u00e7a mais alta que Reino Unido - Portal Tela Portugal","robots":{"index":"index","follow":"follow","max-snippet":"max-snippet:-1","max-image-preview":"max-image-preview:large","max-video-preview":"max-video-preview:-1"},"og_locale":"pt_PT","og_type":"article","og_title":"Tributa\u00e7\u00e3o do trabalho na Europa: Alemanha e Fran\u00e7a mais alta que Reino Unido - Portal Tela Portugal","og_description":"A cunha fiscal do trabalho na Europa varia muito entre pa\u00edses; o Reino Unido aparece entre os mais baixos, mas h\u00e1 grandes diferen\u00e7as na forma como o trabalho \u00e9 tributado. Alemanha e Fran\u00e7a apresentam cunhas fiscais mais elevadas: 46,6% e 44,6% respetivamente, contra 29,2% no Reino Unido; It\u00e1lia e Espanha tamb\u00e9m superam os 40%. Assim, a cunha fiscal na Alemanha \u00e9 59,4% superior \u00e0 do Reino Unido e a Fran\u00e7a \u00e9 52,7% superior. No Reino Unido, parte das receitas vem de IVA e do council tax, com um d\u00e9fice or\u00e7amental estimado de 5,4% do PIB em 2025, o que permite uma carga menor sobre o trabalho. A composi\u00e7\u00e3o da cunha fiscal (imposto sobre rendimento, contribui\u00e7\u00f5es sociais de trabalhadores e empregadores) varia entre pa\u00edses, com a B\u00e9lgica acima de 50% e a Su\u00ed\u00e7a a ter a cunha fiscal mais baixa da Europa (23%), segundo a OCDE.","og_url":"https:\/\/portaltela.pt\/noticias\/2026\/04\/30\/tributacao-do-trabalho-na-europa-alemanha-e-franca-mais-alta-que-reino-unido\/","og_site_name":"Portal Tela Portugal","article_published_time":"2026-04-30T05:47:58+00:00","author":"Telinha","twitter_card":"summary_large_image","twitter_misc":{"Escrito por":"Telinha","Tempo estimado de leitura":"2 minutos"},"schema":{"@context":"https:\/\/schema.org","@graph":[{"@type":"Article","@id":"https:\/\/portaltela.pt\/noticias\/2026\/04\/30\/tributacao-do-trabalho-na-europa-alemanha-e-franca-mais-alta-que-reino-unido\/#article","isPartOf":{"@id":"https:\/\/portaltela.pt\/noticias\/2026\/04\/30\/tributacao-do-trabalho-na-europa-alemanha-e-franca-mais-alta-que-reino-unido\/"},"author":{"name":"Telinha","@id":"https:\/\/portaltela.pt\/#\/schema\/person\/c4278d4a6028830caff9ee44b42d32ed"},"headline":"Tributa\u00e7\u00e3o do trabalho na Europa: Alemanha e Fran\u00e7a mais alta que Reino Unido","datePublished":"2026-04-30T05:47:58+00:00","mainEntityOfPage":{"@id":"https:\/\/portaltela.pt\/noticias\/2026\/04\/30\/tributacao-do-trabalho-na-europa-alemanha-e-franca-mais-alta-que-reino-unido\/"},"wordCount":374,"image":{"@id":"https:\/\/portaltela.pt\/noticias\/2026\/04\/30\/tributacao-do-trabalho-na-europa-alemanha-e-franca-mais-alta-que-reino-unido\/#primaryimage"},"thumbnailUrl":"https:\/\/portaltela.pt\/s.01k8rhncp4jt1\/2026\/04\/1536x864_cmsv2_1b93d3e5-58b8-58b4-abc5-55420e4cf465-9739156.jpg","keywords":["Alemanha","economia","Fran\u00e7a","impostos","Reino Unido","tributos"],"articleSection":["Economia","Finan\u00e7as"],"inLanguage":"pt-PT"},{"@type":"WebPage","@id":"https:\/\/portaltela.pt\/noticias\/2026\/04\/30\/tributacao-do-trabalho-na-europa-alemanha-e-franca-mais-alta-que-reino-unido\/","url":"https:\/\/portaltela.pt\/noticias\/2026\/04\/30\/tributacao-do-trabalho-na-europa-alemanha-e-franca-mais-alta-que-reino-unido\/","name":"Tributa\u00e7\u00e3o do trabalho na Europa: Alemanha e Fran\u00e7a mais alta que Reino Unido - Portal Tela Portugal","isPartOf":{"@id":"https:\/\/portaltela.pt\/#website"},"primaryImageOfPage":{"@id":"https:\/\/portaltela.pt\/noticias\/2026\/04\/30\/tributacao-do-trabalho-na-europa-alemanha-e-franca-mais-alta-que-reino-unido\/#primaryimage"},"image":{"@id":"https:\/\/portaltela.pt\/noticias\/2026\/04\/30\/tributacao-do-trabalho-na-europa-alemanha-e-franca-mais-alta-que-reino-unido\/#primaryimage"},"thumbnailUrl":"https:\/\/portaltela.pt\/s.01k8rhncp4jt1\/2026\/04\/1536x864_cmsv2_1b93d3e5-58b8-58b4-abc5-55420e4cf465-9739156.jpg","datePublished":"2026-04-30T05:47:58+00:00","author":{"@id":"https:\/\/portaltela.pt\/#\/schema\/person\/c4278d4a6028830caff9ee44b42d32ed"},"breadcrumb":{"@id":"https:\/\/portaltela.pt\/noticias\/2026\/04\/30\/tributacao-do-trabalho-na-europa-alemanha-e-franca-mais-alta-que-reino-unido\/#breadcrumb"},"inLanguage":"pt-PT","potentialAction":[{"@type":"ReadAction","target":["https:\/\/portaltela.pt\/noticias\/2026\/04\/30\/tributacao-do-trabalho-na-europa-alemanha-e-franca-mais-alta-que-reino-unido\/"]}]},{"@type":"ImageObject","inLanguage":"pt-PT","@id":"https:\/\/portaltela.pt\/noticias\/2026\/04\/30\/tributacao-do-trabalho-na-europa-alemanha-e-franca-mais-alta-que-reino-unido\/#primaryimage","url":"https:\/\/portaltela.pt\/s.01k8rhncp4jt1\/2026\/04\/1536x864_cmsv2_1b93d3e5-58b8-58b4-abc5-55420e4cf465-9739156.jpg","contentUrl":"https:\/\/portaltela.pt\/s.01k8rhncp4jt1\/2026\/04\/1536x864_cmsv2_1b93d3e5-58b8-58b4-abc5-55420e4cf465-9739156.jpg","width":796,"height":448,"caption":"Um manifestante dos Coletes Amarelos segura um cartaz onde se l\u00ea \"France World Champion Taxes\" durante uma marcha em Paris, s\u00e1bado, 4 de maio de 2019"},{"@type":"BreadcrumbList","@id":"https:\/\/portaltela.pt\/noticias\/2026\/04\/30\/tributacao-do-trabalho-na-europa-alemanha-e-franca-mais-alta-que-reino-unido\/#breadcrumb","itemListElement":[{"@type":"ListItem","position":1,"name":"In\u00edcio","item":"https:\/\/portaltela.pt\/"},{"@type":"ListItem","position":2,"name":"Tributa\u00e7\u00e3o do trabalho na Europa: Alemanha e Fran\u00e7a mais alta que Reino Unido"}]},{"@type":"WebSite","@id":"https:\/\/portaltela.pt\/#website","url":"https:\/\/portaltela.pt\/","name":"Portal Tela Portugal","description":"","potentialAction":[{"@type":"SearchAction","target":{"@type":"EntryPoint","urlTemplate":"https:\/\/portaltela.pt\/?s={search_term_string}"},"query-input":{"@type":"PropertyValueSpecification","valueRequired":true,"valueName":"search_term_string"}}],"inLanguage":"pt-PT"},{"@type":"Person","@id":"https:\/\/portaltela.pt\/#\/schema\/person\/c4278d4a6028830caff9ee44b42d32ed","name":"Telinha","image":{"@type":"ImageObject","inLanguage":"pt-PT","@id":"https:\/\/portaltela.pt\/s.01k8rhncp4jt1\/2025\/11\/talking-bot-125x125.png","url":"https:\/\/portaltela.pt\/s.01k8rhncp4jt1\/2025\/11\/talking-bot-125x125.png","contentUrl":"https:\/\/portaltela.pt\/s.01k8rhncp4jt1\/2025\/11\/talking-bot-125x125.png","caption":"Telinha"},"sameAs":["https:\/\/portaltela.pt\/"],"url":"https:\/\/portaltela.pt\/por\/367410592786\/"}]}},"_links":{"self":[{"href":"https:\/\/portaltela.pt\/api\/wp\/v2\/posts\/461804","targetHints":{"allow":["GET"]}}],"collection":[{"href":"https:\/\/portaltela.pt\/api\/wp\/v2\/posts"}],"about":[{"href":"https:\/\/portaltela.pt\/api\/wp\/v2\/types\/post"}],"author":[{"embeddable":true,"href":"https:\/\/portaltela.pt\/api\/wp\/v2\/users\/2"}],"replies":[{"embeddable":true,"href":"https:\/\/portaltela.pt\/api\/wp\/v2\/comments?post=461804"}],"version-history":[{"count":0,"href":"https:\/\/portaltela.pt\/api\/wp\/v2\/posts\/461804\/revisions"}],"wp:featuredmedia":[{"embeddable":true,"href":"https:\/\/portaltela.pt\/api\/wp\/v2\/media\/461808"}],"wp:attachment":[{"href":"https:\/\/portaltela.pt\/api\/wp\/v2\/media?parent=461804"}],"wp:term":[{"taxonomy":"category","embeddable":true,"href":"https:\/\/portaltela.pt\/api\/wp\/v2\/categories?post=461804"},{"taxonomy":"post_tag","embeddable":true,"href":"https:\/\/portaltela.pt\/api\/wp\/v2\/tags?post=461804"}],"curies":[{"name":"wp","href":"https:\/\/api.w.org\/{rel}","templated":true}]}}