{"id":461801,"date":"2026-04-30T02:18:13","date_gmt":"2026-04-30T05:18:13","guid":{"rendered":"https:\/\/portaltela.pt\/noticias\/2026\/04\/30\/suarez-volta-aos-golos-apos-oito-jogos\/"},"modified":"2026-04-30T02:18:13","modified_gmt":"2026-04-30T05:18:13","slug":"suarez-volta-aos-golos-apos-oito-jogos","status":"publish","type":"post","link":"https:\/\/portaltela.pt\/desporto\/futebol\/2026\/04\/30\/suarez-volta-aos-golos-apos-oito-jogos\/","title":{"rendered":"Su\u00e1rez volta aos golos ap\u00f3s oito jogos"},"content":{"rendered":"<p>Luis Su\u00e1rez voltou aos golos ap\u00f3s oito jogos, ao marcar pelo Sporting num encontro recente. O avan\u00e7ado colombiano somou o 34\u00ba golo pela equipa verde e branca em 49 jogos, quebrando uma sequ\u00eancia sem festejar desde h\u00e1 bastante tempo.<\/p>\n<p>A marca positiva destaca-se num jogo em que o Sporting procurou manter o equil\u00edbrio diante do momento menos positivo da equipa. O golo de Su\u00e1rez surge como um dos poucos pontos altos do encontro, que n\u00e3o alterou de forma decisiva o resultado.<\/p>\n<p>No topo da lista de melhor artilheiros do campeonato, Su\u00e1rez passou a ter 25 tentos, aumentando a diferen\u00e7a para Pavlidis, que continua com 21 pelo Benfica. O ponta de lan\u00e7a grego atravessa tamb\u00e9m um momento abaixo do esperado.<\/p>\n<h3>Marcadores e lideran\u00e7a<\/h3>\n<p>A recupera\u00e7\u00e3o de forma de Su\u00e1rez fica marcada pela dist\u00e2ncia relativamente ao seu principal rival de estat\u00edsticas. O foco do Sporting, de momento, passa pela continuidade do contributo ofensivo do avan\u00e7ado uruguaio-nacionalizado, sem refletir conclus\u00f5es sobre a \u00e9poca.<\/p>\n","protected":false},"excerpt":{"rendered":"<ul>\n<li>O avan\u00e7ado Luis Su\u00e1rez voltou a marcar pelo Sporting, ap\u00f3s oito jogos sem golo contando com a sele\u00e7\u00e3o colombiana.<\/li>\n<li>Foi o 34\u00ba golo de Su\u00e1rez pelos verde e brancos em 49 jogos, encerrando a sua pior s\u00e9rie nos \u00faltimos dois anos.<\/li>\n<li>O golo foi um dos poucos pontos positivos do Sporting no jogo.<\/li>\n<li>Su\u00e1rez passou a somar 25 tentos no campeonato, mantendo a lideran\u00e7a entre os artilheiros, com Pavlidis a 21.<\/li>\n<li>Pavlidis, ponta de lan\u00e7a do Benfica, tamb\u00e9m n\u00e3o atravessa o melhor momento de forma.<\/li>\n<\/ul>\n","protected":false},"author":2,"featured_media":461803,"comment_status":"closed","ping_status":"closed","sticky":false,"template":"","format":"standard","meta":{"footnotes":""},"categories":[21,24],"tags":[4143,227,32,1786,1652,4151],"class_list":["post-461801","post","type-post","status-publish","format-standard","has-post-thumbnail","hentry","category-desporto","category-futebol","tag-1-liga","tag-campeonato","tag-futebol","tag-liga","tag-sporting","tag-suarez"],"yoast_head":"<!-- This site is optimized with the Yoast SEO plugin v27.2 - https:\/\/yoast.com\/product\/yoast-seo-wordpress\/ -->\n<title>Su\u00e1rez volta aos golos ap\u00f3s oito jogos - Portal Tela Portugal<\/title>\n<meta name=\"robots\" content=\"index, follow, max-snippet:-1, max-image-preview:large, max-video-preview:-1\" \/>\n<meta property=\"og:locale\" content=\"pt_PT\" \/>\n<meta property=\"og:type\" content=\"article\" \/>\n<meta property=\"og:title\" content=\"Su\u00e1rez volta aos golos ap\u00f3s oito jogos - Portal Tela Portugal\" \/>\n<meta property=\"og:description\" content=\"O avan\u00e7ado Luis Su\u00e1rez voltou a marcar pelo Sporting, ap\u00f3s oito jogos sem golo contando com a sele\u00e7\u00e3o colombiana. Foi o 34\u00ba golo de Su\u00e1rez pelos verde e brancos em 49 jogos, encerrando a sua pior s\u00e9rie nos \u00faltimos dois anos. O golo foi um dos poucos pontos positivos do Sporting no jogo. Su\u00e1rez passou a somar 25 tentos no campeonato, mantendo a lideran\u00e7a entre os artilheiros, com Pavlidis a 21. Pavlidis, ponta de lan\u00e7a do Benfica, tamb\u00e9m n\u00e3o atravessa o melhor momento de forma.\" \/>\n<meta property=\"og:url\" content=\"https:\/\/portaltela.pt\/noticias\/2026\/04\/30\/suarez-volta-aos-golos-apos-oito-jogos\/\" \/>\n<meta property=\"og:site_name\" content=\"Portal Tela Portugal\" \/>\n<meta property=\"article:published_time\" content=\"2026-04-30T05:18:13+00:00\" \/>\n<meta name=\"author\" content=\"Telinha\" \/>\n<meta name=\"twitter:card\" content=\"summary_large_image\" \/>\n<meta name=\"twitter:label1\" content=\"Escrito por\" \/>\n\t<meta name=\"twitter:data1\" content=\"Telinha\" \/>\n\t<meta name=\"twitter:label2\" content=\"Tempo estimado de leitura\" \/>\n\t<meta name=\"twitter:data2\" content=\"1 minuto\" \/>\n<script type=\"application\/ld+json\" class=\"yoast-schema-graph\">{\"@context\":\"https:\/\/schema.org\",\"@graph\":[{\"@type\":\"Article\",\"@id\":\"https:\/\/portaltela.pt\/noticias\/2026\/04\/30\/suarez-volta-aos-golos-apos-oito-jogos\/#article\",\"isPartOf\":{\"@id\":\"https:\/\/portaltela.pt\/noticias\/2026\/04\/30\/suarez-volta-aos-golos-apos-oito-jogos\/\"},\"author\":{\"name\":\"Telinha\",\"@id\":\"https:\/\/portaltela.pt\/#\/schema\/person\/c4278d4a6028830caff9ee44b42d32ed\"},\"headline\":\"Su\u00e1rez volta aos golos ap\u00f3s oito jogos\",\"datePublished\":\"2026-04-30T05:18:13+00:00\",\"mainEntityOfPage\":{\"@id\":\"https:\/\/portaltela.pt\/noticias\/2026\/04\/30\/suarez-volta-aos-golos-apos-oito-jogos\/\"},\"wordCount\":183,\"image\":{\"@id\":\"https:\/\/portaltela.pt\/noticias\/2026\/04\/30\/suarez-volta-aos-golos-apos-oito-jogos\/#primaryimage\"},\"thumbnailUrl\":\"https:\/\/portaltela.pt\/s.01k8rhncp4jt1\/2026\/04\/img_920x518uu2026-04-29-21-44-11-2436011.jpg\",\"keywords\":[\"1. Liga\",\"campeonato\",\"futebol\",\"Liga\",\"Sporting\",\"Su\u00e1rez\"],\"articleSection\":[\"Desporto\",\"Futebol\"],\"inLanguage\":\"pt-PT\"},{\"@type\":\"WebPage\",\"@id\":\"https:\/\/portaltela.pt\/noticias\/2026\/04\/30\/suarez-volta-aos-golos-apos-oito-jogos\/\",\"url\":\"https:\/\/portaltela.pt\/noticias\/2026\/04\/30\/suarez-volta-aos-golos-apos-oito-jogos\/\",\"name\":\"Su\u00e1rez volta aos golos ap\u00f3s oito jogos - Portal Tela Portugal\",\"isPartOf\":{\"@id\":\"https:\/\/portaltela.pt\/#website\"},\"primaryImageOfPage\":{\"@id\":\"https:\/\/portaltela.pt\/noticias\/2026\/04\/30\/suarez-volta-aos-golos-apos-oito-jogos\/#primaryimage\"},\"image\":{\"@id\":\"https:\/\/portaltela.pt\/noticias\/2026\/04\/30\/suarez-volta-aos-golos-apos-oito-jogos\/#primaryimage\"},\"thumbnailUrl\":\"https:\/\/portaltela.pt\/s.01k8rhncp4jt1\/2026\/04\/img_920x518uu2026-04-29-21-44-11-2436011.jpg\",\"datePublished\":\"2026-04-30T05:18:13+00:00\",\"author\":{\"@id\":\"https:\/\/portaltela.pt\/#\/schema\/person\/c4278d4a6028830caff9ee44b42d32ed\"},\"breadcrumb\":{\"@id\":\"https:\/\/portaltela.pt\/noticias\/2026\/04\/30\/suarez-volta-aos-golos-apos-oito-jogos\/#breadcrumb\"},\"inLanguage\":\"pt-PT\",\"potentialAction\":[{\"@type\":\"ReadAction\",\"target\":[\"https:\/\/portaltela.pt\/noticias\/2026\/04\/30\/suarez-volta-aos-golos-apos-oito-jogos\/\"]}]},{\"@type\":\"ImageObject\",\"inLanguage\":\"pt-PT\",\"@id\":\"https:\/\/portaltela.pt\/noticias\/2026\/04\/30\/suarez-volta-aos-golos-apos-oito-jogos\/#primaryimage\",\"url\":\"https:\/\/portaltela.pt\/s.01k8rhncp4jt1\/2026\/04\/img_920x518uu2026-04-29-21-44-11-2436011.jpg\",\"contentUrl\":\"https:\/\/portaltela.pt\/s.01k8rhncp4jt1\/2026\/04\/img_920x518uu2026-04-29-21-44-11-2436011.jpg\",\"width\":920,\"height\":518,\"caption\":\"Luis Su\u00e1rez\"},{\"@type\":\"BreadcrumbList\",\"@id\":\"https:\/\/portaltela.pt\/noticias\/2026\/04\/30\/suarez-volta-aos-golos-apos-oito-jogos\/#breadcrumb\",\"itemListElement\":[{\"@type\":\"ListItem\",\"position\":1,\"name\":\"In\u00edcio\",\"item\":\"https:\/\/portaltela.pt\/\"},{\"@type\":\"ListItem\",\"position\":2,\"name\":\"Su\u00e1rez volta aos golos ap\u00f3s oito jogos\"}]},{\"@type\":\"WebSite\",\"@id\":\"https:\/\/portaltela.pt\/#website\",\"url\":\"https:\/\/portaltela.pt\/\",\"name\":\"Portal Tela Portugal\",\"description\":\"\",\"potentialAction\":[{\"@type\":\"SearchAction\",\"target\":{\"@type\":\"EntryPoint\",\"urlTemplate\":\"https:\/\/portaltela.pt\/?s={search_term_string}\"},\"query-input\":{\"@type\":\"PropertyValueSpecification\",\"valueRequired\":true,\"valueName\":\"search_term_string\"}}],\"inLanguage\":\"pt-PT\"},{\"@type\":\"Person\",\"@id\":\"https:\/\/portaltela.pt\/#\/schema\/person\/c4278d4a6028830caff9ee44b42d32ed\",\"name\":\"Telinha\",\"image\":{\"@type\":\"ImageObject\",\"inLanguage\":\"pt-PT\",\"@id\":\"https:\/\/portaltela.pt\/s.01k8rhncp4jt1\/2025\/11\/talking-bot-125x125.png\",\"url\":\"https:\/\/portaltela.pt\/s.01k8rhncp4jt1\/2025\/11\/talking-bot-125x125.png\",\"contentUrl\":\"https:\/\/portaltela.pt\/s.01k8rhncp4jt1\/2025\/11\/talking-bot-125x125.png\",\"caption\":\"Telinha\"},\"sameAs\":[\"https:\/\/portaltela.pt\/\"],\"url\":\"https:\/\/portaltela.pt\/por\/367410592786\/\"}]}<\/script>\n<!-- \/ Yoast SEO plugin. -->","yoast_head_json":{"title":"Su\u00e1rez volta aos golos ap\u00f3s oito jogos - Portal Tela Portugal","robots":{"index":"index","follow":"follow","max-snippet":"max-snippet:-1","max-image-preview":"max-image-preview:large","max-video-preview":"max-video-preview:-1"},"og_locale":"pt_PT","og_type":"article","og_title":"Su\u00e1rez volta aos golos ap\u00f3s oito jogos - Portal Tela Portugal","og_description":"O avan\u00e7ado Luis Su\u00e1rez voltou a marcar pelo Sporting, ap\u00f3s oito jogos sem golo contando com a sele\u00e7\u00e3o colombiana. Foi o 34\u00ba golo de Su\u00e1rez pelos verde e brancos em 49 jogos, encerrando a sua pior s\u00e9rie nos \u00faltimos dois anos. O golo foi um dos poucos pontos positivos do Sporting no jogo. Su\u00e1rez passou a somar 25 tentos no campeonato, mantendo a lideran\u00e7a entre os artilheiros, com Pavlidis a 21. Pavlidis, ponta de lan\u00e7a do Benfica, tamb\u00e9m n\u00e3o atravessa o melhor momento de forma.","og_url":"https:\/\/portaltela.pt\/noticias\/2026\/04\/30\/suarez-volta-aos-golos-apos-oito-jogos\/","og_site_name":"Portal Tela Portugal","article_published_time":"2026-04-30T05:18:13+00:00","author":"Telinha","twitter_card":"summary_large_image","twitter_misc":{"Escrito por":"Telinha","Tempo estimado de leitura":"1 minuto"},"schema":{"@context":"https:\/\/schema.org","@graph":[{"@type":"Article","@id":"https:\/\/portaltela.pt\/noticias\/2026\/04\/30\/suarez-volta-aos-golos-apos-oito-jogos\/#article","isPartOf":{"@id":"https:\/\/portaltela.pt\/noticias\/2026\/04\/30\/suarez-volta-aos-golos-apos-oito-jogos\/"},"author":{"name":"Telinha","@id":"https:\/\/portaltela.pt\/#\/schema\/person\/c4278d4a6028830caff9ee44b42d32ed"},"headline":"Su\u00e1rez volta aos golos ap\u00f3s oito jogos","datePublished":"2026-04-30T05:18:13+00:00","mainEntityOfPage":{"@id":"https:\/\/portaltela.pt\/noticias\/2026\/04\/30\/suarez-volta-aos-golos-apos-oito-jogos\/"},"wordCount":183,"image":{"@id":"https:\/\/portaltela.pt\/noticias\/2026\/04\/30\/suarez-volta-aos-golos-apos-oito-jogos\/#primaryimage"},"thumbnailUrl":"https:\/\/portaltela.pt\/s.01k8rhncp4jt1\/2026\/04\/img_920x518uu2026-04-29-21-44-11-2436011.jpg","keywords":["1. Liga","campeonato","futebol","Liga","Sporting","Su\u00e1rez"],"articleSection":["Desporto","Futebol"],"inLanguage":"pt-PT"},{"@type":"WebPage","@id":"https:\/\/portaltela.pt\/noticias\/2026\/04\/30\/suarez-volta-aos-golos-apos-oito-jogos\/","url":"https:\/\/portaltela.pt\/noticias\/2026\/04\/30\/suarez-volta-aos-golos-apos-oito-jogos\/","name":"Su\u00e1rez volta aos golos ap\u00f3s oito jogos - Portal Tela Portugal","isPartOf":{"@id":"https:\/\/portaltela.pt\/#website"},"primaryImageOfPage":{"@id":"https:\/\/portaltela.pt\/noticias\/2026\/04\/30\/suarez-volta-aos-golos-apos-oito-jogos\/#primaryimage"},"image":{"@id":"https:\/\/portaltela.pt\/noticias\/2026\/04\/30\/suarez-volta-aos-golos-apos-oito-jogos\/#primaryimage"},"thumbnailUrl":"https:\/\/portaltela.pt\/s.01k8rhncp4jt1\/2026\/04\/img_920x518uu2026-04-29-21-44-11-2436011.jpg","datePublished":"2026-04-30T05:18:13+00:00","author":{"@id":"https:\/\/portaltela.pt\/#\/schema\/person\/c4278d4a6028830caff9ee44b42d32ed"},"breadcrumb":{"@id":"https:\/\/portaltela.pt\/noticias\/2026\/04\/30\/suarez-volta-aos-golos-apos-oito-jogos\/#breadcrumb"},"inLanguage":"pt-PT","potentialAction":[{"@type":"ReadAction","target":["https:\/\/portaltela.pt\/noticias\/2026\/04\/30\/suarez-volta-aos-golos-apos-oito-jogos\/"]}]},{"@type":"ImageObject","inLanguage":"pt-PT","@id":"https:\/\/portaltela.pt\/noticias\/2026\/04\/30\/suarez-volta-aos-golos-apos-oito-jogos\/#primaryimage","url":"https:\/\/portaltela.pt\/s.01k8rhncp4jt1\/2026\/04\/img_920x518uu2026-04-29-21-44-11-2436011.jpg","contentUrl":"https:\/\/portaltela.pt\/s.01k8rhncp4jt1\/2026\/04\/img_920x518uu2026-04-29-21-44-11-2436011.jpg","width":920,"height":518,"caption":"Luis Su\u00e1rez"},{"@type":"BreadcrumbList","@id":"https:\/\/portaltela.pt\/noticias\/2026\/04\/30\/suarez-volta-aos-golos-apos-oito-jogos\/#breadcrumb","itemListElement":[{"@type":"ListItem","position":1,"name":"In\u00edcio","item":"https:\/\/portaltela.pt\/"},{"@type":"ListItem","position":2,"name":"Su\u00e1rez volta aos golos ap\u00f3s oito jogos"}]},{"@type":"WebSite","@id":"https:\/\/portaltela.pt\/#website","url":"https:\/\/portaltela.pt\/","name":"Portal Tela Portugal","description":"","potentialAction":[{"@type":"SearchAction","target":{"@type":"EntryPoint","urlTemplate":"https:\/\/portaltela.pt\/?s={search_term_string}"},"query-input":{"@type":"PropertyValueSpecification","valueRequired":true,"valueName":"search_term_string"}}],"inLanguage":"pt-PT"},{"@type":"Person","@id":"https:\/\/portaltela.pt\/#\/schema\/person\/c4278d4a6028830caff9ee44b42d32ed","name":"Telinha","image":{"@type":"ImageObject","inLanguage":"pt-PT","@id":"https:\/\/portaltela.pt\/s.01k8rhncp4jt1\/2025\/11\/talking-bot-125x125.png","url":"https:\/\/portaltela.pt\/s.01k8rhncp4jt1\/2025\/11\/talking-bot-125x125.png","contentUrl":"https:\/\/portaltela.pt\/s.01k8rhncp4jt1\/2025\/11\/talking-bot-125x125.png","caption":"Telinha"},"sameAs":["https:\/\/portaltela.pt\/"],"url":"https:\/\/portaltela.pt\/por\/367410592786\/"}]}},"_links":{"self":[{"href":"https:\/\/portaltela.pt\/api\/wp\/v2\/posts\/461801","targetHints":{"allow":["GET"]}}],"collection":[{"href":"https:\/\/portaltela.pt\/api\/wp\/v2\/posts"}],"about":[{"href":"https:\/\/portaltela.pt\/api\/wp\/v2\/types\/post"}],"author":[{"embeddable":true,"href":"https:\/\/portaltela.pt\/api\/wp\/v2\/users\/2"}],"replies":[{"embeddable":true,"href":"https:\/\/portaltela.pt\/api\/wp\/v2\/comments?post=461801"}],"version-history":[{"count":0,"href":"https:\/\/portaltela.pt\/api\/wp\/v2\/posts\/461801\/revisions"}],"wp:featuredmedia":[{"embeddable":true,"href":"https:\/\/portaltela.pt\/api\/wp\/v2\/media\/461803"}],"wp:attachment":[{"href":"https:\/\/portaltela.pt\/api\/wp\/v2\/media?parent=461801"}],"wp:term":[{"taxonomy":"category","embeddable":true,"href":"https:\/\/portaltela.pt\/api\/wp\/v2\/categories?post=461801"},{"taxonomy":"post_tag","embeddable":true,"href":"https:\/\/portaltela.pt\/api\/wp\/v2\/tags?post=461801"}],"curies":[{"name":"wp","href":"https:\/\/api.w.org\/{rel}","templated":true}]}}