{"id":461797,"date":"2026-04-30T02:18:02","date_gmt":"2026-04-30T05:18:02","guid":{"rendered":"https:\/\/portaltela.pt\/noticias\/2026\/04\/30\/decisoes-do-gira-volei-regressam-a-guarda\/"},"modified":"2026-04-30T02:18:02","modified_gmt":"2026-04-30T05:18:02","slug":"decisoes-do-gira-volei-regressam-a-guarda","status":"publish","type":"post","link":"https:\/\/portaltela.pt\/desporto\/futebol\/2026\/04\/30\/decisoes-do-gira-volei-regressam-a-guarda\/","title":{"rendered":"Decis\u00f5es do Gira-Volei regressam \u00e0 Guarda"},"content":{"rendered":"<p>A Federa\u00e7\u00e3o Portuguesa de Voleibol (FPV) confirmou o regresso do Encontro Nacional de Gira-Volei \u00e0 Guarda, para o fim de semana de 30 e 31 de maio de 2026. O evento ocorre no Parque Urbano do Rio Diz, marcando mais uma edi\u00e7\u00e3o de uma prova com mais de duas d\u00e9cadas de hist\u00f3ria.<\/p>\n<p>O retorno decorre ap\u00f3s o sucesso da edi\u00e7\u00e3o anterior, considerado uma mais-valia para a regi\u00e3o. A C\u00e2mara Municipal da Guarda, com a colabora\u00e7\u00e3o da AVG, aprovou a realiza\u00e7\u00e3o do encontro, reconhecendo o impacto desportivo e econ\u00f3mico na cidade.<\/p>\n<p>A parceria entre FPV, AVG e CMG foi destacada na Gala do Desporto da Guarda 2025, onde as entidades receberam o Pr\u00e9mio Reconhecimento. A distin\u00e7\u00e3o sublinha a organiza\u00e7\u00e3o da Final Nacional anterior e o movimento de milhares de atletas e acompanhantes na economia local.<\/p>\n<h3>O caminho para a final<\/h3>\n<p>O Gira-Volei, estruturado nos pilares F\u00e1cil, Divertido, Competitivo e Inclusivo, percorre o pa\u00eds com Encontros Regionais j\u00e1 em curso. Doze localidades recebem as etapas, preparando o cen\u00e1rio para a grande final na Guarda.<\/p>\n<p>Entre as paragens est\u00e3o Torres Novas, Guimar\u00e3es, Mogadouro, Jardins de Bel\u00e9m e o Porto. O calend\u00e1rio inclui tamb\u00e9m Viana do Castelo, Loul\u00e9, Vila Nova de Paiva e Marinha Grande, encerrando a maratona no Parque da Cidade do Porto.<\/p>\n<p>O percurso nacional funciona como antevis\u00e3o da decis\u00e3o final na Guarda, consolidando o projeto enquanto ferramenta de desenvolvimento e inclus\u00e3o social. O evento pretende manter o foco na participa\u00e7\u00e3o juvenil e na conviv\u00eancia desportiva.<\/p>\n<p>A Guarda, descrita como a cidade mais alta, destaca as condi\u00e7\u00f5es do Parque Urbano do Rio Diz e o apoio municipal como fatores decisivos para a realiza\u00e7\u00e3o. Leonel Salgueiro, Diretor T\u00e9cnico Nacional, frisou a relev\u00e2ncia da Final Nacional para o voleibol jovem.<\/p>\n","protected":false},"excerpt":{"rendered":"<ul>\n<li>O Encontro Nacional de Gira-Volei regressa \u00e0 Guarda nos dias 30 e 31 de maio de 2026, no Parque Urbano do Rio Diz.<\/li>\n<li>A decis\u00e3o resulta de uma colabora\u00e7\u00e3o entre a Federa\u00e7\u00e3o Portuguesa de Voleibol, a Associa\u00e7\u00e3o de Voleibol da Guarda e a C\u00e2mara Municipal da Guarda.<\/li>\n<li>A Guarda foi distinguiu na Gala do Desporto da Guarda 2025 pela organiza\u00e7\u00e3o da Final Nacional anterior, destacando o contributo para a economia local.<\/li>\n<li>O Encontro percorre 12 localidades antes da final na Guarda, passando por exemplos como Torres Novas, Guimar\u00e3es, Jardins de Bel\u00e9m e o Porto.<\/li>\n<li>A fase final \u00e9 apresentada como um dos momentos mais relevantes da FPV e a maior festa de conv\u00edvio para os jovens que praticam voleibol.<\/li>\n<\/ul>\n","protected":false},"author":2,"featured_media":461799,"comment_status":"closed","ping_status":"closed","sticky":false,"template":"","format":"standard","meta":{"footnotes":""},"categories":[21,24],"tags":[7902,8007,8188,8597,982,1741],"class_list":["post-461797","post","type-post","status-publish","format-standard","has-post-thumbnail","hentry","category-desporto","category-futebol","tag-_desporto","tag-_guarda","tag-_juventude","tag-_voleibol","tag-porto","tag-torres-novas"],"yoast_head":"<!-- This site is optimized with the Yoast SEO plugin v27.2 - https:\/\/yoast.com\/product\/yoast-seo-wordpress\/ -->\n<title>Decis\u00f5es do Gira-Volei regressam \u00e0 Guarda - Portal Tela Portugal<\/title>\n<meta name=\"robots\" content=\"index, follow, max-snippet:-1, max-image-preview:large, max-video-preview:-1\" \/>\n<meta property=\"og:locale\" content=\"pt_PT\" \/>\n<meta property=\"og:type\" content=\"article\" \/>\n<meta property=\"og:title\" content=\"Decis\u00f5es do Gira-Volei regressam \u00e0 Guarda - Portal Tela Portugal\" \/>\n<meta property=\"og:description\" content=\"O Encontro Nacional de Gira-Volei regressa \u00e0 Guarda nos dias 30 e 31 de maio de 2026, no Parque Urbano do Rio Diz. A decis\u00e3o resulta de uma colabora\u00e7\u00e3o entre a Federa\u00e7\u00e3o Portuguesa de Voleibol, a Associa\u00e7\u00e3o de Voleibol da Guarda e a C\u00e2mara Municipal da Guarda. A Guarda foi distinguiu na Gala do Desporto da Guarda 2025 pela organiza\u00e7\u00e3o da Final Nacional anterior, destacando o contributo para a economia local. O Encontro percorre 12 localidades antes da final na Guarda, passando por exemplos como Torres Novas, Guimar\u00e3es, Jardins de Bel\u00e9m e o Porto. A fase final \u00e9 apresentada como um dos momentos mais relevantes da FPV e a maior festa de conv\u00edvio para os jovens que praticam voleibol.\" \/>\n<meta property=\"og:url\" content=\"https:\/\/portaltela.pt\/noticias\/2026\/04\/30\/decisoes-do-gira-volei-regressam-a-guarda\/\" \/>\n<meta property=\"og:site_name\" content=\"Portal Tela Portugal\" \/>\n<meta property=\"article:published_time\" content=\"2026-04-30T05:18:02+00:00\" \/>\n<meta name=\"author\" content=\"Telinha\" \/>\n<meta name=\"twitter:card\" content=\"summary_large_image\" \/>\n<meta name=\"twitter:label1\" content=\"Escrito por\" \/>\n\t<meta name=\"twitter:data1\" content=\"Telinha\" \/>\n\t<meta name=\"twitter:label2\" content=\"Tempo estimado de leitura\" \/>\n\t<meta name=\"twitter:data2\" content=\"2 minutos\" \/>\n<script type=\"application\/ld+json\" class=\"yoast-schema-graph\">{\"@context\":\"https:\/\/schema.org\",\"@graph\":[{\"@type\":\"Article\",\"@id\":\"https:\/\/portaltela.pt\/noticias\/2026\/04\/30\/decisoes-do-gira-volei-regressam-a-guarda\/#article\",\"isPartOf\":{\"@id\":\"https:\/\/portaltela.pt\/noticias\/2026\/04\/30\/decisoes-do-gira-volei-regressam-a-guarda\/\"},\"author\":{\"name\":\"Telinha\",\"@id\":\"https:\/\/portaltela.pt\/#\/schema\/person\/c4278d4a6028830caff9ee44b42d32ed\"},\"headline\":\"Decis\u00f5es do Gira-Volei regressam \u00e0 Guarda\",\"datePublished\":\"2026-04-30T05:18:02+00:00\",\"mainEntityOfPage\":{\"@id\":\"https:\/\/portaltela.pt\/noticias\/2026\/04\/30\/decisoes-do-gira-volei-regressam-a-guarda\/\"},\"wordCount\":318,\"image\":{\"@id\":\"https:\/\/portaltela.pt\/noticias\/2026\/04\/30\/decisoes-do-gira-volei-regressam-a-guarda\/#primaryimage\"},\"thumbnailUrl\":\"https:\/\/portaltela.pt\/s.01k8rhncp4jt1\/2026\/04\/img_920x518uu2026-04-30-00-08-15-2436042-im-639131046085584846.jpg\",\"keywords\":[\"_desporto\",\"_Guarda\",\"_juventude\",\"_voleibol\",\"Porto\",\"Torres Novas\"],\"articleSection\":[\"Desporto\",\"Futebol\"],\"inLanguage\":\"pt-PT\"},{\"@type\":\"WebPage\",\"@id\":\"https:\/\/portaltela.pt\/noticias\/2026\/04\/30\/decisoes-do-gira-volei-regressam-a-guarda\/\",\"url\":\"https:\/\/portaltela.pt\/noticias\/2026\/04\/30\/decisoes-do-gira-volei-regressam-a-guarda\/\",\"name\":\"Decis\u00f5es do Gira-Volei regressam \u00e0 Guarda - Portal Tela Portugal\",\"isPartOf\":{\"@id\":\"https:\/\/portaltela.pt\/#website\"},\"primaryImageOfPage\":{\"@id\":\"https:\/\/portaltela.pt\/noticias\/2026\/04\/30\/decisoes-do-gira-volei-regressam-a-guarda\/#primaryimage\"},\"image\":{\"@id\":\"https:\/\/portaltela.pt\/noticias\/2026\/04\/30\/decisoes-do-gira-volei-regressam-a-guarda\/#primaryimage\"},\"thumbnailUrl\":\"https:\/\/portaltela.pt\/s.01k8rhncp4jt1\/2026\/04\/img_920x518uu2026-04-30-00-08-15-2436042-im-639131046085584846.jpg\",\"datePublished\":\"2026-04-30T05:18:02+00:00\",\"author\":{\"@id\":\"https:\/\/portaltela.pt\/#\/schema\/person\/c4278d4a6028830caff9ee44b42d32ed\"},\"breadcrumb\":{\"@id\":\"https:\/\/portaltela.pt\/noticias\/2026\/04\/30\/decisoes-do-gira-volei-regressam-a-guarda\/#breadcrumb\"},\"inLanguage\":\"pt-PT\",\"potentialAction\":[{\"@type\":\"ReadAction\",\"target\":[\"https:\/\/portaltela.pt\/noticias\/2026\/04\/30\/decisoes-do-gira-volei-regressam-a-guarda\/\"]}]},{\"@type\":\"ImageObject\",\"inLanguage\":\"pt-PT\",\"@id\":\"https:\/\/portaltela.pt\/noticias\/2026\/04\/30\/decisoes-do-gira-volei-regressam-a-guarda\/#primaryimage\",\"url\":\"https:\/\/portaltela.pt\/s.01k8rhncp4jt1\/2026\/04\/img_920x518uu2026-04-30-00-08-15-2436042-im-639131046085584846.jpg\",\"contentUrl\":\"https:\/\/portaltela.pt\/s.01k8rhncp4jt1\/2026\/04\/img_920x518uu2026-04-30-00-08-15-2436042-im-639131046085584846.jpg\",\"width\":796,\"height\":448,\"caption\":\"Festa na cidade mais alta\"},{\"@type\":\"BreadcrumbList\",\"@id\":\"https:\/\/portaltela.pt\/noticias\/2026\/04\/30\/decisoes-do-gira-volei-regressam-a-guarda\/#breadcrumb\",\"itemListElement\":[{\"@type\":\"ListItem\",\"position\":1,\"name\":\"In\u00edcio\",\"item\":\"https:\/\/portaltela.pt\/\"},{\"@type\":\"ListItem\",\"position\":2,\"name\":\"Decis\u00f5es do Gira-Volei regressam \u00e0 Guarda\"}]},{\"@type\":\"WebSite\",\"@id\":\"https:\/\/portaltela.pt\/#website\",\"url\":\"https:\/\/portaltela.pt\/\",\"name\":\"Portal Tela Portugal\",\"description\":\"\",\"potentialAction\":[{\"@type\":\"SearchAction\",\"target\":{\"@type\":\"EntryPoint\",\"urlTemplate\":\"https:\/\/portaltela.pt\/?s={search_term_string}\"},\"query-input\":{\"@type\":\"PropertyValueSpecification\",\"valueRequired\":true,\"valueName\":\"search_term_string\"}}],\"inLanguage\":\"pt-PT\"},{\"@type\":\"Person\",\"@id\":\"https:\/\/portaltela.pt\/#\/schema\/person\/c4278d4a6028830caff9ee44b42d32ed\",\"name\":\"Telinha\",\"image\":{\"@type\":\"ImageObject\",\"inLanguage\":\"pt-PT\",\"@id\":\"https:\/\/portaltela.pt\/s.01k8rhncp4jt1\/2025\/11\/talking-bot-125x125.png\",\"url\":\"https:\/\/portaltela.pt\/s.01k8rhncp4jt1\/2025\/11\/talking-bot-125x125.png\",\"contentUrl\":\"https:\/\/portaltela.pt\/s.01k8rhncp4jt1\/2025\/11\/talking-bot-125x125.png\",\"caption\":\"Telinha\"},\"sameAs\":[\"https:\/\/portaltela.pt\/\"],\"url\":\"https:\/\/portaltela.pt\/por\/367410592786\/\"}]}<\/script>\n<!-- \/ Yoast SEO plugin. -->","yoast_head_json":{"title":"Decis\u00f5es do Gira-Volei regressam \u00e0 Guarda - Portal Tela Portugal","robots":{"index":"index","follow":"follow","max-snippet":"max-snippet:-1","max-image-preview":"max-image-preview:large","max-video-preview":"max-video-preview:-1"},"og_locale":"pt_PT","og_type":"article","og_title":"Decis\u00f5es do Gira-Volei regressam \u00e0 Guarda - Portal Tela Portugal","og_description":"O Encontro Nacional de Gira-Volei regressa \u00e0 Guarda nos dias 30 e 31 de maio de 2026, no Parque Urbano do Rio Diz. A decis\u00e3o resulta de uma colabora\u00e7\u00e3o entre a Federa\u00e7\u00e3o Portuguesa de Voleibol, a Associa\u00e7\u00e3o de Voleibol da Guarda e a C\u00e2mara Municipal da Guarda. A Guarda foi distinguiu na Gala do Desporto da Guarda 2025 pela organiza\u00e7\u00e3o da Final Nacional anterior, destacando o contributo para a economia local. O Encontro percorre 12 localidades antes da final na Guarda, passando por exemplos como Torres Novas, Guimar\u00e3es, Jardins de Bel\u00e9m e o Porto. A fase final \u00e9 apresentada como um dos momentos mais relevantes da FPV e a maior festa de conv\u00edvio para os jovens que praticam voleibol.","og_url":"https:\/\/portaltela.pt\/noticias\/2026\/04\/30\/decisoes-do-gira-volei-regressam-a-guarda\/","og_site_name":"Portal Tela Portugal","article_published_time":"2026-04-30T05:18:02+00:00","author":"Telinha","twitter_card":"summary_large_image","twitter_misc":{"Escrito por":"Telinha","Tempo estimado de leitura":"2 minutos"},"schema":{"@context":"https:\/\/schema.org","@graph":[{"@type":"Article","@id":"https:\/\/portaltela.pt\/noticias\/2026\/04\/30\/decisoes-do-gira-volei-regressam-a-guarda\/#article","isPartOf":{"@id":"https:\/\/portaltela.pt\/noticias\/2026\/04\/30\/decisoes-do-gira-volei-regressam-a-guarda\/"},"author":{"name":"Telinha","@id":"https:\/\/portaltela.pt\/#\/schema\/person\/c4278d4a6028830caff9ee44b42d32ed"},"headline":"Decis\u00f5es do Gira-Volei regressam \u00e0 Guarda","datePublished":"2026-04-30T05:18:02+00:00","mainEntityOfPage":{"@id":"https:\/\/portaltela.pt\/noticias\/2026\/04\/30\/decisoes-do-gira-volei-regressam-a-guarda\/"},"wordCount":318,"image":{"@id":"https:\/\/portaltela.pt\/noticias\/2026\/04\/30\/decisoes-do-gira-volei-regressam-a-guarda\/#primaryimage"},"thumbnailUrl":"https:\/\/portaltela.pt\/s.01k8rhncp4jt1\/2026\/04\/img_920x518uu2026-04-30-00-08-15-2436042-im-639131046085584846.jpg","keywords":["_desporto","_Guarda","_juventude","_voleibol","Porto","Torres Novas"],"articleSection":["Desporto","Futebol"],"inLanguage":"pt-PT"},{"@type":"WebPage","@id":"https:\/\/portaltela.pt\/noticias\/2026\/04\/30\/decisoes-do-gira-volei-regressam-a-guarda\/","url":"https:\/\/portaltela.pt\/noticias\/2026\/04\/30\/decisoes-do-gira-volei-regressam-a-guarda\/","name":"Decis\u00f5es do Gira-Volei regressam \u00e0 Guarda - Portal Tela Portugal","isPartOf":{"@id":"https:\/\/portaltela.pt\/#website"},"primaryImageOfPage":{"@id":"https:\/\/portaltela.pt\/noticias\/2026\/04\/30\/decisoes-do-gira-volei-regressam-a-guarda\/#primaryimage"},"image":{"@id":"https:\/\/portaltela.pt\/noticias\/2026\/04\/30\/decisoes-do-gira-volei-regressam-a-guarda\/#primaryimage"},"thumbnailUrl":"https:\/\/portaltela.pt\/s.01k8rhncp4jt1\/2026\/04\/img_920x518uu2026-04-30-00-08-15-2436042-im-639131046085584846.jpg","datePublished":"2026-04-30T05:18:02+00:00","author":{"@id":"https:\/\/portaltela.pt\/#\/schema\/person\/c4278d4a6028830caff9ee44b42d32ed"},"breadcrumb":{"@id":"https:\/\/portaltela.pt\/noticias\/2026\/04\/30\/decisoes-do-gira-volei-regressam-a-guarda\/#breadcrumb"},"inLanguage":"pt-PT","potentialAction":[{"@type":"ReadAction","target":["https:\/\/portaltela.pt\/noticias\/2026\/04\/30\/decisoes-do-gira-volei-regressam-a-guarda\/"]}]},{"@type":"ImageObject","inLanguage":"pt-PT","@id":"https:\/\/portaltela.pt\/noticias\/2026\/04\/30\/decisoes-do-gira-volei-regressam-a-guarda\/#primaryimage","url":"https:\/\/portaltela.pt\/s.01k8rhncp4jt1\/2026\/04\/img_920x518uu2026-04-30-00-08-15-2436042-im-639131046085584846.jpg","contentUrl":"https:\/\/portaltela.pt\/s.01k8rhncp4jt1\/2026\/04\/img_920x518uu2026-04-30-00-08-15-2436042-im-639131046085584846.jpg","width":796,"height":448,"caption":"Festa na cidade mais alta"},{"@type":"BreadcrumbList","@id":"https:\/\/portaltela.pt\/noticias\/2026\/04\/30\/decisoes-do-gira-volei-regressam-a-guarda\/#breadcrumb","itemListElement":[{"@type":"ListItem","position":1,"name":"In\u00edcio","item":"https:\/\/portaltela.pt\/"},{"@type":"ListItem","position":2,"name":"Decis\u00f5es do Gira-Volei regressam \u00e0 Guarda"}]},{"@type":"WebSite","@id":"https:\/\/portaltela.pt\/#website","url":"https:\/\/portaltela.pt\/","name":"Portal Tela Portugal","description":"","potentialAction":[{"@type":"SearchAction","target":{"@type":"EntryPoint","urlTemplate":"https:\/\/portaltela.pt\/?s={search_term_string}"},"query-input":{"@type":"PropertyValueSpecification","valueRequired":true,"valueName":"search_term_string"}}],"inLanguage":"pt-PT"},{"@type":"Person","@id":"https:\/\/portaltela.pt\/#\/schema\/person\/c4278d4a6028830caff9ee44b42d32ed","name":"Telinha","image":{"@type":"ImageObject","inLanguage":"pt-PT","@id":"https:\/\/portaltela.pt\/s.01k8rhncp4jt1\/2025\/11\/talking-bot-125x125.png","url":"https:\/\/portaltela.pt\/s.01k8rhncp4jt1\/2025\/11\/talking-bot-125x125.png","contentUrl":"https:\/\/portaltela.pt\/s.01k8rhncp4jt1\/2025\/11\/talking-bot-125x125.png","caption":"Telinha"},"sameAs":["https:\/\/portaltela.pt\/"],"url":"https:\/\/portaltela.pt\/por\/367410592786\/"}]}},"_links":{"self":[{"href":"https:\/\/portaltela.pt\/api\/wp\/v2\/posts\/461797","targetHints":{"allow":["GET"]}}],"collection":[{"href":"https:\/\/portaltela.pt\/api\/wp\/v2\/posts"}],"about":[{"href":"https:\/\/portaltela.pt\/api\/wp\/v2\/types\/post"}],"author":[{"embeddable":true,"href":"https:\/\/portaltela.pt\/api\/wp\/v2\/users\/2"}],"replies":[{"embeddable":true,"href":"https:\/\/portaltela.pt\/api\/wp\/v2\/comments?post=461797"}],"version-history":[{"count":0,"href":"https:\/\/portaltela.pt\/api\/wp\/v2\/posts\/461797\/revisions"}],"wp:featuredmedia":[{"embeddable":true,"href":"https:\/\/portaltela.pt\/api\/wp\/v2\/media\/461799"}],"wp:attachment":[{"href":"https:\/\/portaltela.pt\/api\/wp\/v2\/media?parent=461797"}],"wp:term":[{"taxonomy":"category","embeddable":true,"href":"https:\/\/portaltela.pt\/api\/wp\/v2\/categories?post=461797"},{"taxonomy":"post_tag","embeddable":true,"href":"https:\/\/portaltela.pt\/api\/wp\/v2\/tags?post=461797"}],"curies":[{"name":"wp","href":"https:\/\/api.w.org\/{rel}","templated":true}]}}