{"id":461788,"date":"2026-04-30T01:32:47","date_gmt":"2026-04-30T04:32:47","guid":{"rendered":"https:\/\/portaltela.pt\/noticias\/2026\/04\/30\/hristov-mira-o-eixo-defensivo-do-vizela\/"},"modified":"2026-04-30T01:32:47","modified_gmt":"2026-04-30T04:32:47","slug":"hristov-mira-o-eixo-defensivo-do-vizela","status":"publish","type":"post","link":"https:\/\/portaltela.pt\/desporto\/futebol\/2026\/04\/30\/hristov-mira-o-eixo-defensivo-do-vizela\/","title":{"rendered":"Hristov mira o eixo defensivo do Vizela"},"content":{"rendered":"<p>Ronald Molina prepara a equipa do Vizela para a desloca\u00e7\u00e3o a Ac. Viseu, na pr\u00f3xima jornada, com mudan\u00e7as no eixo central. Jean-Pierre Rhyner est\u00e1 suspenso, ap\u00f3s receber o 9\u00ba cart\u00e3o amarelo do campeonato.<\/p>\n<p>O t\u00e9cnico venezuelano n\u00e3o pode contar com o su\u00ed\u00e7o, abrindo espa\u00e7o a uma poss\u00edvel dupla central entre Hristov e Lu\u00eds Rocha. O defesa b\u00falgaro, de 27 anos, tem sido titular em 9 dos 15 jogos da presente \u00e9poca, contribuindo para a solidez defensiva.<\/p>\n<h3>Eixo defensivo em mudan\u00e7a<\/h3>\n<p>Hristov surge como op\u00e7\u00e3o para formar dupla com Rocha, de forma a manter o equil\u00edbrio da linha defensiva frente aos beir\u00f5es. O duelo \u00e9 decisivo para as contas da subida na tabela, com Vizela a procurar manter o andamento.<\/p>\n<p>A poss\u00edvel entrada de Hristov destaca a gest\u00e3o de recursos de Molina e a necessidade de respostas r\u00e1pidas em contexto de suspens\u00f5es. O treino recente indicia avalia\u00e7\u00e3o de combina\u00e7\u00f5es para o eixo central, conforme apurou a equipa t\u00e9cnica.<\/p>\n","protected":false},"excerpt":{"rendered":"<ul>\n<li>Ronald Molina tem de mudar a dupla de centrais para a visita ao Acad\u00e9mico de Viseu, na pr\u00f3xima jornada.<\/li>\n<li>Jean-Pierre Rhyner est\u00e1 suspenso ap\u00f3s receber o 9\u00ba amarelo no campeonato.<\/li>\n<li>Hristov espreita a vaga na dupla de defesa ao lado de Lu\u00eds Rocha, com a Bulgarian de 27 anos a assumir influ\u00eancia no eixo defensivo.<\/li>\n<li>O Vizela j\u00e1 utiliza Hristov como op\u00e7\u00e3o de defesa central em v\u00e1rias partidas, tendo sido titular em nove dos 15 jogos desta temporada.<\/li>\n<\/ul>\n","protected":false},"author":2,"featured_media":461789,"comment_status":"closed","ping_status":"closed","sticky":false,"template":"","format":"standard","meta":{"footnotes":""},"categories":[21,24],"tags":[4059,1285,6574,32,242,1786],"class_list":["post-461788","post","type-post","status-publish","format-standard","has-post-thumbnail","hentry","category-desporto","category-futebol","tag-1-a-liga","tag-competicao","tag-defesa","tag-futebol","tag-jogadores","tag-liga"],"yoast_head":"<!-- This site is optimized with the Yoast SEO plugin v27.2 - https:\/\/yoast.com\/product\/yoast-seo-wordpress\/ -->\n<title>Hristov mira o eixo defensivo do Vizela - Portal Tela Portugal<\/title>\n<meta name=\"robots\" content=\"index, follow, max-snippet:-1, max-image-preview:large, max-video-preview:-1\" \/>\n<meta property=\"og:locale\" content=\"pt_PT\" \/>\n<meta property=\"og:type\" content=\"article\" \/>\n<meta property=\"og:title\" content=\"Hristov mira o eixo defensivo do Vizela - Portal Tela Portugal\" \/>\n<meta property=\"og:description\" content=\"Ronald Molina tem de mudar a dupla de centrais para a visita ao Acad\u00e9mico de Viseu, na pr\u00f3xima jornada. Jean-Pierre Rhyner est\u00e1 suspenso ap\u00f3s receber o 9\u00ba amarelo no campeonato. Hristov espreita a vaga na dupla de defesa ao lado de Lu\u00eds Rocha, com a Bulgarian de 27 anos a assumir influ\u00eancia no eixo defensivo. O Vizela j\u00e1 utiliza Hristov como op\u00e7\u00e3o de defesa central em v\u00e1rias partidas, tendo sido titular em nove dos 15 jogos desta temporada.\" \/>\n<meta property=\"og:url\" content=\"https:\/\/portaltela.pt\/noticias\/2026\/04\/30\/hristov-mira-o-eixo-defensivo-do-vizela\/\" \/>\n<meta property=\"og:site_name\" content=\"Portal Tela Portugal\" \/>\n<meta property=\"article:published_time\" content=\"2026-04-30T04:32:47+00:00\" \/>\n<meta name=\"author\" content=\"Telinha\" \/>\n<meta name=\"twitter:card\" content=\"summary_large_image\" \/>\n<meta name=\"twitter:label1\" content=\"Escrito por\" \/>\n\t<meta name=\"twitter:data1\" content=\"Telinha\" \/>\n\t<meta name=\"twitter:label2\" content=\"Tempo estimado de leitura\" \/>\n\t<meta name=\"twitter:data2\" content=\"1 minuto\" \/>\n<script type=\"application\/ld+json\" class=\"yoast-schema-graph\">{\"@context\":\"https:\/\/schema.org\",\"@graph\":[{\"@type\":\"Article\",\"@id\":\"https:\/\/portaltela.pt\/noticias\/2026\/04\/30\/hristov-mira-o-eixo-defensivo-do-vizela\/#article\",\"isPartOf\":{\"@id\":\"https:\/\/portaltela.pt\/noticias\/2026\/04\/30\/hristov-mira-o-eixo-defensivo-do-vizela\/\"},\"author\":{\"name\":\"Telinha\",\"@id\":\"https:\/\/portaltela.pt\/#\/schema\/person\/c4278d4a6028830caff9ee44b42d32ed\"},\"headline\":\"Hristov mira o eixo defensivo do Vizela\",\"datePublished\":\"2026-04-30T04:32:47+00:00\",\"mainEntityOfPage\":{\"@id\":\"https:\/\/portaltela.pt\/noticias\/2026\/04\/30\/hristov-mira-o-eixo-defensivo-do-vizela\/\"},\"wordCount\":182,\"image\":{\"@id\":\"https:\/\/portaltela.pt\/noticias\/2026\/04\/30\/hristov-mira-o-eixo-defensivo-do-vizela\/#primaryimage\"},\"thumbnailUrl\":\"https:\/\/portaltela.pt\/s.01k8rhncp4jt1\/2026\/04\/img_920x518uu2026-04-30-00-25-40-2436049.jpg\",\"keywords\":[\"1.\u00aa Liga\",\"competi\u00e7\u00e3o\",\"defesa\",\"futebol\",\"jogadores\",\"Liga\"],\"articleSection\":[\"Desporto\",\"Futebol\"],\"inLanguage\":\"pt-PT\"},{\"@type\":\"WebPage\",\"@id\":\"https:\/\/portaltela.pt\/noticias\/2026\/04\/30\/hristov-mira-o-eixo-defensivo-do-vizela\/\",\"url\":\"https:\/\/portaltela.pt\/noticias\/2026\/04\/30\/hristov-mira-o-eixo-defensivo-do-vizela\/\",\"name\":\"Hristov mira o eixo defensivo do Vizela - Portal Tela Portugal\",\"isPartOf\":{\"@id\":\"https:\/\/portaltela.pt\/#website\"},\"primaryImageOfPage\":{\"@id\":\"https:\/\/portaltela.pt\/noticias\/2026\/04\/30\/hristov-mira-o-eixo-defensivo-do-vizela\/#primaryimage\"},\"image\":{\"@id\":\"https:\/\/portaltela.pt\/noticias\/2026\/04\/30\/hristov-mira-o-eixo-defensivo-do-vizela\/#primaryimage\"},\"thumbnailUrl\":\"https:\/\/portaltela.pt\/s.01k8rhncp4jt1\/2026\/04\/img_920x518uu2026-04-30-00-25-40-2436049.jpg\",\"datePublished\":\"2026-04-30T04:32:47+00:00\",\"author\":{\"@id\":\"https:\/\/portaltela.pt\/#\/schema\/person\/c4278d4a6028830caff9ee44b42d32ed\"},\"breadcrumb\":{\"@id\":\"https:\/\/portaltela.pt\/noticias\/2026\/04\/30\/hristov-mira-o-eixo-defensivo-do-vizela\/#breadcrumb\"},\"inLanguage\":\"pt-PT\",\"potentialAction\":[{\"@type\":\"ReadAction\",\"target\":[\"https:\/\/portaltela.pt\/noticias\/2026\/04\/30\/hristov-mira-o-eixo-defensivo-do-vizela\/\"]}]},{\"@type\":\"ImageObject\",\"inLanguage\":\"pt-PT\",\"@id\":\"https:\/\/portaltela.pt\/noticias\/2026\/04\/30\/hristov-mira-o-eixo-defensivo-do-vizela\/#primaryimage\",\"url\":\"https:\/\/portaltela.pt\/s.01k8rhncp4jt1\/2026\/04\/img_920x518uu2026-04-30-00-25-40-2436049.jpg\",\"contentUrl\":\"https:\/\/portaltela.pt\/s.01k8rhncp4jt1\/2026\/04\/img_920x518uu2026-04-30-00-25-40-2436049.jpg\",\"width\":796,\"height\":448,\"caption\":\"Hristov pode formar dupla com Lu\u00eds Rocha no Vizela\"},{\"@type\":\"BreadcrumbList\",\"@id\":\"https:\/\/portaltela.pt\/noticias\/2026\/04\/30\/hristov-mira-o-eixo-defensivo-do-vizela\/#breadcrumb\",\"itemListElement\":[{\"@type\":\"ListItem\",\"position\":1,\"name\":\"In\u00edcio\",\"item\":\"https:\/\/portaltela.pt\/\"},{\"@type\":\"ListItem\",\"position\":2,\"name\":\"Hristov mira o eixo defensivo do Vizela\"}]},{\"@type\":\"WebSite\",\"@id\":\"https:\/\/portaltela.pt\/#website\",\"url\":\"https:\/\/portaltela.pt\/\",\"name\":\"Portal Tela Portugal\",\"description\":\"\",\"potentialAction\":[{\"@type\":\"SearchAction\",\"target\":{\"@type\":\"EntryPoint\",\"urlTemplate\":\"https:\/\/portaltela.pt\/?s={search_term_string}\"},\"query-input\":{\"@type\":\"PropertyValueSpecification\",\"valueRequired\":true,\"valueName\":\"search_term_string\"}}],\"inLanguage\":\"pt-PT\"},{\"@type\":\"Person\",\"@id\":\"https:\/\/portaltela.pt\/#\/schema\/person\/c4278d4a6028830caff9ee44b42d32ed\",\"name\":\"Telinha\",\"image\":{\"@type\":\"ImageObject\",\"inLanguage\":\"pt-PT\",\"@id\":\"https:\/\/portaltela.pt\/s.01k8rhncp4jt1\/2025\/11\/talking-bot-125x125.png\",\"url\":\"https:\/\/portaltela.pt\/s.01k8rhncp4jt1\/2025\/11\/talking-bot-125x125.png\",\"contentUrl\":\"https:\/\/portaltela.pt\/s.01k8rhncp4jt1\/2025\/11\/talking-bot-125x125.png\",\"caption\":\"Telinha\"},\"sameAs\":[\"https:\/\/portaltela.pt\/\"],\"url\":\"https:\/\/portaltela.pt\/por\/367410592786\/\"}]}<\/script>\n<!-- \/ Yoast SEO plugin. -->","yoast_head_json":{"title":"Hristov mira o eixo defensivo do Vizela - Portal Tela Portugal","robots":{"index":"index","follow":"follow","max-snippet":"max-snippet:-1","max-image-preview":"max-image-preview:large","max-video-preview":"max-video-preview:-1"},"og_locale":"pt_PT","og_type":"article","og_title":"Hristov mira o eixo defensivo do Vizela - Portal Tela Portugal","og_description":"Ronald Molina tem de mudar a dupla de centrais para a visita ao Acad\u00e9mico de Viseu, na pr\u00f3xima jornada. Jean-Pierre Rhyner est\u00e1 suspenso ap\u00f3s receber o 9\u00ba amarelo no campeonato. Hristov espreita a vaga na dupla de defesa ao lado de Lu\u00eds Rocha, com a Bulgarian de 27 anos a assumir influ\u00eancia no eixo defensivo. O Vizela j\u00e1 utiliza Hristov como op\u00e7\u00e3o de defesa central em v\u00e1rias partidas, tendo sido titular em nove dos 15 jogos desta temporada.","og_url":"https:\/\/portaltela.pt\/noticias\/2026\/04\/30\/hristov-mira-o-eixo-defensivo-do-vizela\/","og_site_name":"Portal Tela Portugal","article_published_time":"2026-04-30T04:32:47+00:00","author":"Telinha","twitter_card":"summary_large_image","twitter_misc":{"Escrito por":"Telinha","Tempo estimado de leitura":"1 minuto"},"schema":{"@context":"https:\/\/schema.org","@graph":[{"@type":"Article","@id":"https:\/\/portaltela.pt\/noticias\/2026\/04\/30\/hristov-mira-o-eixo-defensivo-do-vizela\/#article","isPartOf":{"@id":"https:\/\/portaltela.pt\/noticias\/2026\/04\/30\/hristov-mira-o-eixo-defensivo-do-vizela\/"},"author":{"name":"Telinha","@id":"https:\/\/portaltela.pt\/#\/schema\/person\/c4278d4a6028830caff9ee44b42d32ed"},"headline":"Hristov mira o eixo defensivo do Vizela","datePublished":"2026-04-30T04:32:47+00:00","mainEntityOfPage":{"@id":"https:\/\/portaltela.pt\/noticias\/2026\/04\/30\/hristov-mira-o-eixo-defensivo-do-vizela\/"},"wordCount":182,"image":{"@id":"https:\/\/portaltela.pt\/noticias\/2026\/04\/30\/hristov-mira-o-eixo-defensivo-do-vizela\/#primaryimage"},"thumbnailUrl":"https:\/\/portaltela.pt\/s.01k8rhncp4jt1\/2026\/04\/img_920x518uu2026-04-30-00-25-40-2436049.jpg","keywords":["1.\u00aa Liga","competi\u00e7\u00e3o","defesa","futebol","jogadores","Liga"],"articleSection":["Desporto","Futebol"],"inLanguage":"pt-PT"},{"@type":"WebPage","@id":"https:\/\/portaltela.pt\/noticias\/2026\/04\/30\/hristov-mira-o-eixo-defensivo-do-vizela\/","url":"https:\/\/portaltela.pt\/noticias\/2026\/04\/30\/hristov-mira-o-eixo-defensivo-do-vizela\/","name":"Hristov mira o eixo defensivo do Vizela - Portal Tela Portugal","isPartOf":{"@id":"https:\/\/portaltela.pt\/#website"},"primaryImageOfPage":{"@id":"https:\/\/portaltela.pt\/noticias\/2026\/04\/30\/hristov-mira-o-eixo-defensivo-do-vizela\/#primaryimage"},"image":{"@id":"https:\/\/portaltela.pt\/noticias\/2026\/04\/30\/hristov-mira-o-eixo-defensivo-do-vizela\/#primaryimage"},"thumbnailUrl":"https:\/\/portaltela.pt\/s.01k8rhncp4jt1\/2026\/04\/img_920x518uu2026-04-30-00-25-40-2436049.jpg","datePublished":"2026-04-30T04:32:47+00:00","author":{"@id":"https:\/\/portaltela.pt\/#\/schema\/person\/c4278d4a6028830caff9ee44b42d32ed"},"breadcrumb":{"@id":"https:\/\/portaltela.pt\/noticias\/2026\/04\/30\/hristov-mira-o-eixo-defensivo-do-vizela\/#breadcrumb"},"inLanguage":"pt-PT","potentialAction":[{"@type":"ReadAction","target":["https:\/\/portaltela.pt\/noticias\/2026\/04\/30\/hristov-mira-o-eixo-defensivo-do-vizela\/"]}]},{"@type":"ImageObject","inLanguage":"pt-PT","@id":"https:\/\/portaltela.pt\/noticias\/2026\/04\/30\/hristov-mira-o-eixo-defensivo-do-vizela\/#primaryimage","url":"https:\/\/portaltela.pt\/s.01k8rhncp4jt1\/2026\/04\/img_920x518uu2026-04-30-00-25-40-2436049.jpg","contentUrl":"https:\/\/portaltela.pt\/s.01k8rhncp4jt1\/2026\/04\/img_920x518uu2026-04-30-00-25-40-2436049.jpg","width":796,"height":448,"caption":"Hristov pode formar dupla com Lu\u00eds Rocha no Vizela"},{"@type":"BreadcrumbList","@id":"https:\/\/portaltela.pt\/noticias\/2026\/04\/30\/hristov-mira-o-eixo-defensivo-do-vizela\/#breadcrumb","itemListElement":[{"@type":"ListItem","position":1,"name":"In\u00edcio","item":"https:\/\/portaltela.pt\/"},{"@type":"ListItem","position":2,"name":"Hristov mira o eixo defensivo do Vizela"}]},{"@type":"WebSite","@id":"https:\/\/portaltela.pt\/#website","url":"https:\/\/portaltela.pt\/","name":"Portal Tela Portugal","description":"","potentialAction":[{"@type":"SearchAction","target":{"@type":"EntryPoint","urlTemplate":"https:\/\/portaltela.pt\/?s={search_term_string}"},"query-input":{"@type":"PropertyValueSpecification","valueRequired":true,"valueName":"search_term_string"}}],"inLanguage":"pt-PT"},{"@type":"Person","@id":"https:\/\/portaltela.pt\/#\/schema\/person\/c4278d4a6028830caff9ee44b42d32ed","name":"Telinha","image":{"@type":"ImageObject","inLanguage":"pt-PT","@id":"https:\/\/portaltela.pt\/s.01k8rhncp4jt1\/2025\/11\/talking-bot-125x125.png","url":"https:\/\/portaltela.pt\/s.01k8rhncp4jt1\/2025\/11\/talking-bot-125x125.png","contentUrl":"https:\/\/portaltela.pt\/s.01k8rhncp4jt1\/2025\/11\/talking-bot-125x125.png","caption":"Telinha"},"sameAs":["https:\/\/portaltela.pt\/"],"url":"https:\/\/portaltela.pt\/por\/367410592786\/"}]}},"_links":{"self":[{"href":"https:\/\/portaltela.pt\/api\/wp\/v2\/posts\/461788","targetHints":{"allow":["GET"]}}],"collection":[{"href":"https:\/\/portaltela.pt\/api\/wp\/v2\/posts"}],"about":[{"href":"https:\/\/portaltela.pt\/api\/wp\/v2\/types\/post"}],"author":[{"embeddable":true,"href":"https:\/\/portaltela.pt\/api\/wp\/v2\/users\/2"}],"replies":[{"embeddable":true,"href":"https:\/\/portaltela.pt\/api\/wp\/v2\/comments?post=461788"}],"version-history":[{"count":0,"href":"https:\/\/portaltela.pt\/api\/wp\/v2\/posts\/461788\/revisions"}],"wp:featuredmedia":[{"embeddable":true,"href":"https:\/\/portaltela.pt\/api\/wp\/v2\/media\/461789"}],"wp:attachment":[{"href":"https:\/\/portaltela.pt\/api\/wp\/v2\/media?parent=461788"}],"wp:term":[{"taxonomy":"category","embeddable":true,"href":"https:\/\/portaltela.pt\/api\/wp\/v2\/categories?post=461788"},{"taxonomy":"post_tag","embeddable":true,"href":"https:\/\/portaltela.pt\/api\/wp\/v2\/tags?post=461788"}],"curies":[{"name":"wp","href":"https:\/\/api.w.org\/{rel}","templated":true}]}}