{"id":461785,"date":"2026-04-30T01:03:39","date_gmt":"2026-04-30T04:03:39","guid":{"rendered":"https:\/\/portaltela.pt\/noticias\/2026\/04\/30\/geny-deixa-o-local-com-queixas-registradas\/"},"modified":"2026-04-30T01:03:39","modified_gmt":"2026-04-30T04:03:39","slug":"geny-deixa-o-local-com-queixas-registradas","status":"publish","type":"post","link":"https:\/\/portaltela.pt\/desporto\/futebol\/2026\/04\/30\/geny-deixa-o-local-com-queixas-registradas\/","title":{"rendered":"Geny deixa o local com queixas registradas"},"content":{"rendered":"<p>O empate de 2-2 entre Sporting e Tondela deixou Rui Bento com uma dor de cabe\u00e7a adicional. Geny Catamo saiu do relvado com queixas no tornozelo esquerdo ap\u00f3s uma falta de Rodrigo Concei\u00e7\u00e3o, aos 85 minutos, quando o Sporting j\u00e1 arriscava o desfecho positivo. O camisola 10 foi substitu\u00eddo por Nuno Santos, que regressava de les\u00e3o muscular na coxa esquerda ap\u00f3s 38 dias de aus\u00eancia.<\/p>\n<p>Antes, o jogador j\u00e1 tinha tido dificuldades no 1.\u00ba tempo. Aos 14 minutos, Geny Catamo torceu o p\u00e9 esquerdo sozinho e manteve-se no terreno de jogo a sofrer com dores. Aos 59\u2019, viu-se isolado na \u00e1rea, quando falhou um remate a corresponder a uma jogada de ataque, recebendo depois apoio do p\u00fablico.<\/p>\n<p>Nuno Santos entra em campo para a estreia de retorno, recebendo a ova\u00e7\u00e3o da assist\u00eancia no Est\u00e1dio Jos\u00e9 Alvalade. O encontro manteve-se em igualdade at\u00e9 ao \u00faltimo minuto, fechando o placar em 2-2 e deixando a equipa t\u00e9cnica a ponderar o estado f\u00edsico do plantel, ainda com Geny Catamo a perceber o que se passa com o tornozelo esquerdo.<\/p>\n<h3>Les\u00f5es no plantel<\/h3>\n<ul>\n<li>Geny Catamo sob observa\u00e7\u00e3o ap\u00f3s entorse no tornozelo esquerdo durante o jogo.<\/li>\n<li>Refor\u00e7o de que o lance decisivo ocorreu aos 85 minutos, com a substitui\u00e7\u00e3o de Catamo por Nuno Santos.<\/li>\n<\/ul>\n","protected":false},"excerpt":{"rendered":"<ul>\n<li>Empate de 2-2 entre Sporting e Tondela no Est\u00e1dio Jos\u00e9 Alvalade.<\/li>\n<li>Geny Catamo saiu do jogo com queixas no tornozelo esquerdo, ap\u00f3s uma falta sofrida por Rodrigo Concei\u00e7\u00e3o, aos 85 minutos.<\/li>\n<li>O camisola 10 j\u00e1 tinha torcido o p\u00e9 esquerdo na primeira parte (aos 14 minutos) e ficou no relvado com dores.<\/li>\n<li>Nuno Santos entrou aos 85 minutos, regressando de les\u00e3o muscular na coxa esquerda.<\/li>\n<li>Aos 59 minutos, Catamo teve um falhan\u00e7o isolado na grande \u00e1rea, com apoio de Lu\u00eds Su\u00e1rez.<\/li>\n<\/ul>\n","protected":false},"author":2,"featured_media":461787,"comment_status":"closed","ping_status":"closed","sticky":false,"template":"","format":"standard","meta":{"footnotes":""},"categories":[21,24],"tags":[32,242,2538,1652,1005],"class_list":["post-461785","post","type-post","status-publish","format-standard","has-post-thumbnail","hentry","category-desporto","category-futebol","tag-futebol","tag-jogadores","tag-lesoes","tag-sporting","tag-tondela"],"yoast_head":"<!-- This site is optimized with the Yoast SEO plugin v27.2 - https:\/\/yoast.com\/product\/yoast-seo-wordpress\/ -->\n<title>Geny deixa o local com queixas registradas - Portal Tela Portugal<\/title>\n<meta name=\"robots\" content=\"index, follow, max-snippet:-1, max-image-preview:large, max-video-preview:-1\" \/>\n<meta property=\"og:locale\" content=\"pt_PT\" \/>\n<meta property=\"og:type\" content=\"article\" \/>\n<meta property=\"og:title\" content=\"Geny deixa o local com queixas registradas - Portal Tela Portugal\" \/>\n<meta property=\"og:description\" content=\"Empate de 2-2 entre Sporting e Tondela no Est\u00e1dio Jos\u00e9 Alvalade. Geny Catamo saiu do jogo com queixas no tornozelo esquerdo, ap\u00f3s uma falta sofrida por Rodrigo Concei\u00e7\u00e3o, aos 85 minutos. O camisola 10 j\u00e1 tinha torcido o p\u00e9 esquerdo na primeira parte (aos 14 minutos) e ficou no relvado com dores. Nuno Santos entrou aos 85 minutos, regressando de les\u00e3o muscular na coxa esquerda. Aos 59 minutos, Catamo teve um falhan\u00e7o isolado na grande \u00e1rea, com apoio de Lu\u00eds Su\u00e1rez.\" \/>\n<meta property=\"og:url\" content=\"https:\/\/portaltela.pt\/noticias\/2026\/04\/30\/geny-deixa-o-local-com-queixas-registradas\/\" \/>\n<meta property=\"og:site_name\" content=\"Portal Tela Portugal\" \/>\n<meta property=\"article:published_time\" content=\"2026-04-30T04:03:39+00:00\" \/>\n<meta name=\"author\" content=\"Telinha\" \/>\n<meta name=\"twitter:card\" content=\"summary_large_image\" \/>\n<meta name=\"twitter:label1\" content=\"Escrito por\" \/>\n\t<meta name=\"twitter:data1\" content=\"Telinha\" \/>\n\t<meta name=\"twitter:label2\" content=\"Tempo estimado de leitura\" \/>\n\t<meta name=\"twitter:data2\" content=\"1 minuto\" \/>\n<script type=\"application\/ld+json\" class=\"yoast-schema-graph\">{\"@context\":\"https:\/\/schema.org\",\"@graph\":[{\"@type\":\"Article\",\"@id\":\"https:\/\/portaltela.pt\/noticias\/2026\/04\/30\/geny-deixa-o-local-com-queixas-registradas\/#article\",\"isPartOf\":{\"@id\":\"https:\/\/portaltela.pt\/noticias\/2026\/04\/30\/geny-deixa-o-local-com-queixas-registradas\/\"},\"author\":{\"name\":\"Telinha\",\"@id\":\"https:\/\/portaltela.pt\/#\/schema\/person\/c4278d4a6028830caff9ee44b42d32ed\"},\"headline\":\"Geny deixa o local com queixas registradas\",\"datePublished\":\"2026-04-30T04:03:39+00:00\",\"mainEntityOfPage\":{\"@id\":\"https:\/\/portaltela.pt\/noticias\/2026\/04\/30\/geny-deixa-o-local-com-queixas-registradas\/\"},\"wordCount\":227,\"image\":{\"@id\":\"https:\/\/portaltela.pt\/noticias\/2026\/04\/30\/geny-deixa-o-local-com-queixas-registradas\/#primaryimage\"},\"thumbnailUrl\":\"https:\/\/portaltela.pt\/s.01k8rhncp4jt1\/2026\/04\/img_920x518uu2026-04-30-00-57-07-2436057.jpg\",\"keywords\":[\"futebol\",\"jogadores\",\"les\u00f5es\",\"Sporting\",\"Tondela\"],\"articleSection\":[\"Desporto\",\"Futebol\"],\"inLanguage\":\"pt-PT\"},{\"@type\":\"WebPage\",\"@id\":\"https:\/\/portaltela.pt\/noticias\/2026\/04\/30\/geny-deixa-o-local-com-queixas-registradas\/\",\"url\":\"https:\/\/portaltela.pt\/noticias\/2026\/04\/30\/geny-deixa-o-local-com-queixas-registradas\/\",\"name\":\"Geny deixa o local com queixas registradas - Portal Tela Portugal\",\"isPartOf\":{\"@id\":\"https:\/\/portaltela.pt\/#website\"},\"primaryImageOfPage\":{\"@id\":\"https:\/\/portaltela.pt\/noticias\/2026\/04\/30\/geny-deixa-o-local-com-queixas-registradas\/#primaryimage\"},\"image\":{\"@id\":\"https:\/\/portaltela.pt\/noticias\/2026\/04\/30\/geny-deixa-o-local-com-queixas-registradas\/#primaryimage\"},\"thumbnailUrl\":\"https:\/\/portaltela.pt\/s.01k8rhncp4jt1\/2026\/04\/img_920x518uu2026-04-30-00-57-07-2436057.jpg\",\"datePublished\":\"2026-04-30T04:03:39+00:00\",\"author\":{\"@id\":\"https:\/\/portaltela.pt\/#\/schema\/person\/c4278d4a6028830caff9ee44b42d32ed\"},\"breadcrumb\":{\"@id\":\"https:\/\/portaltela.pt\/noticias\/2026\/04\/30\/geny-deixa-o-local-com-queixas-registradas\/#breadcrumb\"},\"inLanguage\":\"pt-PT\",\"potentialAction\":[{\"@type\":\"ReadAction\",\"target\":[\"https:\/\/portaltela.pt\/noticias\/2026\/04\/30\/geny-deixa-o-local-com-queixas-registradas\/\"]}]},{\"@type\":\"ImageObject\",\"inLanguage\":\"pt-PT\",\"@id\":\"https:\/\/portaltela.pt\/noticias\/2026\/04\/30\/geny-deixa-o-local-com-queixas-registradas\/#primaryimage\",\"url\":\"https:\/\/portaltela.pt\/s.01k8rhncp4jt1\/2026\/04\/img_920x518uu2026-04-30-00-57-07-2436057.jpg\",\"contentUrl\":\"https:\/\/portaltela.pt\/s.01k8rhncp4jt1\/2026\/04\/img_920x518uu2026-04-30-00-57-07-2436057.jpg\",\"width\":796,\"height\":448,\"caption\":\"Geny Camara queixa-se de problema no tornozelo esquerdo\"},{\"@type\":\"BreadcrumbList\",\"@id\":\"https:\/\/portaltela.pt\/noticias\/2026\/04\/30\/geny-deixa-o-local-com-queixas-registradas\/#breadcrumb\",\"itemListElement\":[{\"@type\":\"ListItem\",\"position\":1,\"name\":\"In\u00edcio\",\"item\":\"https:\/\/portaltela.pt\/\"},{\"@type\":\"ListItem\",\"position\":2,\"name\":\"Geny deixa o local com queixas registradas\"}]},{\"@type\":\"WebSite\",\"@id\":\"https:\/\/portaltela.pt\/#website\",\"url\":\"https:\/\/portaltela.pt\/\",\"name\":\"Portal Tela Portugal\",\"description\":\"\",\"potentialAction\":[{\"@type\":\"SearchAction\",\"target\":{\"@type\":\"EntryPoint\",\"urlTemplate\":\"https:\/\/portaltela.pt\/?s={search_term_string}\"},\"query-input\":{\"@type\":\"PropertyValueSpecification\",\"valueRequired\":true,\"valueName\":\"search_term_string\"}}],\"inLanguage\":\"pt-PT\"},{\"@type\":\"Person\",\"@id\":\"https:\/\/portaltela.pt\/#\/schema\/person\/c4278d4a6028830caff9ee44b42d32ed\",\"name\":\"Telinha\",\"image\":{\"@type\":\"ImageObject\",\"inLanguage\":\"pt-PT\",\"@id\":\"https:\/\/portaltela.pt\/s.01k8rhncp4jt1\/2025\/11\/talking-bot-125x125.png\",\"url\":\"https:\/\/portaltela.pt\/s.01k8rhncp4jt1\/2025\/11\/talking-bot-125x125.png\",\"contentUrl\":\"https:\/\/portaltela.pt\/s.01k8rhncp4jt1\/2025\/11\/talking-bot-125x125.png\",\"caption\":\"Telinha\"},\"sameAs\":[\"https:\/\/portaltela.pt\/\"],\"url\":\"https:\/\/portaltela.pt\/por\/367410592786\/\"}]}<\/script>\n<!-- \/ Yoast SEO plugin. -->","yoast_head_json":{"title":"Geny deixa o local com queixas registradas - Portal Tela Portugal","robots":{"index":"index","follow":"follow","max-snippet":"max-snippet:-1","max-image-preview":"max-image-preview:large","max-video-preview":"max-video-preview:-1"},"og_locale":"pt_PT","og_type":"article","og_title":"Geny deixa o local com queixas registradas - Portal Tela Portugal","og_description":"Empate de 2-2 entre Sporting e Tondela no Est\u00e1dio Jos\u00e9 Alvalade. Geny Catamo saiu do jogo com queixas no tornozelo esquerdo, ap\u00f3s uma falta sofrida por Rodrigo Concei\u00e7\u00e3o, aos 85 minutos. O camisola 10 j\u00e1 tinha torcido o p\u00e9 esquerdo na primeira parte (aos 14 minutos) e ficou no relvado com dores. Nuno Santos entrou aos 85 minutos, regressando de les\u00e3o muscular na coxa esquerda. Aos 59 minutos, Catamo teve um falhan\u00e7o isolado na grande \u00e1rea, com apoio de Lu\u00eds Su\u00e1rez.","og_url":"https:\/\/portaltela.pt\/noticias\/2026\/04\/30\/geny-deixa-o-local-com-queixas-registradas\/","og_site_name":"Portal Tela Portugal","article_published_time":"2026-04-30T04:03:39+00:00","author":"Telinha","twitter_card":"summary_large_image","twitter_misc":{"Escrito por":"Telinha","Tempo estimado de leitura":"1 minuto"},"schema":{"@context":"https:\/\/schema.org","@graph":[{"@type":"Article","@id":"https:\/\/portaltela.pt\/noticias\/2026\/04\/30\/geny-deixa-o-local-com-queixas-registradas\/#article","isPartOf":{"@id":"https:\/\/portaltela.pt\/noticias\/2026\/04\/30\/geny-deixa-o-local-com-queixas-registradas\/"},"author":{"name":"Telinha","@id":"https:\/\/portaltela.pt\/#\/schema\/person\/c4278d4a6028830caff9ee44b42d32ed"},"headline":"Geny deixa o local com queixas registradas","datePublished":"2026-04-30T04:03:39+00:00","mainEntityOfPage":{"@id":"https:\/\/portaltela.pt\/noticias\/2026\/04\/30\/geny-deixa-o-local-com-queixas-registradas\/"},"wordCount":227,"image":{"@id":"https:\/\/portaltela.pt\/noticias\/2026\/04\/30\/geny-deixa-o-local-com-queixas-registradas\/#primaryimage"},"thumbnailUrl":"https:\/\/portaltela.pt\/s.01k8rhncp4jt1\/2026\/04\/img_920x518uu2026-04-30-00-57-07-2436057.jpg","keywords":["futebol","jogadores","les\u00f5es","Sporting","Tondela"],"articleSection":["Desporto","Futebol"],"inLanguage":"pt-PT"},{"@type":"WebPage","@id":"https:\/\/portaltela.pt\/noticias\/2026\/04\/30\/geny-deixa-o-local-com-queixas-registradas\/","url":"https:\/\/portaltela.pt\/noticias\/2026\/04\/30\/geny-deixa-o-local-com-queixas-registradas\/","name":"Geny deixa o local com queixas registradas - Portal Tela Portugal","isPartOf":{"@id":"https:\/\/portaltela.pt\/#website"},"primaryImageOfPage":{"@id":"https:\/\/portaltela.pt\/noticias\/2026\/04\/30\/geny-deixa-o-local-com-queixas-registradas\/#primaryimage"},"image":{"@id":"https:\/\/portaltela.pt\/noticias\/2026\/04\/30\/geny-deixa-o-local-com-queixas-registradas\/#primaryimage"},"thumbnailUrl":"https:\/\/portaltela.pt\/s.01k8rhncp4jt1\/2026\/04\/img_920x518uu2026-04-30-00-57-07-2436057.jpg","datePublished":"2026-04-30T04:03:39+00:00","author":{"@id":"https:\/\/portaltela.pt\/#\/schema\/person\/c4278d4a6028830caff9ee44b42d32ed"},"breadcrumb":{"@id":"https:\/\/portaltela.pt\/noticias\/2026\/04\/30\/geny-deixa-o-local-com-queixas-registradas\/#breadcrumb"},"inLanguage":"pt-PT","potentialAction":[{"@type":"ReadAction","target":["https:\/\/portaltela.pt\/noticias\/2026\/04\/30\/geny-deixa-o-local-com-queixas-registradas\/"]}]},{"@type":"ImageObject","inLanguage":"pt-PT","@id":"https:\/\/portaltela.pt\/noticias\/2026\/04\/30\/geny-deixa-o-local-com-queixas-registradas\/#primaryimage","url":"https:\/\/portaltela.pt\/s.01k8rhncp4jt1\/2026\/04\/img_920x518uu2026-04-30-00-57-07-2436057.jpg","contentUrl":"https:\/\/portaltela.pt\/s.01k8rhncp4jt1\/2026\/04\/img_920x518uu2026-04-30-00-57-07-2436057.jpg","width":796,"height":448,"caption":"Geny Camara queixa-se de problema no tornozelo esquerdo"},{"@type":"BreadcrumbList","@id":"https:\/\/portaltela.pt\/noticias\/2026\/04\/30\/geny-deixa-o-local-com-queixas-registradas\/#breadcrumb","itemListElement":[{"@type":"ListItem","position":1,"name":"In\u00edcio","item":"https:\/\/portaltela.pt\/"},{"@type":"ListItem","position":2,"name":"Geny deixa o local com queixas registradas"}]},{"@type":"WebSite","@id":"https:\/\/portaltela.pt\/#website","url":"https:\/\/portaltela.pt\/","name":"Portal Tela Portugal","description":"","potentialAction":[{"@type":"SearchAction","target":{"@type":"EntryPoint","urlTemplate":"https:\/\/portaltela.pt\/?s={search_term_string}"},"query-input":{"@type":"PropertyValueSpecification","valueRequired":true,"valueName":"search_term_string"}}],"inLanguage":"pt-PT"},{"@type":"Person","@id":"https:\/\/portaltela.pt\/#\/schema\/person\/c4278d4a6028830caff9ee44b42d32ed","name":"Telinha","image":{"@type":"ImageObject","inLanguage":"pt-PT","@id":"https:\/\/portaltela.pt\/s.01k8rhncp4jt1\/2025\/11\/talking-bot-125x125.png","url":"https:\/\/portaltela.pt\/s.01k8rhncp4jt1\/2025\/11\/talking-bot-125x125.png","contentUrl":"https:\/\/portaltela.pt\/s.01k8rhncp4jt1\/2025\/11\/talking-bot-125x125.png","caption":"Telinha"},"sameAs":["https:\/\/portaltela.pt\/"],"url":"https:\/\/portaltela.pt\/por\/367410592786\/"}]}},"_links":{"self":[{"href":"https:\/\/portaltela.pt\/api\/wp\/v2\/posts\/461785","targetHints":{"allow":["GET"]}}],"collection":[{"href":"https:\/\/portaltela.pt\/api\/wp\/v2\/posts"}],"about":[{"href":"https:\/\/portaltela.pt\/api\/wp\/v2\/types\/post"}],"author":[{"embeddable":true,"href":"https:\/\/portaltela.pt\/api\/wp\/v2\/users\/2"}],"replies":[{"embeddable":true,"href":"https:\/\/portaltela.pt\/api\/wp\/v2\/comments?post=461785"}],"version-history":[{"count":0,"href":"https:\/\/portaltela.pt\/api\/wp\/v2\/posts\/461785\/revisions"}],"wp:featuredmedia":[{"embeddable":true,"href":"https:\/\/portaltela.pt\/api\/wp\/v2\/media\/461787"}],"wp:attachment":[{"href":"https:\/\/portaltela.pt\/api\/wp\/v2\/media?parent=461785"}],"wp:term":[{"taxonomy":"category","embeddable":true,"href":"https:\/\/portaltela.pt\/api\/wp\/v2\/categories?post=461785"},{"taxonomy":"post_tag","embeddable":true,"href":"https:\/\/portaltela.pt\/api\/wp\/v2\/tags?post=461785"}],"curies":[{"name":"wp","href":"https:\/\/api.w.org\/{rel}","templated":true}]}}