{"id":461784,"date":"2026-04-30T01:03:46","date_gmt":"2026-04-30T04:03:46","guid":{"rendered":"https:\/\/portaltela.pt\/noticias\/2026\/04\/30\/julia-kavalenka-afirma-que-a-silver-league-mudou-a-mentalidade\/"},"modified":"2026-04-30T01:03:46","modified_gmt":"2026-04-30T04:03:46","slug":"julia-kavalenka-afirma-que-a-silver-league-mudou-a-mentalidade","status":"publish","type":"post","link":"https:\/\/portaltela.pt\/desporto\/futebol\/2026\/04\/30\/julia-kavalenka-afirma-que-a-silver-league-mudou-a-mentalidade\/","title":{"rendered":"J\u00falia Kavalenka afirma que a Silver League mudou a mentalidade"},"content":{"rendered":"<p>J\u00falia Kavalenka \u00e9 hoje uma das caras da afirma\u00e7\u00e3o do voleibol portugu\u00eas al\u00e9m-fronteiras. Aos 27 anos, joga pelo Brescia, ap\u00f3s subir da Casalmaggiore. Com exibi\u00e7\u00f5es que j\u00e1 rendem MVP e 30 pontos por jogo, chega \u00e0 Sele\u00e7\u00e3o com maturidade e consist\u00eancia.<\/p>\n<p>A oposta integra a equipa num momento de afirma\u00e7\u00e3o para o voleibol nacional. A adapta\u00e7\u00e3o ao Brescia foi positiva, com o clube a impor uma ambi\u00e7\u00e3o de subida e uma intensidade di\u00e1ria que a jogadora diz responder bem, com leitura de jogo mais apurada.<\/p>\n<h3>Novo f\u00f4lego da Liga Europeia<\/h3>\n<p>A Silver League de 2024 abriu caminho para uma Liga Europeia reformulada. Portugal inicia a caminhada em Vila do Conde, de 5 a 7 de junho, num grupo com Maced\u00f3nia e Hungria, preparando a qualifica\u00e7\u00e3o para o EuroVolley 2028.<\/p>\n<p>J\u00falia real\u00e7a a import\u00e2ncia de atuar em casa: jogar em Vila do Conde traz energia extra e o apoio do p\u00fablico pode ser decisivo. O objetivo \u00e9 come\u00e7ar forte e manter o foco ao longo da competi\u00e7\u00e3o.<\/p>\n<p>O percurso segue com torneios na Gr\u00e9cia e na Rom\u00e9nia, com vista \u00e0 Final 6 em julho, onde se perspetiva a presen\u00e7a lusitana. A sele\u00e7\u00e3o quer consolidar o desempenho para chegar aos quartos de final.<\/p>\n<h3>EuroVolley sem complexos<\/h3>\n<p>O grande objetivo de 2026 \u00e9 o Europeu, de 21 de agosto a 6 de setembro, em v\u00e1rias cidades, incluindo Baku. Portugal integra a Pool C, frente a Holanda, B\u00e9lgica, Espanha, Rom\u00e9nia e Azerbaij\u00e3o, e mira os oitavos.<\/p>\n<p>J\u00falia afirma que, apesar da for\u00e7a advers\u00e1ria, a equipa tem uma mentalidade de luta. A uni\u00e3o do grupo, segundo a jogadora, \u00e9 a arma para superar os obst\u00e1culos e evoluir com esp\u00edrito competitivo.<\/p>\n<p>O selecionador Hugo Silva marcou o mote: expor as verdadeiras campe\u00e3s. A oposta confirma e assume o papel de ponte com as novas gera\u00e7\u00f5es, levando a mensagem de resili\u00eancia e exig\u00eancia interna.<\/p>\n<p>O crescimento do voleibol feminino em Portugal reflete-se no apuramento de sele\u00e7\u00f5es seniores e sub-22 para as fases finais. Kavalenka enaltece o progresso e considera que alcan\u00e7ar o melhor Europeu seria um marco hist\u00f3rico.<\/p>\n<p>Caso volto a 17 anos, a jogadora sugere: n\u00e3o temer errar, manter o prazer de jogar e ter paci\u00eancia. O caminho n\u00e3o \u00e9 linear, mas com trabalho e paix\u00e3o aparecem oportunidades.<\/p>\n","protected":false},"excerpt":{"rendered":"<ul>\n<li>J\u00falia Kavalenka, 27 anos, \u00e9 uma das caras do voleibol portugu\u00eas no estrangeiro, jogando no Brescia ap\u00f3s sair do Casalmaggiore, e tem hist\u00f3rico de MVP e de colocar 30 pontos por jogo.<\/li>\n<li>A Silver League de 2024 mudou a mentalidade da equipa; a passagem para a Liga Europeia come\u00e7a em Vila do Conde, de cinco a sete de junho, num grupo com Maced\u00f3nia e Hungria.<\/li>\n<li>O grupo segue para torneios na Gr\u00e9cia e na Rom\u00e9nia, com o objetivo de chegar \u00e0 Final Six em julho.<\/li>\n<li>O EuroVolley de 2026 decorrer\u00e1 em Baku, na Pool C, com a sele\u00e7\u00e3o apostando em navegar frente a Pa\u00edses Baixos, B\u00e9lgica, Espanha, Rom\u00e9nia e Azerbaij\u00e3o, visando os oitavos de final.<\/li>\n<li>H\u00e1 um crescimento do voleibol feminino em Portugal, com J\u00falia a sublinhar a import\u00e2ncia da uni\u00e3o do grupo e o papel de guia para as mais novas, recordando que o investimento valeu a pena.<\/li>\n<\/ul>\n","protected":false},"author":2,"featured_media":461786,"comment_status":"closed","ping_status":"closed","sticky":false,"template":"","format":"standard","meta":{"footnotes":""},"categories":[21,24],"tags":[8004,8960,8062,9971,8027,8597],"class_list":["post-461784","post","type-post","status-publish","format-standard","has-post-thumbnail","hentry","category-desporto","category-futebol","tag-_europa","tag-_grecia","tag-_portugal","tag-_romenia","tag-_selecao-nacional","tag-_voleibol"],"yoast_head":"<!-- This site is optimized with the Yoast SEO plugin v27.2 - https:\/\/yoast.com\/product\/yoast-seo-wordpress\/ -->\n<title>J\u00falia Kavalenka afirma que a Silver League mudou a mentalidade - Portal Tela Portugal<\/title>\n<meta name=\"robots\" content=\"index, follow, max-snippet:-1, max-image-preview:large, max-video-preview:-1\" \/>\n<meta property=\"og:locale\" content=\"pt_PT\" \/>\n<meta property=\"og:type\" content=\"article\" \/>\n<meta property=\"og:title\" content=\"J\u00falia Kavalenka afirma que a Silver League mudou a mentalidade - Portal Tela Portugal\" \/>\n<meta property=\"og:description\" content=\"J\u00falia Kavalenka, 27 anos, \u00e9 uma das caras do voleibol portugu\u00eas no estrangeiro, jogando no Brescia ap\u00f3s sair do Casalmaggiore, e tem hist\u00f3rico de MVP e de colocar 30 pontos por jogo. A Silver League de 2024 mudou a mentalidade da equipa; a passagem para a Liga Europeia come\u00e7a em Vila do Conde, de cinco a sete de junho, num grupo com Maced\u00f3nia e Hungria. O grupo segue para torneios na Gr\u00e9cia e na Rom\u00e9nia, com o objetivo de chegar \u00e0 Final Six em julho. O EuroVolley de 2026 decorrer\u00e1 em Baku, na Pool C, com a sele\u00e7\u00e3o apostando em navegar frente a Pa\u00edses Baixos, B\u00e9lgica, Espanha, Rom\u00e9nia e Azerbaij\u00e3o, visando os oitavos de final. H\u00e1 um crescimento do voleibol feminino em Portugal, com J\u00falia a sublinhar a import\u00e2ncia da uni\u00e3o do grupo e o papel de guia para as mais novas, recordando que o investimento valeu a pena.\" \/>\n<meta property=\"og:url\" content=\"https:\/\/portaltela.pt\/noticias\/2026\/04\/30\/julia-kavalenka-afirma-que-a-silver-league-mudou-a-mentalidade\/\" \/>\n<meta property=\"og:site_name\" content=\"Portal Tela Portugal\" \/>\n<meta property=\"article:published_time\" content=\"2026-04-30T04:03:46+00:00\" \/>\n<meta name=\"author\" content=\"Telinha\" \/>\n<meta name=\"twitter:card\" content=\"summary_large_image\" \/>\n<meta name=\"twitter:label1\" content=\"Escrito por\" \/>\n\t<meta name=\"twitter:data1\" content=\"Telinha\" \/>\n\t<meta name=\"twitter:label2\" content=\"Tempo estimado de leitura\" \/>\n\t<meta name=\"twitter:data2\" content=\"2 minutos\" \/>\n<script type=\"application\/ld+json\" class=\"yoast-schema-graph\">{\"@context\":\"https:\/\/schema.org\",\"@graph\":[{\"@type\":\"Article\",\"@id\":\"https:\/\/portaltela.pt\/noticias\/2026\/04\/30\/julia-kavalenka-afirma-que-a-silver-league-mudou-a-mentalidade\/#article\",\"isPartOf\":{\"@id\":\"https:\/\/portaltela.pt\/noticias\/2026\/04\/30\/julia-kavalenka-afirma-que-a-silver-league-mudou-a-mentalidade\/\"},\"author\":{\"name\":\"Telinha\",\"@id\":\"https:\/\/portaltela.pt\/#\/schema\/person\/c4278d4a6028830caff9ee44b42d32ed\"},\"headline\":\"J\u00falia Kavalenka afirma que a Silver League mudou a mentalidade\",\"datePublished\":\"2026-04-30T04:03:46+00:00\",\"mainEntityOfPage\":{\"@id\":\"https:\/\/portaltela.pt\/noticias\/2026\/04\/30\/julia-kavalenka-afirma-que-a-silver-league-mudou-a-mentalidade\/\"},\"wordCount\":411,\"image\":{\"@id\":\"https:\/\/portaltela.pt\/noticias\/2026\/04\/30\/julia-kavalenka-afirma-que-a-silver-league-mudou-a-mentalidade\/#primaryimage\"},\"thumbnailUrl\":\"https:\/\/portaltela.pt\/s.01k8rhncp4jt1\/2026\/04\/img_920x518uu2026-04-30-00-03-20-2436040-im-639131042266854848.jpg\",\"keywords\":[\"_Europa\",\"_Gr\u00e9cia\",\"_Portugal\",\"_Rom\u00e9nia\",\"_Sele\u00e7\u00e3o Nacional\",\"_voleibol\"],\"articleSection\":[\"Desporto\",\"Futebol\"],\"inLanguage\":\"pt-PT\"},{\"@type\":\"WebPage\",\"@id\":\"https:\/\/portaltela.pt\/noticias\/2026\/04\/30\/julia-kavalenka-afirma-que-a-silver-league-mudou-a-mentalidade\/\",\"url\":\"https:\/\/portaltela.pt\/noticias\/2026\/04\/30\/julia-kavalenka-afirma-que-a-silver-league-mudou-a-mentalidade\/\",\"name\":\"J\u00falia Kavalenka afirma que a Silver League mudou a mentalidade - Portal Tela Portugal\",\"isPartOf\":{\"@id\":\"https:\/\/portaltela.pt\/#website\"},\"primaryImageOfPage\":{\"@id\":\"https:\/\/portaltela.pt\/noticias\/2026\/04\/30\/julia-kavalenka-afirma-que-a-silver-league-mudou-a-mentalidade\/#primaryimage\"},\"image\":{\"@id\":\"https:\/\/portaltela.pt\/noticias\/2026\/04\/30\/julia-kavalenka-afirma-que-a-silver-league-mudou-a-mentalidade\/#primaryimage\"},\"thumbnailUrl\":\"https:\/\/portaltela.pt\/s.01k8rhncp4jt1\/2026\/04\/img_920x518uu2026-04-30-00-03-20-2436040-im-639131042266854848.jpg\",\"datePublished\":\"2026-04-30T04:03:46+00:00\",\"author\":{\"@id\":\"https:\/\/portaltela.pt\/#\/schema\/person\/c4278d4a6028830caff9ee44b42d32ed\"},\"breadcrumb\":{\"@id\":\"https:\/\/portaltela.pt\/noticias\/2026\/04\/30\/julia-kavalenka-afirma-que-a-silver-league-mudou-a-mentalidade\/#breadcrumb\"},\"inLanguage\":\"pt-PT\",\"potentialAction\":[{\"@type\":\"ReadAction\",\"target\":[\"https:\/\/portaltela.pt\/noticias\/2026\/04\/30\/julia-kavalenka-afirma-que-a-silver-league-mudou-a-mentalidade\/\"]}]},{\"@type\":\"ImageObject\",\"inLanguage\":\"pt-PT\",\"@id\":\"https:\/\/portaltela.pt\/noticias\/2026\/04\/30\/julia-kavalenka-afirma-que-a-silver-league-mudou-a-mentalidade\/#primaryimage\",\"url\":\"https:\/\/portaltela.pt\/s.01k8rhncp4jt1\/2026\/04\/img_920x518uu2026-04-30-00-03-20-2436040-im-639131042266854848.jpg\",\"contentUrl\":\"https:\/\/portaltela.pt\/s.01k8rhncp4jt1\/2026\/04\/img_920x518uu2026-04-30-00-03-20-2436040-im-639131042266854848.jpg\",\"width\":796,\"height\":448,\"caption\":\"J\u00falia Kavalenka\"},{\"@type\":\"BreadcrumbList\",\"@id\":\"https:\/\/portaltela.pt\/noticias\/2026\/04\/30\/julia-kavalenka-afirma-que-a-silver-league-mudou-a-mentalidade\/#breadcrumb\",\"itemListElement\":[{\"@type\":\"ListItem\",\"position\":1,\"name\":\"In\u00edcio\",\"item\":\"https:\/\/portaltela.pt\/\"},{\"@type\":\"ListItem\",\"position\":2,\"name\":\"J\u00falia Kavalenka afirma que a Silver League mudou a mentalidade\"}]},{\"@type\":\"WebSite\",\"@id\":\"https:\/\/portaltela.pt\/#website\",\"url\":\"https:\/\/portaltela.pt\/\",\"name\":\"Portal Tela Portugal\",\"description\":\"\",\"potentialAction\":[{\"@type\":\"SearchAction\",\"target\":{\"@type\":\"EntryPoint\",\"urlTemplate\":\"https:\/\/portaltela.pt\/?s={search_term_string}\"},\"query-input\":{\"@type\":\"PropertyValueSpecification\",\"valueRequired\":true,\"valueName\":\"search_term_string\"}}],\"inLanguage\":\"pt-PT\"},{\"@type\":\"Person\",\"@id\":\"https:\/\/portaltela.pt\/#\/schema\/person\/c4278d4a6028830caff9ee44b42d32ed\",\"name\":\"Telinha\",\"image\":{\"@type\":\"ImageObject\",\"inLanguage\":\"pt-PT\",\"@id\":\"https:\/\/portaltela.pt\/s.01k8rhncp4jt1\/2025\/11\/talking-bot-125x125.png\",\"url\":\"https:\/\/portaltela.pt\/s.01k8rhncp4jt1\/2025\/11\/talking-bot-125x125.png\",\"contentUrl\":\"https:\/\/portaltela.pt\/s.01k8rhncp4jt1\/2025\/11\/talking-bot-125x125.png\",\"caption\":\"Telinha\"},\"sameAs\":[\"https:\/\/portaltela.pt\/\"],\"url\":\"https:\/\/portaltela.pt\/por\/367410592786\/\"}]}<\/script>\n<!-- \/ Yoast SEO plugin. -->","yoast_head_json":{"title":"J\u00falia Kavalenka afirma que a Silver League mudou a mentalidade - Portal Tela Portugal","robots":{"index":"index","follow":"follow","max-snippet":"max-snippet:-1","max-image-preview":"max-image-preview:large","max-video-preview":"max-video-preview:-1"},"og_locale":"pt_PT","og_type":"article","og_title":"J\u00falia Kavalenka afirma que a Silver League mudou a mentalidade - Portal Tela Portugal","og_description":"J\u00falia Kavalenka, 27 anos, \u00e9 uma das caras do voleibol portugu\u00eas no estrangeiro, jogando no Brescia ap\u00f3s sair do Casalmaggiore, e tem hist\u00f3rico de MVP e de colocar 30 pontos por jogo. A Silver League de 2024 mudou a mentalidade da equipa; a passagem para a Liga Europeia come\u00e7a em Vila do Conde, de cinco a sete de junho, num grupo com Maced\u00f3nia e Hungria. O grupo segue para torneios na Gr\u00e9cia e na Rom\u00e9nia, com o objetivo de chegar \u00e0 Final Six em julho. O EuroVolley de 2026 decorrer\u00e1 em Baku, na Pool C, com a sele\u00e7\u00e3o apostando em navegar frente a Pa\u00edses Baixos, B\u00e9lgica, Espanha, Rom\u00e9nia e Azerbaij\u00e3o, visando os oitavos de final. H\u00e1 um crescimento do voleibol feminino em Portugal, com J\u00falia a sublinhar a import\u00e2ncia da uni\u00e3o do grupo e o papel de guia para as mais novas, recordando que o investimento valeu a pena.","og_url":"https:\/\/portaltela.pt\/noticias\/2026\/04\/30\/julia-kavalenka-afirma-que-a-silver-league-mudou-a-mentalidade\/","og_site_name":"Portal Tela Portugal","article_published_time":"2026-04-30T04:03:46+00:00","author":"Telinha","twitter_card":"summary_large_image","twitter_misc":{"Escrito por":"Telinha","Tempo estimado de leitura":"2 minutos"},"schema":{"@context":"https:\/\/schema.org","@graph":[{"@type":"Article","@id":"https:\/\/portaltela.pt\/noticias\/2026\/04\/30\/julia-kavalenka-afirma-que-a-silver-league-mudou-a-mentalidade\/#article","isPartOf":{"@id":"https:\/\/portaltela.pt\/noticias\/2026\/04\/30\/julia-kavalenka-afirma-que-a-silver-league-mudou-a-mentalidade\/"},"author":{"name":"Telinha","@id":"https:\/\/portaltela.pt\/#\/schema\/person\/c4278d4a6028830caff9ee44b42d32ed"},"headline":"J\u00falia Kavalenka afirma que a Silver League mudou a mentalidade","datePublished":"2026-04-30T04:03:46+00:00","mainEntityOfPage":{"@id":"https:\/\/portaltela.pt\/noticias\/2026\/04\/30\/julia-kavalenka-afirma-que-a-silver-league-mudou-a-mentalidade\/"},"wordCount":411,"image":{"@id":"https:\/\/portaltela.pt\/noticias\/2026\/04\/30\/julia-kavalenka-afirma-que-a-silver-league-mudou-a-mentalidade\/#primaryimage"},"thumbnailUrl":"https:\/\/portaltela.pt\/s.01k8rhncp4jt1\/2026\/04\/img_920x518uu2026-04-30-00-03-20-2436040-im-639131042266854848.jpg","keywords":["_Europa","_Gr\u00e9cia","_Portugal","_Rom\u00e9nia","_Sele\u00e7\u00e3o Nacional","_voleibol"],"articleSection":["Desporto","Futebol"],"inLanguage":"pt-PT"},{"@type":"WebPage","@id":"https:\/\/portaltela.pt\/noticias\/2026\/04\/30\/julia-kavalenka-afirma-que-a-silver-league-mudou-a-mentalidade\/","url":"https:\/\/portaltela.pt\/noticias\/2026\/04\/30\/julia-kavalenka-afirma-que-a-silver-league-mudou-a-mentalidade\/","name":"J\u00falia Kavalenka afirma que a Silver League mudou a mentalidade - Portal Tela Portugal","isPartOf":{"@id":"https:\/\/portaltela.pt\/#website"},"primaryImageOfPage":{"@id":"https:\/\/portaltela.pt\/noticias\/2026\/04\/30\/julia-kavalenka-afirma-que-a-silver-league-mudou-a-mentalidade\/#primaryimage"},"image":{"@id":"https:\/\/portaltela.pt\/noticias\/2026\/04\/30\/julia-kavalenka-afirma-que-a-silver-league-mudou-a-mentalidade\/#primaryimage"},"thumbnailUrl":"https:\/\/portaltela.pt\/s.01k8rhncp4jt1\/2026\/04\/img_920x518uu2026-04-30-00-03-20-2436040-im-639131042266854848.jpg","datePublished":"2026-04-30T04:03:46+00:00","author":{"@id":"https:\/\/portaltela.pt\/#\/schema\/person\/c4278d4a6028830caff9ee44b42d32ed"},"breadcrumb":{"@id":"https:\/\/portaltela.pt\/noticias\/2026\/04\/30\/julia-kavalenka-afirma-que-a-silver-league-mudou-a-mentalidade\/#breadcrumb"},"inLanguage":"pt-PT","potentialAction":[{"@type":"ReadAction","target":["https:\/\/portaltela.pt\/noticias\/2026\/04\/30\/julia-kavalenka-afirma-que-a-silver-league-mudou-a-mentalidade\/"]}]},{"@type":"ImageObject","inLanguage":"pt-PT","@id":"https:\/\/portaltela.pt\/noticias\/2026\/04\/30\/julia-kavalenka-afirma-que-a-silver-league-mudou-a-mentalidade\/#primaryimage","url":"https:\/\/portaltela.pt\/s.01k8rhncp4jt1\/2026\/04\/img_920x518uu2026-04-30-00-03-20-2436040-im-639131042266854848.jpg","contentUrl":"https:\/\/portaltela.pt\/s.01k8rhncp4jt1\/2026\/04\/img_920x518uu2026-04-30-00-03-20-2436040-im-639131042266854848.jpg","width":796,"height":448,"caption":"J\u00falia Kavalenka"},{"@type":"BreadcrumbList","@id":"https:\/\/portaltela.pt\/noticias\/2026\/04\/30\/julia-kavalenka-afirma-que-a-silver-league-mudou-a-mentalidade\/#breadcrumb","itemListElement":[{"@type":"ListItem","position":1,"name":"In\u00edcio","item":"https:\/\/portaltela.pt\/"},{"@type":"ListItem","position":2,"name":"J\u00falia Kavalenka afirma que a Silver League mudou a mentalidade"}]},{"@type":"WebSite","@id":"https:\/\/portaltela.pt\/#website","url":"https:\/\/portaltela.pt\/","name":"Portal Tela Portugal","description":"","potentialAction":[{"@type":"SearchAction","target":{"@type":"EntryPoint","urlTemplate":"https:\/\/portaltela.pt\/?s={search_term_string}"},"query-input":{"@type":"PropertyValueSpecification","valueRequired":true,"valueName":"search_term_string"}}],"inLanguage":"pt-PT"},{"@type":"Person","@id":"https:\/\/portaltela.pt\/#\/schema\/person\/c4278d4a6028830caff9ee44b42d32ed","name":"Telinha","image":{"@type":"ImageObject","inLanguage":"pt-PT","@id":"https:\/\/portaltela.pt\/s.01k8rhncp4jt1\/2025\/11\/talking-bot-125x125.png","url":"https:\/\/portaltela.pt\/s.01k8rhncp4jt1\/2025\/11\/talking-bot-125x125.png","contentUrl":"https:\/\/portaltela.pt\/s.01k8rhncp4jt1\/2025\/11\/talking-bot-125x125.png","caption":"Telinha"},"sameAs":["https:\/\/portaltela.pt\/"],"url":"https:\/\/portaltela.pt\/por\/367410592786\/"}]}},"_links":{"self":[{"href":"https:\/\/portaltela.pt\/api\/wp\/v2\/posts\/461784","targetHints":{"allow":["GET"]}}],"collection":[{"href":"https:\/\/portaltela.pt\/api\/wp\/v2\/posts"}],"about":[{"href":"https:\/\/portaltela.pt\/api\/wp\/v2\/types\/post"}],"author":[{"embeddable":true,"href":"https:\/\/portaltela.pt\/api\/wp\/v2\/users\/2"}],"replies":[{"embeddable":true,"href":"https:\/\/portaltela.pt\/api\/wp\/v2\/comments?post=461784"}],"version-history":[{"count":0,"href":"https:\/\/portaltela.pt\/api\/wp\/v2\/posts\/461784\/revisions"}],"wp:featuredmedia":[{"embeddable":true,"href":"https:\/\/portaltela.pt\/api\/wp\/v2\/media\/461786"}],"wp:attachment":[{"href":"https:\/\/portaltela.pt\/api\/wp\/v2\/media?parent=461784"}],"wp:term":[{"taxonomy":"category","embeddable":true,"href":"https:\/\/portaltela.pt\/api\/wp\/v2\/categories?post=461784"},{"taxonomy":"post_tag","embeddable":true,"href":"https:\/\/portaltela.pt\/api\/wp\/v2\/tags?post=461784"}],"curies":[{"name":"wp","href":"https:\/\/api.w.org\/{rel}","templated":true}]}}