{"id":461782,"date":"2026-04-30T00:48:00","date_gmt":"2026-04-30T03:48:00","guid":{"rendered":"https:\/\/portaltela.pt\/noticias\/2026\/04\/30\/jogadores-do-nacional-vao-a-escola\/"},"modified":"2026-04-30T00:48:00","modified_gmt":"2026-04-30T03:48:00","slug":"jogadores-do-nacional-vao-a-escola","status":"publish","type":"post","link":"https:\/\/portaltela.pt\/desporto\/futebol\/2026\/04\/30\/jogadores-do-nacional-vao-a-escola\/","title":{"rendered":"Jogadores do Nacional v\u00e3o \u00e0 escola"},"content":{"rendered":"<p>Nesta quarta-feira, os jogadores do Nacional realizaram uma visita \u00e0 Escola B\u00e1sica do 2\u00ba e 3\u00ba Ciclos do Cani\u00e7o. Os m\u00e9dios Jota, Filipe Soares e Deivison, juntamente com o avan\u00e7ado Pablo Ruan, estiveram com 120 crian\u00e7as.<\/p>\n<p>Durante o encontro, as crian\u00e7as colocaram v\u00e1rias quest\u00f5es aos futebolistas sobre a vida pessoal e a carreira profissional. Seguiu-se uma sess\u00e3o de aut\u00f3grafos e a habitual atividade de jogos com bola.<\/p>\n<p>No final da manh\u00e3, os nacionais ofereceram bilhetes para o jogo deste s\u00e1bado, em que o Nacional recebe o AVS no Est\u00e1dio da Madeira, no Funchal.<\/p>\n","protected":false},"excerpt":{"rendered":"<ul>\n<li>Os m\u00e9dios Jota, Filipe Soares e Deivison e o avan\u00e7ado Pablo Ruan estiveram nesta quarta-feira na Escola B\u00e1sica do 2.\u00ba e 3.\u00ba Ciclos do Cani\u00e7o.<\/li>\n<li>Conviveram com 120 crian\u00e7as, que lhes colocaram quest\u00f5es sobre a vida pessoal e a carreira de futebolistas profissionais.<\/li>\n<li>Houve sess\u00e3o de aut\u00f3grafos e jogos com bola.<\/li>\n<li>No final, os jogadores ofereceram bilhetes para o jogo deste s\u00e1bado, no qual o Nacional ir\u00e1 receber o AVS, no Est\u00e1dio da Madeira.<\/li>\n<\/ul>\n","protected":false},"author":2,"featured_media":461783,"comment_status":"closed","ping_status":"closed","sticky":false,"template":"","format":"standard","meta":{"footnotes":""},"categories":[21,24],"tags":[9970,8214,7755,8392,8522,8703],"class_list":["post-461782","post","type-post","status-publish","format-standard","has-post-thumbnail","hentry","category-desporto","category-futebol","tag-_avs-sad","tag-_escolas","tag-_futebol","tag-_madeira","tag-_madeira-sad","tag-_nacional"],"yoast_head":"<!-- This site is optimized with the Yoast SEO plugin v27.2 - https:\/\/yoast.com\/product\/yoast-seo-wordpress\/ -->\n<title>Jogadores do Nacional v\u00e3o \u00e0 escola - Portal Tela Portugal<\/title>\n<meta name=\"robots\" content=\"index, follow, max-snippet:-1, max-image-preview:large, max-video-preview:-1\" \/>\n<meta property=\"og:locale\" content=\"pt_PT\" \/>\n<meta property=\"og:type\" content=\"article\" \/>\n<meta property=\"og:title\" content=\"Jogadores do Nacional v\u00e3o \u00e0 escola - Portal Tela Portugal\" \/>\n<meta property=\"og:description\" content=\"Os m\u00e9dios Jota, Filipe Soares e Deivison e o avan\u00e7ado Pablo Ruan estiveram nesta quarta-feira na Escola B\u00e1sica do 2.\u00ba e 3.\u00ba Ciclos do Cani\u00e7o. Conviveram com 120 crian\u00e7as, que lhes colocaram quest\u00f5es sobre a vida pessoal e a carreira de futebolistas profissionais. Houve sess\u00e3o de aut\u00f3grafos e jogos com bola. No final, os jogadores ofereceram bilhetes para o jogo deste s\u00e1bado, no qual o Nacional ir\u00e1 receber o AVS, no Est\u00e1dio da Madeira.\" \/>\n<meta property=\"og:url\" content=\"https:\/\/portaltela.pt\/noticias\/2026\/04\/30\/jogadores-do-nacional-vao-a-escola\/\" \/>\n<meta property=\"og:site_name\" content=\"Portal Tela Portugal\" \/>\n<meta property=\"article:published_time\" content=\"2026-04-30T03:48:00+00:00\" \/>\n<meta name=\"author\" content=\"Telinha\" \/>\n<meta name=\"twitter:card\" content=\"summary_large_image\" \/>\n<meta name=\"twitter:label1\" content=\"Escrito por\" \/>\n\t<meta name=\"twitter:data1\" content=\"Telinha\" \/>\n\t<meta name=\"twitter:label2\" content=\"Tempo estimado de leitura\" \/>\n\t<meta name=\"twitter:data2\" content=\"1 minuto\" \/>\n<script type=\"application\/ld+json\" class=\"yoast-schema-graph\">{\"@context\":\"https:\/\/schema.org\",\"@graph\":[{\"@type\":\"Article\",\"@id\":\"https:\/\/portaltela.pt\/noticias\/2026\/04\/30\/jogadores-do-nacional-vao-a-escola\/#article\",\"isPartOf\":{\"@id\":\"https:\/\/portaltela.pt\/noticias\/2026\/04\/30\/jogadores-do-nacional-vao-a-escola\/\"},\"author\":{\"name\":\"Telinha\",\"@id\":\"https:\/\/portaltela.pt\/#\/schema\/person\/c4278d4a6028830caff9ee44b42d32ed\"},\"headline\":\"Jogadores do Nacional v\u00e3o \u00e0 escola\",\"datePublished\":\"2026-04-30T03:48:00+00:00\",\"mainEntityOfPage\":{\"@id\":\"https:\/\/portaltela.pt\/noticias\/2026\/04\/30\/jogadores-do-nacional-vao-a-escola\/\"},\"wordCount\":107,\"image\":{\"@id\":\"https:\/\/portaltela.pt\/noticias\/2026\/04\/30\/jogadores-do-nacional-vao-a-escola\/#primaryimage\"},\"thumbnailUrl\":\"https:\/\/portaltela.pt\/s.01k8rhncp4jt1\/2026\/04\/img_1200x721uu2026-04-30-00-41-02-2436054.jpg\",\"keywords\":[\"_AVS SAD\",\"_escolas\",\"_futebol\",\"_Madeira\",\"_Madeira SAD\",\"_Nacional\"],\"articleSection\":[\"Desporto\",\"Futebol\"],\"inLanguage\":\"pt-PT\"},{\"@type\":\"WebPage\",\"@id\":\"https:\/\/portaltela.pt\/noticias\/2026\/04\/30\/jogadores-do-nacional-vao-a-escola\/\",\"url\":\"https:\/\/portaltela.pt\/noticias\/2026\/04\/30\/jogadores-do-nacional-vao-a-escola\/\",\"name\":\"Jogadores do Nacional v\u00e3o \u00e0 escola - Portal Tela Portugal\",\"isPartOf\":{\"@id\":\"https:\/\/portaltela.pt\/#website\"},\"primaryImageOfPage\":{\"@id\":\"https:\/\/portaltela.pt\/noticias\/2026\/04\/30\/jogadores-do-nacional-vao-a-escola\/#primaryimage\"},\"image\":{\"@id\":\"https:\/\/portaltela.pt\/noticias\/2026\/04\/30\/jogadores-do-nacional-vao-a-escola\/#primaryimage\"},\"thumbnailUrl\":\"https:\/\/portaltela.pt\/s.01k8rhncp4jt1\/2026\/04\/img_1200x721uu2026-04-30-00-41-02-2436054.jpg\",\"datePublished\":\"2026-04-30T03:48:00+00:00\",\"author\":{\"@id\":\"https:\/\/portaltela.pt\/#\/schema\/person\/c4278d4a6028830caff9ee44b42d32ed\"},\"breadcrumb\":{\"@id\":\"https:\/\/portaltela.pt\/noticias\/2026\/04\/30\/jogadores-do-nacional-vao-a-escola\/#breadcrumb\"},\"inLanguage\":\"pt-PT\",\"potentialAction\":[{\"@type\":\"ReadAction\",\"target\":[\"https:\/\/portaltela.pt\/noticias\/2026\/04\/30\/jogadores-do-nacional-vao-a-escola\/\"]}]},{\"@type\":\"ImageObject\",\"inLanguage\":\"pt-PT\",\"@id\":\"https:\/\/portaltela.pt\/noticias\/2026\/04\/30\/jogadores-do-nacional-vao-a-escola\/#primaryimage\",\"url\":\"https:\/\/portaltela.pt\/s.01k8rhncp4jt1\/2026\/04\/img_1200x721uu2026-04-30-00-41-02-2436054.jpg\",\"contentUrl\":\"https:\/\/portaltela.pt\/s.01k8rhncp4jt1\/2026\/04\/img_1200x721uu2026-04-30-00-41-02-2436054.jpg\",\"width\":796,\"height\":448,\"caption\":\"Photo\"},{\"@type\":\"BreadcrumbList\",\"@id\":\"https:\/\/portaltela.pt\/noticias\/2026\/04\/30\/jogadores-do-nacional-vao-a-escola\/#breadcrumb\",\"itemListElement\":[{\"@type\":\"ListItem\",\"position\":1,\"name\":\"In\u00edcio\",\"item\":\"https:\/\/portaltela.pt\/\"},{\"@type\":\"ListItem\",\"position\":2,\"name\":\"Jogadores do Nacional v\u00e3o \u00e0 escola\"}]},{\"@type\":\"WebSite\",\"@id\":\"https:\/\/portaltela.pt\/#website\",\"url\":\"https:\/\/portaltela.pt\/\",\"name\":\"Portal Tela Portugal\",\"description\":\"\",\"potentialAction\":[{\"@type\":\"SearchAction\",\"target\":{\"@type\":\"EntryPoint\",\"urlTemplate\":\"https:\/\/portaltela.pt\/?s={search_term_string}\"},\"query-input\":{\"@type\":\"PropertyValueSpecification\",\"valueRequired\":true,\"valueName\":\"search_term_string\"}}],\"inLanguage\":\"pt-PT\"},{\"@type\":\"Person\",\"@id\":\"https:\/\/portaltela.pt\/#\/schema\/person\/c4278d4a6028830caff9ee44b42d32ed\",\"name\":\"Telinha\",\"image\":{\"@type\":\"ImageObject\",\"inLanguage\":\"pt-PT\",\"@id\":\"https:\/\/portaltela.pt\/s.01k8rhncp4jt1\/2025\/11\/talking-bot-125x125.png\",\"url\":\"https:\/\/portaltela.pt\/s.01k8rhncp4jt1\/2025\/11\/talking-bot-125x125.png\",\"contentUrl\":\"https:\/\/portaltela.pt\/s.01k8rhncp4jt1\/2025\/11\/talking-bot-125x125.png\",\"caption\":\"Telinha\"},\"sameAs\":[\"https:\/\/portaltela.pt\/\"],\"url\":\"https:\/\/portaltela.pt\/por\/367410592786\/\"}]}<\/script>\n<!-- \/ Yoast SEO plugin. -->","yoast_head_json":{"title":"Jogadores do Nacional v\u00e3o \u00e0 escola - Portal Tela Portugal","robots":{"index":"index","follow":"follow","max-snippet":"max-snippet:-1","max-image-preview":"max-image-preview:large","max-video-preview":"max-video-preview:-1"},"og_locale":"pt_PT","og_type":"article","og_title":"Jogadores do Nacional v\u00e3o \u00e0 escola - Portal Tela Portugal","og_description":"Os m\u00e9dios Jota, Filipe Soares e Deivison e o avan\u00e7ado Pablo Ruan estiveram nesta quarta-feira na Escola B\u00e1sica do 2.\u00ba e 3.\u00ba Ciclos do Cani\u00e7o. Conviveram com 120 crian\u00e7as, que lhes colocaram quest\u00f5es sobre a vida pessoal e a carreira de futebolistas profissionais. Houve sess\u00e3o de aut\u00f3grafos e jogos com bola. No final, os jogadores ofereceram bilhetes para o jogo deste s\u00e1bado, no qual o Nacional ir\u00e1 receber o AVS, no Est\u00e1dio da Madeira.","og_url":"https:\/\/portaltela.pt\/noticias\/2026\/04\/30\/jogadores-do-nacional-vao-a-escola\/","og_site_name":"Portal Tela Portugal","article_published_time":"2026-04-30T03:48:00+00:00","author":"Telinha","twitter_card":"summary_large_image","twitter_misc":{"Escrito por":"Telinha","Tempo estimado de leitura":"1 minuto"},"schema":{"@context":"https:\/\/schema.org","@graph":[{"@type":"Article","@id":"https:\/\/portaltela.pt\/noticias\/2026\/04\/30\/jogadores-do-nacional-vao-a-escola\/#article","isPartOf":{"@id":"https:\/\/portaltela.pt\/noticias\/2026\/04\/30\/jogadores-do-nacional-vao-a-escola\/"},"author":{"name":"Telinha","@id":"https:\/\/portaltela.pt\/#\/schema\/person\/c4278d4a6028830caff9ee44b42d32ed"},"headline":"Jogadores do Nacional v\u00e3o \u00e0 escola","datePublished":"2026-04-30T03:48:00+00:00","mainEntityOfPage":{"@id":"https:\/\/portaltela.pt\/noticias\/2026\/04\/30\/jogadores-do-nacional-vao-a-escola\/"},"wordCount":107,"image":{"@id":"https:\/\/portaltela.pt\/noticias\/2026\/04\/30\/jogadores-do-nacional-vao-a-escola\/#primaryimage"},"thumbnailUrl":"https:\/\/portaltela.pt\/s.01k8rhncp4jt1\/2026\/04\/img_1200x721uu2026-04-30-00-41-02-2436054.jpg","keywords":["_AVS SAD","_escolas","_futebol","_Madeira","_Madeira SAD","_Nacional"],"articleSection":["Desporto","Futebol"],"inLanguage":"pt-PT"},{"@type":"WebPage","@id":"https:\/\/portaltela.pt\/noticias\/2026\/04\/30\/jogadores-do-nacional-vao-a-escola\/","url":"https:\/\/portaltela.pt\/noticias\/2026\/04\/30\/jogadores-do-nacional-vao-a-escola\/","name":"Jogadores do Nacional v\u00e3o \u00e0 escola - Portal Tela Portugal","isPartOf":{"@id":"https:\/\/portaltela.pt\/#website"},"primaryImageOfPage":{"@id":"https:\/\/portaltela.pt\/noticias\/2026\/04\/30\/jogadores-do-nacional-vao-a-escola\/#primaryimage"},"image":{"@id":"https:\/\/portaltela.pt\/noticias\/2026\/04\/30\/jogadores-do-nacional-vao-a-escola\/#primaryimage"},"thumbnailUrl":"https:\/\/portaltela.pt\/s.01k8rhncp4jt1\/2026\/04\/img_1200x721uu2026-04-30-00-41-02-2436054.jpg","datePublished":"2026-04-30T03:48:00+00:00","author":{"@id":"https:\/\/portaltela.pt\/#\/schema\/person\/c4278d4a6028830caff9ee44b42d32ed"},"breadcrumb":{"@id":"https:\/\/portaltela.pt\/noticias\/2026\/04\/30\/jogadores-do-nacional-vao-a-escola\/#breadcrumb"},"inLanguage":"pt-PT","potentialAction":[{"@type":"ReadAction","target":["https:\/\/portaltela.pt\/noticias\/2026\/04\/30\/jogadores-do-nacional-vao-a-escola\/"]}]},{"@type":"ImageObject","inLanguage":"pt-PT","@id":"https:\/\/portaltela.pt\/noticias\/2026\/04\/30\/jogadores-do-nacional-vao-a-escola\/#primaryimage","url":"https:\/\/portaltela.pt\/s.01k8rhncp4jt1\/2026\/04\/img_1200x721uu2026-04-30-00-41-02-2436054.jpg","contentUrl":"https:\/\/portaltela.pt\/s.01k8rhncp4jt1\/2026\/04\/img_1200x721uu2026-04-30-00-41-02-2436054.jpg","width":796,"height":448,"caption":"Photo"},{"@type":"BreadcrumbList","@id":"https:\/\/portaltela.pt\/noticias\/2026\/04\/30\/jogadores-do-nacional-vao-a-escola\/#breadcrumb","itemListElement":[{"@type":"ListItem","position":1,"name":"In\u00edcio","item":"https:\/\/portaltela.pt\/"},{"@type":"ListItem","position":2,"name":"Jogadores do Nacional v\u00e3o \u00e0 escola"}]},{"@type":"WebSite","@id":"https:\/\/portaltela.pt\/#website","url":"https:\/\/portaltela.pt\/","name":"Portal Tela Portugal","description":"","potentialAction":[{"@type":"SearchAction","target":{"@type":"EntryPoint","urlTemplate":"https:\/\/portaltela.pt\/?s={search_term_string}"},"query-input":{"@type":"PropertyValueSpecification","valueRequired":true,"valueName":"search_term_string"}}],"inLanguage":"pt-PT"},{"@type":"Person","@id":"https:\/\/portaltela.pt\/#\/schema\/person\/c4278d4a6028830caff9ee44b42d32ed","name":"Telinha","image":{"@type":"ImageObject","inLanguage":"pt-PT","@id":"https:\/\/portaltela.pt\/s.01k8rhncp4jt1\/2025\/11\/talking-bot-125x125.png","url":"https:\/\/portaltela.pt\/s.01k8rhncp4jt1\/2025\/11\/talking-bot-125x125.png","contentUrl":"https:\/\/portaltela.pt\/s.01k8rhncp4jt1\/2025\/11\/talking-bot-125x125.png","caption":"Telinha"},"sameAs":["https:\/\/portaltela.pt\/"],"url":"https:\/\/portaltela.pt\/por\/367410592786\/"}]}},"_links":{"self":[{"href":"https:\/\/portaltela.pt\/api\/wp\/v2\/posts\/461782","targetHints":{"allow":["GET"]}}],"collection":[{"href":"https:\/\/portaltela.pt\/api\/wp\/v2\/posts"}],"about":[{"href":"https:\/\/portaltela.pt\/api\/wp\/v2\/types\/post"}],"author":[{"embeddable":true,"href":"https:\/\/portaltela.pt\/api\/wp\/v2\/users\/2"}],"replies":[{"embeddable":true,"href":"https:\/\/portaltela.pt\/api\/wp\/v2\/comments?post=461782"}],"version-history":[{"count":0,"href":"https:\/\/portaltela.pt\/api\/wp\/v2\/posts\/461782\/revisions"}],"wp:featuredmedia":[{"embeddable":true,"href":"https:\/\/portaltela.pt\/api\/wp\/v2\/media\/461783"}],"wp:attachment":[{"href":"https:\/\/portaltela.pt\/api\/wp\/v2\/media?parent=461782"}],"wp:term":[{"taxonomy":"category","embeddable":true,"href":"https:\/\/portaltela.pt\/api\/wp\/v2\/categories?post=461782"},{"taxonomy":"post_tag","embeddable":true,"href":"https:\/\/portaltela.pt\/api\/wp\/v2\/tags?post=461782"}],"curies":[{"name":"wp","href":"https:\/\/api.w.org\/{rel}","templated":true}]}}