{"id":461776,"date":"2026-04-30T00:17:55","date_gmt":"2026-04-30T03:17:55","guid":{"rendered":"https:\/\/portaltela.pt\/noticias\/2026\/04\/30\/niculae-esteve-em-alvalade\/"},"modified":"2026-04-30T00:17:55","modified_gmt":"2026-04-30T03:17:55","slug":"niculae-esteve-em-alvalade","status":"publish","type":"post","link":"https:\/\/portaltela.pt\/desporto\/futebol\/2026\/04\/30\/niculae-esteve-em-alvalade\/","title":{"rendered":"Niculae esteve em Alvalade"},"content":{"rendered":"<p>Marius Niculae, ex-avan\u00e7ado do Sporting Clube de Portugal, esteve ontem no Est\u00e1dio Jos\u00e9 Alvalade. O romeno, que representou o clube entre 2001 e 2005, foi recebido no recinto onde brilhou como jogador de le\u00e3o ao peito.<\/p>\n<p>No encontro, Frederico Varandas entregou-lhe a camisola da \u00e9poca em que vestiu o emblema verde e branco, com o n\u00famero <strong>7<\/strong>. A entrega simbolizou a liga\u00e7\u00e3o hist\u00f3rica entre o clube e o jogador.<\/p>\n<p>Em mar\u00e7o, a imprensa desportiva recordou o carinho que Niculae nutre pelo Sporting, reconhecendo o impacto da sua passagem. Ao todo, o atacante somou <strong>20<\/strong> golos em <strong>76<\/strong> jogos pela equipa principal.<\/p>\n<h3>Visita no est\u00e1dio e entrega de camisola<\/h3>\n<p>O regresso de Niculae ao Alvalade ocorreu numa ocasi\u00e3o de interesse para adeptos e memoriais do clube, que reconheceram a import\u00e2ncia do jogador na equipa dos primeiros anos do mil\u00e9nio.<\/p>\n<p>A carreira de Niculae no Sporting manteve-se marcada por n\u00fameros expressivos, antes de seguir para outros clubes europeus. A presen\u00e7a no est\u00e1dio refor\u00e7ou o respeito m\u00fatuo entre o ex-jogador e o clube.<\/p>\n","protected":false},"excerpt":{"rendered":"<ul>\n<li>Marius Niculae, ex-avan\u00e7ado do Sporting entre 2001 e 2005, esteve presente no Est\u00e1dio Jos\u00e9 Alvalade.<\/li>\n<li>Recebeu das m\u00e3os do presidente Frederico Varandas a camisola da \u00e9poca em que vestiu a bancada com o n\u00famero sete.<\/li>\n<li>Niculae tinha 44 anos e j\u00e1 tinha mostrado, em mar\u00e7o, o carinho que sente pelo clube.<\/li>\n<li>O romeno marcou 20 golos em 76 jogos ao servi\u00e7o dos le\u00f5es.<\/li>\n<li>A not\u00edcia \u00e9 referida pela edi\u00e7\u00e3o de Record.<\/li>\n<\/ul>\n","protected":false},"author":2,"featured_media":461777,"comment_status":"closed","ping_status":"closed","sticky":false,"template":"","format":"standard","meta":{"footnotes":""},"categories":[21,24],"tags":[1588,32,299,242,1486,1652],"class_list":["post-461776","post","type-post","status-publish","format-standard","has-post-thumbnail","hentry","category-desporto","category-futebol","tag-alvalade","tag-futebol","tag-historia","tag-jogadores","tag-romenia","tag-sporting"],"yoast_head":"<!-- This site is optimized with the Yoast SEO plugin v27.2 - https:\/\/yoast.com\/product\/yoast-seo-wordpress\/ -->\n<title>Niculae esteve em Alvalade - Portal Tela Portugal<\/title>\n<meta name=\"robots\" content=\"index, follow, max-snippet:-1, max-image-preview:large, max-video-preview:-1\" \/>\n<meta property=\"og:locale\" content=\"pt_PT\" \/>\n<meta property=\"og:type\" content=\"article\" \/>\n<meta property=\"og:title\" content=\"Niculae esteve em Alvalade - Portal Tela Portugal\" \/>\n<meta property=\"og:description\" content=\"Marius Niculae, ex-avan\u00e7ado do Sporting entre 2001 e 2005, esteve presente no Est\u00e1dio Jos\u00e9 Alvalade. Recebeu das m\u00e3os do presidente Frederico Varandas a camisola da \u00e9poca em que vestiu a bancada com o n\u00famero sete. Niculae tinha 44 anos e j\u00e1 tinha mostrado, em mar\u00e7o, o carinho que sente pelo clube. O romeno marcou 20 golos em 76 jogos ao servi\u00e7o dos le\u00f5es. A not\u00edcia \u00e9 referida pela edi\u00e7\u00e3o de Record.\" \/>\n<meta property=\"og:url\" content=\"https:\/\/portaltela.pt\/noticias\/2026\/04\/30\/niculae-esteve-em-alvalade\/\" \/>\n<meta property=\"og:site_name\" content=\"Portal Tela Portugal\" \/>\n<meta property=\"article:published_time\" content=\"2026-04-30T03:17:55+00:00\" \/>\n<meta name=\"author\" content=\"Telinha\" \/>\n<meta name=\"twitter:card\" content=\"summary_large_image\" \/>\n<meta name=\"twitter:label1\" content=\"Escrito por\" \/>\n\t<meta name=\"twitter:data1\" content=\"Telinha\" \/>\n\t<meta name=\"twitter:label2\" content=\"Tempo estimado de leitura\" \/>\n\t<meta name=\"twitter:data2\" content=\"1 minuto\" \/>\n<script type=\"application\/ld+json\" class=\"yoast-schema-graph\">{\"@context\":\"https:\/\/schema.org\",\"@graph\":[{\"@type\":\"Article\",\"@id\":\"https:\/\/portaltela.pt\/noticias\/2026\/04\/30\/niculae-esteve-em-alvalade\/#article\",\"isPartOf\":{\"@id\":\"https:\/\/portaltela.pt\/noticias\/2026\/04\/30\/niculae-esteve-em-alvalade\/\"},\"author\":{\"name\":\"Telinha\",\"@id\":\"https:\/\/portaltela.pt\/#\/schema\/person\/c4278d4a6028830caff9ee44b42d32ed\"},\"headline\":\"Niculae esteve em Alvalade\",\"datePublished\":\"2026-04-30T03:17:55+00:00\",\"mainEntityOfPage\":{\"@id\":\"https:\/\/portaltela.pt\/noticias\/2026\/04\/30\/niculae-esteve-em-alvalade\/\"},\"wordCount\":185,\"image\":{\"@id\":\"https:\/\/portaltela.pt\/noticias\/2026\/04\/30\/niculae-esteve-em-alvalade\/#primaryimage\"},\"thumbnailUrl\":\"https:\/\/portaltela.pt\/s.01k8rhncp4jt1\/2026\/04\/img_920x519uu2026-04-30-00-58-37-2436058.jpg\",\"keywords\":[\"Alvalade\",\"futebol\",\"hist\u00f3ria\",\"jogadores\",\"Rom\u00e9nia\",\"Sporting\"],\"articleSection\":[\"Desporto\",\"Futebol\"],\"inLanguage\":\"pt-PT\"},{\"@type\":\"WebPage\",\"@id\":\"https:\/\/portaltela.pt\/noticias\/2026\/04\/30\/niculae-esteve-em-alvalade\/\",\"url\":\"https:\/\/portaltela.pt\/noticias\/2026\/04\/30\/niculae-esteve-em-alvalade\/\",\"name\":\"Niculae esteve em Alvalade - Portal Tela Portugal\",\"isPartOf\":{\"@id\":\"https:\/\/portaltela.pt\/#website\"},\"primaryImageOfPage\":{\"@id\":\"https:\/\/portaltela.pt\/noticias\/2026\/04\/30\/niculae-esteve-em-alvalade\/#primaryimage\"},\"image\":{\"@id\":\"https:\/\/portaltela.pt\/noticias\/2026\/04\/30\/niculae-esteve-em-alvalade\/#primaryimage\"},\"thumbnailUrl\":\"https:\/\/portaltela.pt\/s.01k8rhncp4jt1\/2026\/04\/img_920x519uu2026-04-30-00-58-37-2436058.jpg\",\"datePublished\":\"2026-04-30T03:17:55+00:00\",\"author\":{\"@id\":\"https:\/\/portaltela.pt\/#\/schema\/person\/c4278d4a6028830caff9ee44b42d32ed\"},\"breadcrumb\":{\"@id\":\"https:\/\/portaltela.pt\/noticias\/2026\/04\/30\/niculae-esteve-em-alvalade\/#breadcrumb\"},\"inLanguage\":\"pt-PT\",\"potentialAction\":[{\"@type\":\"ReadAction\",\"target\":[\"https:\/\/portaltela.pt\/noticias\/2026\/04\/30\/niculae-esteve-em-alvalade\/\"]}]},{\"@type\":\"ImageObject\",\"inLanguage\":\"pt-PT\",\"@id\":\"https:\/\/portaltela.pt\/noticias\/2026\/04\/30\/niculae-esteve-em-alvalade\/#primaryimage\",\"url\":\"https:\/\/portaltela.pt\/s.01k8rhncp4jt1\/2026\/04\/img_920x519uu2026-04-30-00-58-37-2436058.jpg\",\"contentUrl\":\"https:\/\/portaltela.pt\/s.01k8rhncp4jt1\/2026\/04\/img_920x519uu2026-04-30-00-58-37-2436058.jpg\",\"width\":796,\"height\":448,\"caption\":\"Niculae visitou Alvalade e reviveu mem\u00f3rias no est\u00e1dio.\"},{\"@type\":\"BreadcrumbList\",\"@id\":\"https:\/\/portaltela.pt\/noticias\/2026\/04\/30\/niculae-esteve-em-alvalade\/#breadcrumb\",\"itemListElement\":[{\"@type\":\"ListItem\",\"position\":1,\"name\":\"In\u00edcio\",\"item\":\"https:\/\/portaltela.pt\/\"},{\"@type\":\"ListItem\",\"position\":2,\"name\":\"Niculae esteve em Alvalade\"}]},{\"@type\":\"WebSite\",\"@id\":\"https:\/\/portaltela.pt\/#website\",\"url\":\"https:\/\/portaltela.pt\/\",\"name\":\"Portal Tela Portugal\",\"description\":\"\",\"potentialAction\":[{\"@type\":\"SearchAction\",\"target\":{\"@type\":\"EntryPoint\",\"urlTemplate\":\"https:\/\/portaltela.pt\/?s={search_term_string}\"},\"query-input\":{\"@type\":\"PropertyValueSpecification\",\"valueRequired\":true,\"valueName\":\"search_term_string\"}}],\"inLanguage\":\"pt-PT\"},{\"@type\":\"Person\",\"@id\":\"https:\/\/portaltela.pt\/#\/schema\/person\/c4278d4a6028830caff9ee44b42d32ed\",\"name\":\"Telinha\",\"image\":{\"@type\":\"ImageObject\",\"inLanguage\":\"pt-PT\",\"@id\":\"https:\/\/portaltela.pt\/s.01k8rhncp4jt1\/2025\/11\/talking-bot-125x125.png\",\"url\":\"https:\/\/portaltela.pt\/s.01k8rhncp4jt1\/2025\/11\/talking-bot-125x125.png\",\"contentUrl\":\"https:\/\/portaltela.pt\/s.01k8rhncp4jt1\/2025\/11\/talking-bot-125x125.png\",\"caption\":\"Telinha\"},\"sameAs\":[\"https:\/\/portaltela.pt\/\"],\"url\":\"https:\/\/portaltela.pt\/por\/367410592786\/\"}]}<\/script>\n<!-- \/ Yoast SEO plugin. -->","yoast_head_json":{"title":"Niculae esteve em Alvalade - Portal Tela Portugal","robots":{"index":"index","follow":"follow","max-snippet":"max-snippet:-1","max-image-preview":"max-image-preview:large","max-video-preview":"max-video-preview:-1"},"og_locale":"pt_PT","og_type":"article","og_title":"Niculae esteve em Alvalade - Portal Tela Portugal","og_description":"Marius Niculae, ex-avan\u00e7ado do Sporting entre 2001 e 2005, esteve presente no Est\u00e1dio Jos\u00e9 Alvalade. Recebeu das m\u00e3os do presidente Frederico Varandas a camisola da \u00e9poca em que vestiu a bancada com o n\u00famero sete. Niculae tinha 44 anos e j\u00e1 tinha mostrado, em mar\u00e7o, o carinho que sente pelo clube. O romeno marcou 20 golos em 76 jogos ao servi\u00e7o dos le\u00f5es. A not\u00edcia \u00e9 referida pela edi\u00e7\u00e3o de Record.","og_url":"https:\/\/portaltela.pt\/noticias\/2026\/04\/30\/niculae-esteve-em-alvalade\/","og_site_name":"Portal Tela Portugal","article_published_time":"2026-04-30T03:17:55+00:00","author":"Telinha","twitter_card":"summary_large_image","twitter_misc":{"Escrito por":"Telinha","Tempo estimado de leitura":"1 minuto"},"schema":{"@context":"https:\/\/schema.org","@graph":[{"@type":"Article","@id":"https:\/\/portaltela.pt\/noticias\/2026\/04\/30\/niculae-esteve-em-alvalade\/#article","isPartOf":{"@id":"https:\/\/portaltela.pt\/noticias\/2026\/04\/30\/niculae-esteve-em-alvalade\/"},"author":{"name":"Telinha","@id":"https:\/\/portaltela.pt\/#\/schema\/person\/c4278d4a6028830caff9ee44b42d32ed"},"headline":"Niculae esteve em Alvalade","datePublished":"2026-04-30T03:17:55+00:00","mainEntityOfPage":{"@id":"https:\/\/portaltela.pt\/noticias\/2026\/04\/30\/niculae-esteve-em-alvalade\/"},"wordCount":185,"image":{"@id":"https:\/\/portaltela.pt\/noticias\/2026\/04\/30\/niculae-esteve-em-alvalade\/#primaryimage"},"thumbnailUrl":"https:\/\/portaltela.pt\/s.01k8rhncp4jt1\/2026\/04\/img_920x519uu2026-04-30-00-58-37-2436058.jpg","keywords":["Alvalade","futebol","hist\u00f3ria","jogadores","Rom\u00e9nia","Sporting"],"articleSection":["Desporto","Futebol"],"inLanguage":"pt-PT"},{"@type":"WebPage","@id":"https:\/\/portaltela.pt\/noticias\/2026\/04\/30\/niculae-esteve-em-alvalade\/","url":"https:\/\/portaltela.pt\/noticias\/2026\/04\/30\/niculae-esteve-em-alvalade\/","name":"Niculae esteve em Alvalade - Portal Tela Portugal","isPartOf":{"@id":"https:\/\/portaltela.pt\/#website"},"primaryImageOfPage":{"@id":"https:\/\/portaltela.pt\/noticias\/2026\/04\/30\/niculae-esteve-em-alvalade\/#primaryimage"},"image":{"@id":"https:\/\/portaltela.pt\/noticias\/2026\/04\/30\/niculae-esteve-em-alvalade\/#primaryimage"},"thumbnailUrl":"https:\/\/portaltela.pt\/s.01k8rhncp4jt1\/2026\/04\/img_920x519uu2026-04-30-00-58-37-2436058.jpg","datePublished":"2026-04-30T03:17:55+00:00","author":{"@id":"https:\/\/portaltela.pt\/#\/schema\/person\/c4278d4a6028830caff9ee44b42d32ed"},"breadcrumb":{"@id":"https:\/\/portaltela.pt\/noticias\/2026\/04\/30\/niculae-esteve-em-alvalade\/#breadcrumb"},"inLanguage":"pt-PT","potentialAction":[{"@type":"ReadAction","target":["https:\/\/portaltela.pt\/noticias\/2026\/04\/30\/niculae-esteve-em-alvalade\/"]}]},{"@type":"ImageObject","inLanguage":"pt-PT","@id":"https:\/\/portaltela.pt\/noticias\/2026\/04\/30\/niculae-esteve-em-alvalade\/#primaryimage","url":"https:\/\/portaltela.pt\/s.01k8rhncp4jt1\/2026\/04\/img_920x519uu2026-04-30-00-58-37-2436058.jpg","contentUrl":"https:\/\/portaltela.pt\/s.01k8rhncp4jt1\/2026\/04\/img_920x519uu2026-04-30-00-58-37-2436058.jpg","width":796,"height":448,"caption":"Niculae visitou Alvalade e reviveu mem\u00f3rias no est\u00e1dio."},{"@type":"BreadcrumbList","@id":"https:\/\/portaltela.pt\/noticias\/2026\/04\/30\/niculae-esteve-em-alvalade\/#breadcrumb","itemListElement":[{"@type":"ListItem","position":1,"name":"In\u00edcio","item":"https:\/\/portaltela.pt\/"},{"@type":"ListItem","position":2,"name":"Niculae esteve em Alvalade"}]},{"@type":"WebSite","@id":"https:\/\/portaltela.pt\/#website","url":"https:\/\/portaltela.pt\/","name":"Portal Tela Portugal","description":"","potentialAction":[{"@type":"SearchAction","target":{"@type":"EntryPoint","urlTemplate":"https:\/\/portaltela.pt\/?s={search_term_string}"},"query-input":{"@type":"PropertyValueSpecification","valueRequired":true,"valueName":"search_term_string"}}],"inLanguage":"pt-PT"},{"@type":"Person","@id":"https:\/\/portaltela.pt\/#\/schema\/person\/c4278d4a6028830caff9ee44b42d32ed","name":"Telinha","image":{"@type":"ImageObject","inLanguage":"pt-PT","@id":"https:\/\/portaltela.pt\/s.01k8rhncp4jt1\/2025\/11\/talking-bot-125x125.png","url":"https:\/\/portaltela.pt\/s.01k8rhncp4jt1\/2025\/11\/talking-bot-125x125.png","contentUrl":"https:\/\/portaltela.pt\/s.01k8rhncp4jt1\/2025\/11\/talking-bot-125x125.png","caption":"Telinha"},"sameAs":["https:\/\/portaltela.pt\/"],"url":"https:\/\/portaltela.pt\/por\/367410592786\/"}]}},"_links":{"self":[{"href":"https:\/\/portaltela.pt\/api\/wp\/v2\/posts\/461776","targetHints":{"allow":["GET"]}}],"collection":[{"href":"https:\/\/portaltela.pt\/api\/wp\/v2\/posts"}],"about":[{"href":"https:\/\/portaltela.pt\/api\/wp\/v2\/types\/post"}],"author":[{"embeddable":true,"href":"https:\/\/portaltela.pt\/api\/wp\/v2\/users\/2"}],"replies":[{"embeddable":true,"href":"https:\/\/portaltela.pt\/api\/wp\/v2\/comments?post=461776"}],"version-history":[{"count":0,"href":"https:\/\/portaltela.pt\/api\/wp\/v2\/posts\/461776\/revisions"}],"wp:featuredmedia":[{"embeddable":true,"href":"https:\/\/portaltela.pt\/api\/wp\/v2\/media\/461777"}],"wp:attachment":[{"href":"https:\/\/portaltela.pt\/api\/wp\/v2\/media?parent=461776"}],"wp:term":[{"taxonomy":"category","embeddable":true,"href":"https:\/\/portaltela.pt\/api\/wp\/v2\/categories?post=461776"},{"taxonomy":"post_tag","embeddable":true,"href":"https:\/\/portaltela.pt\/api\/wp\/v2\/tags?post=461776"}],"curies":[{"name":"wp","href":"https:\/\/api.w.org\/{rel}","templated":true}]}}