{"id":461751,"date":"2026-04-29T21:48:11","date_gmt":"2026-04-30T00:48:11","guid":{"rendered":"https:\/\/portaltela.pt\/noticias\/2026\/04\/29\/especialistas-questionam-reconstituicoes-com-ia-na-televisao\/"},"modified":"2026-04-29T21:48:11","modified_gmt":"2026-04-30T00:48:11","slug":"especialistas-questionam-reconstituicoes-com-ia-na-televisao","status":"publish","type":"post","link":"https:\/\/portaltela.pt\/tecnologia\/2026\/04\/29\/especialistas-questionam-reconstituicoes-com-ia-na-televisao\/","title":{"rendered":"Especialistas questionam reconstitui\u00e7\u00f5es com IA na televis\u00e3o"},"content":{"rendered":"<p>A CMTV vai apresentar uma reconstitui\u00e7\u00e3o com recurso \u00e0 Intelig\u00eancia Artificial (IA) para ilustrar os \u00faltimos dias de vida do cronista Carlos Castro, morto pelo antigo jogador Renato Seabra num hotel em Nova Iorque. A pe\u00e7a insere-se num especial sobre o caso, cuja emiss\u00e3o est\u00e1 marcada para ter\u00e7a-feira, 5 de maio. A produ\u00e7\u00e3o baseia-se em milhares de documentos j\u00e1 recolhidos pela esta\u00e7\u00e3o.<\/p>\n<p>Especialistas questionam os limites do uso de IA no jornalismo de investiga\u00e7\u00e3o, sobretudo na recria\u00e7\u00e3o de cenas que antecedem um crime. O cientista Carlos Fiolhais lembra que a tecnologia permite criar situa\u00e7\u00f5es veross\u00edmeis com imagens e vozes de pessoas reais, vivas ou falecidas, o que exige prud\u00eancia. A UE aprovou em 2024 regras voltadas \u00e0 transpar\u00eancia e \u00e0 limita\u00e7\u00e3o de usos de IA de elevado risco.<\/p>\n<p>De acordo com Fiolhais, as imagens artificiais devem ser claramente rotuladas para evitar confundir fic\u00e7\u00e3o com realidade, especialmente quando a reprodu\u00e7\u00e3o se aproxima daquilo que \u00e9 factual. O objetivo \u00e9 impedir a propaga\u00e7\u00e3o de deepfakes que possam induzir o p\u00fablico a interpretar como verdade o conte\u00fado criado pela IA.<\/p>\n<h3>Limites \u00e9ticos e prote\u00e7\u00e3o de dados<\/h3>\n<p>A discuss\u00e3o estende-se \u00e0 prote\u00e7\u00e3o de dados, j\u00e1 que o uso de imagens de pessoas sem consentimento pode gerar responsabilidades legais. Os especialistas destacam que quem participa ou representa algu\u00e9m pode sofrer preju\u00edzos decorrentes da manipula\u00e7\u00e3o do comportamento observado.<\/p>\n<p>Apesar das cautelas, o jornalismo pode invocar interesse p\u00fablico e liberdade de imprensa, reconhecem os especialistas. Ainda assim, h\u00e1 casos que caem numa zona cinzenta entre curiosidade jornal\u00edstica e eventual dano reputacional.<\/p>\n<p>Imagens j\u00e1 dispon\u00edveis indicam o n\u00edvel de detalhe que pode emergir na reconstitui\u00e7\u00e3o. Editores adianta que 167 imagens obtidas por fotogrametria ajudam a documentar a rela\u00e7\u00e3o entre Renato Seabra e Carlos Castro, utilizada como refer\u00eancia na narrativa audiovisual prevista.<\/p>\n<p>A reconstitui\u00e7\u00e3o da CMTV \u00e9 apresentada como ferramenta para o entendimento p\u00fablico do caso, desde que cumpridas as normas de transpar\u00eancia, consentimento e conformidade com a legisla\u00e7\u00e3o europeia. O objetivo \u00e9 informar com rigor, sem distorcer factos nem substituir o escrut\u00ednio t\u00e9cnico por espect\u00e1culo.<\/p>\n","protected":false},"excerpt":{"rendered":"<ul>\n<li>A CMTV vai emitir, na pr\u00f3xima ter\u00e7a-feira, 5 de maio, uma reconstitui\u00e7\u00e3o com IA dos \u00faltimos dias de vida do cronista Carlos Castro, no \u00e2mbito do caso de Renato Seabra em Nova Iorque.<\/li>\n<li>A reconstitui\u00e7\u00e3o baseia-se em milhares de documentos consultados pela esta\u00e7\u00e3o e integra imagens e depoimentos do caso.<\/li>\n<li>Especialistas, incluindo o cientista Carlos Fiolhais, alertam para os limites \u00e9ticos e legais da IA no jornalismo e defendem transpar\u00eancia para evitar confundir fic\u00e7\u00e3o com realidade.<\/li>\n<li>A Uni\u00e3o Europeia aprovou, em 2024, um regulamento que exige rotulagem clara de imagens geradas artificialmente quando h\u00e1 risco de deepfakes.<\/li>\n<li>Quest\u00f5es de prote\u00e7\u00e3o de dados e consentimento s\u00e3o discutidas, com o jornalismo a defender o interesse p\u00fablico, reconhecendo zonas cinzentas, e destacando ainda que 167 imagens de c\u00e2mara mostram o romance entre Seabra e Castro.<\/li>\n<\/ul>\n","protected":false},"author":2,"featured_media":461757,"comment_status":"closed","ping_status":"closed","sticky":false,"template":"","format":"standard","meta":{"footnotes":""},"categories":[1,6716],"tags":[8231,7995,7998,8000,8511,8489],"class_list":["post-461751","post","type-post","status-publish","format-standard","has-post-thumbnail","hentry","category-noticias","category-tecnologia","tag-_desinformacao","tag-_imprensa","tag-_informacao-publica","tag-_inteligencia-artificial","tag-_privacidade","tag-_protecao-de-dados"],"yoast_head":"<!-- This site is optimized with the Yoast SEO plugin v27.2 - https:\/\/yoast.com\/product\/yoast-seo-wordpress\/ -->\n<title>Especialistas questionam reconstitui\u00e7\u00f5es com IA na televis\u00e3o - Portal Tela Portugal<\/title>\n<meta name=\"robots\" content=\"index, follow, max-snippet:-1, max-image-preview:large, max-video-preview:-1\" \/>\n<meta property=\"og:locale\" content=\"pt_PT\" \/>\n<meta property=\"og:type\" content=\"article\" \/>\n<meta property=\"og:title\" content=\"Especialistas questionam reconstitui\u00e7\u00f5es com IA na televis\u00e3o - Portal Tela Portugal\" \/>\n<meta property=\"og:description\" content=\"A CMTV vai emitir, na pr\u00f3xima ter\u00e7a-feira, 5 de maio, uma reconstitui\u00e7\u00e3o com IA dos \u00faltimos dias de vida do cronista Carlos Castro, no \u00e2mbito do caso de Renato Seabra em Nova Iorque. A reconstitui\u00e7\u00e3o baseia-se em milhares de documentos consultados pela esta\u00e7\u00e3o e integra imagens e depoimentos do caso. Especialistas, incluindo o cientista Carlos Fiolhais, alertam para os limites \u00e9ticos e legais da IA no jornalismo e defendem transpar\u00eancia para evitar confundir fic\u00e7\u00e3o com realidade. A Uni\u00e3o Europeia aprovou, em 2024, um regulamento que exige rotulagem clara de imagens geradas artificialmente quando h\u00e1 risco de deepfakes. Quest\u00f5es de prote\u00e7\u00e3o de dados e consentimento s\u00e3o discutidas, com o jornalismo a defender o interesse p\u00fablico, reconhecendo zonas cinzentas, e destacando ainda que 167 imagens de c\u00e2mara mostram o romance entre Seabra e Castro.\" \/>\n<meta property=\"og:url\" content=\"https:\/\/portaltela.pt\/noticias\/2026\/04\/29\/especialistas-questionam-reconstituicoes-com-ia-na-televisao\/\" \/>\n<meta property=\"og:site_name\" content=\"Portal Tela Portugal\" \/>\n<meta property=\"article:published_time\" content=\"2026-04-30T00:48:11+00:00\" \/>\n<meta name=\"author\" content=\"Telinha\" \/>\n<meta name=\"twitter:card\" content=\"summary_large_image\" \/>\n<meta name=\"twitter:label1\" content=\"Escrito por\" \/>\n\t<meta name=\"twitter:data1\" content=\"Telinha\" \/>\n\t<meta name=\"twitter:label2\" content=\"Tempo estimado de leitura\" \/>\n\t<meta name=\"twitter:data2\" content=\"2 minutos\" \/>\n<script type=\"application\/ld+json\" class=\"yoast-schema-graph\">{\"@context\":\"https:\/\/schema.org\",\"@graph\":[{\"@type\":\"Article\",\"@id\":\"https:\/\/portaltela.pt\/noticias\/2026\/04\/29\/especialistas-questionam-reconstituicoes-com-ia-na-televisao\/#article\",\"isPartOf\":{\"@id\":\"https:\/\/portaltela.pt\/noticias\/2026\/04\/29\/especialistas-questionam-reconstituicoes-com-ia-na-televisao\/\"},\"author\":{\"name\":\"Telinha\",\"@id\":\"https:\/\/portaltela.pt\/#\/schema\/person\/c4278d4a6028830caff9ee44b42d32ed\"},\"headline\":\"Especialistas questionam reconstitui\u00e7\u00f5es com IA na televis\u00e3o\",\"datePublished\":\"2026-04-30T00:48:11+00:00\",\"mainEntityOfPage\":{\"@id\":\"https:\/\/portaltela.pt\/noticias\/2026\/04\/29\/especialistas-questionam-reconstituicoes-com-ia-na-televisao\/\"},\"wordCount\":374,\"image\":{\"@id\":\"https:\/\/portaltela.pt\/noticias\/2026\/04\/29\/especialistas-questionam-reconstituicoes-com-ia-na-televisao\/#primaryimage\"},\"thumbnailUrl\":\"https:\/\/portaltela.pt\/s.01k8rhncp4jt1\/2026\/04\/img_1280x721uu2021-12-28-14-26-16-1111792.jpg\",\"keywords\":[\"_desinforma\u00e7\u00e3o\",\"_imprensa\",\"_informa\u00e7\u00e3o p\u00fablica\",\"_intelig\u00eancia artificial\",\"_privacidade\",\"_prote\u00e7\u00e3o de dados\"],\"articleSection\":[\"Not\u00edcias\",\"Tecnologia\"],\"inLanguage\":\"pt-PT\"},{\"@type\":\"WebPage\",\"@id\":\"https:\/\/portaltela.pt\/noticias\/2026\/04\/29\/especialistas-questionam-reconstituicoes-com-ia-na-televisao\/\",\"url\":\"https:\/\/portaltela.pt\/noticias\/2026\/04\/29\/especialistas-questionam-reconstituicoes-com-ia-na-televisao\/\",\"name\":\"Especialistas questionam reconstitui\u00e7\u00f5es com IA na televis\u00e3o - Portal Tela Portugal\",\"isPartOf\":{\"@id\":\"https:\/\/portaltela.pt\/#website\"},\"primaryImageOfPage\":{\"@id\":\"https:\/\/portaltela.pt\/noticias\/2026\/04\/29\/especialistas-questionam-reconstituicoes-com-ia-na-televisao\/#primaryimage\"},\"image\":{\"@id\":\"https:\/\/portaltela.pt\/noticias\/2026\/04\/29\/especialistas-questionam-reconstituicoes-com-ia-na-televisao\/#primaryimage\"},\"thumbnailUrl\":\"https:\/\/portaltela.pt\/s.01k8rhncp4jt1\/2026\/04\/img_1280x721uu2021-12-28-14-26-16-1111792.jpg\",\"datePublished\":\"2026-04-30T00:48:11+00:00\",\"author\":{\"@id\":\"https:\/\/portaltela.pt\/#\/schema\/person\/c4278d4a6028830caff9ee44b42d32ed\"},\"breadcrumb\":{\"@id\":\"https:\/\/portaltela.pt\/noticias\/2026\/04\/29\/especialistas-questionam-reconstituicoes-com-ia-na-televisao\/#breadcrumb\"},\"inLanguage\":\"pt-PT\",\"potentialAction\":[{\"@type\":\"ReadAction\",\"target\":[\"https:\/\/portaltela.pt\/noticias\/2026\/04\/29\/especialistas-questionam-reconstituicoes-com-ia-na-televisao\/\"]}]},{\"@type\":\"ImageObject\",\"inLanguage\":\"pt-PT\",\"@id\":\"https:\/\/portaltela.pt\/noticias\/2026\/04\/29\/especialistas-questionam-reconstituicoes-com-ia-na-televisao\/#primaryimage\",\"url\":\"https:\/\/portaltela.pt\/s.01k8rhncp4jt1\/2026\/04\/img_1280x721uu2021-12-28-14-26-16-1111792.jpg\",\"contentUrl\":\"https:\/\/portaltela.pt\/s.01k8rhncp4jt1\/2026\/04\/img_1280x721uu2021-12-28-14-26-16-1111792.jpg\",\"width\":796,\"height\":448,\"caption\":\"Renato Seabra\"},{\"@type\":\"BreadcrumbList\",\"@id\":\"https:\/\/portaltela.pt\/noticias\/2026\/04\/29\/especialistas-questionam-reconstituicoes-com-ia-na-televisao\/#breadcrumb\",\"itemListElement\":[{\"@type\":\"ListItem\",\"position\":1,\"name\":\"In\u00edcio\",\"item\":\"https:\/\/portaltela.pt\/\"},{\"@type\":\"ListItem\",\"position\":2,\"name\":\"Especialistas questionam reconstitui\u00e7\u00f5es com IA na televis\u00e3o\"}]},{\"@type\":\"WebSite\",\"@id\":\"https:\/\/portaltela.pt\/#website\",\"url\":\"https:\/\/portaltela.pt\/\",\"name\":\"Portal Tela Portugal\",\"description\":\"\",\"potentialAction\":[{\"@type\":\"SearchAction\",\"target\":{\"@type\":\"EntryPoint\",\"urlTemplate\":\"https:\/\/portaltela.pt\/?s={search_term_string}\"},\"query-input\":{\"@type\":\"PropertyValueSpecification\",\"valueRequired\":true,\"valueName\":\"search_term_string\"}}],\"inLanguage\":\"pt-PT\"},{\"@type\":\"Person\",\"@id\":\"https:\/\/portaltela.pt\/#\/schema\/person\/c4278d4a6028830caff9ee44b42d32ed\",\"name\":\"Telinha\",\"image\":{\"@type\":\"ImageObject\",\"inLanguage\":\"pt-PT\",\"@id\":\"https:\/\/portaltela.pt\/s.01k8rhncp4jt1\/2025\/11\/talking-bot-125x125.png\",\"url\":\"https:\/\/portaltela.pt\/s.01k8rhncp4jt1\/2025\/11\/talking-bot-125x125.png\",\"contentUrl\":\"https:\/\/portaltela.pt\/s.01k8rhncp4jt1\/2025\/11\/talking-bot-125x125.png\",\"caption\":\"Telinha\"},\"sameAs\":[\"https:\/\/portaltela.pt\/\"],\"url\":\"https:\/\/portaltela.pt\/por\/367410592786\/\"}]}<\/script>\n<!-- \/ Yoast SEO plugin. -->","yoast_head_json":{"title":"Especialistas questionam reconstitui\u00e7\u00f5es com IA na televis\u00e3o - Portal Tela Portugal","robots":{"index":"index","follow":"follow","max-snippet":"max-snippet:-1","max-image-preview":"max-image-preview:large","max-video-preview":"max-video-preview:-1"},"og_locale":"pt_PT","og_type":"article","og_title":"Especialistas questionam reconstitui\u00e7\u00f5es com IA na televis\u00e3o - Portal Tela Portugal","og_description":"A CMTV vai emitir, na pr\u00f3xima ter\u00e7a-feira, 5 de maio, uma reconstitui\u00e7\u00e3o com IA dos \u00faltimos dias de vida do cronista Carlos Castro, no \u00e2mbito do caso de Renato Seabra em Nova Iorque. A reconstitui\u00e7\u00e3o baseia-se em milhares de documentos consultados pela esta\u00e7\u00e3o e integra imagens e depoimentos do caso. Especialistas, incluindo o cientista Carlos Fiolhais, alertam para os limites \u00e9ticos e legais da IA no jornalismo e defendem transpar\u00eancia para evitar confundir fic\u00e7\u00e3o com realidade. A Uni\u00e3o Europeia aprovou, em 2024, um regulamento que exige rotulagem clara de imagens geradas artificialmente quando h\u00e1 risco de deepfakes. Quest\u00f5es de prote\u00e7\u00e3o de dados e consentimento s\u00e3o discutidas, com o jornalismo a defender o interesse p\u00fablico, reconhecendo zonas cinzentas, e destacando ainda que 167 imagens de c\u00e2mara mostram o romance entre Seabra e Castro.","og_url":"https:\/\/portaltela.pt\/noticias\/2026\/04\/29\/especialistas-questionam-reconstituicoes-com-ia-na-televisao\/","og_site_name":"Portal Tela Portugal","article_published_time":"2026-04-30T00:48:11+00:00","author":"Telinha","twitter_card":"summary_large_image","twitter_misc":{"Escrito por":"Telinha","Tempo estimado de leitura":"2 minutos"},"schema":{"@context":"https:\/\/schema.org","@graph":[{"@type":"Article","@id":"https:\/\/portaltela.pt\/noticias\/2026\/04\/29\/especialistas-questionam-reconstituicoes-com-ia-na-televisao\/#article","isPartOf":{"@id":"https:\/\/portaltela.pt\/noticias\/2026\/04\/29\/especialistas-questionam-reconstituicoes-com-ia-na-televisao\/"},"author":{"name":"Telinha","@id":"https:\/\/portaltela.pt\/#\/schema\/person\/c4278d4a6028830caff9ee44b42d32ed"},"headline":"Especialistas questionam reconstitui\u00e7\u00f5es com IA na televis\u00e3o","datePublished":"2026-04-30T00:48:11+00:00","mainEntityOfPage":{"@id":"https:\/\/portaltela.pt\/noticias\/2026\/04\/29\/especialistas-questionam-reconstituicoes-com-ia-na-televisao\/"},"wordCount":374,"image":{"@id":"https:\/\/portaltela.pt\/noticias\/2026\/04\/29\/especialistas-questionam-reconstituicoes-com-ia-na-televisao\/#primaryimage"},"thumbnailUrl":"https:\/\/portaltela.pt\/s.01k8rhncp4jt1\/2026\/04\/img_1280x721uu2021-12-28-14-26-16-1111792.jpg","keywords":["_desinforma\u00e7\u00e3o","_imprensa","_informa\u00e7\u00e3o p\u00fablica","_intelig\u00eancia artificial","_privacidade","_prote\u00e7\u00e3o de dados"],"articleSection":["Not\u00edcias","Tecnologia"],"inLanguage":"pt-PT"},{"@type":"WebPage","@id":"https:\/\/portaltela.pt\/noticias\/2026\/04\/29\/especialistas-questionam-reconstituicoes-com-ia-na-televisao\/","url":"https:\/\/portaltela.pt\/noticias\/2026\/04\/29\/especialistas-questionam-reconstituicoes-com-ia-na-televisao\/","name":"Especialistas questionam reconstitui\u00e7\u00f5es com IA na televis\u00e3o - Portal Tela Portugal","isPartOf":{"@id":"https:\/\/portaltela.pt\/#website"},"primaryImageOfPage":{"@id":"https:\/\/portaltela.pt\/noticias\/2026\/04\/29\/especialistas-questionam-reconstituicoes-com-ia-na-televisao\/#primaryimage"},"image":{"@id":"https:\/\/portaltela.pt\/noticias\/2026\/04\/29\/especialistas-questionam-reconstituicoes-com-ia-na-televisao\/#primaryimage"},"thumbnailUrl":"https:\/\/portaltela.pt\/s.01k8rhncp4jt1\/2026\/04\/img_1280x721uu2021-12-28-14-26-16-1111792.jpg","datePublished":"2026-04-30T00:48:11+00:00","author":{"@id":"https:\/\/portaltela.pt\/#\/schema\/person\/c4278d4a6028830caff9ee44b42d32ed"},"breadcrumb":{"@id":"https:\/\/portaltela.pt\/noticias\/2026\/04\/29\/especialistas-questionam-reconstituicoes-com-ia-na-televisao\/#breadcrumb"},"inLanguage":"pt-PT","potentialAction":[{"@type":"ReadAction","target":["https:\/\/portaltela.pt\/noticias\/2026\/04\/29\/especialistas-questionam-reconstituicoes-com-ia-na-televisao\/"]}]},{"@type":"ImageObject","inLanguage":"pt-PT","@id":"https:\/\/portaltela.pt\/noticias\/2026\/04\/29\/especialistas-questionam-reconstituicoes-com-ia-na-televisao\/#primaryimage","url":"https:\/\/portaltela.pt\/s.01k8rhncp4jt1\/2026\/04\/img_1280x721uu2021-12-28-14-26-16-1111792.jpg","contentUrl":"https:\/\/portaltela.pt\/s.01k8rhncp4jt1\/2026\/04\/img_1280x721uu2021-12-28-14-26-16-1111792.jpg","width":796,"height":448,"caption":"Renato Seabra"},{"@type":"BreadcrumbList","@id":"https:\/\/portaltela.pt\/noticias\/2026\/04\/29\/especialistas-questionam-reconstituicoes-com-ia-na-televisao\/#breadcrumb","itemListElement":[{"@type":"ListItem","position":1,"name":"In\u00edcio","item":"https:\/\/portaltela.pt\/"},{"@type":"ListItem","position":2,"name":"Especialistas questionam reconstitui\u00e7\u00f5es com IA na televis\u00e3o"}]},{"@type":"WebSite","@id":"https:\/\/portaltela.pt\/#website","url":"https:\/\/portaltela.pt\/","name":"Portal Tela Portugal","description":"","potentialAction":[{"@type":"SearchAction","target":{"@type":"EntryPoint","urlTemplate":"https:\/\/portaltela.pt\/?s={search_term_string}"},"query-input":{"@type":"PropertyValueSpecification","valueRequired":true,"valueName":"search_term_string"}}],"inLanguage":"pt-PT"},{"@type":"Person","@id":"https:\/\/portaltela.pt\/#\/schema\/person\/c4278d4a6028830caff9ee44b42d32ed","name":"Telinha","image":{"@type":"ImageObject","inLanguage":"pt-PT","@id":"https:\/\/portaltela.pt\/s.01k8rhncp4jt1\/2025\/11\/talking-bot-125x125.png","url":"https:\/\/portaltela.pt\/s.01k8rhncp4jt1\/2025\/11\/talking-bot-125x125.png","contentUrl":"https:\/\/portaltela.pt\/s.01k8rhncp4jt1\/2025\/11\/talking-bot-125x125.png","caption":"Telinha"},"sameAs":["https:\/\/portaltela.pt\/"],"url":"https:\/\/portaltela.pt\/por\/367410592786\/"}]}},"_links":{"self":[{"href":"https:\/\/portaltela.pt\/api\/wp\/v2\/posts\/461751","targetHints":{"allow":["GET"]}}],"collection":[{"href":"https:\/\/portaltela.pt\/api\/wp\/v2\/posts"}],"about":[{"href":"https:\/\/portaltela.pt\/api\/wp\/v2\/types\/post"}],"author":[{"embeddable":true,"href":"https:\/\/portaltela.pt\/api\/wp\/v2\/users\/2"}],"replies":[{"embeddable":true,"href":"https:\/\/portaltela.pt\/api\/wp\/v2\/comments?post=461751"}],"version-history":[{"count":0,"href":"https:\/\/portaltela.pt\/api\/wp\/v2\/posts\/461751\/revisions"}],"wp:featuredmedia":[{"embeddable":true,"href":"https:\/\/portaltela.pt\/api\/wp\/v2\/media\/461757"}],"wp:attachment":[{"href":"https:\/\/portaltela.pt\/api\/wp\/v2\/media?parent=461751"}],"wp:term":[{"taxonomy":"category","embeddable":true,"href":"https:\/\/portaltela.pt\/api\/wp\/v2\/categories?post=461751"},{"taxonomy":"post_tag","embeddable":true,"href":"https:\/\/portaltela.pt\/api\/wp\/v2\/tags?post=461751"}],"curies":[{"name":"wp","href":"https:\/\/api.w.org\/{rel}","templated":true}]}}