{"id":461745,"date":"2026-04-29T21:48:05","date_gmt":"2026-04-30T00:48:05","guid":{"rendered":"https:\/\/portaltela.pt\/noticias\/2026\/04\/29\/filha-de-jose-manuel-anes-enfrenta-ate-oito-anos-de-cadeia\/"},"modified":"2026-04-29T21:48:05","modified_gmt":"2026-04-30T00:48:05","slug":"filha-de-jose-manuel-anes-enfrenta-ate-oito-anos-de-cadeia","status":"publish","type":"post","link":"https:\/\/portaltela.pt\/noticias\/2026\/04\/29\/filha-de-jose-manuel-anes-enfrenta-ate-oito-anos-de-cadeia\/","title":{"rendered":"Filha de Jos\u00e9 Manuel Anes enfrenta at\u00e9 oito anos de cadeia"},"content":{"rendered":"<p>Ana Anes, filha do ex-presidente do Observat\u00f3rio de Seguran\u00e7a Jos\u00e9 Manuel Anes, foi acusada pelo Minist\u00e9rio P\u00fablico de Lisboa de homic\u00eddio simples na forma tentada. A acusada, influencer e escritora de 53 anos, pode cumprir at\u00e9 oito anos de pris\u00e3o.<\/p>\n<p>A acusa\u00e7\u00e3o, apresentada pela procuradora Felismina Franco, sustenta que as agress\u00f5es contra o pai, ocorridas a 20 de outubro de 2025 em Lisboa, n\u00e3o decorreram de um plano. O advogado de Ana Anes, Jo\u00e3o Trindade, contesta a tese e afirma que n\u00e3o foi encontrado qualquer objeto corto-perfurante, o que enfraquece a acusa\u00e7\u00e3o de homic\u00eddio qualificado tentado. A defesa lembra que, segundo o despacho, a v\u00edtima apresentava perfura\u00e7\u00f5es.<\/p>\n<p>A Procuradoria sustenta que, na altura dos factos, j\u00e1 se sabia da bipolaridade da arguida e que o juiz de instru\u00e7\u00e3o decretou a inimputabilidade. O advogado reporta que Ana Anes continua detida no hospital-pris\u00e3o de Caxias desde janeiro, com tratamento m\u00e9dico permanente, e que j\u00e1 pediu a realiza\u00e7\u00e3o de novos testes para eventual passagem para tratamento ambulat\u00f3rio em casa.<\/p>\n<p>O CM tentou ouvir Maria Ester, m\u00e3e de Ana Anes, que a tem acompanhado nos \u00faltimos meses, sem registo de sucesso.<\/p>\n<p>A acusa\u00e7\u00e3o aponta que as agress\u00f5es ocorreram em contexto de rela\u00e7\u00e3o familiar conturbada e com alegadas refer\u00eancias a eventos hist\u00f3ricos ligados ao pai. A defesa mant\u00e9m que n\u00e3o houve dolo e que n\u00e3o est\u00e1 demonstrado um plano para homic\u00eddio. A pris\u00e3o preventiva permanece em curso at\u00e9 decis\u00e3o judicial ulterior.<\/p>\n","protected":false},"excerpt":{"rendered":"<ul>\n<li>Ana Anes, 53 anos, filha do ex-presidente do Observat\u00f3rio de Seguran\u00e7a Jos\u00e9 Manuel Anes, \u00e9 acusada pelo Minist\u00e9rio P\u00fablico de Lisboa de homic\u00eddio simples na forma tentada, com pena prevista at\u00e9 oito anos de pris\u00e3o.<\/li>\n<li>Agress\u00f5es ao pai ocorreram a 20 de outubro de 2025, em Lisboa, e a acusa\u00e7\u00e3o contesta a exist\u00eancia de plano no ataque.<\/li>\n<li>A defesa sustenta que n\u00e3o houve dolo e que n\u00e3o foi encontrado qualquer objeto corto-perfurante; aponta que n\u00e3o h\u00e1 provas de homic\u00eddio qualificado tentado.<\/li>\n<li>O Minist\u00e9rio P\u00fablico mant\u00e9m a acusa\u00e7\u00e3o e a defesa lembra que, \u00e0 \u00e9poca dos factos, a arguida era bipolar; o juiz de instru\u00e7\u00e3o j\u00e1 decretou inimputabilidade, segundo o advogado.<\/li>\n<li>Ana Anes continua detida no hospital-pris\u00e3o de Caxias desde janeiro, com tratamento m\u00e9dico permanente; foram solicitados novos testes para considerar tratamento ambulat\u00f3rio em casa.<\/li>\n<\/ul>\n","protected":false},"author":2,"featured_media":461755,"comment_status":"closed","ping_status":"closed","sticky":false,"template":"","format":"standard","meta":{"footnotes":""},"categories":[6815,1],"tags":[7924,8075,7974,8276,8062,9083],"class_list":["post-461745","post","type-post","status-publish","format-standard","has-post-thumbnail","hentry","category-justica","category-noticias","tag-_familia","tag-_homicidio","tag-_lisboa","tag-_pessoas","tag-_portugal","tag-_tentativa-de-homicidio"],"yoast_head":"<!-- This site is optimized with the Yoast SEO plugin v27.2 - https:\/\/yoast.com\/product\/yoast-seo-wordpress\/ -->\n<title>Filha de Jos\u00e9 Manuel Anes enfrenta at\u00e9 oito anos de cadeia - Portal Tela Portugal<\/title>\n<meta name=\"robots\" content=\"index, follow, max-snippet:-1, max-image-preview:large, max-video-preview:-1\" \/>\n<meta property=\"og:locale\" content=\"pt_PT\" \/>\n<meta property=\"og:type\" content=\"article\" \/>\n<meta property=\"og:title\" content=\"Filha de Jos\u00e9 Manuel Anes enfrenta at\u00e9 oito anos de cadeia - Portal Tela Portugal\" \/>\n<meta property=\"og:description\" content=\"Ana Anes, 53 anos, filha do ex-presidente do Observat\u00f3rio de Seguran\u00e7a Jos\u00e9 Manuel Anes, \u00e9 acusada pelo Minist\u00e9rio P\u00fablico de Lisboa de homic\u00eddio simples na forma tentada, com pena prevista at\u00e9 oito anos de pris\u00e3o. Agress\u00f5es ao pai ocorreram a 20 de outubro de 2025, em Lisboa, e a acusa\u00e7\u00e3o contesta a exist\u00eancia de plano no ataque. A defesa sustenta que n\u00e3o houve dolo e que n\u00e3o foi encontrado qualquer objeto corto-perfurante; aponta que n\u00e3o h\u00e1 provas de homic\u00eddio qualificado tentado. O Minist\u00e9rio P\u00fablico mant\u00e9m a acusa\u00e7\u00e3o e a defesa lembra que, \u00e0 \u00e9poca dos factos, a arguida era bipolar; o juiz de instru\u00e7\u00e3o j\u00e1 decretou inimputabilidade, segundo o advogado. Ana Anes continua detida no hospital-pris\u00e3o de Caxias desde janeiro, com tratamento m\u00e9dico permanente; foram solicitados novos testes para considerar tratamento ambulat\u00f3rio em casa.\" \/>\n<meta property=\"og:url\" content=\"https:\/\/portaltela.pt\/noticias\/2026\/04\/29\/filha-de-jose-manuel-anes-enfrenta-ate-oito-anos-de-cadeia\/\" \/>\n<meta property=\"og:site_name\" content=\"Portal Tela Portugal\" \/>\n<meta property=\"article:published_time\" content=\"2026-04-30T00:48:05+00:00\" \/>\n<meta name=\"author\" content=\"Telinha\" \/>\n<meta name=\"twitter:card\" content=\"summary_large_image\" \/>\n<meta name=\"twitter:label1\" content=\"Escrito por\" \/>\n\t<meta name=\"twitter:data1\" content=\"Telinha\" \/>\n\t<meta name=\"twitter:label2\" content=\"Tempo estimado de leitura\" \/>\n\t<meta name=\"twitter:data2\" content=\"1 minuto\" \/>\n<script type=\"application\/ld+json\" class=\"yoast-schema-graph\">{\"@context\":\"https:\/\/schema.org\",\"@graph\":[{\"@type\":\"Article\",\"@id\":\"https:\/\/portaltela.pt\/noticias\/2026\/04\/29\/filha-de-jose-manuel-anes-enfrenta-ate-oito-anos-de-cadeia\/#article\",\"isPartOf\":{\"@id\":\"https:\/\/portaltela.pt\/noticias\/2026\/04\/29\/filha-de-jose-manuel-anes-enfrenta-ate-oito-anos-de-cadeia\/\"},\"author\":{\"name\":\"Telinha\",\"@id\":\"https:\/\/portaltela.pt\/#\/schema\/person\/c4278d4a6028830caff9ee44b42d32ed\"},\"headline\":\"Filha de Jos\u00e9 Manuel Anes enfrenta at\u00e9 oito anos de cadeia\",\"datePublished\":\"2026-04-30T00:48:05+00:00\",\"mainEntityOfPage\":{\"@id\":\"https:\/\/portaltela.pt\/noticias\/2026\/04\/29\/filha-de-jose-manuel-anes-enfrenta-ate-oito-anos-de-cadeia\/\"},\"wordCount\":276,\"image\":{\"@id\":\"https:\/\/portaltela.pt\/noticias\/2026\/04\/29\/filha-de-jose-manuel-anes-enfrenta-ate-oito-anos-de-cadeia\/#primaryimage\"},\"thumbnailUrl\":\"https:\/\/portaltela.pt\/s.01k8rhncp4jt1\/2026\/04\/img_1500x1000uu2025-11-14-20-18-34-2248353-im-639130831360836537.jpg\",\"keywords\":[\"_fam\u00edlia\",\"_homic\u00eddio\",\"_Lisboa\",\"_pessoas\",\"_Portugal\",\"_tentativa de homic\u00eddio\"],\"articleSection\":[\"Justi\u00e7a\",\"Not\u00edcias\"],\"inLanguage\":\"pt-PT\"},{\"@type\":\"WebPage\",\"@id\":\"https:\/\/portaltela.pt\/noticias\/2026\/04\/29\/filha-de-jose-manuel-anes-enfrenta-ate-oito-anos-de-cadeia\/\",\"url\":\"https:\/\/portaltela.pt\/noticias\/2026\/04\/29\/filha-de-jose-manuel-anes-enfrenta-ate-oito-anos-de-cadeia\/\",\"name\":\"Filha de Jos\u00e9 Manuel Anes enfrenta at\u00e9 oito anos de cadeia - Portal Tela Portugal\",\"isPartOf\":{\"@id\":\"https:\/\/portaltela.pt\/#website\"},\"primaryImageOfPage\":{\"@id\":\"https:\/\/portaltela.pt\/noticias\/2026\/04\/29\/filha-de-jose-manuel-anes-enfrenta-ate-oito-anos-de-cadeia\/#primaryimage\"},\"image\":{\"@id\":\"https:\/\/portaltela.pt\/noticias\/2026\/04\/29\/filha-de-jose-manuel-anes-enfrenta-ate-oito-anos-de-cadeia\/#primaryimage\"},\"thumbnailUrl\":\"https:\/\/portaltela.pt\/s.01k8rhncp4jt1\/2026\/04\/img_1500x1000uu2025-11-14-20-18-34-2248353-im-639130831360836537.jpg\",\"datePublished\":\"2026-04-30T00:48:05+00:00\",\"author\":{\"@id\":\"https:\/\/portaltela.pt\/#\/schema\/person\/c4278d4a6028830caff9ee44b42d32ed\"},\"breadcrumb\":{\"@id\":\"https:\/\/portaltela.pt\/noticias\/2026\/04\/29\/filha-de-jose-manuel-anes-enfrenta-ate-oito-anos-de-cadeia\/#breadcrumb\"},\"inLanguage\":\"pt-PT\",\"potentialAction\":[{\"@type\":\"ReadAction\",\"target\":[\"https:\/\/portaltela.pt\/noticias\/2026\/04\/29\/filha-de-jose-manuel-anes-enfrenta-ate-oito-anos-de-cadeia\/\"]}]},{\"@type\":\"ImageObject\",\"inLanguage\":\"pt-PT\",\"@id\":\"https:\/\/portaltela.pt\/noticias\/2026\/04\/29\/filha-de-jose-manuel-anes-enfrenta-ate-oito-anos-de-cadeia\/#primaryimage\",\"url\":\"https:\/\/portaltela.pt\/s.01k8rhncp4jt1\/2026\/04\/img_1500x1000uu2025-11-14-20-18-34-2248353-im-639130831360836537.jpg\",\"contentUrl\":\"https:\/\/portaltela.pt\/s.01k8rhncp4jt1\/2026\/04\/img_1500x1000uu2025-11-14-20-18-34-2248353-im-639130831360836537.jpg\",\"width\":796,\"height\":448,\"caption\":\"Jos\u00e9 Manuel Anes foi atacado pela filha em casa\"},{\"@type\":\"BreadcrumbList\",\"@id\":\"https:\/\/portaltela.pt\/noticias\/2026\/04\/29\/filha-de-jose-manuel-anes-enfrenta-ate-oito-anos-de-cadeia\/#breadcrumb\",\"itemListElement\":[{\"@type\":\"ListItem\",\"position\":1,\"name\":\"In\u00edcio\",\"item\":\"https:\/\/portaltela.pt\/\"},{\"@type\":\"ListItem\",\"position\":2,\"name\":\"Filha de Jos\u00e9 Manuel Anes enfrenta at\u00e9 oito anos de cadeia\"}]},{\"@type\":\"WebSite\",\"@id\":\"https:\/\/portaltela.pt\/#website\",\"url\":\"https:\/\/portaltela.pt\/\",\"name\":\"Portal Tela Portugal\",\"description\":\"\",\"potentialAction\":[{\"@type\":\"SearchAction\",\"target\":{\"@type\":\"EntryPoint\",\"urlTemplate\":\"https:\/\/portaltela.pt\/?s={search_term_string}\"},\"query-input\":{\"@type\":\"PropertyValueSpecification\",\"valueRequired\":true,\"valueName\":\"search_term_string\"}}],\"inLanguage\":\"pt-PT\"},{\"@type\":\"Person\",\"@id\":\"https:\/\/portaltela.pt\/#\/schema\/person\/c4278d4a6028830caff9ee44b42d32ed\",\"name\":\"Telinha\",\"image\":{\"@type\":\"ImageObject\",\"inLanguage\":\"pt-PT\",\"@id\":\"https:\/\/portaltela.pt\/s.01k8rhncp4jt1\/2025\/11\/talking-bot-125x125.png\",\"url\":\"https:\/\/portaltela.pt\/s.01k8rhncp4jt1\/2025\/11\/talking-bot-125x125.png\",\"contentUrl\":\"https:\/\/portaltela.pt\/s.01k8rhncp4jt1\/2025\/11\/talking-bot-125x125.png\",\"caption\":\"Telinha\"},\"sameAs\":[\"https:\/\/portaltela.pt\/\"],\"url\":\"https:\/\/portaltela.pt\/por\/367410592786\/\"}]}<\/script>\n<!-- \/ Yoast SEO plugin. -->","yoast_head_json":{"title":"Filha de Jos\u00e9 Manuel Anes enfrenta at\u00e9 oito anos de cadeia - Portal Tela Portugal","robots":{"index":"index","follow":"follow","max-snippet":"max-snippet:-1","max-image-preview":"max-image-preview:large","max-video-preview":"max-video-preview:-1"},"og_locale":"pt_PT","og_type":"article","og_title":"Filha de Jos\u00e9 Manuel Anes enfrenta at\u00e9 oito anos de cadeia - Portal Tela Portugal","og_description":"Ana Anes, 53 anos, filha do ex-presidente do Observat\u00f3rio de Seguran\u00e7a Jos\u00e9 Manuel Anes, \u00e9 acusada pelo Minist\u00e9rio P\u00fablico de Lisboa de homic\u00eddio simples na forma tentada, com pena prevista at\u00e9 oito anos de pris\u00e3o. Agress\u00f5es ao pai ocorreram a 20 de outubro de 2025, em Lisboa, e a acusa\u00e7\u00e3o contesta a exist\u00eancia de plano no ataque. A defesa sustenta que n\u00e3o houve dolo e que n\u00e3o foi encontrado qualquer objeto corto-perfurante; aponta que n\u00e3o h\u00e1 provas de homic\u00eddio qualificado tentado. O Minist\u00e9rio P\u00fablico mant\u00e9m a acusa\u00e7\u00e3o e a defesa lembra que, \u00e0 \u00e9poca dos factos, a arguida era bipolar; o juiz de instru\u00e7\u00e3o j\u00e1 decretou inimputabilidade, segundo o advogado. Ana Anes continua detida no hospital-pris\u00e3o de Caxias desde janeiro, com tratamento m\u00e9dico permanente; foram solicitados novos testes para considerar tratamento ambulat\u00f3rio em casa.","og_url":"https:\/\/portaltela.pt\/noticias\/2026\/04\/29\/filha-de-jose-manuel-anes-enfrenta-ate-oito-anos-de-cadeia\/","og_site_name":"Portal Tela Portugal","article_published_time":"2026-04-30T00:48:05+00:00","author":"Telinha","twitter_card":"summary_large_image","twitter_misc":{"Escrito por":"Telinha","Tempo estimado de leitura":"1 minuto"},"schema":{"@context":"https:\/\/schema.org","@graph":[{"@type":"Article","@id":"https:\/\/portaltela.pt\/noticias\/2026\/04\/29\/filha-de-jose-manuel-anes-enfrenta-ate-oito-anos-de-cadeia\/#article","isPartOf":{"@id":"https:\/\/portaltela.pt\/noticias\/2026\/04\/29\/filha-de-jose-manuel-anes-enfrenta-ate-oito-anos-de-cadeia\/"},"author":{"name":"Telinha","@id":"https:\/\/portaltela.pt\/#\/schema\/person\/c4278d4a6028830caff9ee44b42d32ed"},"headline":"Filha de Jos\u00e9 Manuel Anes enfrenta at\u00e9 oito anos de cadeia","datePublished":"2026-04-30T00:48:05+00:00","mainEntityOfPage":{"@id":"https:\/\/portaltela.pt\/noticias\/2026\/04\/29\/filha-de-jose-manuel-anes-enfrenta-ate-oito-anos-de-cadeia\/"},"wordCount":276,"image":{"@id":"https:\/\/portaltela.pt\/noticias\/2026\/04\/29\/filha-de-jose-manuel-anes-enfrenta-ate-oito-anos-de-cadeia\/#primaryimage"},"thumbnailUrl":"https:\/\/portaltela.pt\/s.01k8rhncp4jt1\/2026\/04\/img_1500x1000uu2025-11-14-20-18-34-2248353-im-639130831360836537.jpg","keywords":["_fam\u00edlia","_homic\u00eddio","_Lisboa","_pessoas","_Portugal","_tentativa de homic\u00eddio"],"articleSection":["Justi\u00e7a","Not\u00edcias"],"inLanguage":"pt-PT"},{"@type":"WebPage","@id":"https:\/\/portaltela.pt\/noticias\/2026\/04\/29\/filha-de-jose-manuel-anes-enfrenta-ate-oito-anos-de-cadeia\/","url":"https:\/\/portaltela.pt\/noticias\/2026\/04\/29\/filha-de-jose-manuel-anes-enfrenta-ate-oito-anos-de-cadeia\/","name":"Filha de Jos\u00e9 Manuel Anes enfrenta at\u00e9 oito anos de cadeia - Portal Tela Portugal","isPartOf":{"@id":"https:\/\/portaltela.pt\/#website"},"primaryImageOfPage":{"@id":"https:\/\/portaltela.pt\/noticias\/2026\/04\/29\/filha-de-jose-manuel-anes-enfrenta-ate-oito-anos-de-cadeia\/#primaryimage"},"image":{"@id":"https:\/\/portaltela.pt\/noticias\/2026\/04\/29\/filha-de-jose-manuel-anes-enfrenta-ate-oito-anos-de-cadeia\/#primaryimage"},"thumbnailUrl":"https:\/\/portaltela.pt\/s.01k8rhncp4jt1\/2026\/04\/img_1500x1000uu2025-11-14-20-18-34-2248353-im-639130831360836537.jpg","datePublished":"2026-04-30T00:48:05+00:00","author":{"@id":"https:\/\/portaltela.pt\/#\/schema\/person\/c4278d4a6028830caff9ee44b42d32ed"},"breadcrumb":{"@id":"https:\/\/portaltela.pt\/noticias\/2026\/04\/29\/filha-de-jose-manuel-anes-enfrenta-ate-oito-anos-de-cadeia\/#breadcrumb"},"inLanguage":"pt-PT","potentialAction":[{"@type":"ReadAction","target":["https:\/\/portaltela.pt\/noticias\/2026\/04\/29\/filha-de-jose-manuel-anes-enfrenta-ate-oito-anos-de-cadeia\/"]}]},{"@type":"ImageObject","inLanguage":"pt-PT","@id":"https:\/\/portaltela.pt\/noticias\/2026\/04\/29\/filha-de-jose-manuel-anes-enfrenta-ate-oito-anos-de-cadeia\/#primaryimage","url":"https:\/\/portaltela.pt\/s.01k8rhncp4jt1\/2026\/04\/img_1500x1000uu2025-11-14-20-18-34-2248353-im-639130831360836537.jpg","contentUrl":"https:\/\/portaltela.pt\/s.01k8rhncp4jt1\/2026\/04\/img_1500x1000uu2025-11-14-20-18-34-2248353-im-639130831360836537.jpg","width":796,"height":448,"caption":"Jos\u00e9 Manuel Anes foi atacado pela filha em casa"},{"@type":"BreadcrumbList","@id":"https:\/\/portaltela.pt\/noticias\/2026\/04\/29\/filha-de-jose-manuel-anes-enfrenta-ate-oito-anos-de-cadeia\/#breadcrumb","itemListElement":[{"@type":"ListItem","position":1,"name":"In\u00edcio","item":"https:\/\/portaltela.pt\/"},{"@type":"ListItem","position":2,"name":"Filha de Jos\u00e9 Manuel Anes enfrenta at\u00e9 oito anos de cadeia"}]},{"@type":"WebSite","@id":"https:\/\/portaltela.pt\/#website","url":"https:\/\/portaltela.pt\/","name":"Portal Tela Portugal","description":"","potentialAction":[{"@type":"SearchAction","target":{"@type":"EntryPoint","urlTemplate":"https:\/\/portaltela.pt\/?s={search_term_string}"},"query-input":{"@type":"PropertyValueSpecification","valueRequired":true,"valueName":"search_term_string"}}],"inLanguage":"pt-PT"},{"@type":"Person","@id":"https:\/\/portaltela.pt\/#\/schema\/person\/c4278d4a6028830caff9ee44b42d32ed","name":"Telinha","image":{"@type":"ImageObject","inLanguage":"pt-PT","@id":"https:\/\/portaltela.pt\/s.01k8rhncp4jt1\/2025\/11\/talking-bot-125x125.png","url":"https:\/\/portaltela.pt\/s.01k8rhncp4jt1\/2025\/11\/talking-bot-125x125.png","contentUrl":"https:\/\/portaltela.pt\/s.01k8rhncp4jt1\/2025\/11\/talking-bot-125x125.png","caption":"Telinha"},"sameAs":["https:\/\/portaltela.pt\/"],"url":"https:\/\/portaltela.pt\/por\/367410592786\/"}]}},"_links":{"self":[{"href":"https:\/\/portaltela.pt\/api\/wp\/v2\/posts\/461745","targetHints":{"allow":["GET"]}}],"collection":[{"href":"https:\/\/portaltela.pt\/api\/wp\/v2\/posts"}],"about":[{"href":"https:\/\/portaltela.pt\/api\/wp\/v2\/types\/post"}],"author":[{"embeddable":true,"href":"https:\/\/portaltela.pt\/api\/wp\/v2\/users\/2"}],"replies":[{"embeddable":true,"href":"https:\/\/portaltela.pt\/api\/wp\/v2\/comments?post=461745"}],"version-history":[{"count":0,"href":"https:\/\/portaltela.pt\/api\/wp\/v2\/posts\/461745\/revisions"}],"wp:featuredmedia":[{"embeddable":true,"href":"https:\/\/portaltela.pt\/api\/wp\/v2\/media\/461755"}],"wp:attachment":[{"href":"https:\/\/portaltela.pt\/api\/wp\/v2\/media?parent=461745"}],"wp:term":[{"taxonomy":"category","embeddable":true,"href":"https:\/\/portaltela.pt\/api\/wp\/v2\/categories?post=461745"},{"taxonomy":"post_tag","embeddable":true,"href":"https:\/\/portaltela.pt\/api\/wp\/v2\/tags?post=461745"}],"curies":[{"name":"wp","href":"https:\/\/api.w.org\/{rel}","templated":true}]}}