{"id":461744,"date":"2026-04-29T21:48:04","date_gmt":"2026-04-30T00:48:04","guid":{"rendered":"https:\/\/portaltela.pt\/noticias\/2026\/04\/29\/fim-de-semana-prolongado-com-chuva-e-ceu-nublado\/"},"modified":"2026-04-29T21:48:04","modified_gmt":"2026-04-30T00:48:04","slug":"fim-de-semana-prolongado-com-chuva-e-ceu-nublado","status":"publish","type":"post","link":"https:\/\/portaltela.pt\/tempo\/2026\/04\/29\/fim-de-semana-prolongado-com-chuva-e-ceu-nublado\/","title":{"rendered":"Fim de semana prolongado com chuva e c\u00e9u nublado"},"content":{"rendered":"<p>O fim de semana prolongado prev\u00ea chuva e c\u00e9u nublado em Portugal, com aguaceiros no Norte nesta sexta-feira, segundo o IPMA. As temperaturas v\u00e3o oscilar entre 6\u00baC e 25\u00baC, afectando v\u00e1rias regi\u00f5es.<\/p>\n<p>No s\u00e1bado, a precipita\u00e7\u00e3o generaliza-se a todo o territ\u00f3rio, mas sem aguaceiros fortes, conforme a meteorologista Alexandra Fonseca, do IPMA, em declara\u00e7\u00f5es ao Correio da Manh\u00e3. No domingo, a frequ\u00eancia de aguaceiros diminui, limitando-se ao Norte e ao Centro.<\/p>\n<h3>Perspetiva do fim de semana<\/h3>\n<p>As previs\u00f5es indicam tempo mais aberto no litoral e no sul, com a sexta-feira a apresentar as temperaturas m\u00e1ximas mais altas: 25\u00baC em Santar\u00e9m, \u00c9vora e Beja, e 24\u00baC em Castelo Branco. No Algarve, Faro pode chegar aos 22\u00baC, Portim\u00e3o aos 23\u00baC e Tavira aos 24\u00baC, mantendo c\u00e9u nublado.<\/p>\n<p>As m\u00ednimas devem ficar abaixo de 10\u00baC em v\u00e1rias cidades: Guarda 6\u00baC; Bragan\u00e7a e Viseu 7\u00baC; Vila Real 8\u00baC; e Viana do Castelo, Braga, Castelo Branco, Portalegre, Set\u00fabal e \u00c9vora 9\u00baC. O temporal n\u00e3o implica mudan\u00e7as bruscas no fim de semana, apenas frio matinal.<\/p>\n<h3>Perspetiva para a pr\u00f3xima semana<\/h3>\n<p>Segundo a mesma especialista, o anticiclone dos A\u00e7ores deve intensificar-se, com possibilidade de aguaceiros dispersos no in\u00edcio da semana. O tempo mant\u00e9m-se inst\u00e1vel, com melhorias intercaladas, tipicamente associado \u00e0 transi\u00e7\u00e3o sazonal.<\/p>\n","protected":false},"excerpt":{"rendered":"<ul>\n<li>Este fim de semana prolongado ter\u00e1 c\u00e9u nublado com aguaceiros fracos no Norte na sexta-feira e chuva generalizada no s\u00e1bado, com diminui\u00e7\u00e3o no Norte e Centro no domingo.<\/li>\n<li>As temperaturas variam entre 6 graus de m\u00ednima e 25 graus de m\u00e1xima, sendo a sexta-feira o dia mais quente no territ\u00f3rio.<\/li>\n<li>Santar\u00e9m, \u00c9vora e Beja podem atingir 25 \u00b0C, Castelo Branco cerca de 24 \u00b0C, e o Algarve ter\u00e1 m\u00e1ximas entre 22 \u00b0C e 24 \u00b0C com c\u00e9u nublado.<\/li>\n<li>As m\u00ednimas ficam abaixo de 10 \u00b0C em v\u00e1rias capitais de distrito (Guarda 6 \u00b0C; Bragan\u00e7a e Viseu 7 \u00b0C; Vila Real 8 \u00b0C; 9 \u00b0C noutras cidades como Portalegre e Set\u00fabal).<\/li>\n<li>Na pr\u00f3xima semana, o anticiclone dos A\u00e7ores dever\u00e1 intensificar-se, com possibilidade de aguaceiros dispersos no in\u00edcio e tempo inst\u00e1vel com melhorias intermitentes.<\/li>\n<\/ul>\n","protected":false},"author":2,"featured_media":461753,"comment_status":"closed","ping_status":"closed","sticky":false,"template":"","format":"standard","meta":{"footnotes":""},"categories":[1,7365],"tags":[8099,8773,9398,8077,8089,8490],"class_list":["post-461744","post","type-post","status-publish","format-standard","has-post-thumbnail","hentry","category-noticias","category-tempo","tag-_algarve","tag-_centro","tag-_clima","tag-_evora","tag-_norte","tag-_santarem"],"yoast_head":"<!-- This site is optimized with the Yoast SEO plugin v27.2 - https:\/\/yoast.com\/product\/yoast-seo-wordpress\/ -->\n<title>Fim de semana prolongado com chuva e c\u00e9u nublado - Portal Tela Portugal<\/title>\n<meta name=\"robots\" content=\"index, follow, max-snippet:-1, max-image-preview:large, max-video-preview:-1\" \/>\n<meta property=\"og:locale\" content=\"pt_PT\" \/>\n<meta property=\"og:type\" content=\"article\" \/>\n<meta property=\"og:title\" content=\"Fim de semana prolongado com chuva e c\u00e9u nublado - Portal Tela Portugal\" \/>\n<meta property=\"og:description\" content=\"Este fim de semana prolongado ter\u00e1 c\u00e9u nublado com aguaceiros fracos no Norte na sexta-feira e chuva generalizada no s\u00e1bado, com diminui\u00e7\u00e3o no Norte e Centro no domingo. As temperaturas variam entre 6 graus de m\u00ednima e 25 graus de m\u00e1xima, sendo a sexta-feira o dia mais quente no territ\u00f3rio. Santar\u00e9m, \u00c9vora e Beja podem atingir 25 \u00b0C, Castelo Branco cerca de 24 \u00b0C, e o Algarve ter\u00e1 m\u00e1ximas entre 22 \u00b0C e 24 \u00b0C com c\u00e9u nublado. As m\u00ednimas ficam abaixo de 10 \u00b0C em v\u00e1rias capitais de distrito (Guarda 6 \u00b0C; Bragan\u00e7a e Viseu 7 \u00b0C; Vila Real 8 \u00b0C; 9 \u00b0C noutras cidades como Portalegre e Set\u00fabal). Na pr\u00f3xima semana, o anticiclone dos A\u00e7ores dever\u00e1 intensificar-se, com possibilidade de aguaceiros dispersos no in\u00edcio e tempo inst\u00e1vel com melhorias intermitentes.\" \/>\n<meta property=\"og:url\" content=\"https:\/\/portaltela.pt\/noticias\/2026\/04\/29\/fim-de-semana-prolongado-com-chuva-e-ceu-nublado\/\" \/>\n<meta property=\"og:site_name\" content=\"Portal Tela Portugal\" \/>\n<meta property=\"article:published_time\" content=\"2026-04-30T00:48:04+00:00\" \/>\n<meta name=\"author\" content=\"Telinha\" \/>\n<meta name=\"twitter:card\" content=\"summary_large_image\" \/>\n<meta name=\"twitter:label1\" content=\"Escrito por\" \/>\n\t<meta name=\"twitter:data1\" content=\"Telinha\" \/>\n\t<meta name=\"twitter:label2\" content=\"Tempo estimado de leitura\" \/>\n\t<meta name=\"twitter:data2\" content=\"1 minuto\" \/>\n<script type=\"application\/ld+json\" class=\"yoast-schema-graph\">{\"@context\":\"https:\/\/schema.org\",\"@graph\":[{\"@type\":\"Article\",\"@id\":\"https:\/\/portaltela.pt\/noticias\/2026\/04\/29\/fim-de-semana-prolongado-com-chuva-e-ceu-nublado\/#article\",\"isPartOf\":{\"@id\":\"https:\/\/portaltela.pt\/noticias\/2026\/04\/29\/fim-de-semana-prolongado-com-chuva-e-ceu-nublado\/\"},\"author\":{\"name\":\"Telinha\",\"@id\":\"https:\/\/portaltela.pt\/#\/schema\/person\/c4278d4a6028830caff9ee44b42d32ed\"},\"headline\":\"Fim de semana prolongado com chuva e c\u00e9u nublado\",\"datePublished\":\"2026-04-30T00:48:04+00:00\",\"mainEntityOfPage\":{\"@id\":\"https:\/\/portaltela.pt\/noticias\/2026\/04\/29\/fim-de-semana-prolongado-com-chuva-e-ceu-nublado\/\"},\"wordCount\":240,\"image\":{\"@id\":\"https:\/\/portaltela.pt\/noticias\/2026\/04\/29\/fim-de-semana-prolongado-com-chuva-e-ceu-nublado\/#primaryimage\"},\"thumbnailUrl\":\"https:\/\/portaltela.pt\/s.01k8rhncp4jt1\/2026\/04\/img_1280x721uu2015-08-21-10-30-00-478371.jpg\",\"keywords\":[\"_Algarve\",\"_Centro\",\"_clima\",\"_\u00c9vora\",\"_Norte\",\"_Santar\u00e9m\"],\"articleSection\":[\"Not\u00edcias\",\"Tempo\"],\"inLanguage\":\"pt-PT\"},{\"@type\":\"WebPage\",\"@id\":\"https:\/\/portaltela.pt\/noticias\/2026\/04\/29\/fim-de-semana-prolongado-com-chuva-e-ceu-nublado\/\",\"url\":\"https:\/\/portaltela.pt\/noticias\/2026\/04\/29\/fim-de-semana-prolongado-com-chuva-e-ceu-nublado\/\",\"name\":\"Fim de semana prolongado com chuva e c\u00e9u nublado - Portal Tela Portugal\",\"isPartOf\":{\"@id\":\"https:\/\/portaltela.pt\/#website\"},\"primaryImageOfPage\":{\"@id\":\"https:\/\/portaltela.pt\/noticias\/2026\/04\/29\/fim-de-semana-prolongado-com-chuva-e-ceu-nublado\/#primaryimage\"},\"image\":{\"@id\":\"https:\/\/portaltela.pt\/noticias\/2026\/04\/29\/fim-de-semana-prolongado-com-chuva-e-ceu-nublado\/#primaryimage\"},\"thumbnailUrl\":\"https:\/\/portaltela.pt\/s.01k8rhncp4jt1\/2026\/04\/img_1280x721uu2015-08-21-10-30-00-478371.jpg\",\"datePublished\":\"2026-04-30T00:48:04+00:00\",\"author\":{\"@id\":\"https:\/\/portaltela.pt\/#\/schema\/person\/c4278d4a6028830caff9ee44b42d32ed\"},\"breadcrumb\":{\"@id\":\"https:\/\/portaltela.pt\/noticias\/2026\/04\/29\/fim-de-semana-prolongado-com-chuva-e-ceu-nublado\/#breadcrumb\"},\"inLanguage\":\"pt-PT\",\"potentialAction\":[{\"@type\":\"ReadAction\",\"target\":[\"https:\/\/portaltela.pt\/noticias\/2026\/04\/29\/fim-de-semana-prolongado-com-chuva-e-ceu-nublado\/\"]}]},{\"@type\":\"ImageObject\",\"inLanguage\":\"pt-PT\",\"@id\":\"https:\/\/portaltela.pt\/noticias\/2026\/04\/29\/fim-de-semana-prolongado-com-chuva-e-ceu-nublado\/#primaryimage\",\"url\":\"https:\/\/portaltela.pt\/s.01k8rhncp4jt1\/2026\/04\/img_1280x721uu2015-08-21-10-30-00-478371.jpg\",\"contentUrl\":\"https:\/\/portaltela.pt\/s.01k8rhncp4jt1\/2026\/04\/img_1280x721uu2015-08-21-10-30-00-478371.jpg\",\"width\":796,\"height\":448,\"caption\":\"C\u00e9u vai estar nublado ou muito nublado neste fim de semana prolongado\"},{\"@type\":\"BreadcrumbList\",\"@id\":\"https:\/\/portaltela.pt\/noticias\/2026\/04\/29\/fim-de-semana-prolongado-com-chuva-e-ceu-nublado\/#breadcrumb\",\"itemListElement\":[{\"@type\":\"ListItem\",\"position\":1,\"name\":\"In\u00edcio\",\"item\":\"https:\/\/portaltela.pt\/\"},{\"@type\":\"ListItem\",\"position\":2,\"name\":\"Fim de semana prolongado com chuva e c\u00e9u nublado\"}]},{\"@type\":\"WebSite\",\"@id\":\"https:\/\/portaltela.pt\/#website\",\"url\":\"https:\/\/portaltela.pt\/\",\"name\":\"Portal Tela Portugal\",\"description\":\"\",\"potentialAction\":[{\"@type\":\"SearchAction\",\"target\":{\"@type\":\"EntryPoint\",\"urlTemplate\":\"https:\/\/portaltela.pt\/?s={search_term_string}\"},\"query-input\":{\"@type\":\"PropertyValueSpecification\",\"valueRequired\":true,\"valueName\":\"search_term_string\"}}],\"inLanguage\":\"pt-PT\"},{\"@type\":\"Person\",\"@id\":\"https:\/\/portaltela.pt\/#\/schema\/person\/c4278d4a6028830caff9ee44b42d32ed\",\"name\":\"Telinha\",\"image\":{\"@type\":\"ImageObject\",\"inLanguage\":\"pt-PT\",\"@id\":\"https:\/\/portaltela.pt\/s.01k8rhncp4jt1\/2025\/11\/talking-bot-125x125.png\",\"url\":\"https:\/\/portaltela.pt\/s.01k8rhncp4jt1\/2025\/11\/talking-bot-125x125.png\",\"contentUrl\":\"https:\/\/portaltela.pt\/s.01k8rhncp4jt1\/2025\/11\/talking-bot-125x125.png\",\"caption\":\"Telinha\"},\"sameAs\":[\"https:\/\/portaltela.pt\/\"],\"url\":\"https:\/\/portaltela.pt\/por\/367410592786\/\"}]}<\/script>\n<!-- \/ Yoast SEO plugin. -->","yoast_head_json":{"title":"Fim de semana prolongado com chuva e c\u00e9u nublado - Portal Tela Portugal","robots":{"index":"index","follow":"follow","max-snippet":"max-snippet:-1","max-image-preview":"max-image-preview:large","max-video-preview":"max-video-preview:-1"},"og_locale":"pt_PT","og_type":"article","og_title":"Fim de semana prolongado com chuva e c\u00e9u nublado - Portal Tela Portugal","og_description":"Este fim de semana prolongado ter\u00e1 c\u00e9u nublado com aguaceiros fracos no Norte na sexta-feira e chuva generalizada no s\u00e1bado, com diminui\u00e7\u00e3o no Norte e Centro no domingo. As temperaturas variam entre 6 graus de m\u00ednima e 25 graus de m\u00e1xima, sendo a sexta-feira o dia mais quente no territ\u00f3rio. Santar\u00e9m, \u00c9vora e Beja podem atingir 25 \u00b0C, Castelo Branco cerca de 24 \u00b0C, e o Algarve ter\u00e1 m\u00e1ximas entre 22 \u00b0C e 24 \u00b0C com c\u00e9u nublado. As m\u00ednimas ficam abaixo de 10 \u00b0C em v\u00e1rias capitais de distrito (Guarda 6 \u00b0C; Bragan\u00e7a e Viseu 7 \u00b0C; Vila Real 8 \u00b0C; 9 \u00b0C noutras cidades como Portalegre e Set\u00fabal). Na pr\u00f3xima semana, o anticiclone dos A\u00e7ores dever\u00e1 intensificar-se, com possibilidade de aguaceiros dispersos no in\u00edcio e tempo inst\u00e1vel com melhorias intermitentes.","og_url":"https:\/\/portaltela.pt\/noticias\/2026\/04\/29\/fim-de-semana-prolongado-com-chuva-e-ceu-nublado\/","og_site_name":"Portal Tela Portugal","article_published_time":"2026-04-30T00:48:04+00:00","author":"Telinha","twitter_card":"summary_large_image","twitter_misc":{"Escrito por":"Telinha","Tempo estimado de leitura":"1 minuto"},"schema":{"@context":"https:\/\/schema.org","@graph":[{"@type":"Article","@id":"https:\/\/portaltela.pt\/noticias\/2026\/04\/29\/fim-de-semana-prolongado-com-chuva-e-ceu-nublado\/#article","isPartOf":{"@id":"https:\/\/portaltela.pt\/noticias\/2026\/04\/29\/fim-de-semana-prolongado-com-chuva-e-ceu-nublado\/"},"author":{"name":"Telinha","@id":"https:\/\/portaltela.pt\/#\/schema\/person\/c4278d4a6028830caff9ee44b42d32ed"},"headline":"Fim de semana prolongado com chuva e c\u00e9u nublado","datePublished":"2026-04-30T00:48:04+00:00","mainEntityOfPage":{"@id":"https:\/\/portaltela.pt\/noticias\/2026\/04\/29\/fim-de-semana-prolongado-com-chuva-e-ceu-nublado\/"},"wordCount":240,"image":{"@id":"https:\/\/portaltela.pt\/noticias\/2026\/04\/29\/fim-de-semana-prolongado-com-chuva-e-ceu-nublado\/#primaryimage"},"thumbnailUrl":"https:\/\/portaltela.pt\/s.01k8rhncp4jt1\/2026\/04\/img_1280x721uu2015-08-21-10-30-00-478371.jpg","keywords":["_Algarve","_Centro","_clima","_\u00c9vora","_Norte","_Santar\u00e9m"],"articleSection":["Not\u00edcias","Tempo"],"inLanguage":"pt-PT"},{"@type":"WebPage","@id":"https:\/\/portaltela.pt\/noticias\/2026\/04\/29\/fim-de-semana-prolongado-com-chuva-e-ceu-nublado\/","url":"https:\/\/portaltela.pt\/noticias\/2026\/04\/29\/fim-de-semana-prolongado-com-chuva-e-ceu-nublado\/","name":"Fim de semana prolongado com chuva e c\u00e9u nublado - Portal Tela Portugal","isPartOf":{"@id":"https:\/\/portaltela.pt\/#website"},"primaryImageOfPage":{"@id":"https:\/\/portaltela.pt\/noticias\/2026\/04\/29\/fim-de-semana-prolongado-com-chuva-e-ceu-nublado\/#primaryimage"},"image":{"@id":"https:\/\/portaltela.pt\/noticias\/2026\/04\/29\/fim-de-semana-prolongado-com-chuva-e-ceu-nublado\/#primaryimage"},"thumbnailUrl":"https:\/\/portaltela.pt\/s.01k8rhncp4jt1\/2026\/04\/img_1280x721uu2015-08-21-10-30-00-478371.jpg","datePublished":"2026-04-30T00:48:04+00:00","author":{"@id":"https:\/\/portaltela.pt\/#\/schema\/person\/c4278d4a6028830caff9ee44b42d32ed"},"breadcrumb":{"@id":"https:\/\/portaltela.pt\/noticias\/2026\/04\/29\/fim-de-semana-prolongado-com-chuva-e-ceu-nublado\/#breadcrumb"},"inLanguage":"pt-PT","potentialAction":[{"@type":"ReadAction","target":["https:\/\/portaltela.pt\/noticias\/2026\/04\/29\/fim-de-semana-prolongado-com-chuva-e-ceu-nublado\/"]}]},{"@type":"ImageObject","inLanguage":"pt-PT","@id":"https:\/\/portaltela.pt\/noticias\/2026\/04\/29\/fim-de-semana-prolongado-com-chuva-e-ceu-nublado\/#primaryimage","url":"https:\/\/portaltela.pt\/s.01k8rhncp4jt1\/2026\/04\/img_1280x721uu2015-08-21-10-30-00-478371.jpg","contentUrl":"https:\/\/portaltela.pt\/s.01k8rhncp4jt1\/2026\/04\/img_1280x721uu2015-08-21-10-30-00-478371.jpg","width":796,"height":448,"caption":"C\u00e9u vai estar nublado ou muito nublado neste fim de semana prolongado"},{"@type":"BreadcrumbList","@id":"https:\/\/portaltela.pt\/noticias\/2026\/04\/29\/fim-de-semana-prolongado-com-chuva-e-ceu-nublado\/#breadcrumb","itemListElement":[{"@type":"ListItem","position":1,"name":"In\u00edcio","item":"https:\/\/portaltela.pt\/"},{"@type":"ListItem","position":2,"name":"Fim de semana prolongado com chuva e c\u00e9u nublado"}]},{"@type":"WebSite","@id":"https:\/\/portaltela.pt\/#website","url":"https:\/\/portaltela.pt\/","name":"Portal Tela Portugal","description":"","potentialAction":[{"@type":"SearchAction","target":{"@type":"EntryPoint","urlTemplate":"https:\/\/portaltela.pt\/?s={search_term_string}"},"query-input":{"@type":"PropertyValueSpecification","valueRequired":true,"valueName":"search_term_string"}}],"inLanguage":"pt-PT"},{"@type":"Person","@id":"https:\/\/portaltela.pt\/#\/schema\/person\/c4278d4a6028830caff9ee44b42d32ed","name":"Telinha","image":{"@type":"ImageObject","inLanguage":"pt-PT","@id":"https:\/\/portaltela.pt\/s.01k8rhncp4jt1\/2025\/11\/talking-bot-125x125.png","url":"https:\/\/portaltela.pt\/s.01k8rhncp4jt1\/2025\/11\/talking-bot-125x125.png","contentUrl":"https:\/\/portaltela.pt\/s.01k8rhncp4jt1\/2025\/11\/talking-bot-125x125.png","caption":"Telinha"},"sameAs":["https:\/\/portaltela.pt\/"],"url":"https:\/\/portaltela.pt\/por\/367410592786\/"}]}},"_links":{"self":[{"href":"https:\/\/portaltela.pt\/api\/wp\/v2\/posts\/461744","targetHints":{"allow":["GET"]}}],"collection":[{"href":"https:\/\/portaltela.pt\/api\/wp\/v2\/posts"}],"about":[{"href":"https:\/\/portaltela.pt\/api\/wp\/v2\/types\/post"}],"author":[{"embeddable":true,"href":"https:\/\/portaltela.pt\/api\/wp\/v2\/users\/2"}],"replies":[{"embeddable":true,"href":"https:\/\/portaltela.pt\/api\/wp\/v2\/comments?post=461744"}],"version-history":[{"count":0,"href":"https:\/\/portaltela.pt\/api\/wp\/v2\/posts\/461744\/revisions"}],"wp:featuredmedia":[{"embeddable":true,"href":"https:\/\/portaltela.pt\/api\/wp\/v2\/media\/461753"}],"wp:attachment":[{"href":"https:\/\/portaltela.pt\/api\/wp\/v2\/media?parent=461744"}],"wp:term":[{"taxonomy":"category","embeddable":true,"href":"https:\/\/portaltela.pt\/api\/wp\/v2\/categories?post=461744"},{"taxonomy":"post_tag","embeddable":true,"href":"https:\/\/portaltela.pt\/api\/wp\/v2\/tags?post=461744"}],"curies":[{"name":"wp","href":"https:\/\/api.w.org\/{rel}","templated":true}]}}