{"id":461736,"date":"2026-04-29T21:47:56","date_gmt":"2026-04-30T00:47:56","guid":{"rendered":"https:\/\/portaltela.pt\/noticias\/2026\/04\/29\/saida-unilateral-do-rei-dos-frangos-expoe-benfica\/"},"modified":"2026-04-29T21:47:56","modified_gmt":"2026-04-30T00:47:56","slug":"saida-unilateral-do-rei-dos-frangos-expoe-benfica","status":"publish","type":"post","link":"https:\/\/portaltela.pt\/desporto\/futebol\/2026\/04\/29\/saida-unilateral-do-rei-dos-frangos-expoe-benfica\/","title":{"rendered":"Sa\u00edda unilateral do Rei dos Frangos exp\u00f5e Benfica"},"content":{"rendered":"<p>A venda da participa\u00e7\u00e3o de 16,38% na SAD do Benfica por Jos\u00e9 Ant\u00f3nio dos Santos foi comunicada ao clube na semana passada. A decis\u00e3o foi assumida de forma unilateral e deixa o Benfica exposto na gest\u00e3o futura da sociedade.<\/p>\n<p>Jos\u00e9 Ant\u00f3nio dos Santos \u00e9 o maior acionista individual da SAD. O investidor comprador n\u00e3o teve o nome divulgado. A opera\u00e7\u00e3o reduz o peso do clube na tomada de decis\u00f5es com voto qualificado na assembleia geral.<\/p>\n<p>Atualmente, o Benfica det\u00e9m 75% da SAD. Sem garantia de dois ter\u00e7os dos votos, o clube pode enfrentar dificuldades na aprova\u00e7\u00e3o de decis\u00f5es estruturantes, incluindo a elei\u00e7\u00e3o de um novo presidente da SAD.<\/p>\n<h3>Implica\u00e7\u00f5es na gest\u00e3o da SAD<\/h3>\n<p>A venda cria incerteza sobre o controlo estrat\u00e9gico da sociedade. Analistas ouvidos apontam risco na estabilidade acionista e na governan\u00e7a at\u00e9 defini\u00e7\u00e3o de nova estrutura de poder.<\/p>\n<p>O momento coincide com dificuldades na elei\u00e7\u00e3o do novo presidente da SAD e com a necessidade de redefinir a rela\u00e7\u00e3o entre o clube e a gest\u00e3o da sociedade. O impacto depender\u00e1 de eventuais mudan\u00e7as acionistas.<\/p>\n<h3>Pr\u00f3ximos passos<\/h3>\n<p>O Benfica estuda op\u00e7\u00f5es para manter controlo estrat\u00e9gico, incluindo poss\u00edveis ajustes na estrutura acionista. Medidas visam assegurar governan\u00e7a est\u00e1vel e continuidade na gest\u00e3o da SAD.<\/p>\n","protected":false},"excerpt":{"rendered":"<ul>\n<li>Jos\u00e9 Ant\u00f3nio dos Santos vendeu 16,38% da SAD do Benfica a investidor externo, comunicado ao clube na semana passada.<\/li>\n<li>A venda deixou o Benfica sem garantia de ter dois ter\u00e7os dos votos na assembleia geral, dificultando decis\u00f5es estruturantes.<\/li>\n<li>O Benfica mant\u00e9m 75% da SAD, mas j\u00e1 n\u00e3o disp\u00f5e de uma maioria qualificada est\u00e1vel.<\/li>\n<li>O investidor externo pretende adquirir participa\u00e7\u00e3o significativa e influenciar a gest\u00e3o da sociedade.<\/li>\n<li>O clube est\u00e1 a analisar as implica\u00e7\u00f5es da venda e poss\u00edveis estrat\u00e9gias para manter o controlo, incluindo uma nova estrutura acionista.<\/li>\n<\/ul>\n","protected":false},"author":2,"featured_media":461742,"comment_status":"closed","ping_status":"closed","sticky":false,"template":"","format":"standard","meta":{"footnotes":""},"categories":[21,24],"tags":[1946,3972,2697,2415,1274,4014],"class_list":["post-461736","post","type-post","status-publish","format-standard","has-post-thumbnail","hentry","category-desporto","category-futebol","tag-benfica","tag-benfica-sad","tag-empresas","tag-gestao","tag-governanca","tag-sad"],"yoast_head":"<!-- This site is optimized with the Yoast SEO plugin v27.2 - https:\/\/yoast.com\/product\/yoast-seo-wordpress\/ -->\n<title>Sa\u00edda unilateral do Rei dos Frangos exp\u00f5e Benfica - Portal Tela Portugal<\/title>\n<meta name=\"robots\" content=\"index, follow, max-snippet:-1, max-image-preview:large, max-video-preview:-1\" \/>\n<meta property=\"og:locale\" content=\"pt_PT\" \/>\n<meta property=\"og:type\" content=\"article\" \/>\n<meta property=\"og:title\" content=\"Sa\u00edda unilateral do Rei dos Frangos exp\u00f5e Benfica - Portal Tela Portugal\" \/>\n<meta property=\"og:description\" content=\"Jos\u00e9 Ant\u00f3nio dos Santos vendeu 16,38% da SAD do Benfica a investidor externo, comunicado ao clube na semana passada. A venda deixou o Benfica sem garantia de ter dois ter\u00e7os dos votos na assembleia geral, dificultando decis\u00f5es estruturantes. O Benfica mant\u00e9m 75% da SAD, mas j\u00e1 n\u00e3o disp\u00f5e de uma maioria qualificada est\u00e1vel. O investidor externo pretende adquirir participa\u00e7\u00e3o significativa e influenciar a gest\u00e3o da sociedade. O clube est\u00e1 a analisar as implica\u00e7\u00f5es da venda e poss\u00edveis estrat\u00e9gias para manter o controlo, incluindo uma nova estrutura acionista.\" \/>\n<meta property=\"og:url\" content=\"https:\/\/portaltela.pt\/noticias\/2026\/04\/29\/saida-unilateral-do-rei-dos-frangos-expoe-benfica\/\" \/>\n<meta property=\"og:site_name\" content=\"Portal Tela Portugal\" \/>\n<meta property=\"article:published_time\" content=\"2026-04-30T00:47:56+00:00\" \/>\n<meta name=\"author\" content=\"Telinha\" \/>\n<meta name=\"twitter:card\" content=\"summary_large_image\" \/>\n<meta name=\"twitter:label1\" content=\"Escrito por\" \/>\n\t<meta name=\"twitter:data1\" content=\"Telinha\" \/>\n\t<meta name=\"twitter:label2\" content=\"Tempo estimado de leitura\" \/>\n\t<meta name=\"twitter:data2\" content=\"1 minuto\" \/>\n<script type=\"application\/ld+json\" class=\"yoast-schema-graph\">{\"@context\":\"https:\/\/schema.org\",\"@graph\":[{\"@type\":\"Article\",\"@id\":\"https:\/\/portaltela.pt\/noticias\/2026\/04\/29\/saida-unilateral-do-rei-dos-frangos-expoe-benfica\/#article\",\"isPartOf\":{\"@id\":\"https:\/\/portaltela.pt\/noticias\/2026\/04\/29\/saida-unilateral-do-rei-dos-frangos-expoe-benfica\/\"},\"author\":{\"name\":\"Telinha\",\"@id\":\"https:\/\/portaltela.pt\/#\/schema\/person\/c4278d4a6028830caff9ee44b42d32ed\"},\"headline\":\"Sa\u00edda unilateral do Rei dos Frangos exp\u00f5e Benfica\",\"datePublished\":\"2026-04-30T00:47:56+00:00\",\"mainEntityOfPage\":{\"@id\":\"https:\/\/portaltela.pt\/noticias\/2026\/04\/29\/saida-unilateral-do-rei-dos-frangos-expoe-benfica\/\"},\"wordCount\":238,\"image\":{\"@id\":\"https:\/\/portaltela.pt\/noticias\/2026\/04\/29\/saida-unilateral-do-rei-dos-frangos-expoe-benfica\/#primaryimage\"},\"thumbnailUrl\":\"https:\/\/portaltela.pt\/s.01k8rhncp4jt1\/2026\/04\/img_1500x1000uu2025-03-28-09-04-23-2200680.jpg\",\"keywords\":[\"Benfica\",\"Benfica SAD\",\"empresas\",\"gest\u00e3o\",\"governan\u00e7a\",\"SAD\"],\"articleSection\":[\"Desporto\",\"Futebol\"],\"inLanguage\":\"pt-PT\"},{\"@type\":\"WebPage\",\"@id\":\"https:\/\/portaltela.pt\/noticias\/2026\/04\/29\/saida-unilateral-do-rei-dos-frangos-expoe-benfica\/\",\"url\":\"https:\/\/portaltela.pt\/noticias\/2026\/04\/29\/saida-unilateral-do-rei-dos-frangos-expoe-benfica\/\",\"name\":\"Sa\u00edda unilateral do Rei dos Frangos exp\u00f5e Benfica - Portal Tela Portugal\",\"isPartOf\":{\"@id\":\"https:\/\/portaltela.pt\/#website\"},\"primaryImageOfPage\":{\"@id\":\"https:\/\/portaltela.pt\/noticias\/2026\/04\/29\/saida-unilateral-do-rei-dos-frangos-expoe-benfica\/#primaryimage\"},\"image\":{\"@id\":\"https:\/\/portaltela.pt\/noticias\/2026\/04\/29\/saida-unilateral-do-rei-dos-frangos-expoe-benfica\/#primaryimage\"},\"thumbnailUrl\":\"https:\/\/portaltela.pt\/s.01k8rhncp4jt1\/2026\/04\/img_1500x1000uu2025-03-28-09-04-23-2200680.jpg\",\"datePublished\":\"2026-04-30T00:47:56+00:00\",\"author\":{\"@id\":\"https:\/\/portaltela.pt\/#\/schema\/person\/c4278d4a6028830caff9ee44b42d32ed\"},\"breadcrumb\":{\"@id\":\"https:\/\/portaltela.pt\/noticias\/2026\/04\/29\/saida-unilateral-do-rei-dos-frangos-expoe-benfica\/#breadcrumb\"},\"inLanguage\":\"pt-PT\",\"potentialAction\":[{\"@type\":\"ReadAction\",\"target\":[\"https:\/\/portaltela.pt\/noticias\/2026\/04\/29\/saida-unilateral-do-rei-dos-frangos-expoe-benfica\/\"]}]},{\"@type\":\"ImageObject\",\"inLanguage\":\"pt-PT\",\"@id\":\"https:\/\/portaltela.pt\/noticias\/2026\/04\/29\/saida-unilateral-do-rei-dos-frangos-expoe-benfica\/#primaryimage\",\"url\":\"https:\/\/portaltela.pt\/s.01k8rhncp4jt1\/2026\/04\/img_1500x1000uu2025-03-28-09-04-23-2200680.jpg\",\"contentUrl\":\"https:\/\/portaltela.pt\/s.01k8rhncp4jt1\/2026\/04\/img_1500x1000uu2025-03-28-09-04-23-2200680.jpg\",\"width\":796,\"height\":448,\"caption\":\"Jos\u00e9 Ant\u00f3nio dos Santos\"},{\"@type\":\"BreadcrumbList\",\"@id\":\"https:\/\/portaltela.pt\/noticias\/2026\/04\/29\/saida-unilateral-do-rei-dos-frangos-expoe-benfica\/#breadcrumb\",\"itemListElement\":[{\"@type\":\"ListItem\",\"position\":1,\"name\":\"In\u00edcio\",\"item\":\"https:\/\/portaltela.pt\/\"},{\"@type\":\"ListItem\",\"position\":2,\"name\":\"Sa\u00edda unilateral do Rei dos Frangos exp\u00f5e Benfica\"}]},{\"@type\":\"WebSite\",\"@id\":\"https:\/\/portaltela.pt\/#website\",\"url\":\"https:\/\/portaltela.pt\/\",\"name\":\"Portal Tela Portugal\",\"description\":\"\",\"potentialAction\":[{\"@type\":\"SearchAction\",\"target\":{\"@type\":\"EntryPoint\",\"urlTemplate\":\"https:\/\/portaltela.pt\/?s={search_term_string}\"},\"query-input\":{\"@type\":\"PropertyValueSpecification\",\"valueRequired\":true,\"valueName\":\"search_term_string\"}}],\"inLanguage\":\"pt-PT\"},{\"@type\":\"Person\",\"@id\":\"https:\/\/portaltela.pt\/#\/schema\/person\/c4278d4a6028830caff9ee44b42d32ed\",\"name\":\"Telinha\",\"image\":{\"@type\":\"ImageObject\",\"inLanguage\":\"pt-PT\",\"@id\":\"https:\/\/portaltela.pt\/s.01k8rhncp4jt1\/2025\/11\/talking-bot-125x125.png\",\"url\":\"https:\/\/portaltela.pt\/s.01k8rhncp4jt1\/2025\/11\/talking-bot-125x125.png\",\"contentUrl\":\"https:\/\/portaltela.pt\/s.01k8rhncp4jt1\/2025\/11\/talking-bot-125x125.png\",\"caption\":\"Telinha\"},\"sameAs\":[\"https:\/\/portaltela.pt\/\"],\"url\":\"https:\/\/portaltela.pt\/por\/367410592786\/\"}]}<\/script>\n<!-- \/ Yoast SEO plugin. -->","yoast_head_json":{"title":"Sa\u00edda unilateral do Rei dos Frangos exp\u00f5e Benfica - Portal Tela Portugal","robots":{"index":"index","follow":"follow","max-snippet":"max-snippet:-1","max-image-preview":"max-image-preview:large","max-video-preview":"max-video-preview:-1"},"og_locale":"pt_PT","og_type":"article","og_title":"Sa\u00edda unilateral do Rei dos Frangos exp\u00f5e Benfica - Portal Tela Portugal","og_description":"Jos\u00e9 Ant\u00f3nio dos Santos vendeu 16,38% da SAD do Benfica a investidor externo, comunicado ao clube na semana passada. A venda deixou o Benfica sem garantia de ter dois ter\u00e7os dos votos na assembleia geral, dificultando decis\u00f5es estruturantes. O Benfica mant\u00e9m 75% da SAD, mas j\u00e1 n\u00e3o disp\u00f5e de uma maioria qualificada est\u00e1vel. O investidor externo pretende adquirir participa\u00e7\u00e3o significativa e influenciar a gest\u00e3o da sociedade. O clube est\u00e1 a analisar as implica\u00e7\u00f5es da venda e poss\u00edveis estrat\u00e9gias para manter o controlo, incluindo uma nova estrutura acionista.","og_url":"https:\/\/portaltela.pt\/noticias\/2026\/04\/29\/saida-unilateral-do-rei-dos-frangos-expoe-benfica\/","og_site_name":"Portal Tela Portugal","article_published_time":"2026-04-30T00:47:56+00:00","author":"Telinha","twitter_card":"summary_large_image","twitter_misc":{"Escrito por":"Telinha","Tempo estimado de leitura":"1 minuto"},"schema":{"@context":"https:\/\/schema.org","@graph":[{"@type":"Article","@id":"https:\/\/portaltela.pt\/noticias\/2026\/04\/29\/saida-unilateral-do-rei-dos-frangos-expoe-benfica\/#article","isPartOf":{"@id":"https:\/\/portaltela.pt\/noticias\/2026\/04\/29\/saida-unilateral-do-rei-dos-frangos-expoe-benfica\/"},"author":{"name":"Telinha","@id":"https:\/\/portaltela.pt\/#\/schema\/person\/c4278d4a6028830caff9ee44b42d32ed"},"headline":"Sa\u00edda unilateral do Rei dos Frangos exp\u00f5e Benfica","datePublished":"2026-04-30T00:47:56+00:00","mainEntityOfPage":{"@id":"https:\/\/portaltela.pt\/noticias\/2026\/04\/29\/saida-unilateral-do-rei-dos-frangos-expoe-benfica\/"},"wordCount":238,"image":{"@id":"https:\/\/portaltela.pt\/noticias\/2026\/04\/29\/saida-unilateral-do-rei-dos-frangos-expoe-benfica\/#primaryimage"},"thumbnailUrl":"https:\/\/portaltela.pt\/s.01k8rhncp4jt1\/2026\/04\/img_1500x1000uu2025-03-28-09-04-23-2200680.jpg","keywords":["Benfica","Benfica SAD","empresas","gest\u00e3o","governan\u00e7a","SAD"],"articleSection":["Desporto","Futebol"],"inLanguage":"pt-PT"},{"@type":"WebPage","@id":"https:\/\/portaltela.pt\/noticias\/2026\/04\/29\/saida-unilateral-do-rei-dos-frangos-expoe-benfica\/","url":"https:\/\/portaltela.pt\/noticias\/2026\/04\/29\/saida-unilateral-do-rei-dos-frangos-expoe-benfica\/","name":"Sa\u00edda unilateral do Rei dos Frangos exp\u00f5e Benfica - Portal Tela Portugal","isPartOf":{"@id":"https:\/\/portaltela.pt\/#website"},"primaryImageOfPage":{"@id":"https:\/\/portaltela.pt\/noticias\/2026\/04\/29\/saida-unilateral-do-rei-dos-frangos-expoe-benfica\/#primaryimage"},"image":{"@id":"https:\/\/portaltela.pt\/noticias\/2026\/04\/29\/saida-unilateral-do-rei-dos-frangos-expoe-benfica\/#primaryimage"},"thumbnailUrl":"https:\/\/portaltela.pt\/s.01k8rhncp4jt1\/2026\/04\/img_1500x1000uu2025-03-28-09-04-23-2200680.jpg","datePublished":"2026-04-30T00:47:56+00:00","author":{"@id":"https:\/\/portaltela.pt\/#\/schema\/person\/c4278d4a6028830caff9ee44b42d32ed"},"breadcrumb":{"@id":"https:\/\/portaltela.pt\/noticias\/2026\/04\/29\/saida-unilateral-do-rei-dos-frangos-expoe-benfica\/#breadcrumb"},"inLanguage":"pt-PT","potentialAction":[{"@type":"ReadAction","target":["https:\/\/portaltela.pt\/noticias\/2026\/04\/29\/saida-unilateral-do-rei-dos-frangos-expoe-benfica\/"]}]},{"@type":"ImageObject","inLanguage":"pt-PT","@id":"https:\/\/portaltela.pt\/noticias\/2026\/04\/29\/saida-unilateral-do-rei-dos-frangos-expoe-benfica\/#primaryimage","url":"https:\/\/portaltela.pt\/s.01k8rhncp4jt1\/2026\/04\/img_1500x1000uu2025-03-28-09-04-23-2200680.jpg","contentUrl":"https:\/\/portaltela.pt\/s.01k8rhncp4jt1\/2026\/04\/img_1500x1000uu2025-03-28-09-04-23-2200680.jpg","width":796,"height":448,"caption":"Jos\u00e9 Ant\u00f3nio dos Santos"},{"@type":"BreadcrumbList","@id":"https:\/\/portaltela.pt\/noticias\/2026\/04\/29\/saida-unilateral-do-rei-dos-frangos-expoe-benfica\/#breadcrumb","itemListElement":[{"@type":"ListItem","position":1,"name":"In\u00edcio","item":"https:\/\/portaltela.pt\/"},{"@type":"ListItem","position":2,"name":"Sa\u00edda unilateral do Rei dos Frangos exp\u00f5e Benfica"}]},{"@type":"WebSite","@id":"https:\/\/portaltela.pt\/#website","url":"https:\/\/portaltela.pt\/","name":"Portal Tela Portugal","description":"","potentialAction":[{"@type":"SearchAction","target":{"@type":"EntryPoint","urlTemplate":"https:\/\/portaltela.pt\/?s={search_term_string}"},"query-input":{"@type":"PropertyValueSpecification","valueRequired":true,"valueName":"search_term_string"}}],"inLanguage":"pt-PT"},{"@type":"Person","@id":"https:\/\/portaltela.pt\/#\/schema\/person\/c4278d4a6028830caff9ee44b42d32ed","name":"Telinha","image":{"@type":"ImageObject","inLanguage":"pt-PT","@id":"https:\/\/portaltela.pt\/s.01k8rhncp4jt1\/2025\/11\/talking-bot-125x125.png","url":"https:\/\/portaltela.pt\/s.01k8rhncp4jt1\/2025\/11\/talking-bot-125x125.png","contentUrl":"https:\/\/portaltela.pt\/s.01k8rhncp4jt1\/2025\/11\/talking-bot-125x125.png","caption":"Telinha"},"sameAs":["https:\/\/portaltela.pt\/"],"url":"https:\/\/portaltela.pt\/por\/367410592786\/"}]}},"_links":{"self":[{"href":"https:\/\/portaltela.pt\/api\/wp\/v2\/posts\/461736","targetHints":{"allow":["GET"]}}],"collection":[{"href":"https:\/\/portaltela.pt\/api\/wp\/v2\/posts"}],"about":[{"href":"https:\/\/portaltela.pt\/api\/wp\/v2\/types\/post"}],"author":[{"embeddable":true,"href":"https:\/\/portaltela.pt\/api\/wp\/v2\/users\/2"}],"replies":[{"embeddable":true,"href":"https:\/\/portaltela.pt\/api\/wp\/v2\/comments?post=461736"}],"version-history":[{"count":0,"href":"https:\/\/portaltela.pt\/api\/wp\/v2\/posts\/461736\/revisions"}],"wp:featuredmedia":[{"embeddable":true,"href":"https:\/\/portaltela.pt\/api\/wp\/v2\/media\/461742"}],"wp:attachment":[{"href":"https:\/\/portaltela.pt\/api\/wp\/v2\/media?parent=461736"}],"wp:term":[{"taxonomy":"category","embeddable":true,"href":"https:\/\/portaltela.pt\/api\/wp\/v2\/categories?post=461736"},{"taxonomy":"post_tag","embeddable":true,"href":"https:\/\/portaltela.pt\/api\/wp\/v2\/tags?post=461736"}],"curies":[{"name":"wp","href":"https:\/\/api.w.org\/{rel}","templated":true}]}}