{"id":461728,"date":"2026-04-29T21:33:27","date_gmt":"2026-04-30T00:33:27","guid":{"rendered":"https:\/\/portaltela.pt\/noticias\/2026\/04\/29\/braga-garante-lugar-na-final-assegurando-mais-7-milhoes\/"},"modified":"2026-04-29T21:33:27","modified_gmt":"2026-04-30T00:33:27","slug":"braga-garante-lugar-na-final-assegurando-mais-7-milhoes","status":"publish","type":"post","link":"https:\/\/portaltela.pt\/desporto\/futebol\/2026\/04\/29\/braga-garante-lugar-na-final-assegurando-mais-7-milhoes\/","title":{"rendered":"Braga garante lugar na final, assegurando mais 7 milh\u00f5es"},"content":{"rendered":"<p>O Sp. Braga recebe o Friburgo na primeira m\u00e3o das meias-finais da Liga Europa, na quinta-feira, no Est\u00e1dio Axa. A equipa minhota procura repetir o percurso de 2009\/2010, quando chegou \u00e0 final, e assegurar mais 7 milh\u00f5es de euros em prize money. A vit\u00f3ria tamb\u00e9m deixaria em aberto o sonho de chegar a Istambul.<\/p>\n<p>Ao todo, o Braga j\u00e1 angariou 25,6 milh\u00f5es de euros nesta edi\u00e7\u00e3o, superando o FC Porto, eliminado nos quartos. Uma poss\u00edvel final elevaria o total para cerca de 32,6 milh\u00f5es, com a hip\u00f3tese de 10 milh\u00f5es adicionais caso conquiste o trof\u00e9u e dispute a Superta\u00e7a Europeia.<\/p>\n<p>Se vencer, o clube pode aproximar-se de 35 milh\u00f5es, valor equivalente aos gastos com refor\u00e7os na presente \u00e9poca, destacando-se Pau Victor, que chegou por 12 milh\u00f5es. O primeiro duelo com o Friburgo decorre a 8 de abril, em casa do advers\u00e1rio, antes da segunda m\u00e3o.<\/p>\n<h3>Baixas e perspetivas<\/h3>\n<p>A equipa de Carlos Vicens fica sem Arrey-Mbi, Grillitsch e Gabri Mart\u00ednez por les\u00e3o, juntando-se a Barisic, Niakit\u00e9, Diego Rodr\u00edguez e Moscardo, este \u00faltimo por castigo. O portugu\u00eas Ricardo Horta afirma que o objetivo \u00e9 chegar \u00e0 final e construir uma hist\u00f3ria diferente da de 2011.<\/p>\n<p>Horta acrescenta que o grupo quer exibir qualidade e personalidade em campo, entrando confiante no duelo. O capit\u00e3o admite d\u00favidas sobre a convocat\u00f3ria para o Mundial, mesmo que o Braga ven\u00e7a a Liga Europa, mantendo-se realista sobre as perspetivas.<\/p>\n","protected":false},"excerpt":{"rendered":"<ul>\n<li>O Sp. Braga recebe o Friburgo na primeira-m\u00e3o das meias\u2011finais da Liga Europa, esta quinta-feira.<\/li>\n<li>O objetivo \u00e9 repetir a presen\u00e7a na final h\u00e1\u201115 anos e obter mais sete milh\u00f5es de euros de pr\u00e9mio para os finalistas.<\/li>\n<li>At\u00e9 agora, o Braga j\u00e1 faturou 25,6 milh\u00f5es de euros na competi\u00e7\u00e3o; uma final em Istambul elevava o total para 32,6 milh\u00f5es, com possibilidade de mais dez milh\u00f5es se vencer a competi\u00e7\u00e3o (seis pela vit\u00f3ria e quatro pela Superta\u00e7a Europeia).<\/li>\n<li>Se atingir a final, os pr\u00e9mios rondar\u00e3o os 35 milh\u00f5es de euros, valores pr\u00f3ximos do investimento em refor\u00e7os desta \u00e9poca, sendo Pau Victor o mais caro (12 milh\u00f5es).<\/li>\n<li>A equipa tem baixas: Arrey-Mbi, Grillitsch e Gabri Mart\u00ednez lesionados, e Barisic, Niakit\u00e9, Diego Rodr\u00edguez e Moscardo (castigo) impedidos de atuar; Ricardo Horta quer fazer hist\u00f3ria e diz que o objetivo \u00e9 ir \u00e0 final, esperando ter outra final que n\u00e3o a de 2011.<\/li>\n<\/ul>\n","protected":false},"author":2,"featured_media":461729,"comment_status":"closed","ping_status":"closed","sticky":false,"template":"","format":"standard","meta":{"footnotes":""},"categories":[21,24],"tags":[7973,8830,7755,7907,8062],"class_list":["post-461728","post","type-post","status-publish","format-standard","has-post-thumbnail","hentry","category-desporto","category-futebol","tag-_braga","tag-_europa-league","tag-_futebol","tag-_futebol-internacional","tag-_portugal"],"yoast_head":"<!-- This site is optimized with the Yoast SEO plugin v27.2 - https:\/\/yoast.com\/product\/yoast-seo-wordpress\/ -->\n<title>Braga garante lugar na final, assegurando mais 7 milh\u00f5es - Portal Tela Portugal<\/title>\n<meta name=\"robots\" content=\"index, follow, max-snippet:-1, max-image-preview:large, max-video-preview:-1\" \/>\n<meta property=\"og:locale\" content=\"pt_PT\" \/>\n<meta property=\"og:type\" content=\"article\" \/>\n<meta property=\"og:title\" content=\"Braga garante lugar na final, assegurando mais 7 milh\u00f5es - Portal Tela Portugal\" \/>\n<meta property=\"og:description\" content=\"O Sp. Braga recebe o Friburgo na primeira-m\u00e3o das meias\u2011finais da Liga Europa, esta quinta-feira. O objetivo \u00e9 repetir a presen\u00e7a na final h\u00e1\u201115 anos e obter mais sete milh\u00f5es de euros de pr\u00e9mio para os finalistas. At\u00e9 agora, o Braga j\u00e1 faturou 25,6 milh\u00f5es de euros na competi\u00e7\u00e3o; uma final em Istambul elevava o total para 32,6 milh\u00f5es, com possibilidade de mais dez milh\u00f5es se vencer a competi\u00e7\u00e3o (seis pela vit\u00f3ria e quatro pela Superta\u00e7a Europeia). Se atingir a final, os pr\u00e9mios rondar\u00e3o os 35 milh\u00f5es de euros, valores pr\u00f3ximos do investimento em refor\u00e7os desta \u00e9poca, sendo Pau Victor o mais caro (12 milh\u00f5es). A equipa tem baixas: Arrey-Mbi, Grillitsch e Gabri Mart\u00ednez lesionados, e Barisic, Niakit\u00e9, Diego Rodr\u00edguez e Moscardo (castigo) impedidos de atuar; Ricardo Horta quer fazer hist\u00f3ria e diz que o objetivo \u00e9 ir \u00e0 final, esperando ter outra final que n\u00e3o a de 2011.\" \/>\n<meta property=\"og:url\" content=\"https:\/\/portaltela.pt\/noticias\/2026\/04\/29\/braga-garante-lugar-na-final-assegurando-mais-7-milhoes\/\" \/>\n<meta property=\"og:site_name\" content=\"Portal Tela Portugal\" \/>\n<meta property=\"article:published_time\" content=\"2026-04-30T00:33:27+00:00\" \/>\n<meta name=\"author\" content=\"Telinha\" \/>\n<meta name=\"twitter:card\" content=\"summary_large_image\" \/>\n<meta name=\"twitter:label1\" content=\"Escrito por\" \/>\n\t<meta name=\"twitter:data1\" content=\"Telinha\" \/>\n\t<meta name=\"twitter:label2\" content=\"Tempo estimado de leitura\" \/>\n\t<meta name=\"twitter:data2\" content=\"1 minuto\" \/>\n<script type=\"application\/ld+json\" class=\"yoast-schema-graph\">{\"@context\":\"https:\/\/schema.org\",\"@graph\":[{\"@type\":\"Article\",\"@id\":\"https:\/\/portaltela.pt\/noticias\/2026\/04\/29\/braga-garante-lugar-na-final-assegurando-mais-7-milhoes\/#article\",\"isPartOf\":{\"@id\":\"https:\/\/portaltela.pt\/noticias\/2026\/04\/29\/braga-garante-lugar-na-final-assegurando-mais-7-milhoes\/\"},\"author\":{\"name\":\"Telinha\",\"@id\":\"https:\/\/portaltela.pt\/#\/schema\/person\/c4278d4a6028830caff9ee44b42d32ed\"},\"headline\":\"Braga garante lugar na final, assegurando mais 7 milh\u00f5es\",\"datePublished\":\"2026-04-30T00:33:27+00:00\",\"mainEntityOfPage\":{\"@id\":\"https:\/\/portaltela.pt\/noticias\/2026\/04\/29\/braga-garante-lugar-na-final-assegurando-mais-7-milhoes\/\"},\"wordCount\":257,\"image\":{\"@id\":\"https:\/\/portaltela.pt\/noticias\/2026\/04\/29\/braga-garante-lugar-na-final-assegurando-mais-7-milhoes\/#primaryimage\"},\"thumbnailUrl\":\"https:\/\/portaltela.pt\/s.01k8rhncp4jt1\/2026\/04\/img_1500x1000uu2026-04-29-23-14-17-2281979.jpg\",\"keywords\":[\"_Braga\",\"_Europa League\",\"_futebol\",\"_futebol internacional\",\"_Portugal\"],\"articleSection\":[\"Desporto\",\"Futebol\"],\"inLanguage\":\"pt-PT\"},{\"@type\":\"WebPage\",\"@id\":\"https:\/\/portaltela.pt\/noticias\/2026\/04\/29\/braga-garante-lugar-na-final-assegurando-mais-7-milhoes\/\",\"url\":\"https:\/\/portaltela.pt\/noticias\/2026\/04\/29\/braga-garante-lugar-na-final-assegurando-mais-7-milhoes\/\",\"name\":\"Braga garante lugar na final, assegurando mais 7 milh\u00f5es - Portal Tela Portugal\",\"isPartOf\":{\"@id\":\"https:\/\/portaltela.pt\/#website\"},\"primaryImageOfPage\":{\"@id\":\"https:\/\/portaltela.pt\/noticias\/2026\/04\/29\/braga-garante-lugar-na-final-assegurando-mais-7-milhoes\/#primaryimage\"},\"image\":{\"@id\":\"https:\/\/portaltela.pt\/noticias\/2026\/04\/29\/braga-garante-lugar-na-final-assegurando-mais-7-milhoes\/#primaryimage\"},\"thumbnailUrl\":\"https:\/\/portaltela.pt\/s.01k8rhncp4jt1\/2026\/04\/img_1500x1000uu2026-04-29-23-14-17-2281979.jpg\",\"datePublished\":\"2026-04-30T00:33:27+00:00\",\"author\":{\"@id\":\"https:\/\/portaltela.pt\/#\/schema\/person\/c4278d4a6028830caff9ee44b42d32ed\"},\"breadcrumb\":{\"@id\":\"https:\/\/portaltela.pt\/noticias\/2026\/04\/29\/braga-garante-lugar-na-final-assegurando-mais-7-milhoes\/#breadcrumb\"},\"inLanguage\":\"pt-PT\",\"potentialAction\":[{\"@type\":\"ReadAction\",\"target\":[\"https:\/\/portaltela.pt\/noticias\/2026\/04\/29\/braga-garante-lugar-na-final-assegurando-mais-7-milhoes\/\"]}]},{\"@type\":\"ImageObject\",\"inLanguage\":\"pt-PT\",\"@id\":\"https:\/\/portaltela.pt\/noticias\/2026\/04\/29\/braga-garante-lugar-na-final-assegurando-mais-7-milhoes\/#primaryimage\",\"url\":\"https:\/\/portaltela.pt\/s.01k8rhncp4jt1\/2026\/04\/img_1500x1000uu2026-04-29-23-14-17-2281979.jpg\",\"contentUrl\":\"https:\/\/portaltela.pt\/s.01k8rhncp4jt1\/2026\/04\/img_1500x1000uu2026-04-29-23-14-17-2281979.jpg\",\"width\":1500,\"height\":1000,\"caption\":\"Sp. Braga quer continuar a fazer festa numa temporada europeia que tem sido de excel\u00eancia\"},{\"@type\":\"BreadcrumbList\",\"@id\":\"https:\/\/portaltela.pt\/noticias\/2026\/04\/29\/braga-garante-lugar-na-final-assegurando-mais-7-milhoes\/#breadcrumb\",\"itemListElement\":[{\"@type\":\"ListItem\",\"position\":1,\"name\":\"In\u00edcio\",\"item\":\"https:\/\/portaltela.pt\/\"},{\"@type\":\"ListItem\",\"position\":2,\"name\":\"Braga garante lugar na final, assegurando mais 7 milh\u00f5es\"}]},{\"@type\":\"WebSite\",\"@id\":\"https:\/\/portaltela.pt\/#website\",\"url\":\"https:\/\/portaltela.pt\/\",\"name\":\"Portal Tela Portugal\",\"description\":\"\",\"potentialAction\":[{\"@type\":\"SearchAction\",\"target\":{\"@type\":\"EntryPoint\",\"urlTemplate\":\"https:\/\/portaltela.pt\/?s={search_term_string}\"},\"query-input\":{\"@type\":\"PropertyValueSpecification\",\"valueRequired\":true,\"valueName\":\"search_term_string\"}}],\"inLanguage\":\"pt-PT\"},{\"@type\":\"Person\",\"@id\":\"https:\/\/portaltela.pt\/#\/schema\/person\/c4278d4a6028830caff9ee44b42d32ed\",\"name\":\"Telinha\",\"image\":{\"@type\":\"ImageObject\",\"inLanguage\":\"pt-PT\",\"@id\":\"https:\/\/portaltela.pt\/s.01k8rhncp4jt1\/2025\/11\/talking-bot-125x125.png\",\"url\":\"https:\/\/portaltela.pt\/s.01k8rhncp4jt1\/2025\/11\/talking-bot-125x125.png\",\"contentUrl\":\"https:\/\/portaltela.pt\/s.01k8rhncp4jt1\/2025\/11\/talking-bot-125x125.png\",\"caption\":\"Telinha\"},\"sameAs\":[\"https:\/\/portaltela.pt\/\"],\"url\":\"https:\/\/portaltela.pt\/por\/367410592786\/\"}]}<\/script>\n<!-- \/ Yoast SEO plugin. -->","yoast_head_json":{"title":"Braga garante lugar na final, assegurando mais 7 milh\u00f5es - Portal Tela Portugal","robots":{"index":"index","follow":"follow","max-snippet":"max-snippet:-1","max-image-preview":"max-image-preview:large","max-video-preview":"max-video-preview:-1"},"og_locale":"pt_PT","og_type":"article","og_title":"Braga garante lugar na final, assegurando mais 7 milh\u00f5es - Portal Tela Portugal","og_description":"O Sp. Braga recebe o Friburgo na primeira-m\u00e3o das meias\u2011finais da Liga Europa, esta quinta-feira. O objetivo \u00e9 repetir a presen\u00e7a na final h\u00e1\u201115 anos e obter mais sete milh\u00f5es de euros de pr\u00e9mio para os finalistas. At\u00e9 agora, o Braga j\u00e1 faturou 25,6 milh\u00f5es de euros na competi\u00e7\u00e3o; uma final em Istambul elevava o total para 32,6 milh\u00f5es, com possibilidade de mais dez milh\u00f5es se vencer a competi\u00e7\u00e3o (seis pela vit\u00f3ria e quatro pela Superta\u00e7a Europeia). Se atingir a final, os pr\u00e9mios rondar\u00e3o os 35 milh\u00f5es de euros, valores pr\u00f3ximos do investimento em refor\u00e7os desta \u00e9poca, sendo Pau Victor o mais caro (12 milh\u00f5es). A equipa tem baixas: Arrey-Mbi, Grillitsch e Gabri Mart\u00ednez lesionados, e Barisic, Niakit\u00e9, Diego Rodr\u00edguez e Moscardo (castigo) impedidos de atuar; Ricardo Horta quer fazer hist\u00f3ria e diz que o objetivo \u00e9 ir \u00e0 final, esperando ter outra final que n\u00e3o a de 2011.","og_url":"https:\/\/portaltela.pt\/noticias\/2026\/04\/29\/braga-garante-lugar-na-final-assegurando-mais-7-milhoes\/","og_site_name":"Portal Tela Portugal","article_published_time":"2026-04-30T00:33:27+00:00","author":"Telinha","twitter_card":"summary_large_image","twitter_misc":{"Escrito por":"Telinha","Tempo estimado de leitura":"1 minuto"},"schema":{"@context":"https:\/\/schema.org","@graph":[{"@type":"Article","@id":"https:\/\/portaltela.pt\/noticias\/2026\/04\/29\/braga-garante-lugar-na-final-assegurando-mais-7-milhoes\/#article","isPartOf":{"@id":"https:\/\/portaltela.pt\/noticias\/2026\/04\/29\/braga-garante-lugar-na-final-assegurando-mais-7-milhoes\/"},"author":{"name":"Telinha","@id":"https:\/\/portaltela.pt\/#\/schema\/person\/c4278d4a6028830caff9ee44b42d32ed"},"headline":"Braga garante lugar na final, assegurando mais 7 milh\u00f5es","datePublished":"2026-04-30T00:33:27+00:00","mainEntityOfPage":{"@id":"https:\/\/portaltela.pt\/noticias\/2026\/04\/29\/braga-garante-lugar-na-final-assegurando-mais-7-milhoes\/"},"wordCount":257,"image":{"@id":"https:\/\/portaltela.pt\/noticias\/2026\/04\/29\/braga-garante-lugar-na-final-assegurando-mais-7-milhoes\/#primaryimage"},"thumbnailUrl":"https:\/\/portaltela.pt\/s.01k8rhncp4jt1\/2026\/04\/img_1500x1000uu2026-04-29-23-14-17-2281979.jpg","keywords":["_Braga","_Europa League","_futebol","_futebol internacional","_Portugal"],"articleSection":["Desporto","Futebol"],"inLanguage":"pt-PT"},{"@type":"WebPage","@id":"https:\/\/portaltela.pt\/noticias\/2026\/04\/29\/braga-garante-lugar-na-final-assegurando-mais-7-milhoes\/","url":"https:\/\/portaltela.pt\/noticias\/2026\/04\/29\/braga-garante-lugar-na-final-assegurando-mais-7-milhoes\/","name":"Braga garante lugar na final, assegurando mais 7 milh\u00f5es - Portal Tela Portugal","isPartOf":{"@id":"https:\/\/portaltela.pt\/#website"},"primaryImageOfPage":{"@id":"https:\/\/portaltela.pt\/noticias\/2026\/04\/29\/braga-garante-lugar-na-final-assegurando-mais-7-milhoes\/#primaryimage"},"image":{"@id":"https:\/\/portaltela.pt\/noticias\/2026\/04\/29\/braga-garante-lugar-na-final-assegurando-mais-7-milhoes\/#primaryimage"},"thumbnailUrl":"https:\/\/portaltela.pt\/s.01k8rhncp4jt1\/2026\/04\/img_1500x1000uu2026-04-29-23-14-17-2281979.jpg","datePublished":"2026-04-30T00:33:27+00:00","author":{"@id":"https:\/\/portaltela.pt\/#\/schema\/person\/c4278d4a6028830caff9ee44b42d32ed"},"breadcrumb":{"@id":"https:\/\/portaltela.pt\/noticias\/2026\/04\/29\/braga-garante-lugar-na-final-assegurando-mais-7-milhoes\/#breadcrumb"},"inLanguage":"pt-PT","potentialAction":[{"@type":"ReadAction","target":["https:\/\/portaltela.pt\/noticias\/2026\/04\/29\/braga-garante-lugar-na-final-assegurando-mais-7-milhoes\/"]}]},{"@type":"ImageObject","inLanguage":"pt-PT","@id":"https:\/\/portaltela.pt\/noticias\/2026\/04\/29\/braga-garante-lugar-na-final-assegurando-mais-7-milhoes\/#primaryimage","url":"https:\/\/portaltela.pt\/s.01k8rhncp4jt1\/2026\/04\/img_1500x1000uu2026-04-29-23-14-17-2281979.jpg","contentUrl":"https:\/\/portaltela.pt\/s.01k8rhncp4jt1\/2026\/04\/img_1500x1000uu2026-04-29-23-14-17-2281979.jpg","width":1500,"height":1000,"caption":"Sp. Braga quer continuar a fazer festa numa temporada europeia que tem sido de excel\u00eancia"},{"@type":"BreadcrumbList","@id":"https:\/\/portaltela.pt\/noticias\/2026\/04\/29\/braga-garante-lugar-na-final-assegurando-mais-7-milhoes\/#breadcrumb","itemListElement":[{"@type":"ListItem","position":1,"name":"In\u00edcio","item":"https:\/\/portaltela.pt\/"},{"@type":"ListItem","position":2,"name":"Braga garante lugar na final, assegurando mais 7 milh\u00f5es"}]},{"@type":"WebSite","@id":"https:\/\/portaltela.pt\/#website","url":"https:\/\/portaltela.pt\/","name":"Portal Tela Portugal","description":"","potentialAction":[{"@type":"SearchAction","target":{"@type":"EntryPoint","urlTemplate":"https:\/\/portaltela.pt\/?s={search_term_string}"},"query-input":{"@type":"PropertyValueSpecification","valueRequired":true,"valueName":"search_term_string"}}],"inLanguage":"pt-PT"},{"@type":"Person","@id":"https:\/\/portaltela.pt\/#\/schema\/person\/c4278d4a6028830caff9ee44b42d32ed","name":"Telinha","image":{"@type":"ImageObject","inLanguage":"pt-PT","@id":"https:\/\/portaltela.pt\/s.01k8rhncp4jt1\/2025\/11\/talking-bot-125x125.png","url":"https:\/\/portaltela.pt\/s.01k8rhncp4jt1\/2025\/11\/talking-bot-125x125.png","contentUrl":"https:\/\/portaltela.pt\/s.01k8rhncp4jt1\/2025\/11\/talking-bot-125x125.png","caption":"Telinha"},"sameAs":["https:\/\/portaltela.pt\/"],"url":"https:\/\/portaltela.pt\/por\/367410592786\/"}]}},"_links":{"self":[{"href":"https:\/\/portaltela.pt\/api\/wp\/v2\/posts\/461728","targetHints":{"allow":["GET"]}}],"collection":[{"href":"https:\/\/portaltela.pt\/api\/wp\/v2\/posts"}],"about":[{"href":"https:\/\/portaltela.pt\/api\/wp\/v2\/types\/post"}],"author":[{"embeddable":true,"href":"https:\/\/portaltela.pt\/api\/wp\/v2\/users\/2"}],"replies":[{"embeddable":true,"href":"https:\/\/portaltela.pt\/api\/wp\/v2\/comments?post=461728"}],"version-history":[{"count":0,"href":"https:\/\/portaltela.pt\/api\/wp\/v2\/posts\/461728\/revisions"}],"wp:featuredmedia":[{"embeddable":true,"href":"https:\/\/portaltela.pt\/api\/wp\/v2\/media\/461729"}],"wp:attachment":[{"href":"https:\/\/portaltela.pt\/api\/wp\/v2\/media?parent=461728"}],"wp:term":[{"taxonomy":"category","embeddable":true,"href":"https:\/\/portaltela.pt\/api\/wp\/v2\/categories?post=461728"},{"taxonomy":"post_tag","embeddable":true,"href":"https:\/\/portaltela.pt\/api\/wp\/v2\/tags?post=461728"}],"curies":[{"name":"wp","href":"https:\/\/api.w.org\/{rel}","templated":true}]}}