{"id":461723,"date":"2026-04-29T21:33:09","date_gmt":"2026-04-30T00:33:09","guid":{"rendered":"https:\/\/portaltela.pt\/noticias\/2026\/04\/29\/morre-jose-santa-barbara-designer-da-intervencao\/"},"modified":"2026-04-29T21:33:09","modified_gmt":"2026-04-30T00:33:09","slug":"morre-jose-santa-barbara-designer-da-intervencao","status":"publish","type":"post","link":"https:\/\/portaltela.pt\/cultura\/2026\/04\/29\/morre-jose-santa-barbara-designer-da-intervencao\/","title":{"rendered":"Morre Jos\u00e9 Santa-B\u00e1rbara, designer da interven\u00e7\u00e3o"},"content":{"rendered":"<p>Jos\u00e9 Santa-B\u00e1rbara, designer portugu\u00eas, faleceu aos 89 anos, segundo confirmaram entidades partid\u00e1rias. O decesso foi comunicado pelo PCP, partido ao qual o artista esteve ligado desde jovem.<\/p>\n<p>Nascido em 1936, nas Caldas da Rainha, estudou nas escolas Ant\u00f3nio Arroio e Superior de Belas Artes. Liderou o departamento de design da CP por mais de tr\u00eas d\u00e9cadas, assinando locomotivas e interven\u00e7\u00f5es em espa\u00e7o p\u00fablico.<\/p>\n<p>Entre as suas cria\u00e7\u00f5es, destacam-se nove capas de discos de Zeca Afonso, o log\u00f3tipo da CP e interven\u00e7\u00f5es nas esta\u00e7\u00f5es Entrecampos, Santa Apol\u00f3nia, Pragal, Rossio e outras obras p\u00fablicas. Colaborou com Adriano Correia de Oliveira, Jos\u00e9 M\u00e1rio Branco e Fausto Bordalo Dias.<\/p>\n<h3>Carreira e obra<\/h3>\n<p>A37: Santa-B\u00e1rbara assinou o monumento ao levantamento militar nas Caldas da Rainha e exp\u00f4s internacionalmente. Recebeu reconhecimentos como o Pr\u00e9mio Nacional de Design e o European Community Prize.<\/p>\n<h3>Rea\u00e7\u00e3o institucional<\/h3>\n<p>O Presidente da Rep\u00fablica, Ant\u00f3nio Jos\u00e9 Seguro, expressou consterna\u00e7\u00e3o pela morte e recordou o designer como um marco da renova\u00e7\u00e3o do design em Portugal. O PCP destacou a relev\u00e2ncia da obra multidisciplinar do artista.<\/p>\n","protected":false},"excerpt":{"rendered":"<ul>\n<li>Morreu aos 89 anos o designer Jos\u00e9 Santa-B\u00e1rbara, considerado uma refer\u00eancia das artes visuais em Portugal.<\/li>\n<li>Assinou nove capas de discos de Zeca Afonso e o log\u00f3tipo da CP, al\u00e9m de interven\u00e7\u00f5es pl\u00e1sticas em espa\u00e7os p\u00fablicos, como as esta\u00e7\u00f5es de Entrecampos e Santa Apol\u00f3nia, e nas de Pragal, Entrecampos e Rossio.<\/li>\n<li>Colaborou com artistas como Adriano Correia de Oliveira, Jos\u00e9 M\u00e1rio Branco, Fausto Bordalo Dias e o ator M\u00e1rio Viegas; foi militante do Partido Comunista Portugu\u00eas.<\/li>\n<li>Nascido em 1936, nas Caldas da Rainha, estudou na Escola Ant\u00f3nio Arroio e na Escola Superior de Belas Artes, e dirigiu o departamento de design da CP por mais de trinta anos.<\/li>\n<li>O Presidente da Rep\u00fablica, Ant\u00f3nio Jos\u00e9 Seguro, reagiu com consterna\u00e7\u00e3o, lembrando-o como um dos nomes da renova\u00e7\u00e3o do design portugu\u00eas.<\/li>\n<\/ul>\n","protected":false},"author":2,"featured_media":461727,"comment_status":"closed","ping_status":"closed","sticky":false,"template":"","format":"standard","meta":{"footnotes":""},"categories":[6675,7375],"tags":[1672,3191,145,143,299,5691],"class_list":["post-461723","post","type-post","status-publish","format-standard","has-post-thumbnail","hentry","category-celebridades","category-cultura","tag-caldas-da-rainha","tag-cp","tag-cultura","tag-design","tag-historia","tag-obras"],"yoast_head":"<!-- This site is optimized with the Yoast SEO plugin v27.2 - https:\/\/yoast.com\/product\/yoast-seo-wordpress\/ -->\n<title>Morre Jos\u00e9 Santa-B\u00e1rbara, designer da interven\u00e7\u00e3o - Portal Tela Portugal<\/title>\n<meta name=\"robots\" content=\"index, follow, max-snippet:-1, max-image-preview:large, max-video-preview:-1\" \/>\n<meta property=\"og:locale\" content=\"pt_PT\" \/>\n<meta property=\"og:type\" content=\"article\" \/>\n<meta property=\"og:title\" content=\"Morre Jos\u00e9 Santa-B\u00e1rbara, designer da interven\u00e7\u00e3o - Portal Tela Portugal\" \/>\n<meta property=\"og:description\" content=\"Morreu aos 89 anos o designer Jos\u00e9 Santa-B\u00e1rbara, considerado uma refer\u00eancia das artes visuais em Portugal. Assinou nove capas de discos de Zeca Afonso e o log\u00f3tipo da CP, al\u00e9m de interven\u00e7\u00f5es pl\u00e1sticas em espa\u00e7os p\u00fablicos, como as esta\u00e7\u00f5es de Entrecampos e Santa Apol\u00f3nia, e nas de Pragal, Entrecampos e Rossio. Colaborou com artistas como Adriano Correia de Oliveira, Jos\u00e9 M\u00e1rio Branco, Fausto Bordalo Dias e o ator M\u00e1rio Viegas; foi militante do Partido Comunista Portugu\u00eas. Nascido em 1936, nas Caldas da Rainha, estudou na Escola Ant\u00f3nio Arroio e na Escola Superior de Belas Artes, e dirigiu o departamento de design da CP por mais de trinta anos. O Presidente da Rep\u00fablica, Ant\u00f3nio Jos\u00e9 Seguro, reagiu com consterna\u00e7\u00e3o, lembrando-o como um dos nomes da renova\u00e7\u00e3o do design portugu\u00eas.\" \/>\n<meta property=\"og:url\" content=\"https:\/\/portaltela.pt\/noticias\/2026\/04\/29\/morre-jose-santa-barbara-designer-da-intervencao\/\" \/>\n<meta property=\"og:site_name\" content=\"Portal Tela Portugal\" \/>\n<meta property=\"article:published_time\" content=\"2026-04-30T00:33:09+00:00\" \/>\n<meta name=\"author\" content=\"Telinha\" \/>\n<meta name=\"twitter:card\" content=\"summary_large_image\" \/>\n<meta name=\"twitter:label1\" content=\"Escrito por\" \/>\n\t<meta name=\"twitter:data1\" content=\"Telinha\" \/>\n\t<meta name=\"twitter:label2\" content=\"Tempo estimado de leitura\" \/>\n\t<meta name=\"twitter:data2\" content=\"1 minuto\" \/>\n<script type=\"application\/ld+json\" class=\"yoast-schema-graph\">{\"@context\":\"https:\/\/schema.org\",\"@graph\":[{\"@type\":\"Article\",\"@id\":\"https:\/\/portaltela.pt\/noticias\/2026\/04\/29\/morre-jose-santa-barbara-designer-da-intervencao\/#article\",\"isPartOf\":{\"@id\":\"https:\/\/portaltela.pt\/noticias\/2026\/04\/29\/morre-jose-santa-barbara-designer-da-intervencao\/\"},\"author\":{\"name\":\"Telinha\",\"@id\":\"https:\/\/portaltela.pt\/#\/schema\/person\/c4278d4a6028830caff9ee44b42d32ed\"},\"headline\":\"Morre Jos\u00e9 Santa-B\u00e1rbara, designer da interven\u00e7\u00e3o\",\"datePublished\":\"2026-04-30T00:33:09+00:00\",\"mainEntityOfPage\":{\"@id\":\"https:\/\/portaltela.pt\/noticias\/2026\/04\/29\/morre-jose-santa-barbara-designer-da-intervencao\/\"},\"wordCount\":203,\"image\":{\"@id\":\"https:\/\/portaltela.pt\/noticias\/2026\/04\/29\/morre-jose-santa-barbara-designer-da-intervencao\/#primaryimage\"},\"thumbnailUrl\":\"https:\/\/portaltela.pt\/s.01k8rhncp4jt1\/2026\/04\/img_1500x1000uu2026-04-29-11-21-52-2281772.jpg\",\"keywords\":[\"Caldas da Rainha\",\"CP\",\"cultura\",\"design\",\"hist\u00f3ria\",\"obras\"],\"articleSection\":[\"Celebridades\",\"Cultura\"],\"inLanguage\":\"pt-PT\"},{\"@type\":\"WebPage\",\"@id\":\"https:\/\/portaltela.pt\/noticias\/2026\/04\/29\/morre-jose-santa-barbara-designer-da-intervencao\/\",\"url\":\"https:\/\/portaltela.pt\/noticias\/2026\/04\/29\/morre-jose-santa-barbara-designer-da-intervencao\/\",\"name\":\"Morre Jos\u00e9 Santa-B\u00e1rbara, designer da interven\u00e7\u00e3o - Portal Tela Portugal\",\"isPartOf\":{\"@id\":\"https:\/\/portaltela.pt\/#website\"},\"primaryImageOfPage\":{\"@id\":\"https:\/\/portaltela.pt\/noticias\/2026\/04\/29\/morre-jose-santa-barbara-designer-da-intervencao\/#primaryimage\"},\"image\":{\"@id\":\"https:\/\/portaltela.pt\/noticias\/2026\/04\/29\/morre-jose-santa-barbara-designer-da-intervencao\/#primaryimage\"},\"thumbnailUrl\":\"https:\/\/portaltela.pt\/s.01k8rhncp4jt1\/2026\/04\/img_1500x1000uu2026-04-29-11-21-52-2281772.jpg\",\"datePublished\":\"2026-04-30T00:33:09+00:00\",\"author\":{\"@id\":\"https:\/\/portaltela.pt\/#\/schema\/person\/c4278d4a6028830caff9ee44b42d32ed\"},\"breadcrumb\":{\"@id\":\"https:\/\/portaltela.pt\/noticias\/2026\/04\/29\/morre-jose-santa-barbara-designer-da-intervencao\/#breadcrumb\"},\"inLanguage\":\"pt-PT\",\"potentialAction\":[{\"@type\":\"ReadAction\",\"target\":[\"https:\/\/portaltela.pt\/noticias\/2026\/04\/29\/morre-jose-santa-barbara-designer-da-intervencao\/\"]}]},{\"@type\":\"ImageObject\",\"inLanguage\":\"pt-PT\",\"@id\":\"https:\/\/portaltela.pt\/noticias\/2026\/04\/29\/morre-jose-santa-barbara-designer-da-intervencao\/#primaryimage\",\"url\":\"https:\/\/portaltela.pt\/s.01k8rhncp4jt1\/2026\/04\/img_1500x1000uu2026-04-29-11-21-52-2281772.jpg\",\"contentUrl\":\"https:\/\/portaltela.pt\/s.01k8rhncp4jt1\/2026\/04\/img_1500x1000uu2026-04-29-11-21-52-2281772.jpg\",\"width\":796,\"height\":448,\"caption\":\"Homenagem a Jos\u00e9 Santa-B\u00e1rbara, designer de capas de Jos\u00e9 Afonso e do log\u00f3tipo da CP, falecido aos 89 anos\"},{\"@type\":\"BreadcrumbList\",\"@id\":\"https:\/\/portaltela.pt\/noticias\/2026\/04\/29\/morre-jose-santa-barbara-designer-da-intervencao\/#breadcrumb\",\"itemListElement\":[{\"@type\":\"ListItem\",\"position\":1,\"name\":\"In\u00edcio\",\"item\":\"https:\/\/portaltela.pt\/\"},{\"@type\":\"ListItem\",\"position\":2,\"name\":\"Morre Jos\u00e9 Santa-B\u00e1rbara, designer da interven\u00e7\u00e3o\"}]},{\"@type\":\"WebSite\",\"@id\":\"https:\/\/portaltela.pt\/#website\",\"url\":\"https:\/\/portaltela.pt\/\",\"name\":\"Portal Tela Portugal\",\"description\":\"\",\"potentialAction\":[{\"@type\":\"SearchAction\",\"target\":{\"@type\":\"EntryPoint\",\"urlTemplate\":\"https:\/\/portaltela.pt\/?s={search_term_string}\"},\"query-input\":{\"@type\":\"PropertyValueSpecification\",\"valueRequired\":true,\"valueName\":\"search_term_string\"}}],\"inLanguage\":\"pt-PT\"},{\"@type\":\"Person\",\"@id\":\"https:\/\/portaltela.pt\/#\/schema\/person\/c4278d4a6028830caff9ee44b42d32ed\",\"name\":\"Telinha\",\"image\":{\"@type\":\"ImageObject\",\"inLanguage\":\"pt-PT\",\"@id\":\"https:\/\/portaltela.pt\/s.01k8rhncp4jt1\/2025\/11\/talking-bot-125x125.png\",\"url\":\"https:\/\/portaltela.pt\/s.01k8rhncp4jt1\/2025\/11\/talking-bot-125x125.png\",\"contentUrl\":\"https:\/\/portaltela.pt\/s.01k8rhncp4jt1\/2025\/11\/talking-bot-125x125.png\",\"caption\":\"Telinha\"},\"sameAs\":[\"https:\/\/portaltela.pt\/\"],\"url\":\"https:\/\/portaltela.pt\/por\/367410592786\/\"}]}<\/script>\n<!-- \/ Yoast SEO plugin. -->","yoast_head_json":{"title":"Morre Jos\u00e9 Santa-B\u00e1rbara, designer da interven\u00e7\u00e3o - Portal Tela Portugal","robots":{"index":"index","follow":"follow","max-snippet":"max-snippet:-1","max-image-preview":"max-image-preview:large","max-video-preview":"max-video-preview:-1"},"og_locale":"pt_PT","og_type":"article","og_title":"Morre Jos\u00e9 Santa-B\u00e1rbara, designer da interven\u00e7\u00e3o - Portal Tela Portugal","og_description":"Morreu aos 89 anos o designer Jos\u00e9 Santa-B\u00e1rbara, considerado uma refer\u00eancia das artes visuais em Portugal. Assinou nove capas de discos de Zeca Afonso e o log\u00f3tipo da CP, al\u00e9m de interven\u00e7\u00f5es pl\u00e1sticas em espa\u00e7os p\u00fablicos, como as esta\u00e7\u00f5es de Entrecampos e Santa Apol\u00f3nia, e nas de Pragal, Entrecampos e Rossio. Colaborou com artistas como Adriano Correia de Oliveira, Jos\u00e9 M\u00e1rio Branco, Fausto Bordalo Dias e o ator M\u00e1rio Viegas; foi militante do Partido Comunista Portugu\u00eas. Nascido em 1936, nas Caldas da Rainha, estudou na Escola Ant\u00f3nio Arroio e na Escola Superior de Belas Artes, e dirigiu o departamento de design da CP por mais de trinta anos. O Presidente da Rep\u00fablica, Ant\u00f3nio Jos\u00e9 Seguro, reagiu com consterna\u00e7\u00e3o, lembrando-o como um dos nomes da renova\u00e7\u00e3o do design portugu\u00eas.","og_url":"https:\/\/portaltela.pt\/noticias\/2026\/04\/29\/morre-jose-santa-barbara-designer-da-intervencao\/","og_site_name":"Portal Tela Portugal","article_published_time":"2026-04-30T00:33:09+00:00","author":"Telinha","twitter_card":"summary_large_image","twitter_misc":{"Escrito por":"Telinha","Tempo estimado de leitura":"1 minuto"},"schema":{"@context":"https:\/\/schema.org","@graph":[{"@type":"Article","@id":"https:\/\/portaltela.pt\/noticias\/2026\/04\/29\/morre-jose-santa-barbara-designer-da-intervencao\/#article","isPartOf":{"@id":"https:\/\/portaltela.pt\/noticias\/2026\/04\/29\/morre-jose-santa-barbara-designer-da-intervencao\/"},"author":{"name":"Telinha","@id":"https:\/\/portaltela.pt\/#\/schema\/person\/c4278d4a6028830caff9ee44b42d32ed"},"headline":"Morre Jos\u00e9 Santa-B\u00e1rbara, designer da interven\u00e7\u00e3o","datePublished":"2026-04-30T00:33:09+00:00","mainEntityOfPage":{"@id":"https:\/\/portaltela.pt\/noticias\/2026\/04\/29\/morre-jose-santa-barbara-designer-da-intervencao\/"},"wordCount":203,"image":{"@id":"https:\/\/portaltela.pt\/noticias\/2026\/04\/29\/morre-jose-santa-barbara-designer-da-intervencao\/#primaryimage"},"thumbnailUrl":"https:\/\/portaltela.pt\/s.01k8rhncp4jt1\/2026\/04\/img_1500x1000uu2026-04-29-11-21-52-2281772.jpg","keywords":["Caldas da Rainha","CP","cultura","design","hist\u00f3ria","obras"],"articleSection":["Celebridades","Cultura"],"inLanguage":"pt-PT"},{"@type":"WebPage","@id":"https:\/\/portaltela.pt\/noticias\/2026\/04\/29\/morre-jose-santa-barbara-designer-da-intervencao\/","url":"https:\/\/portaltela.pt\/noticias\/2026\/04\/29\/morre-jose-santa-barbara-designer-da-intervencao\/","name":"Morre Jos\u00e9 Santa-B\u00e1rbara, designer da interven\u00e7\u00e3o - Portal Tela Portugal","isPartOf":{"@id":"https:\/\/portaltela.pt\/#website"},"primaryImageOfPage":{"@id":"https:\/\/portaltela.pt\/noticias\/2026\/04\/29\/morre-jose-santa-barbara-designer-da-intervencao\/#primaryimage"},"image":{"@id":"https:\/\/portaltela.pt\/noticias\/2026\/04\/29\/morre-jose-santa-barbara-designer-da-intervencao\/#primaryimage"},"thumbnailUrl":"https:\/\/portaltela.pt\/s.01k8rhncp4jt1\/2026\/04\/img_1500x1000uu2026-04-29-11-21-52-2281772.jpg","datePublished":"2026-04-30T00:33:09+00:00","author":{"@id":"https:\/\/portaltela.pt\/#\/schema\/person\/c4278d4a6028830caff9ee44b42d32ed"},"breadcrumb":{"@id":"https:\/\/portaltela.pt\/noticias\/2026\/04\/29\/morre-jose-santa-barbara-designer-da-intervencao\/#breadcrumb"},"inLanguage":"pt-PT","potentialAction":[{"@type":"ReadAction","target":["https:\/\/portaltela.pt\/noticias\/2026\/04\/29\/morre-jose-santa-barbara-designer-da-intervencao\/"]}]},{"@type":"ImageObject","inLanguage":"pt-PT","@id":"https:\/\/portaltela.pt\/noticias\/2026\/04\/29\/morre-jose-santa-barbara-designer-da-intervencao\/#primaryimage","url":"https:\/\/portaltela.pt\/s.01k8rhncp4jt1\/2026\/04\/img_1500x1000uu2026-04-29-11-21-52-2281772.jpg","contentUrl":"https:\/\/portaltela.pt\/s.01k8rhncp4jt1\/2026\/04\/img_1500x1000uu2026-04-29-11-21-52-2281772.jpg","width":796,"height":448,"caption":"Homenagem a Jos\u00e9 Santa-B\u00e1rbara, designer de capas de Jos\u00e9 Afonso e do log\u00f3tipo da CP, falecido aos 89 anos"},{"@type":"BreadcrumbList","@id":"https:\/\/portaltela.pt\/noticias\/2026\/04\/29\/morre-jose-santa-barbara-designer-da-intervencao\/#breadcrumb","itemListElement":[{"@type":"ListItem","position":1,"name":"In\u00edcio","item":"https:\/\/portaltela.pt\/"},{"@type":"ListItem","position":2,"name":"Morre Jos\u00e9 Santa-B\u00e1rbara, designer da interven\u00e7\u00e3o"}]},{"@type":"WebSite","@id":"https:\/\/portaltela.pt\/#website","url":"https:\/\/portaltela.pt\/","name":"Portal Tela Portugal","description":"","potentialAction":[{"@type":"SearchAction","target":{"@type":"EntryPoint","urlTemplate":"https:\/\/portaltela.pt\/?s={search_term_string}"},"query-input":{"@type":"PropertyValueSpecification","valueRequired":true,"valueName":"search_term_string"}}],"inLanguage":"pt-PT"},{"@type":"Person","@id":"https:\/\/portaltela.pt\/#\/schema\/person\/c4278d4a6028830caff9ee44b42d32ed","name":"Telinha","image":{"@type":"ImageObject","inLanguage":"pt-PT","@id":"https:\/\/portaltela.pt\/s.01k8rhncp4jt1\/2025\/11\/talking-bot-125x125.png","url":"https:\/\/portaltela.pt\/s.01k8rhncp4jt1\/2025\/11\/talking-bot-125x125.png","contentUrl":"https:\/\/portaltela.pt\/s.01k8rhncp4jt1\/2025\/11\/talking-bot-125x125.png","caption":"Telinha"},"sameAs":["https:\/\/portaltela.pt\/"],"url":"https:\/\/portaltela.pt\/por\/367410592786\/"}]}},"_links":{"self":[{"href":"https:\/\/portaltela.pt\/api\/wp\/v2\/posts\/461723","targetHints":{"allow":["GET"]}}],"collection":[{"href":"https:\/\/portaltela.pt\/api\/wp\/v2\/posts"}],"about":[{"href":"https:\/\/portaltela.pt\/api\/wp\/v2\/types\/post"}],"author":[{"embeddable":true,"href":"https:\/\/portaltela.pt\/api\/wp\/v2\/users\/2"}],"replies":[{"embeddable":true,"href":"https:\/\/portaltela.pt\/api\/wp\/v2\/comments?post=461723"}],"version-history":[{"count":0,"href":"https:\/\/portaltela.pt\/api\/wp\/v2\/posts\/461723\/revisions"}],"wp:featuredmedia":[{"embeddable":true,"href":"https:\/\/portaltela.pt\/api\/wp\/v2\/media\/461727"}],"wp:attachment":[{"href":"https:\/\/portaltela.pt\/api\/wp\/v2\/media?parent=461723"}],"wp:term":[{"taxonomy":"category","embeddable":true,"href":"https:\/\/portaltela.pt\/api\/wp\/v2\/categories?post=461723"},{"taxonomy":"post_tag","embeddable":true,"href":"https:\/\/portaltela.pt\/api\/wp\/v2\/tags?post=461723"}],"curies":[{"name":"wp","href":"https:\/\/api.w.org\/{rel}","templated":true}]}}