{"id":461720,"date":"2026-04-29T21:32:59","date_gmt":"2026-04-30T00:32:59","guid":{"rendered":"https:\/\/portaltela.pt\/noticias\/2026\/04\/29\/bilhetes-ilegais-para-festa-do-fc-porto-geram-alarme\/"},"modified":"2026-04-29T21:32:59","modified_gmt":"2026-04-30T00:32:59","slug":"bilhetes-ilegais-para-festa-do-fc-porto-geram-alarme","status":"publish","type":"post","link":"https:\/\/portaltela.pt\/desporto\/futebol\/2026\/04\/29\/bilhetes-ilegais-para-festa-do-fc-porto-geram-alarme\/","title":{"rendered":"Bilhetes ilegais para festa do FC Porto geram alarme"},"content":{"rendered":"<p>O FC Porto pode sagrar-se campe\u00e3o j\u00e1 no pr\u00f3ximo s\u00e1bado, com uma vit\u00f3ria frente ao Alverca. A procura por bilhetes atingiu n\u00edveis elevados, dado o poss\u00edvel 31.\u00ba t\u00edtulo, e a lota\u00e7\u00e3o do est\u00e1dio j\u00e1 est\u00e1 esgotada. A dire\u00e7\u00e3o portista tem monitorizado o processo para evitar entradas de bilhetes n\u00e3o oficiais.<\/p>\n<p>Os ingressos esgotaram rapidamente e a venda em canais n\u00e3o oficiais ganhou destaque. Plataformas de revenda, como o Viagogo, apresentam pre\u00e7os que v\u00e3o desde cerca de 209 euros para a Superior Sul at\u00e9 aos 3 mil euros por dois bilhetes para a Tribuna. Valores semelhantes t\u00eam sido reportados noutros canais.<\/p>\n<p>A administra\u00e7\u00e3o do clube emitiu avisos sobre os riscos de adquirir bilhetes fora da rede oficial, para proteger s\u00f3cios e adeptos e impedir o crescimento do neg\u00f3cio no mercado paralelo. A equipa pode festejar o t\u00edtulo no Drag\u00e3o, com a cerim\u00f4nia de entrega do trof\u00e9u marcada apenas para o \u00faltimo jogo, frente ao Santa Clara.<\/p>\n<h3>Risco de bilhetes falsos e venda ilegal<\/h3>\n<p>Caso o FC Porto confirme o t\u00edtulo noK s\u00e1bado, a festa dos jogadores est\u00e1 prevista apenas no Est\u00e1dio do Drag\u00e3o. A desloca\u00e7\u00e3o aos Aliados fica para depois da \u00faltima jornada, conforme as informa\u00e7\u00f5es j\u00e1 avan\u00e7adas. O pr\u00f3prio clube refor\u00e7a a necessidade de comprar apenas por vias oficiais.<\/p>\n","protected":false},"excerpt":{"rendered":"<ul>\n<li>O FC Porto pode sagrar-se campe\u00e3o j\u00e1 no s\u00e1bado frente ao Alverca, o que gerou uma procura elevada de bilhetes, mesmo com a lota\u00e7\u00e3o esgotada.<\/li>\n<li>A dire\u00e7\u00e3o teme bilhetes falsos ou vendidos em plataformas de forma ilegal e ordenou a nega entrada a quem n\u00e3o tenha bilhete via canais oficiais.<\/li>\n<li>Plataformas de revenda, como a Viagogo, incluem bilhetes desde 209 euros na Superior Sul at\u00e9 3 mil euros por dois bilhetes para a Tribuna.<\/li>\n<li>O clube alertou para os riscos de comprar bilhetes fora dos canais oficiais para proteger s\u00f3cios e adeptos e deter o neg\u00f3cio no mercado paralelo.<\/li>\n<li>Caso o t\u00edtulo seja festejado no s\u00e1bado, a celebra\u00e7\u00e3o ser\u00e1 no Drag\u00e3o, com festa dos jogadores apenas ap\u00f3s a \u00faltima jornada e a entrega do trof\u00e9u prevista para o jogo final contra o Santa Clara.<\/li>\n<\/ul>\n","protected":false},"author":2,"featured_media":461722,"comment_status":"closed","ping_status":"closed","sticky":false,"template":"","format":"standard","meta":{"footnotes":""},"categories":[21,24],"tags":[2533,1230,2028,32,982,7460],"class_list":["post-461720","post","type-post","status-publish","format-standard","has-post-thumbnail","hentry","category-desporto","category-futebol","tag-adeptos","tag-alverca","tag-fc-porto","tag-futebol","tag-porto","tag-vendas"],"yoast_head":"<!-- This site is optimized with the Yoast SEO plugin v27.2 - https:\/\/yoast.com\/product\/yoast-seo-wordpress\/ -->\n<title>Bilhetes ilegais para festa do FC Porto geram alarme - Portal Tela Portugal<\/title>\n<meta name=\"robots\" content=\"index, follow, max-snippet:-1, max-image-preview:large, max-video-preview:-1\" \/>\n<meta property=\"og:locale\" content=\"pt_PT\" \/>\n<meta property=\"og:type\" content=\"article\" \/>\n<meta property=\"og:title\" content=\"Bilhetes ilegais para festa do FC Porto geram alarme - Portal Tela Portugal\" \/>\n<meta property=\"og:description\" content=\"O FC Porto pode sagrar-se campe\u00e3o j\u00e1 no s\u00e1bado frente ao Alverca, o que gerou uma procura elevada de bilhetes, mesmo com a lota\u00e7\u00e3o esgotada. A dire\u00e7\u00e3o teme bilhetes falsos ou vendidos em plataformas de forma ilegal e ordenou a nega entrada a quem n\u00e3o tenha bilhete via canais oficiais. Plataformas de revenda, como a Viagogo, incluem bilhetes desde 209 euros na Superior Sul at\u00e9 3 mil euros por dois bilhetes para a Tribuna. O clube alertou para os riscos de comprar bilhetes fora dos canais oficiais para proteger s\u00f3cios e adeptos e deter o neg\u00f3cio no mercado paralelo. Caso o t\u00edtulo seja festejado no s\u00e1bado, a celebra\u00e7\u00e3o ser\u00e1 no Drag\u00e3o, com festa dos jogadores apenas ap\u00f3s a \u00faltima jornada e a entrega do trof\u00e9u prevista para o jogo final contra o Santa Clara.\" \/>\n<meta property=\"og:url\" content=\"https:\/\/portaltela.pt\/noticias\/2026\/04\/29\/bilhetes-ilegais-para-festa-do-fc-porto-geram-alarme\/\" \/>\n<meta property=\"og:site_name\" content=\"Portal Tela Portugal\" \/>\n<meta property=\"article:published_time\" content=\"2026-04-30T00:32:59+00:00\" \/>\n<meta name=\"author\" content=\"Telinha\" \/>\n<meta name=\"twitter:card\" content=\"summary_large_image\" \/>\n<meta name=\"twitter:label1\" content=\"Escrito por\" \/>\n\t<meta name=\"twitter:data1\" content=\"Telinha\" \/>\n\t<meta name=\"twitter:label2\" content=\"Tempo estimado de leitura\" \/>\n\t<meta name=\"twitter:data2\" content=\"1 minuto\" \/>\n<script type=\"application\/ld+json\" class=\"yoast-schema-graph\">{\"@context\":\"https:\/\/schema.org\",\"@graph\":[{\"@type\":\"Article\",\"@id\":\"https:\/\/portaltela.pt\/noticias\/2026\/04\/29\/bilhetes-ilegais-para-festa-do-fc-porto-geram-alarme\/#article\",\"isPartOf\":{\"@id\":\"https:\/\/portaltela.pt\/noticias\/2026\/04\/29\/bilhetes-ilegais-para-festa-do-fc-porto-geram-alarme\/\"},\"author\":{\"name\":\"Telinha\",\"@id\":\"https:\/\/portaltela.pt\/#\/schema\/person\/c4278d4a6028830caff9ee44b42d32ed\"},\"headline\":\"Bilhetes ilegais para festa do FC Porto geram alarme\",\"datePublished\":\"2026-04-30T00:32:59+00:00\",\"mainEntityOfPage\":{\"@id\":\"https:\/\/portaltela.pt\/noticias\/2026\/04\/29\/bilhetes-ilegais-para-festa-do-fc-porto-geram-alarme\/\"},\"wordCount\":246,\"image\":{\"@id\":\"https:\/\/portaltela.pt\/noticias\/2026\/04\/29\/bilhetes-ilegais-para-festa-do-fc-porto-geram-alarme\/#primaryimage\"},\"thumbnailUrl\":\"https:\/\/portaltela.pt\/s.01k8rhncp4jt1\/2026\/04\/img_1280x721uu2025-11-02-19-32-57-2245012.jpg\",\"keywords\":[\"adeptos\",\"Alverca\",\"FC Porto\",\"futebol\",\"Porto\",\"vendas\"],\"articleSection\":[\"Desporto\",\"Futebol\"],\"inLanguage\":\"pt-PT\"},{\"@type\":\"WebPage\",\"@id\":\"https:\/\/portaltela.pt\/noticias\/2026\/04\/29\/bilhetes-ilegais-para-festa-do-fc-porto-geram-alarme\/\",\"url\":\"https:\/\/portaltela.pt\/noticias\/2026\/04\/29\/bilhetes-ilegais-para-festa-do-fc-porto-geram-alarme\/\",\"name\":\"Bilhetes ilegais para festa do FC Porto geram alarme - Portal Tela Portugal\",\"isPartOf\":{\"@id\":\"https:\/\/portaltela.pt\/#website\"},\"primaryImageOfPage\":{\"@id\":\"https:\/\/portaltela.pt\/noticias\/2026\/04\/29\/bilhetes-ilegais-para-festa-do-fc-porto-geram-alarme\/#primaryimage\"},\"image\":{\"@id\":\"https:\/\/portaltela.pt\/noticias\/2026\/04\/29\/bilhetes-ilegais-para-festa-do-fc-porto-geram-alarme\/#primaryimage\"},\"thumbnailUrl\":\"https:\/\/portaltela.pt\/s.01k8rhncp4jt1\/2026\/04\/img_1280x721uu2025-11-02-19-32-57-2245012.jpg\",\"datePublished\":\"2026-04-30T00:32:59+00:00\",\"author\":{\"@id\":\"https:\/\/portaltela.pt\/#\/schema\/person\/c4278d4a6028830caff9ee44b42d32ed\"},\"breadcrumb\":{\"@id\":\"https:\/\/portaltela.pt\/noticias\/2026\/04\/29\/bilhetes-ilegais-para-festa-do-fc-porto-geram-alarme\/#breadcrumb\"},\"inLanguage\":\"pt-PT\",\"potentialAction\":[{\"@type\":\"ReadAction\",\"target\":[\"https:\/\/portaltela.pt\/noticias\/2026\/04\/29\/bilhetes-ilegais-para-festa-do-fc-porto-geram-alarme\/\"]}]},{\"@type\":\"ImageObject\",\"inLanguage\":\"pt-PT\",\"@id\":\"https:\/\/portaltela.pt\/noticias\/2026\/04\/29\/bilhetes-ilegais-para-festa-do-fc-porto-geram-alarme\/#primaryimage\",\"url\":\"https:\/\/portaltela.pt\/s.01k8rhncp4jt1\/2026\/04\/img_1280x721uu2025-11-02-19-32-57-2245012.jpg\",\"contentUrl\":\"https:\/\/portaltela.pt\/s.01k8rhncp4jt1\/2026\/04\/img_1280x721uu2025-11-02-19-32-57-2245012.jpg\",\"width\":796,\"height\":448,\"caption\":\"FC Porto e Sp. Braga defrontam-se no Est\u00e1dio do Drag\u00e3o, na 10.\u00aa jornada da Liga Betclic\"},{\"@type\":\"BreadcrumbList\",\"@id\":\"https:\/\/portaltela.pt\/noticias\/2026\/04\/29\/bilhetes-ilegais-para-festa-do-fc-porto-geram-alarme\/#breadcrumb\",\"itemListElement\":[{\"@type\":\"ListItem\",\"position\":1,\"name\":\"In\u00edcio\",\"item\":\"https:\/\/portaltela.pt\/\"},{\"@type\":\"ListItem\",\"position\":2,\"name\":\"Bilhetes ilegais para festa do FC Porto geram alarme\"}]},{\"@type\":\"WebSite\",\"@id\":\"https:\/\/portaltela.pt\/#website\",\"url\":\"https:\/\/portaltela.pt\/\",\"name\":\"Portal Tela Portugal\",\"description\":\"\",\"potentialAction\":[{\"@type\":\"SearchAction\",\"target\":{\"@type\":\"EntryPoint\",\"urlTemplate\":\"https:\/\/portaltela.pt\/?s={search_term_string}\"},\"query-input\":{\"@type\":\"PropertyValueSpecification\",\"valueRequired\":true,\"valueName\":\"search_term_string\"}}],\"inLanguage\":\"pt-PT\"},{\"@type\":\"Person\",\"@id\":\"https:\/\/portaltela.pt\/#\/schema\/person\/c4278d4a6028830caff9ee44b42d32ed\",\"name\":\"Telinha\",\"image\":{\"@type\":\"ImageObject\",\"inLanguage\":\"pt-PT\",\"@id\":\"https:\/\/portaltela.pt\/s.01k8rhncp4jt1\/2025\/11\/talking-bot-125x125.png\",\"url\":\"https:\/\/portaltela.pt\/s.01k8rhncp4jt1\/2025\/11\/talking-bot-125x125.png\",\"contentUrl\":\"https:\/\/portaltela.pt\/s.01k8rhncp4jt1\/2025\/11\/talking-bot-125x125.png\",\"caption\":\"Telinha\"},\"sameAs\":[\"https:\/\/portaltela.pt\/\"],\"url\":\"https:\/\/portaltela.pt\/por\/367410592786\/\"}]}<\/script>\n<!-- \/ Yoast SEO plugin. -->","yoast_head_json":{"title":"Bilhetes ilegais para festa do FC Porto geram alarme - Portal Tela Portugal","robots":{"index":"index","follow":"follow","max-snippet":"max-snippet:-1","max-image-preview":"max-image-preview:large","max-video-preview":"max-video-preview:-1"},"og_locale":"pt_PT","og_type":"article","og_title":"Bilhetes ilegais para festa do FC Porto geram alarme - Portal Tela Portugal","og_description":"O FC Porto pode sagrar-se campe\u00e3o j\u00e1 no s\u00e1bado frente ao Alverca, o que gerou uma procura elevada de bilhetes, mesmo com a lota\u00e7\u00e3o esgotada. A dire\u00e7\u00e3o teme bilhetes falsos ou vendidos em plataformas de forma ilegal e ordenou a nega entrada a quem n\u00e3o tenha bilhete via canais oficiais. Plataformas de revenda, como a Viagogo, incluem bilhetes desde 209 euros na Superior Sul at\u00e9 3 mil euros por dois bilhetes para a Tribuna. O clube alertou para os riscos de comprar bilhetes fora dos canais oficiais para proteger s\u00f3cios e adeptos e deter o neg\u00f3cio no mercado paralelo. Caso o t\u00edtulo seja festejado no s\u00e1bado, a celebra\u00e7\u00e3o ser\u00e1 no Drag\u00e3o, com festa dos jogadores apenas ap\u00f3s a \u00faltima jornada e a entrega do trof\u00e9u prevista para o jogo final contra o Santa Clara.","og_url":"https:\/\/portaltela.pt\/noticias\/2026\/04\/29\/bilhetes-ilegais-para-festa-do-fc-porto-geram-alarme\/","og_site_name":"Portal Tela Portugal","article_published_time":"2026-04-30T00:32:59+00:00","author":"Telinha","twitter_card":"summary_large_image","twitter_misc":{"Escrito por":"Telinha","Tempo estimado de leitura":"1 minuto"},"schema":{"@context":"https:\/\/schema.org","@graph":[{"@type":"Article","@id":"https:\/\/portaltela.pt\/noticias\/2026\/04\/29\/bilhetes-ilegais-para-festa-do-fc-porto-geram-alarme\/#article","isPartOf":{"@id":"https:\/\/portaltela.pt\/noticias\/2026\/04\/29\/bilhetes-ilegais-para-festa-do-fc-porto-geram-alarme\/"},"author":{"name":"Telinha","@id":"https:\/\/portaltela.pt\/#\/schema\/person\/c4278d4a6028830caff9ee44b42d32ed"},"headline":"Bilhetes ilegais para festa do FC Porto geram alarme","datePublished":"2026-04-30T00:32:59+00:00","mainEntityOfPage":{"@id":"https:\/\/portaltela.pt\/noticias\/2026\/04\/29\/bilhetes-ilegais-para-festa-do-fc-porto-geram-alarme\/"},"wordCount":246,"image":{"@id":"https:\/\/portaltela.pt\/noticias\/2026\/04\/29\/bilhetes-ilegais-para-festa-do-fc-porto-geram-alarme\/#primaryimage"},"thumbnailUrl":"https:\/\/portaltela.pt\/s.01k8rhncp4jt1\/2026\/04\/img_1280x721uu2025-11-02-19-32-57-2245012.jpg","keywords":["adeptos","Alverca","FC Porto","futebol","Porto","vendas"],"articleSection":["Desporto","Futebol"],"inLanguage":"pt-PT"},{"@type":"WebPage","@id":"https:\/\/portaltela.pt\/noticias\/2026\/04\/29\/bilhetes-ilegais-para-festa-do-fc-porto-geram-alarme\/","url":"https:\/\/portaltela.pt\/noticias\/2026\/04\/29\/bilhetes-ilegais-para-festa-do-fc-porto-geram-alarme\/","name":"Bilhetes ilegais para festa do FC Porto geram alarme - Portal Tela Portugal","isPartOf":{"@id":"https:\/\/portaltela.pt\/#website"},"primaryImageOfPage":{"@id":"https:\/\/portaltela.pt\/noticias\/2026\/04\/29\/bilhetes-ilegais-para-festa-do-fc-porto-geram-alarme\/#primaryimage"},"image":{"@id":"https:\/\/portaltela.pt\/noticias\/2026\/04\/29\/bilhetes-ilegais-para-festa-do-fc-porto-geram-alarme\/#primaryimage"},"thumbnailUrl":"https:\/\/portaltela.pt\/s.01k8rhncp4jt1\/2026\/04\/img_1280x721uu2025-11-02-19-32-57-2245012.jpg","datePublished":"2026-04-30T00:32:59+00:00","author":{"@id":"https:\/\/portaltela.pt\/#\/schema\/person\/c4278d4a6028830caff9ee44b42d32ed"},"breadcrumb":{"@id":"https:\/\/portaltela.pt\/noticias\/2026\/04\/29\/bilhetes-ilegais-para-festa-do-fc-porto-geram-alarme\/#breadcrumb"},"inLanguage":"pt-PT","potentialAction":[{"@type":"ReadAction","target":["https:\/\/portaltela.pt\/noticias\/2026\/04\/29\/bilhetes-ilegais-para-festa-do-fc-porto-geram-alarme\/"]}]},{"@type":"ImageObject","inLanguage":"pt-PT","@id":"https:\/\/portaltela.pt\/noticias\/2026\/04\/29\/bilhetes-ilegais-para-festa-do-fc-porto-geram-alarme\/#primaryimage","url":"https:\/\/portaltela.pt\/s.01k8rhncp4jt1\/2026\/04\/img_1280x721uu2025-11-02-19-32-57-2245012.jpg","contentUrl":"https:\/\/portaltela.pt\/s.01k8rhncp4jt1\/2026\/04\/img_1280x721uu2025-11-02-19-32-57-2245012.jpg","width":796,"height":448,"caption":"FC Porto e Sp. Braga defrontam-se no Est\u00e1dio do Drag\u00e3o, na 10.\u00aa jornada da Liga Betclic"},{"@type":"BreadcrumbList","@id":"https:\/\/portaltela.pt\/noticias\/2026\/04\/29\/bilhetes-ilegais-para-festa-do-fc-porto-geram-alarme\/#breadcrumb","itemListElement":[{"@type":"ListItem","position":1,"name":"In\u00edcio","item":"https:\/\/portaltela.pt\/"},{"@type":"ListItem","position":2,"name":"Bilhetes ilegais para festa do FC Porto geram alarme"}]},{"@type":"WebSite","@id":"https:\/\/portaltela.pt\/#website","url":"https:\/\/portaltela.pt\/","name":"Portal Tela Portugal","description":"","potentialAction":[{"@type":"SearchAction","target":{"@type":"EntryPoint","urlTemplate":"https:\/\/portaltela.pt\/?s={search_term_string}"},"query-input":{"@type":"PropertyValueSpecification","valueRequired":true,"valueName":"search_term_string"}}],"inLanguage":"pt-PT"},{"@type":"Person","@id":"https:\/\/portaltela.pt\/#\/schema\/person\/c4278d4a6028830caff9ee44b42d32ed","name":"Telinha","image":{"@type":"ImageObject","inLanguage":"pt-PT","@id":"https:\/\/portaltela.pt\/s.01k8rhncp4jt1\/2025\/11\/talking-bot-125x125.png","url":"https:\/\/portaltela.pt\/s.01k8rhncp4jt1\/2025\/11\/talking-bot-125x125.png","contentUrl":"https:\/\/portaltela.pt\/s.01k8rhncp4jt1\/2025\/11\/talking-bot-125x125.png","caption":"Telinha"},"sameAs":["https:\/\/portaltela.pt\/"],"url":"https:\/\/portaltela.pt\/por\/367410592786\/"}]}},"_links":{"self":[{"href":"https:\/\/portaltela.pt\/api\/wp\/v2\/posts\/461720","targetHints":{"allow":["GET"]}}],"collection":[{"href":"https:\/\/portaltela.pt\/api\/wp\/v2\/posts"}],"about":[{"href":"https:\/\/portaltela.pt\/api\/wp\/v2\/types\/post"}],"author":[{"embeddable":true,"href":"https:\/\/portaltela.pt\/api\/wp\/v2\/users\/2"}],"replies":[{"embeddable":true,"href":"https:\/\/portaltela.pt\/api\/wp\/v2\/comments?post=461720"}],"version-history":[{"count":0,"href":"https:\/\/portaltela.pt\/api\/wp\/v2\/posts\/461720\/revisions"}],"wp:featuredmedia":[{"embeddable":true,"href":"https:\/\/portaltela.pt\/api\/wp\/v2\/media\/461722"}],"wp:attachment":[{"href":"https:\/\/portaltela.pt\/api\/wp\/v2\/media?parent=461720"}],"wp:term":[{"taxonomy":"category","embeddable":true,"href":"https:\/\/portaltela.pt\/api\/wp\/v2\/categories?post=461720"},{"taxonomy":"post_tag","embeddable":true,"href":"https:\/\/portaltela.pt\/api\/wp\/v2\/tags?post=461720"}],"curies":[{"name":"wp","href":"https:\/\/api.w.org\/{rel}","templated":true}]}}