{"id":461718,"date":"2026-04-29T21:18:38","date_gmt":"2026-04-30T00:18:38","guid":{"rendered":"https:\/\/portaltela.pt\/noticias\/2026\/04\/29\/organizacao-da-flotilha-de-gaza-denuncia-cerco-por-forcas-israelitas\/"},"modified":"2026-04-29T21:18:38","modified_gmt":"2026-04-30T00:18:38","slug":"organizacao-da-flotilha-de-gaza-denuncia-cerco-por-forcas-israelitas","status":"publish","type":"post","link":"https:\/\/portaltela.pt\/conflitos\/2026\/04\/29\/organizacao-da-flotilha-de-gaza-denuncia-cerco-por-forcas-israelitas\/","title":{"rendered":"Organiza\u00e7\u00e3o da Flotilha de Gaza denuncia cerco por for\u00e7as israelitas"},"content":{"rendered":"<p>A Organiza\u00e7\u00e3o da Flotilha Mundial Sumud denuncia que embarca\u00e7\u00f5es militares israelitas cercaram ilegalmente a flotilha em \u00e1guas internacionais. Segundo a organiza\u00e7\u00e3o, houve amea\u00e7as de rapto e de uso de viol\u00eancia, e o contacto com 11 embarca\u00e7\u00f5es foi perdido. A flotilha pertence a mais de 50 barcos.<\/p>\n<p>A miss\u00e3o re\u00fane embarca\u00e7\u00f5es provenientes de Marselha, Barcelona e Siracusa, que partiram recentemente em dire\u00e7\u00e3o a Gaza. Os barcos encontram-se a Oeste de Creta, Gr\u00e9cia, segundo monitoriza\u00e7\u00e3o em tempo real da Sumud.<\/p>\n<p>Em comunica\u00e7\u00e3o publicada na rede social X, a Sumud afirma ter sido abordada por navios identificados como israelitas, que teriam apontado lasers e armas semiautom\u00e1ticas, ordenando que os passageiros se reunissem na proa e se ajoelhassem.<\/p>\n<h3>Contexto<\/h3>\n<p>O primeiro contacto entre a flotilha e autoridades militares ocorreu no ver\u00e3o e outono de 2025, quando a iniciativa chamou a aten\u00e7\u00e3o internacional. Na altura, cerca de cinquenta barcos foram interceptados por for\u00e7as israelitas junto \u00e0 costa do Egito e da Faixa de Gaza.<\/p>\n<p>A opera\u00e7\u00e3o, j\u00e1 condenada pela Amnistia Internacional, resultou na deten\u00e7\u00e3o dos tripulantes e na expuls\u00e3o de alguns pelos militares. A Faixa de Gaza continua sob bloqueio israelita desde 2007.<\/p>\n<h3>Hist\u00f3rico da flotilha<\/h3>\n<p>A flotilha Global Sumud j\u00e1 realizou a\u00e7\u00f5es similares no Mediterr\u00e2neo, com participa\u00e7\u00e3o de figuras p\u00fablicas portuguesas e internacionais. O objetivo \u00e9 chamar a aten\u00e7\u00e3o para a situa\u00e7\u00e3o humanit\u00e1ria na regi\u00e3o perto de Gaza. As autoridades israelitas e o movimento Hamas mant\u00eam acusa\u00e7\u00f5es m\u00fatuas de viola\u00e7\u00e3o de cessar-fogo.<\/p>\n","protected":false},"excerpt":{"rendered":"<ul>\n<li>A Flotilha Mundial Sumud denuncia que embarca\u00e7\u00f5es militares israelitas cercaram ilegalmente a flotilha em \u00e1guas internacionais, com amea\u00e7as de rapto e uso de viol\u00eancia, e que o contacto com onze embarca\u00e7\u00f5es foi perdido.<\/li>\n<li>A flotilha, com mais de cinquenta barcos, partiu recentemente de Marselha, Barcelona e Siracusa, estando atualmente a oeste de Creta, segundo rastreio em tempo real do grupo.<\/li>\n<li>Os organizadores dizem ter sido abordados por embarca\u00e7\u00f5es que se identificaram como israelitas, as quais apontaram lasers e armas semiautom\u00e1ticas e ordenaram que os participantes se reunissem na proa e se ajoelhassem.<\/li>\n<li>A opera\u00e7\u00e3o foi inicialmente anunciada no ver\u00e3o e outono de 2025, com a primeira viagem pelo Mediterr\u00e2neo at\u00e9 os arredores de Gaza, que acabou por ser interceptada por Israel perto da costa do Egito e da Faixa de Gaza, levando \u00e0 pris\u00e3o e expuls\u00e3o dos tripulantes.<\/li>\n<li>A Faixa de Gaza est\u00e1 sob bloqueio israelita desde 2007; Israel e o movimento Hamas voltaram a acusar-se de violar o cessar-fogo vigente desde 10 de outubro de 2025.<\/li>\n<\/ul>\n","protected":false},"author":2,"featured_media":461719,"comment_status":"closed","ping_status":"closed","sticky":false,"template":"","format":"standard","meta":{"footnotes":""},"categories":[6790],"tags":[8102,9143,7934,8191,9372,7941],"class_list":["post-461718","post","type-post","status-publish","format-standard","has-post-thumbnail","hentry","category-conflitos","tag-_acao-humanitaria","tag-_barcos","tag-_conflitos-internacionais","tag-_israel","tag-_palestina","tag-_situacoes-internacionais"],"yoast_head":"<!-- This site is optimized with the Yoast SEO plugin v27.2 - https:\/\/yoast.com\/product\/yoast-seo-wordpress\/ -->\n<title>Organiza\u00e7\u00e3o da Flotilha de Gaza denuncia cerco por for\u00e7as israelitas - Portal Tela Portugal<\/title>\n<meta name=\"robots\" content=\"index, follow, max-snippet:-1, max-image-preview:large, max-video-preview:-1\" \/>\n<meta property=\"og:locale\" content=\"pt_PT\" \/>\n<meta property=\"og:type\" content=\"article\" \/>\n<meta property=\"og:title\" content=\"Organiza\u00e7\u00e3o da Flotilha de Gaza denuncia cerco por for\u00e7as israelitas - Portal Tela Portugal\" \/>\n<meta property=\"og:description\" content=\"A Flotilha Mundial Sumud denuncia que embarca\u00e7\u00f5es militares israelitas cercaram ilegalmente a flotilha em \u00e1guas internacionais, com amea\u00e7as de rapto e uso de viol\u00eancia, e que o contacto com onze embarca\u00e7\u00f5es foi perdido. A flotilha, com mais de cinquenta barcos, partiu recentemente de Marselha, Barcelona e Siracusa, estando atualmente a oeste de Creta, segundo rastreio em tempo real do grupo. Os organizadores dizem ter sido abordados por embarca\u00e7\u00f5es que se identificaram como israelitas, as quais apontaram lasers e armas semiautom\u00e1ticas e ordenaram que os participantes se reunissem na proa e se ajoelhassem. A opera\u00e7\u00e3o foi inicialmente anunciada no ver\u00e3o e outono de 2025, com a primeira viagem pelo Mediterr\u00e2neo at\u00e9 os arredores de Gaza, que acabou por ser interceptada por Israel perto da costa do Egito e da Faixa de Gaza, levando \u00e0 pris\u00e3o e expuls\u00e3o dos tripulantes. A Faixa de Gaza est\u00e1 sob bloqueio israelita desde 2007; Israel e o movimento Hamas voltaram a acusar-se de violar o cessar-fogo vigente desde 10 de outubro de 2025.\" \/>\n<meta property=\"og:url\" content=\"https:\/\/portaltela.pt\/noticias\/2026\/04\/29\/organizacao-da-flotilha-de-gaza-denuncia-cerco-por-forcas-israelitas\/\" \/>\n<meta property=\"og:site_name\" content=\"Portal Tela Portugal\" \/>\n<meta property=\"article:published_time\" content=\"2026-04-30T00:18:38+00:00\" \/>\n<meta name=\"author\" content=\"Telinha\" \/>\n<meta name=\"twitter:card\" content=\"summary_large_image\" \/>\n<meta name=\"twitter:label1\" content=\"Escrito por\" \/>\n\t<meta name=\"twitter:data1\" content=\"Telinha\" \/>\n\t<meta name=\"twitter:label2\" content=\"Tempo estimado de leitura\" \/>\n\t<meta name=\"twitter:data2\" content=\"1 minuto\" \/>\n<script type=\"application\/ld+json\" class=\"yoast-schema-graph\">{\"@context\":\"https:\/\/schema.org\",\"@graph\":[{\"@type\":\"Article\",\"@id\":\"https:\/\/portaltela.pt\/noticias\/2026\/04\/29\/organizacao-da-flotilha-de-gaza-denuncia-cerco-por-forcas-israelitas\/#article\",\"isPartOf\":{\"@id\":\"https:\/\/portaltela.pt\/noticias\/2026\/04\/29\/organizacao-da-flotilha-de-gaza-denuncia-cerco-por-forcas-israelitas\/\"},\"author\":{\"name\":\"Telinha\",\"@id\":\"https:\/\/portaltela.pt\/#\/schema\/person\/c4278d4a6028830caff9ee44b42d32ed\"},\"headline\":\"Organiza\u00e7\u00e3o da Flotilha de Gaza denuncia cerco por for\u00e7as israelitas\",\"datePublished\":\"2026-04-30T00:18:38+00:00\",\"mainEntityOfPage\":{\"@id\":\"https:\/\/portaltela.pt\/noticias\/2026\/04\/29\/organizacao-da-flotilha-de-gaza-denuncia-cerco-por-forcas-israelitas\/\"},\"wordCount\":277,\"image\":{\"@id\":\"https:\/\/portaltela.pt\/noticias\/2026\/04\/29\/organizacao-da-flotilha-de-gaza-denuncia-cerco-por-forcas-israelitas\/#primaryimage\"},\"thumbnailUrl\":\"https:\/\/portaltela.pt\/s.01k8rhncp4jt1\/2026\/04\/image-1694.jpg\",\"keywords\":[\"_a\u00e7\u00e3o humanit\u00e1ria\",\"_barcos\",\"_conflitos internacionais\",\"_Israel\",\"_Palestina\",\"_situa\u00e7\u00f5es internacionais\"],\"articleSection\":[\"Conflitos\"],\"inLanguage\":\"pt-PT\"},{\"@type\":\"WebPage\",\"@id\":\"https:\/\/portaltela.pt\/noticias\/2026\/04\/29\/organizacao-da-flotilha-de-gaza-denuncia-cerco-por-forcas-israelitas\/\",\"url\":\"https:\/\/portaltela.pt\/noticias\/2026\/04\/29\/organizacao-da-flotilha-de-gaza-denuncia-cerco-por-forcas-israelitas\/\",\"name\":\"Organiza\u00e7\u00e3o da Flotilha de Gaza denuncia cerco por for\u00e7as israelitas - Portal Tela Portugal\",\"isPartOf\":{\"@id\":\"https:\/\/portaltela.pt\/#website\"},\"primaryImageOfPage\":{\"@id\":\"https:\/\/portaltela.pt\/noticias\/2026\/04\/29\/organizacao-da-flotilha-de-gaza-denuncia-cerco-por-forcas-israelitas\/#primaryimage\"},\"image\":{\"@id\":\"https:\/\/portaltela.pt\/noticias\/2026\/04\/29\/organizacao-da-flotilha-de-gaza-denuncia-cerco-por-forcas-israelitas\/#primaryimage\"},\"thumbnailUrl\":\"https:\/\/portaltela.pt\/s.01k8rhncp4jt1\/2026\/04\/image-1694.jpg\",\"datePublished\":\"2026-04-30T00:18:38+00:00\",\"author\":{\"@id\":\"https:\/\/portaltela.pt\/#\/schema\/person\/c4278d4a6028830caff9ee44b42d32ed\"},\"breadcrumb\":{\"@id\":\"https:\/\/portaltela.pt\/noticias\/2026\/04\/29\/organizacao-da-flotilha-de-gaza-denuncia-cerco-por-forcas-israelitas\/#breadcrumb\"},\"inLanguage\":\"pt-PT\",\"potentialAction\":[{\"@type\":\"ReadAction\",\"target\":[\"https:\/\/portaltela.pt\/noticias\/2026\/04\/29\/organizacao-da-flotilha-de-gaza-denuncia-cerco-por-forcas-israelitas\/\"]}]},{\"@type\":\"ImageObject\",\"inLanguage\":\"pt-PT\",\"@id\":\"https:\/\/portaltela.pt\/noticias\/2026\/04\/29\/organizacao-da-flotilha-de-gaza-denuncia-cerco-por-forcas-israelitas\/#primaryimage\",\"url\":\"https:\/\/portaltela.pt\/s.01k8rhncp4jt1\/2026\/04\/image-1694.jpg\",\"contentUrl\":\"https:\/\/portaltela.pt\/s.01k8rhncp4jt1\/2026\/04\/image-1694.jpg\",\"width\":796,\"height\":448,\"caption\":\"Iniciativa humanit\u00e1ria tenta forar bloqueio israelita sobre o enclave devastado por uma campanha militar considerada genocida pela ONU\"},{\"@type\":\"BreadcrumbList\",\"@id\":\"https:\/\/portaltela.pt\/noticias\/2026\/04\/29\/organizacao-da-flotilha-de-gaza-denuncia-cerco-por-forcas-israelitas\/#breadcrumb\",\"itemListElement\":[{\"@type\":\"ListItem\",\"position\":1,\"name\":\"In\u00edcio\",\"item\":\"https:\/\/portaltela.pt\/\"},{\"@type\":\"ListItem\",\"position\":2,\"name\":\"Organiza\u00e7\u00e3o da Flotilha de Gaza denuncia cerco por for\u00e7as israelitas\"}]},{\"@type\":\"WebSite\",\"@id\":\"https:\/\/portaltela.pt\/#website\",\"url\":\"https:\/\/portaltela.pt\/\",\"name\":\"Portal Tela Portugal\",\"description\":\"\",\"potentialAction\":[{\"@type\":\"SearchAction\",\"target\":{\"@type\":\"EntryPoint\",\"urlTemplate\":\"https:\/\/portaltela.pt\/?s={search_term_string}\"},\"query-input\":{\"@type\":\"PropertyValueSpecification\",\"valueRequired\":true,\"valueName\":\"search_term_string\"}}],\"inLanguage\":\"pt-PT\"},{\"@type\":\"Person\",\"@id\":\"https:\/\/portaltela.pt\/#\/schema\/person\/c4278d4a6028830caff9ee44b42d32ed\",\"name\":\"Telinha\",\"image\":{\"@type\":\"ImageObject\",\"inLanguage\":\"pt-PT\",\"@id\":\"https:\/\/portaltela.pt\/s.01k8rhncp4jt1\/2025\/11\/talking-bot-125x125.png\",\"url\":\"https:\/\/portaltela.pt\/s.01k8rhncp4jt1\/2025\/11\/talking-bot-125x125.png\",\"contentUrl\":\"https:\/\/portaltela.pt\/s.01k8rhncp4jt1\/2025\/11\/talking-bot-125x125.png\",\"caption\":\"Telinha\"},\"sameAs\":[\"https:\/\/portaltela.pt\/\"],\"url\":\"https:\/\/portaltela.pt\/por\/367410592786\/\"}]}<\/script>\n<!-- \/ Yoast SEO plugin. -->","yoast_head_json":{"title":"Organiza\u00e7\u00e3o da Flotilha de Gaza denuncia cerco por for\u00e7as israelitas - Portal Tela Portugal","robots":{"index":"index","follow":"follow","max-snippet":"max-snippet:-1","max-image-preview":"max-image-preview:large","max-video-preview":"max-video-preview:-1"},"og_locale":"pt_PT","og_type":"article","og_title":"Organiza\u00e7\u00e3o da Flotilha de Gaza denuncia cerco por for\u00e7as israelitas - Portal Tela Portugal","og_description":"A Flotilha Mundial Sumud denuncia que embarca\u00e7\u00f5es militares israelitas cercaram ilegalmente a flotilha em \u00e1guas internacionais, com amea\u00e7as de rapto e uso de viol\u00eancia, e que o contacto com onze embarca\u00e7\u00f5es foi perdido. A flotilha, com mais de cinquenta barcos, partiu recentemente de Marselha, Barcelona e Siracusa, estando atualmente a oeste de Creta, segundo rastreio em tempo real do grupo. Os organizadores dizem ter sido abordados por embarca\u00e7\u00f5es que se identificaram como israelitas, as quais apontaram lasers e armas semiautom\u00e1ticas e ordenaram que os participantes se reunissem na proa e se ajoelhassem. A opera\u00e7\u00e3o foi inicialmente anunciada no ver\u00e3o e outono de 2025, com a primeira viagem pelo Mediterr\u00e2neo at\u00e9 os arredores de Gaza, que acabou por ser interceptada por Israel perto da costa do Egito e da Faixa de Gaza, levando \u00e0 pris\u00e3o e expuls\u00e3o dos tripulantes. A Faixa de Gaza est\u00e1 sob bloqueio israelita desde 2007; Israel e o movimento Hamas voltaram a acusar-se de violar o cessar-fogo vigente desde 10 de outubro de 2025.","og_url":"https:\/\/portaltela.pt\/noticias\/2026\/04\/29\/organizacao-da-flotilha-de-gaza-denuncia-cerco-por-forcas-israelitas\/","og_site_name":"Portal Tela Portugal","article_published_time":"2026-04-30T00:18:38+00:00","author":"Telinha","twitter_card":"summary_large_image","twitter_misc":{"Escrito por":"Telinha","Tempo estimado de leitura":"1 minuto"},"schema":{"@context":"https:\/\/schema.org","@graph":[{"@type":"Article","@id":"https:\/\/portaltela.pt\/noticias\/2026\/04\/29\/organizacao-da-flotilha-de-gaza-denuncia-cerco-por-forcas-israelitas\/#article","isPartOf":{"@id":"https:\/\/portaltela.pt\/noticias\/2026\/04\/29\/organizacao-da-flotilha-de-gaza-denuncia-cerco-por-forcas-israelitas\/"},"author":{"name":"Telinha","@id":"https:\/\/portaltela.pt\/#\/schema\/person\/c4278d4a6028830caff9ee44b42d32ed"},"headline":"Organiza\u00e7\u00e3o da Flotilha de Gaza denuncia cerco por for\u00e7as israelitas","datePublished":"2026-04-30T00:18:38+00:00","mainEntityOfPage":{"@id":"https:\/\/portaltela.pt\/noticias\/2026\/04\/29\/organizacao-da-flotilha-de-gaza-denuncia-cerco-por-forcas-israelitas\/"},"wordCount":277,"image":{"@id":"https:\/\/portaltela.pt\/noticias\/2026\/04\/29\/organizacao-da-flotilha-de-gaza-denuncia-cerco-por-forcas-israelitas\/#primaryimage"},"thumbnailUrl":"https:\/\/portaltela.pt\/s.01k8rhncp4jt1\/2026\/04\/image-1694.jpg","keywords":["_a\u00e7\u00e3o humanit\u00e1ria","_barcos","_conflitos internacionais","_Israel","_Palestina","_situa\u00e7\u00f5es internacionais"],"articleSection":["Conflitos"],"inLanguage":"pt-PT"},{"@type":"WebPage","@id":"https:\/\/portaltela.pt\/noticias\/2026\/04\/29\/organizacao-da-flotilha-de-gaza-denuncia-cerco-por-forcas-israelitas\/","url":"https:\/\/portaltela.pt\/noticias\/2026\/04\/29\/organizacao-da-flotilha-de-gaza-denuncia-cerco-por-forcas-israelitas\/","name":"Organiza\u00e7\u00e3o da Flotilha de Gaza denuncia cerco por for\u00e7as israelitas - Portal Tela Portugal","isPartOf":{"@id":"https:\/\/portaltela.pt\/#website"},"primaryImageOfPage":{"@id":"https:\/\/portaltela.pt\/noticias\/2026\/04\/29\/organizacao-da-flotilha-de-gaza-denuncia-cerco-por-forcas-israelitas\/#primaryimage"},"image":{"@id":"https:\/\/portaltela.pt\/noticias\/2026\/04\/29\/organizacao-da-flotilha-de-gaza-denuncia-cerco-por-forcas-israelitas\/#primaryimage"},"thumbnailUrl":"https:\/\/portaltela.pt\/s.01k8rhncp4jt1\/2026\/04\/image-1694.jpg","datePublished":"2026-04-30T00:18:38+00:00","author":{"@id":"https:\/\/portaltela.pt\/#\/schema\/person\/c4278d4a6028830caff9ee44b42d32ed"},"breadcrumb":{"@id":"https:\/\/portaltela.pt\/noticias\/2026\/04\/29\/organizacao-da-flotilha-de-gaza-denuncia-cerco-por-forcas-israelitas\/#breadcrumb"},"inLanguage":"pt-PT","potentialAction":[{"@type":"ReadAction","target":["https:\/\/portaltela.pt\/noticias\/2026\/04\/29\/organizacao-da-flotilha-de-gaza-denuncia-cerco-por-forcas-israelitas\/"]}]},{"@type":"ImageObject","inLanguage":"pt-PT","@id":"https:\/\/portaltela.pt\/noticias\/2026\/04\/29\/organizacao-da-flotilha-de-gaza-denuncia-cerco-por-forcas-israelitas\/#primaryimage","url":"https:\/\/portaltela.pt\/s.01k8rhncp4jt1\/2026\/04\/image-1694.jpg","contentUrl":"https:\/\/portaltela.pt\/s.01k8rhncp4jt1\/2026\/04\/image-1694.jpg","width":796,"height":448,"caption":"Iniciativa humanit\u00e1ria tenta forar bloqueio israelita sobre o enclave devastado por uma campanha militar considerada genocida pela ONU"},{"@type":"BreadcrumbList","@id":"https:\/\/portaltela.pt\/noticias\/2026\/04\/29\/organizacao-da-flotilha-de-gaza-denuncia-cerco-por-forcas-israelitas\/#breadcrumb","itemListElement":[{"@type":"ListItem","position":1,"name":"In\u00edcio","item":"https:\/\/portaltela.pt\/"},{"@type":"ListItem","position":2,"name":"Organiza\u00e7\u00e3o da Flotilha de Gaza denuncia cerco por for\u00e7as israelitas"}]},{"@type":"WebSite","@id":"https:\/\/portaltela.pt\/#website","url":"https:\/\/portaltela.pt\/","name":"Portal Tela Portugal","description":"","potentialAction":[{"@type":"SearchAction","target":{"@type":"EntryPoint","urlTemplate":"https:\/\/portaltela.pt\/?s={search_term_string}"},"query-input":{"@type":"PropertyValueSpecification","valueRequired":true,"valueName":"search_term_string"}}],"inLanguage":"pt-PT"},{"@type":"Person","@id":"https:\/\/portaltela.pt\/#\/schema\/person\/c4278d4a6028830caff9ee44b42d32ed","name":"Telinha","image":{"@type":"ImageObject","inLanguage":"pt-PT","@id":"https:\/\/portaltela.pt\/s.01k8rhncp4jt1\/2025\/11\/talking-bot-125x125.png","url":"https:\/\/portaltela.pt\/s.01k8rhncp4jt1\/2025\/11\/talking-bot-125x125.png","contentUrl":"https:\/\/portaltela.pt\/s.01k8rhncp4jt1\/2025\/11\/talking-bot-125x125.png","caption":"Telinha"},"sameAs":["https:\/\/portaltela.pt\/"],"url":"https:\/\/portaltela.pt\/por\/367410592786\/"}]}},"_links":{"self":[{"href":"https:\/\/portaltela.pt\/api\/wp\/v2\/posts\/461718","targetHints":{"allow":["GET"]}}],"collection":[{"href":"https:\/\/portaltela.pt\/api\/wp\/v2\/posts"}],"about":[{"href":"https:\/\/portaltela.pt\/api\/wp\/v2\/types\/post"}],"author":[{"embeddable":true,"href":"https:\/\/portaltela.pt\/api\/wp\/v2\/users\/2"}],"replies":[{"embeddable":true,"href":"https:\/\/portaltela.pt\/api\/wp\/v2\/comments?post=461718"}],"version-history":[{"count":0,"href":"https:\/\/portaltela.pt\/api\/wp\/v2\/posts\/461718\/revisions"}],"wp:featuredmedia":[{"embeddable":true,"href":"https:\/\/portaltela.pt\/api\/wp\/v2\/media\/461719"}],"wp:attachment":[{"href":"https:\/\/portaltela.pt\/api\/wp\/v2\/media?parent=461718"}],"wp:term":[{"taxonomy":"category","embeddable":true,"href":"https:\/\/portaltela.pt\/api\/wp\/v2\/categories?post=461718"},{"taxonomy":"post_tag","embeddable":true,"href":"https:\/\/portaltela.pt\/api\/wp\/v2\/tags?post=461718"}],"curies":[{"name":"wp","href":"https:\/\/api.w.org\/{rel}","templated":true}]}}