{"id":461710,"date":"2026-04-29T20:48:28","date_gmt":"2026-04-29T23:48:28","guid":{"rendered":"https:\/\/portaltela.pt\/noticias\/2026\/04\/29\/rangel-afirma-que-uso-das-lajes-pelos-eua-tem-sido-infimo\/"},"modified":"2026-04-29T20:48:28","modified_gmt":"2026-04-29T23:48:28","slug":"rangel-afirma-que-uso-das-lajes-pelos-eua-tem-sido-infimo","status":"publish","type":"post","link":"https:\/\/portaltela.pt\/noticias\/2026\/04\/29\/rangel-afirma-que-uso-das-lajes-pelos-eua-tem-sido-infimo\/","title":{"rendered":"Rangel afirma que uso das Lajes pelos EUA tem sido \u00ednfimo"},"content":{"rendered":"<p>O ministro dos Neg\u00f3cios Estrangeiros, Paulo Rangel, afirmou que a utiliza\u00e7\u00e3o da Base das Lajes pelos Estados Unidos tem sido \u00ednfima face \u00e0 escala de recursos norte-americanos no M\u00e9dio Oriente. A avalia\u00e7\u00e3o surge no contexto do conflito com o Ir\u00e3o.<\/p>\n<p>Rangel explicou que a autoriza\u00e7\u00e3o portuguesa para a utiliza\u00e7\u00e3o da base est\u00e1 condicionada a que o material utilizado seja apenas em resposta a ataques, de forma proporcional e direcionada a alvos militares. O acordo com os EUA \u00e9 visto como consensual entre relevantes for\u00e7as pol\u00edticas nacionais.<\/p>\n<p>A diplomacia portuguesa mant\u00e9m que as condi\u00e7\u00f5es impostas foram recebidas pelos principais partidos, incluindo o PS e o Chega, sem oposi\u00e7\u00e3o expressa. O Governo considera que as exig\u00eancias est\u00e3o a ser cumpridas pela administra\u00e7\u00e3o de Washington.<\/p>\n<h3>Contexto internacional e alinhamento estrat\u00e9gico<\/h3>\n<p>O chefe da diplomacia portuguesa frisou que o Governo tem raz\u00f5es para crer que as condicionantes est\u00e3o a ser respeitadas e destacou a avalia\u00e7\u00e3o de que a comunica\u00e7\u00e3o pr\u00e9via aos aliados n\u00e3o ocorreu. A posi\u00e7\u00e3o de Portugal mant\u00e9m-se de n\u00e3o apoio ao conflito nem ao ataque que o desencadeou.<\/p>\n<p>Rangel sublinhou que, apesar de diverg\u00eancias na NATO, a confian\u00e7a nos objetivos e na miss\u00e3o da alian\u00e7a permanece intacta. O Governo intensificou o trabalho diplom\u00e1tico e aguarda evolu\u00e7\u00e3o do cessar-fogo na regi\u00e3o, sustentando a necessidade de uma negocia\u00e7\u00e3o de paz aceit\u00e1vel para as partes.<\/p>\n<p>Portugal refor\u00e7ou a posi\u00e7\u00e3o de que n\u00e3o subscreve o conflito e apoia esfor\u00e7os diplom\u00e1ticos para chegar a um cessar-fogo duradouro. O Minist\u00e9rio dos Neg\u00f3cios Estrangeiros considera essencial criar condi\u00e7\u00f5es para negocia\u00e7\u00f5es de paz entre as partes envolvidas.<\/p>\n<p>O ministro reiterou que o momento atual \u00e9 desafiante para o multilateralismo, o papel da ONU e o direito internacional. Portugal afirma n\u00e3o perder de vista estes valores e perspetiva que o caminho passa pela diplomacia e pela coopera\u00e7\u00e3o internacional.<\/p>\n","protected":false},"excerpt":{"rendered":"<ul>\n<li>O ministro dos Neg\u00f3cios Estrangeiros, Paulo Rangel, afirma que a utiliza\u00e7\u00e3o da Base das Lajes pelos EUA tem sido \u00ednfima face \u00e0 presen\u00e7a e aos recursos norte\u2011americanos no M\u00e9dio Oriente.<\/li>\n<li>A autoriza\u00e7\u00e3o portuguesa para a base condiciona o uso a resposta a ataques, de forma proporcional e apenas contra alvos militares; o acordo com os EUA tem apoio das grandes for\u00e7as pol\u00edticas portuguesas.<\/li>\n<li>O Governo considera injustas as cr\u00edticas de Donald Trump aos aliados da NATO, dizendo que a opera\u00e7\u00e3o n\u00e3o foi comunicada previamente e n\u00e3o se pode exigir alinhamento total.<\/li>\n<li>Portugal mant\u00e9m um trabalho diplom\u00e1tico intenso sobre o conflito no M\u00e9dio Oriente e mostra-se expectante quanto a uma fase de cessar\u2011fogo que permita negocia\u00e7\u00f5es de paz.<\/li>\n<li>O pa\u00eds mant\u00e9m posi\u00e7\u00e3o de n\u00e3o apoiar o conflito nem o ataque que o desencadeou, defendendo o multilateralismo, a ONU e o direito internacional.<\/li>\n<\/ul>\n","protected":false},"author":2,"featured_media":461713,"comment_status":"closed","ping_status":"closed","sticky":false,"template":"","format":"standard","meta":{"footnotes":""},"categories":[6814,1],"tags":[6760,29,6703,5123,9528,1014],"class_list":["post-461710","post","type-post","status-publish","format-standard","has-post-thumbnail","hentry","category-geopolitica","category-noticias","tag-a-base-das-lajes","tag-diplomacia","tag-diplomacia-internacional","tag-onu","tag-otan","tag-portugal"],"yoast_head":"<!-- This site is optimized with the Yoast SEO plugin v27.2 - https:\/\/yoast.com\/product\/yoast-seo-wordpress\/ -->\n<title>Rangel afirma que uso das Lajes pelos EUA tem sido \u00ednfimo - Portal Tela Portugal<\/title>\n<meta name=\"robots\" content=\"index, follow, max-snippet:-1, max-image-preview:large, max-video-preview:-1\" \/>\n<meta property=\"og:locale\" content=\"pt_PT\" \/>\n<meta property=\"og:type\" content=\"article\" \/>\n<meta property=\"og:title\" content=\"Rangel afirma que uso das Lajes pelos EUA tem sido \u00ednfimo - Portal Tela Portugal\" \/>\n<meta property=\"og:description\" content=\"O ministro dos Neg\u00f3cios Estrangeiros, Paulo Rangel, afirma que a utiliza\u00e7\u00e3o da Base das Lajes pelos EUA tem sido \u00ednfima face \u00e0 presen\u00e7a e aos recursos norte\u2011americanos no M\u00e9dio Oriente. A autoriza\u00e7\u00e3o portuguesa para a base condiciona o uso a resposta a ataques, de forma proporcional e apenas contra alvos militares; o acordo com os EUA tem apoio das grandes for\u00e7as pol\u00edticas portuguesas. O Governo considera injustas as cr\u00edticas de Donald Trump aos aliados da NATO, dizendo que a opera\u00e7\u00e3o n\u00e3o foi comunicada previamente e n\u00e3o se pode exigir alinhamento total. Portugal mant\u00e9m um trabalho diplom\u00e1tico intenso sobre o conflito no M\u00e9dio Oriente e mostra-se expectante quanto a uma fase de cessar\u2011fogo que permita negocia\u00e7\u00f5es de paz. O pa\u00eds mant\u00e9m posi\u00e7\u00e3o de n\u00e3o apoiar o conflito nem o ataque que o desencadeou, defendendo o multilateralismo, a ONU e o direito internacional.\" \/>\n<meta property=\"og:url\" content=\"https:\/\/portaltela.pt\/noticias\/2026\/04\/29\/rangel-afirma-que-uso-das-lajes-pelos-eua-tem-sido-infimo\/\" \/>\n<meta property=\"og:site_name\" content=\"Portal Tela Portugal\" \/>\n<meta property=\"article:published_time\" content=\"2026-04-29T23:48:28+00:00\" \/>\n<meta name=\"author\" content=\"Telinha\" \/>\n<meta name=\"twitter:card\" content=\"summary_large_image\" \/>\n<meta name=\"twitter:label1\" content=\"Escrito por\" \/>\n\t<meta name=\"twitter:data1\" content=\"Telinha\" \/>\n\t<meta name=\"twitter:label2\" content=\"Tempo estimado de leitura\" \/>\n\t<meta name=\"twitter:data2\" content=\"2 minutos\" \/>\n<script type=\"application\/ld+json\" class=\"yoast-schema-graph\">{\"@context\":\"https:\/\/schema.org\",\"@graph\":[{\"@type\":\"Article\",\"@id\":\"https:\/\/portaltela.pt\/noticias\/2026\/04\/29\/rangel-afirma-que-uso-das-lajes-pelos-eua-tem-sido-infimo\/#article\",\"isPartOf\":{\"@id\":\"https:\/\/portaltela.pt\/noticias\/2026\/04\/29\/rangel-afirma-que-uso-das-lajes-pelos-eua-tem-sido-infimo\/\"},\"author\":{\"name\":\"Telinha\",\"@id\":\"https:\/\/portaltela.pt\/#\/schema\/person\/c4278d4a6028830caff9ee44b42d32ed\"},\"headline\":\"Rangel afirma que uso das Lajes pelos EUA tem sido \u00ednfimo\",\"datePublished\":\"2026-04-29T23:48:28+00:00\",\"mainEntityOfPage\":{\"@id\":\"https:\/\/portaltela.pt\/noticias\/2026\/04\/29\/rangel-afirma-que-uso-das-lajes-pelos-eua-tem-sido-infimo\/\"},\"wordCount\":350,\"image\":{\"@id\":\"https:\/\/portaltela.pt\/noticias\/2026\/04\/29\/rangel-afirma-que-uso-das-lajes-pelos-eua-tem-sido-infimo\/#primaryimage\"},\"thumbnailUrl\":\"https:\/\/portaltela.pt\/s.01k8rhncp4jt1\/2026\/04\/image-1693.jpg\",\"keywords\":[\"A Base das Lajes\",\"diplomacia\",\"diplomacia internacional\",\"ONU\",\"OTAN\",\"Portugal\"],\"articleSection\":[\"Geopol\u00edtica\",\"Not\u00edcias\"],\"inLanguage\":\"pt-PT\"},{\"@type\":\"WebPage\",\"@id\":\"https:\/\/portaltela.pt\/noticias\/2026\/04\/29\/rangel-afirma-que-uso-das-lajes-pelos-eua-tem-sido-infimo\/\",\"url\":\"https:\/\/portaltela.pt\/noticias\/2026\/04\/29\/rangel-afirma-que-uso-das-lajes-pelos-eua-tem-sido-infimo\/\",\"name\":\"Rangel afirma que uso das Lajes pelos EUA tem sido \u00ednfimo - Portal Tela Portugal\",\"isPartOf\":{\"@id\":\"https:\/\/portaltela.pt\/#website\"},\"primaryImageOfPage\":{\"@id\":\"https:\/\/portaltela.pt\/noticias\/2026\/04\/29\/rangel-afirma-que-uso-das-lajes-pelos-eua-tem-sido-infimo\/#primaryimage\"},\"image\":{\"@id\":\"https:\/\/portaltela.pt\/noticias\/2026\/04\/29\/rangel-afirma-que-uso-das-lajes-pelos-eua-tem-sido-infimo\/#primaryimage\"},\"thumbnailUrl\":\"https:\/\/portaltela.pt\/s.01k8rhncp4jt1\/2026\/04\/image-1693.jpg\",\"datePublished\":\"2026-04-29T23:48:28+00:00\",\"author\":{\"@id\":\"https:\/\/portaltela.pt\/#\/schema\/person\/c4278d4a6028830caff9ee44b42d32ed\"},\"breadcrumb\":{\"@id\":\"https:\/\/portaltela.pt\/noticias\/2026\/04\/29\/rangel-afirma-que-uso-das-lajes-pelos-eua-tem-sido-infimo\/#breadcrumb\"},\"inLanguage\":\"pt-PT\",\"potentialAction\":[{\"@type\":\"ReadAction\",\"target\":[\"https:\/\/portaltela.pt\/noticias\/2026\/04\/29\/rangel-afirma-que-uso-das-lajes-pelos-eua-tem-sido-infimo\/\"]}]},{\"@type\":\"ImageObject\",\"inLanguage\":\"pt-PT\",\"@id\":\"https:\/\/portaltela.pt\/noticias\/2026\/04\/29\/rangel-afirma-que-uso-das-lajes-pelos-eua-tem-sido-infimo\/#primaryimage\",\"url\":\"https:\/\/portaltela.pt\/s.01k8rhncp4jt1\/2026\/04\/image-1693.jpg\",\"contentUrl\":\"https:\/\/portaltela.pt\/s.01k8rhncp4jt1\/2026\/04\/image-1693.jpg\",\"width\":796,\"height\":448,\"caption\":\"Drone norte-americano MQ-9 Reaper, ao fundo, na Base das Lajes. Gado pasta por perto.\"},{\"@type\":\"BreadcrumbList\",\"@id\":\"https:\/\/portaltela.pt\/noticias\/2026\/04\/29\/rangel-afirma-que-uso-das-lajes-pelos-eua-tem-sido-infimo\/#breadcrumb\",\"itemListElement\":[{\"@type\":\"ListItem\",\"position\":1,\"name\":\"In\u00edcio\",\"item\":\"https:\/\/portaltela.pt\/\"},{\"@type\":\"ListItem\",\"position\":2,\"name\":\"Rangel afirma que uso das Lajes pelos EUA tem sido \u00ednfimo\"}]},{\"@type\":\"WebSite\",\"@id\":\"https:\/\/portaltela.pt\/#website\",\"url\":\"https:\/\/portaltela.pt\/\",\"name\":\"Portal Tela Portugal\",\"description\":\"\",\"potentialAction\":[{\"@type\":\"SearchAction\",\"target\":{\"@type\":\"EntryPoint\",\"urlTemplate\":\"https:\/\/portaltela.pt\/?s={search_term_string}\"},\"query-input\":{\"@type\":\"PropertyValueSpecification\",\"valueRequired\":true,\"valueName\":\"search_term_string\"}}],\"inLanguage\":\"pt-PT\"},{\"@type\":\"Person\",\"@id\":\"https:\/\/portaltela.pt\/#\/schema\/person\/c4278d4a6028830caff9ee44b42d32ed\",\"name\":\"Telinha\",\"image\":{\"@type\":\"ImageObject\",\"inLanguage\":\"pt-PT\",\"@id\":\"https:\/\/portaltela.pt\/s.01k8rhncp4jt1\/2025\/11\/talking-bot-125x125.png\",\"url\":\"https:\/\/portaltela.pt\/s.01k8rhncp4jt1\/2025\/11\/talking-bot-125x125.png\",\"contentUrl\":\"https:\/\/portaltela.pt\/s.01k8rhncp4jt1\/2025\/11\/talking-bot-125x125.png\",\"caption\":\"Telinha\"},\"sameAs\":[\"https:\/\/portaltela.pt\/\"],\"url\":\"https:\/\/portaltela.pt\/por\/367410592786\/\"}]}<\/script>\n<!-- \/ Yoast SEO plugin. -->","yoast_head_json":{"title":"Rangel afirma que uso das Lajes pelos EUA tem sido \u00ednfimo - Portal Tela Portugal","robots":{"index":"index","follow":"follow","max-snippet":"max-snippet:-1","max-image-preview":"max-image-preview:large","max-video-preview":"max-video-preview:-1"},"og_locale":"pt_PT","og_type":"article","og_title":"Rangel afirma que uso das Lajes pelos EUA tem sido \u00ednfimo - Portal Tela Portugal","og_description":"O ministro dos Neg\u00f3cios Estrangeiros, Paulo Rangel, afirma que a utiliza\u00e7\u00e3o da Base das Lajes pelos EUA tem sido \u00ednfima face \u00e0 presen\u00e7a e aos recursos norte\u2011americanos no M\u00e9dio Oriente. A autoriza\u00e7\u00e3o portuguesa para a base condiciona o uso a resposta a ataques, de forma proporcional e apenas contra alvos militares; o acordo com os EUA tem apoio das grandes for\u00e7as pol\u00edticas portuguesas. O Governo considera injustas as cr\u00edticas de Donald Trump aos aliados da NATO, dizendo que a opera\u00e7\u00e3o n\u00e3o foi comunicada previamente e n\u00e3o se pode exigir alinhamento total. Portugal mant\u00e9m um trabalho diplom\u00e1tico intenso sobre o conflito no M\u00e9dio Oriente e mostra-se expectante quanto a uma fase de cessar\u2011fogo que permita negocia\u00e7\u00f5es de paz. O pa\u00eds mant\u00e9m posi\u00e7\u00e3o de n\u00e3o apoiar o conflito nem o ataque que o desencadeou, defendendo o multilateralismo, a ONU e o direito internacional.","og_url":"https:\/\/portaltela.pt\/noticias\/2026\/04\/29\/rangel-afirma-que-uso-das-lajes-pelos-eua-tem-sido-infimo\/","og_site_name":"Portal Tela Portugal","article_published_time":"2026-04-29T23:48:28+00:00","author":"Telinha","twitter_card":"summary_large_image","twitter_misc":{"Escrito por":"Telinha","Tempo estimado de leitura":"2 minutos"},"schema":{"@context":"https:\/\/schema.org","@graph":[{"@type":"Article","@id":"https:\/\/portaltela.pt\/noticias\/2026\/04\/29\/rangel-afirma-que-uso-das-lajes-pelos-eua-tem-sido-infimo\/#article","isPartOf":{"@id":"https:\/\/portaltela.pt\/noticias\/2026\/04\/29\/rangel-afirma-que-uso-das-lajes-pelos-eua-tem-sido-infimo\/"},"author":{"name":"Telinha","@id":"https:\/\/portaltela.pt\/#\/schema\/person\/c4278d4a6028830caff9ee44b42d32ed"},"headline":"Rangel afirma que uso das Lajes pelos EUA tem sido \u00ednfimo","datePublished":"2026-04-29T23:48:28+00:00","mainEntityOfPage":{"@id":"https:\/\/portaltela.pt\/noticias\/2026\/04\/29\/rangel-afirma-que-uso-das-lajes-pelos-eua-tem-sido-infimo\/"},"wordCount":350,"image":{"@id":"https:\/\/portaltela.pt\/noticias\/2026\/04\/29\/rangel-afirma-que-uso-das-lajes-pelos-eua-tem-sido-infimo\/#primaryimage"},"thumbnailUrl":"https:\/\/portaltela.pt\/s.01k8rhncp4jt1\/2026\/04\/image-1693.jpg","keywords":["A Base das Lajes","diplomacia","diplomacia internacional","ONU","OTAN","Portugal"],"articleSection":["Geopol\u00edtica","Not\u00edcias"],"inLanguage":"pt-PT"},{"@type":"WebPage","@id":"https:\/\/portaltela.pt\/noticias\/2026\/04\/29\/rangel-afirma-que-uso-das-lajes-pelos-eua-tem-sido-infimo\/","url":"https:\/\/portaltela.pt\/noticias\/2026\/04\/29\/rangel-afirma-que-uso-das-lajes-pelos-eua-tem-sido-infimo\/","name":"Rangel afirma que uso das Lajes pelos EUA tem sido \u00ednfimo - Portal Tela Portugal","isPartOf":{"@id":"https:\/\/portaltela.pt\/#website"},"primaryImageOfPage":{"@id":"https:\/\/portaltela.pt\/noticias\/2026\/04\/29\/rangel-afirma-que-uso-das-lajes-pelos-eua-tem-sido-infimo\/#primaryimage"},"image":{"@id":"https:\/\/portaltela.pt\/noticias\/2026\/04\/29\/rangel-afirma-que-uso-das-lajes-pelos-eua-tem-sido-infimo\/#primaryimage"},"thumbnailUrl":"https:\/\/portaltela.pt\/s.01k8rhncp4jt1\/2026\/04\/image-1693.jpg","datePublished":"2026-04-29T23:48:28+00:00","author":{"@id":"https:\/\/portaltela.pt\/#\/schema\/person\/c4278d4a6028830caff9ee44b42d32ed"},"breadcrumb":{"@id":"https:\/\/portaltela.pt\/noticias\/2026\/04\/29\/rangel-afirma-que-uso-das-lajes-pelos-eua-tem-sido-infimo\/#breadcrumb"},"inLanguage":"pt-PT","potentialAction":[{"@type":"ReadAction","target":["https:\/\/portaltela.pt\/noticias\/2026\/04\/29\/rangel-afirma-que-uso-das-lajes-pelos-eua-tem-sido-infimo\/"]}]},{"@type":"ImageObject","inLanguage":"pt-PT","@id":"https:\/\/portaltela.pt\/noticias\/2026\/04\/29\/rangel-afirma-que-uso-das-lajes-pelos-eua-tem-sido-infimo\/#primaryimage","url":"https:\/\/portaltela.pt\/s.01k8rhncp4jt1\/2026\/04\/image-1693.jpg","contentUrl":"https:\/\/portaltela.pt\/s.01k8rhncp4jt1\/2026\/04\/image-1693.jpg","width":796,"height":448,"caption":"Drone norte-americano MQ-9 Reaper, ao fundo, na Base das Lajes. Gado pasta por perto."},{"@type":"BreadcrumbList","@id":"https:\/\/portaltela.pt\/noticias\/2026\/04\/29\/rangel-afirma-que-uso-das-lajes-pelos-eua-tem-sido-infimo\/#breadcrumb","itemListElement":[{"@type":"ListItem","position":1,"name":"In\u00edcio","item":"https:\/\/portaltela.pt\/"},{"@type":"ListItem","position":2,"name":"Rangel afirma que uso das Lajes pelos EUA tem sido \u00ednfimo"}]},{"@type":"WebSite","@id":"https:\/\/portaltela.pt\/#website","url":"https:\/\/portaltela.pt\/","name":"Portal Tela Portugal","description":"","potentialAction":[{"@type":"SearchAction","target":{"@type":"EntryPoint","urlTemplate":"https:\/\/portaltela.pt\/?s={search_term_string}"},"query-input":{"@type":"PropertyValueSpecification","valueRequired":true,"valueName":"search_term_string"}}],"inLanguage":"pt-PT"},{"@type":"Person","@id":"https:\/\/portaltela.pt\/#\/schema\/person\/c4278d4a6028830caff9ee44b42d32ed","name":"Telinha","image":{"@type":"ImageObject","inLanguage":"pt-PT","@id":"https:\/\/portaltela.pt\/s.01k8rhncp4jt1\/2025\/11\/talking-bot-125x125.png","url":"https:\/\/portaltela.pt\/s.01k8rhncp4jt1\/2025\/11\/talking-bot-125x125.png","contentUrl":"https:\/\/portaltela.pt\/s.01k8rhncp4jt1\/2025\/11\/talking-bot-125x125.png","caption":"Telinha"},"sameAs":["https:\/\/portaltela.pt\/"],"url":"https:\/\/portaltela.pt\/por\/367410592786\/"}]}},"_links":{"self":[{"href":"https:\/\/portaltela.pt\/api\/wp\/v2\/posts\/461710","targetHints":{"allow":["GET"]}}],"collection":[{"href":"https:\/\/portaltela.pt\/api\/wp\/v2\/posts"}],"about":[{"href":"https:\/\/portaltela.pt\/api\/wp\/v2\/types\/post"}],"author":[{"embeddable":true,"href":"https:\/\/portaltela.pt\/api\/wp\/v2\/users\/2"}],"replies":[{"embeddable":true,"href":"https:\/\/portaltela.pt\/api\/wp\/v2\/comments?post=461710"}],"version-history":[{"count":0,"href":"https:\/\/portaltela.pt\/api\/wp\/v2\/posts\/461710\/revisions"}],"wp:featuredmedia":[{"embeddable":true,"href":"https:\/\/portaltela.pt\/api\/wp\/v2\/media\/461713"}],"wp:attachment":[{"href":"https:\/\/portaltela.pt\/api\/wp\/v2\/media?parent=461710"}],"wp:term":[{"taxonomy":"category","embeddable":true,"href":"https:\/\/portaltela.pt\/api\/wp\/v2\/categories?post=461710"},{"taxonomy":"post_tag","embeddable":true,"href":"https:\/\/portaltela.pt\/api\/wp\/v2\/tags?post=461710"}],"curies":[{"name":"wp","href":"https:\/\/api.w.org\/{rel}","templated":true}]}}