{"id":461693,"date":"2026-04-29T20:18:15","date_gmt":"2026-04-29T23:18:15","guid":{"rendered":"https:\/\/portaltela.pt\/noticias\/2026\/04\/29\/justica-dos-eua-acusa-governador-de-sinaloa-mexico-de-narcotrafico\/"},"modified":"2026-04-29T20:18:15","modified_gmt":"2026-04-29T23:18:15","slug":"justica-dos-eua-acusa-governador-de-sinaloa-mexico-de-narcotrafico","status":"publish","type":"post","link":"https:\/\/portaltela.pt\/noticias\/2026\/04\/29\/justica-dos-eua-acusa-governador-de-sinaloa-mexico-de-narcotrafico\/","title":{"rendered":"Justi\u00e7a dos EUA acusa governador de Sinaloa, M\u00e9xico, de narcotr\u00e1fico"},"content":{"rendered":"<p>A Procuradoria federal de Nova Iorque acusou o governador de Sinaloa, Rub\u00e9n Rocha Moya, de narcotr\u00e1fico, tornando-o a figura pol\u00edtica mexicana mais elevada a enfrentar acusa\u00e7\u00f5es nos EUA. A queixa envolve o governo mexicano em exerc\u00edcio desde 2021 e o Cartel de Sinaloa.<\/p>\n<p>Segundo a acusa\u00e7\u00e3o, Rocha Moya e outros nove altos funcion\u00e1rios associaram-se ao cartel para distribuir grandes quantidades de estupefacientes nos Estados Unidos. Entre os citados est\u00e3o um senador, um autarca de Culiac\u00e1n e dois governadores adjuntos.<\/p>\n<p>Rocha Moya rejeitou as acusa\u00e7\u00f5es na rede social X, afirmando que n\u00e3o t\u00eam veracidade. Diz que o ataque visa tamb\u00e9m o movimento da chamada Quarta Transforma\u00e7\u00e3o e a soberania nacional.<\/p>\n<h3>Contexto e liga\u00e7\u00f5es com o cartel<\/h3>\n<p>A den\u00fancia indica que a fac\u00e7\u00e3o conhecida como Los Chapitos ajudou na elei\u00e7\u00e3o do atual governador, em troca de prote\u00e7\u00e3o para distribuir droga. O documento refere encontros com os filhos de Joaqu\u00edn Guzm\u00e1n, que cumprem pris\u00f5es nos EUA.<\/p>\n<p>Antes de assumir o governo, Rocha Moya foi deputado estadual e senador por Sinaloa. A gest\u00e3o tem enfrentado viol\u00eancia entre duas fa\u00e7\u00f5es do Cartel de Sinaloa, agravando a inseguran\u00e7a na regi\u00e3o.<\/p>\n<h3>Resposta diplom\u00e1tica e pr\u00f3ximos passos<\/h3>\n<p>A diplomacia mexicana disse estar surpresa e planeia apresentar uma queixa formal a Washington. Os termos dos acordos entre M\u00e9xico e EUA dificultam a divulga\u00e7\u00e3o de informa\u00e7\u00f5es confidenciais, justificando o protesto \u00e0 embaixada norte-americana.<\/p>\n<p>A Procuradoria de Nova Iorque indicou que os pedidos de extradi\u00e7\u00e3o enviados pelos EUA na v\u00e9spera n\u00e3o cont\u00eam provas suficientes para responsabilizar as pessoas envolvidas. O governo mexicano n\u00e3o especificou se Rocha Moya est\u00e1 entre os visados.<\/p>\n","protected":false},"excerpt":{"rendered":"<ul>\n<li>A Procuradoria federal de Nova Iorque acusou o governador do estado mexicano de Sinaloa, Rub\u00e9n Rocha Moya, de narcotr\u00e1fico, envolvendo-o com o cartel de Sinaloa para distribuir drogas nos Estados Unidos.<\/li>\n<li>A acusa\u00e7\u00e3o cita tamb\u00e9m outros dez altos funcion\u00e1rios do Governo e das for\u00e7as de seguran\u00e7a, incluindo o senador Enrique Inzunza e o autarca de Culiac\u00e1n, Juan de Dios G\u00e1mez.<\/li>\n<li>Rocha Moya negou as acusa\u00e7\u00f5es nas redes sociais, dizendo que s\u00e3o falsas e que visam atacar o movimento da Quarta Transforma\u00e7\u00e3o. Alega que \u00e9 uma estrat\u00e9gia para violar a ordem constitucional e a soberania nacional.<\/li>\n<li>A diplomacia mexicana informou que enviar\u00e1 uma queixa diplom\u00e1tica a Washington, indicando que o governo norte\u2011americano pediu extradi\u00e7\u00f5es, mas sem elementos que comprovem responsabilidade.<\/li>\n<li>A divulga\u00e7\u00e3o ocorre num contexto de tens\u00f5es entre o M\u00e9xico e os Estados Unidos sobre tr\u00e1fico de drogas, com foco no cartel de Sinaloa e nas disputas entre os grupos dentro do cartel.<\/li>\n<\/ul>\n","protected":false},"author":2,"featured_media":461698,"comment_status":"closed","ping_status":"closed","sticky":false,"template":"","format":"standard","meta":{"footnotes":""},"categories":[6815,1],"tags":[5833,803,6380,352,2832,2349],"class_list":["post-461693","post","type-post","status-publish","format-standard","has-post-thumbnail","hentry","category-justica","category-noticias","tag-extradicoes","tag-justica","tag-mexico","tag-organizacao-criminosa","tag-politica","tag-trafico-de-drogas"],"yoast_head":"<!-- This site is optimized with the Yoast SEO plugin v27.2 - https:\/\/yoast.com\/product\/yoast-seo-wordpress\/ -->\n<title>Justi\u00e7a dos EUA acusa governador de Sinaloa, M\u00e9xico, de narcotr\u00e1fico - Portal Tela Portugal<\/title>\n<meta name=\"robots\" content=\"index, follow, max-snippet:-1, max-image-preview:large, max-video-preview:-1\" \/>\n<meta property=\"og:locale\" content=\"pt_PT\" \/>\n<meta property=\"og:type\" content=\"article\" \/>\n<meta property=\"og:title\" content=\"Justi\u00e7a dos EUA acusa governador de Sinaloa, M\u00e9xico, de narcotr\u00e1fico - Portal Tela Portugal\" \/>\n<meta property=\"og:description\" content=\"A Procuradoria federal de Nova Iorque acusou o governador do estado mexicano de Sinaloa, Rub\u00e9n Rocha Moya, de narcotr\u00e1fico, envolvendo-o com o cartel de Sinaloa para distribuir drogas nos Estados Unidos. A acusa\u00e7\u00e3o cita tamb\u00e9m outros dez altos funcion\u00e1rios do Governo e das for\u00e7as de seguran\u00e7a, incluindo o senador Enrique Inzunza e o autarca de Culiac\u00e1n, Juan de Dios G\u00e1mez. Rocha Moya negou as acusa\u00e7\u00f5es nas redes sociais, dizendo que s\u00e3o falsas e que visam atacar o movimento da Quarta Transforma\u00e7\u00e3o. Alega que \u00e9 uma estrat\u00e9gia para violar a ordem constitucional e a soberania nacional. A diplomacia mexicana informou que enviar\u00e1 uma queixa diplom\u00e1tica a Washington, indicando que o governo norte\u2011americano pediu extradi\u00e7\u00f5es, mas sem elementos que comprovem responsabilidade. A divulga\u00e7\u00e3o ocorre num contexto de tens\u00f5es entre o M\u00e9xico e os Estados Unidos sobre tr\u00e1fico de drogas, com foco no cartel de Sinaloa e nas disputas entre os grupos dentro do cartel.\" \/>\n<meta property=\"og:url\" content=\"https:\/\/portaltela.pt\/noticias\/2026\/04\/29\/justica-dos-eua-acusa-governador-de-sinaloa-mexico-de-narcotrafico\/\" \/>\n<meta property=\"og:site_name\" content=\"Portal Tela Portugal\" \/>\n<meta property=\"article:published_time\" content=\"2026-04-29T23:18:15+00:00\" \/>\n<meta name=\"author\" content=\"Telinha\" \/>\n<meta name=\"twitter:card\" content=\"summary_large_image\" \/>\n<meta name=\"twitter:label1\" content=\"Escrito por\" \/>\n\t<meta name=\"twitter:data1\" content=\"Telinha\" \/>\n\t<meta name=\"twitter:label2\" content=\"Tempo estimado de leitura\" \/>\n\t<meta name=\"twitter:data2\" content=\"1 minuto\" \/>\n<script type=\"application\/ld+json\" class=\"yoast-schema-graph\">{\"@context\":\"https:\/\/schema.org\",\"@graph\":[{\"@type\":\"Article\",\"@id\":\"https:\/\/portaltela.pt\/noticias\/2026\/04\/29\/justica-dos-eua-acusa-governador-de-sinaloa-mexico-de-narcotrafico\/#article\",\"isPartOf\":{\"@id\":\"https:\/\/portaltela.pt\/noticias\/2026\/04\/29\/justica-dos-eua-acusa-governador-de-sinaloa-mexico-de-narcotrafico\/\"},\"author\":{\"name\":\"Telinha\",\"@id\":\"https:\/\/portaltela.pt\/#\/schema\/person\/c4278d4a6028830caff9ee44b42d32ed\"},\"headline\":\"Justi\u00e7a dos EUA acusa governador de Sinaloa, M\u00e9xico, de narcotr\u00e1fico\",\"datePublished\":\"2026-04-29T23:18:15+00:00\",\"mainEntityOfPage\":{\"@id\":\"https:\/\/portaltela.pt\/noticias\/2026\/04\/29\/justica-dos-eua-acusa-governador-de-sinaloa-mexico-de-narcotrafico\/\"},\"wordCount\":308,\"image\":{\"@id\":\"https:\/\/portaltela.pt\/noticias\/2026\/04\/29\/justica-dos-eua-acusa-governador-de-sinaloa-mexico-de-narcotrafico\/#primaryimage\"},\"thumbnailUrl\":\"https:\/\/portaltela.pt\/s.01k8rhncp4jt1\/2026\/04\/image-1690.jpg\",\"keywords\":[\"extradi\u00e7\u00f5es\",\"justi\u00e7a\",\"M\u00e9xico\",\"organiza\u00e7\u00e3o criminosa\",\"pol\u00edtica\",\"tr\u00e1fico de drogas\"],\"articleSection\":[\"Justi\u00e7a\",\"Not\u00edcias\"],\"inLanguage\":\"pt-PT\"},{\"@type\":\"WebPage\",\"@id\":\"https:\/\/portaltela.pt\/noticias\/2026\/04\/29\/justica-dos-eua-acusa-governador-de-sinaloa-mexico-de-narcotrafico\/\",\"url\":\"https:\/\/portaltela.pt\/noticias\/2026\/04\/29\/justica-dos-eua-acusa-governador-de-sinaloa-mexico-de-narcotrafico\/\",\"name\":\"Justi\u00e7a dos EUA acusa governador de Sinaloa, M\u00e9xico, de narcotr\u00e1fico - Portal Tela Portugal\",\"isPartOf\":{\"@id\":\"https:\/\/portaltela.pt\/#website\"},\"primaryImageOfPage\":{\"@id\":\"https:\/\/portaltela.pt\/noticias\/2026\/04\/29\/justica-dos-eua-acusa-governador-de-sinaloa-mexico-de-narcotrafico\/#primaryimage\"},\"image\":{\"@id\":\"https:\/\/portaltela.pt\/noticias\/2026\/04\/29\/justica-dos-eua-acusa-governador-de-sinaloa-mexico-de-narcotrafico\/#primaryimage\"},\"thumbnailUrl\":\"https:\/\/portaltela.pt\/s.01k8rhncp4jt1\/2026\/04\/image-1690.jpg\",\"datePublished\":\"2026-04-29T23:18:15+00:00\",\"author\":{\"@id\":\"https:\/\/portaltela.pt\/#\/schema\/person\/c4278d4a6028830caff9ee44b42d32ed\"},\"breadcrumb\":{\"@id\":\"https:\/\/portaltela.pt\/noticias\/2026\/04\/29\/justica-dos-eua-acusa-governador-de-sinaloa-mexico-de-narcotrafico\/#breadcrumb\"},\"inLanguage\":\"pt-PT\",\"potentialAction\":[{\"@type\":\"ReadAction\",\"target\":[\"https:\/\/portaltela.pt\/noticias\/2026\/04\/29\/justica-dos-eua-acusa-governador-de-sinaloa-mexico-de-narcotrafico\/\"]}]},{\"@type\":\"ImageObject\",\"inLanguage\":\"pt-PT\",\"@id\":\"https:\/\/portaltela.pt\/noticias\/2026\/04\/29\/justica-dos-eua-acusa-governador-de-sinaloa-mexico-de-narcotrafico\/#primaryimage\",\"url\":\"https:\/\/portaltela.pt\/s.01k8rhncp4jt1\/2026\/04\/image-1690.jpg\",\"contentUrl\":\"https:\/\/portaltela.pt\/s.01k8rhncp4jt1\/2026\/04\/image-1690.jpg\",\"width\":796,\"height\":448,\"caption\":\"Governador de Sinaloa, Rub\u00e9n Rocha Moya, \u00e9 a mais alta figura pol\u00edtica mexicana a sofrer acusa\u00e7\u00f5es dos EUA\"},{\"@type\":\"BreadcrumbList\",\"@id\":\"https:\/\/portaltela.pt\/noticias\/2026\/04\/29\/justica-dos-eua-acusa-governador-de-sinaloa-mexico-de-narcotrafico\/#breadcrumb\",\"itemListElement\":[{\"@type\":\"ListItem\",\"position\":1,\"name\":\"In\u00edcio\",\"item\":\"https:\/\/portaltela.pt\/\"},{\"@type\":\"ListItem\",\"position\":2,\"name\":\"Justi\u00e7a dos EUA acusa governador de Sinaloa, M\u00e9xico, de narcotr\u00e1fico\"}]},{\"@type\":\"WebSite\",\"@id\":\"https:\/\/portaltela.pt\/#website\",\"url\":\"https:\/\/portaltela.pt\/\",\"name\":\"Portal Tela Portugal\",\"description\":\"\",\"potentialAction\":[{\"@type\":\"SearchAction\",\"target\":{\"@type\":\"EntryPoint\",\"urlTemplate\":\"https:\/\/portaltela.pt\/?s={search_term_string}\"},\"query-input\":{\"@type\":\"PropertyValueSpecification\",\"valueRequired\":true,\"valueName\":\"search_term_string\"}}],\"inLanguage\":\"pt-PT\"},{\"@type\":\"Person\",\"@id\":\"https:\/\/portaltela.pt\/#\/schema\/person\/c4278d4a6028830caff9ee44b42d32ed\",\"name\":\"Telinha\",\"image\":{\"@type\":\"ImageObject\",\"inLanguage\":\"pt-PT\",\"@id\":\"https:\/\/portaltela.pt\/s.01k8rhncp4jt1\/2025\/11\/talking-bot-125x125.png\",\"url\":\"https:\/\/portaltela.pt\/s.01k8rhncp4jt1\/2025\/11\/talking-bot-125x125.png\",\"contentUrl\":\"https:\/\/portaltela.pt\/s.01k8rhncp4jt1\/2025\/11\/talking-bot-125x125.png\",\"caption\":\"Telinha\"},\"sameAs\":[\"https:\/\/portaltela.pt\/\"],\"url\":\"https:\/\/portaltela.pt\/por\/367410592786\/\"}]}<\/script>\n<!-- \/ Yoast SEO plugin. -->","yoast_head_json":{"title":"Justi\u00e7a dos EUA acusa governador de Sinaloa, M\u00e9xico, de narcotr\u00e1fico - Portal Tela Portugal","robots":{"index":"index","follow":"follow","max-snippet":"max-snippet:-1","max-image-preview":"max-image-preview:large","max-video-preview":"max-video-preview:-1"},"og_locale":"pt_PT","og_type":"article","og_title":"Justi\u00e7a dos EUA acusa governador de Sinaloa, M\u00e9xico, de narcotr\u00e1fico - Portal Tela Portugal","og_description":"A Procuradoria federal de Nova Iorque acusou o governador do estado mexicano de Sinaloa, Rub\u00e9n Rocha Moya, de narcotr\u00e1fico, envolvendo-o com o cartel de Sinaloa para distribuir drogas nos Estados Unidos. A acusa\u00e7\u00e3o cita tamb\u00e9m outros dez altos funcion\u00e1rios do Governo e das for\u00e7as de seguran\u00e7a, incluindo o senador Enrique Inzunza e o autarca de Culiac\u00e1n, Juan de Dios G\u00e1mez. Rocha Moya negou as acusa\u00e7\u00f5es nas redes sociais, dizendo que s\u00e3o falsas e que visam atacar o movimento da Quarta Transforma\u00e7\u00e3o. Alega que \u00e9 uma estrat\u00e9gia para violar a ordem constitucional e a soberania nacional. A diplomacia mexicana informou que enviar\u00e1 uma queixa diplom\u00e1tica a Washington, indicando que o governo norte\u2011americano pediu extradi\u00e7\u00f5es, mas sem elementos que comprovem responsabilidade. A divulga\u00e7\u00e3o ocorre num contexto de tens\u00f5es entre o M\u00e9xico e os Estados Unidos sobre tr\u00e1fico de drogas, com foco no cartel de Sinaloa e nas disputas entre os grupos dentro do cartel.","og_url":"https:\/\/portaltela.pt\/noticias\/2026\/04\/29\/justica-dos-eua-acusa-governador-de-sinaloa-mexico-de-narcotrafico\/","og_site_name":"Portal Tela Portugal","article_published_time":"2026-04-29T23:18:15+00:00","author":"Telinha","twitter_card":"summary_large_image","twitter_misc":{"Escrito por":"Telinha","Tempo estimado de leitura":"1 minuto"},"schema":{"@context":"https:\/\/schema.org","@graph":[{"@type":"Article","@id":"https:\/\/portaltela.pt\/noticias\/2026\/04\/29\/justica-dos-eua-acusa-governador-de-sinaloa-mexico-de-narcotrafico\/#article","isPartOf":{"@id":"https:\/\/portaltela.pt\/noticias\/2026\/04\/29\/justica-dos-eua-acusa-governador-de-sinaloa-mexico-de-narcotrafico\/"},"author":{"name":"Telinha","@id":"https:\/\/portaltela.pt\/#\/schema\/person\/c4278d4a6028830caff9ee44b42d32ed"},"headline":"Justi\u00e7a dos EUA acusa governador de Sinaloa, M\u00e9xico, de narcotr\u00e1fico","datePublished":"2026-04-29T23:18:15+00:00","mainEntityOfPage":{"@id":"https:\/\/portaltela.pt\/noticias\/2026\/04\/29\/justica-dos-eua-acusa-governador-de-sinaloa-mexico-de-narcotrafico\/"},"wordCount":308,"image":{"@id":"https:\/\/portaltela.pt\/noticias\/2026\/04\/29\/justica-dos-eua-acusa-governador-de-sinaloa-mexico-de-narcotrafico\/#primaryimage"},"thumbnailUrl":"https:\/\/portaltela.pt\/s.01k8rhncp4jt1\/2026\/04\/image-1690.jpg","keywords":["extradi\u00e7\u00f5es","justi\u00e7a","M\u00e9xico","organiza\u00e7\u00e3o criminosa","pol\u00edtica","tr\u00e1fico de drogas"],"articleSection":["Justi\u00e7a","Not\u00edcias"],"inLanguage":"pt-PT"},{"@type":"WebPage","@id":"https:\/\/portaltela.pt\/noticias\/2026\/04\/29\/justica-dos-eua-acusa-governador-de-sinaloa-mexico-de-narcotrafico\/","url":"https:\/\/portaltela.pt\/noticias\/2026\/04\/29\/justica-dos-eua-acusa-governador-de-sinaloa-mexico-de-narcotrafico\/","name":"Justi\u00e7a dos EUA acusa governador de Sinaloa, M\u00e9xico, de narcotr\u00e1fico - Portal Tela Portugal","isPartOf":{"@id":"https:\/\/portaltela.pt\/#website"},"primaryImageOfPage":{"@id":"https:\/\/portaltela.pt\/noticias\/2026\/04\/29\/justica-dos-eua-acusa-governador-de-sinaloa-mexico-de-narcotrafico\/#primaryimage"},"image":{"@id":"https:\/\/portaltela.pt\/noticias\/2026\/04\/29\/justica-dos-eua-acusa-governador-de-sinaloa-mexico-de-narcotrafico\/#primaryimage"},"thumbnailUrl":"https:\/\/portaltela.pt\/s.01k8rhncp4jt1\/2026\/04\/image-1690.jpg","datePublished":"2026-04-29T23:18:15+00:00","author":{"@id":"https:\/\/portaltela.pt\/#\/schema\/person\/c4278d4a6028830caff9ee44b42d32ed"},"breadcrumb":{"@id":"https:\/\/portaltela.pt\/noticias\/2026\/04\/29\/justica-dos-eua-acusa-governador-de-sinaloa-mexico-de-narcotrafico\/#breadcrumb"},"inLanguage":"pt-PT","potentialAction":[{"@type":"ReadAction","target":["https:\/\/portaltela.pt\/noticias\/2026\/04\/29\/justica-dos-eua-acusa-governador-de-sinaloa-mexico-de-narcotrafico\/"]}]},{"@type":"ImageObject","inLanguage":"pt-PT","@id":"https:\/\/portaltela.pt\/noticias\/2026\/04\/29\/justica-dos-eua-acusa-governador-de-sinaloa-mexico-de-narcotrafico\/#primaryimage","url":"https:\/\/portaltela.pt\/s.01k8rhncp4jt1\/2026\/04\/image-1690.jpg","contentUrl":"https:\/\/portaltela.pt\/s.01k8rhncp4jt1\/2026\/04\/image-1690.jpg","width":796,"height":448,"caption":"Governador de Sinaloa, Rub\u00e9n Rocha Moya, \u00e9 a mais alta figura pol\u00edtica mexicana a sofrer acusa\u00e7\u00f5es dos EUA"},{"@type":"BreadcrumbList","@id":"https:\/\/portaltela.pt\/noticias\/2026\/04\/29\/justica-dos-eua-acusa-governador-de-sinaloa-mexico-de-narcotrafico\/#breadcrumb","itemListElement":[{"@type":"ListItem","position":1,"name":"In\u00edcio","item":"https:\/\/portaltela.pt\/"},{"@type":"ListItem","position":2,"name":"Justi\u00e7a dos EUA acusa governador de Sinaloa, M\u00e9xico, de narcotr\u00e1fico"}]},{"@type":"WebSite","@id":"https:\/\/portaltela.pt\/#website","url":"https:\/\/portaltela.pt\/","name":"Portal Tela Portugal","description":"","potentialAction":[{"@type":"SearchAction","target":{"@type":"EntryPoint","urlTemplate":"https:\/\/portaltela.pt\/?s={search_term_string}"},"query-input":{"@type":"PropertyValueSpecification","valueRequired":true,"valueName":"search_term_string"}}],"inLanguage":"pt-PT"},{"@type":"Person","@id":"https:\/\/portaltela.pt\/#\/schema\/person\/c4278d4a6028830caff9ee44b42d32ed","name":"Telinha","image":{"@type":"ImageObject","inLanguage":"pt-PT","@id":"https:\/\/portaltela.pt\/s.01k8rhncp4jt1\/2025\/11\/talking-bot-125x125.png","url":"https:\/\/portaltela.pt\/s.01k8rhncp4jt1\/2025\/11\/talking-bot-125x125.png","contentUrl":"https:\/\/portaltela.pt\/s.01k8rhncp4jt1\/2025\/11\/talking-bot-125x125.png","caption":"Telinha"},"sameAs":["https:\/\/portaltela.pt\/"],"url":"https:\/\/portaltela.pt\/por\/367410592786\/"}]}},"_links":{"self":[{"href":"https:\/\/portaltela.pt\/api\/wp\/v2\/posts\/461693","targetHints":{"allow":["GET"]}}],"collection":[{"href":"https:\/\/portaltela.pt\/api\/wp\/v2\/posts"}],"about":[{"href":"https:\/\/portaltela.pt\/api\/wp\/v2\/types\/post"}],"author":[{"embeddable":true,"href":"https:\/\/portaltela.pt\/api\/wp\/v2\/users\/2"}],"replies":[{"embeddable":true,"href":"https:\/\/portaltela.pt\/api\/wp\/v2\/comments?post=461693"}],"version-history":[{"count":0,"href":"https:\/\/portaltela.pt\/api\/wp\/v2\/posts\/461693\/revisions"}],"wp:featuredmedia":[{"embeddable":true,"href":"https:\/\/portaltela.pt\/api\/wp\/v2\/media\/461698"}],"wp:attachment":[{"href":"https:\/\/portaltela.pt\/api\/wp\/v2\/media?parent=461693"}],"wp:term":[{"taxonomy":"category","embeddable":true,"href":"https:\/\/portaltela.pt\/api\/wp\/v2\/categories?post=461693"},{"taxonomy":"post_tag","embeddable":true,"href":"https:\/\/portaltela.pt\/api\/wp\/v2\/tags?post=461693"}],"curies":[{"name":"wp","href":"https:\/\/api.w.org\/{rel}","templated":true}]}}