{"id":461689,"date":"2026-04-29T20:17:52","date_gmt":"2026-04-29T23:17:52","guid":{"rendered":"https:\/\/portaltela.pt\/noticias\/2026\/04\/29\/diana-silva-destaca-paixao-pelo-benfica-e-celebracao-com-adeptos\/"},"modified":"2026-04-29T20:17:52","modified_gmt":"2026-04-29T23:17:52","slug":"diana-silva-destaca-paixao-pelo-benfica-e-celebracao-com-adeptos","status":"publish","type":"post","link":"https:\/\/portaltela.pt\/desporto\/futebol\/2026\/04\/29\/diana-silva-destaca-paixao-pelo-benfica-e-celebracao-com-adeptos\/","title":{"rendered":"Diana Silva destaca paix\u00e3o pelo Benfica e celebra\u00e7\u00e3o com adeptos"},"content":{"rendered":"<p>Diana Silva volta a falar sobre a sua liga\u00e7\u00e3o ao Benfica e o significado de vencer com a camisola encarnada. A avan\u00e7ada refor\u00e7ou que \u00e9 benfiquista desde sempre e que celebrar com o clube e com os adeptos tem um peso diferente. Esta \u00e9poca atua no Seixal.<\/p>\n<p>A jogadora mudou-se para o Benfica no in\u00edcio da temporada, depois de oito anos no Sporting, com passagem pelo Aston Villa. A confirma\u00e7\u00e3o p\u00fablica da sua fidelidade ao clube veio a p\u00fablico atrav\u00e9s dos meios oficiais do clube.<\/p>\n<p>Apesar do t\u00edtulo j\u00e1 estar assegurado, o Benfica tem ainda tr\u00eas jogos por disputar, incluindo o d\u00e9rbi da cidade na sexta-feira. O Est\u00e1dio da Luz recebe a antiga equipa de Diana Silva para mais um encontro decisivo.<\/p>\n<h3>D\u00e9rbi em foco<\/h3>\n<p>Diana Silva assume o foco no coletivo: quer contribuir para uma vit\u00f3ria que ajude a fechar a \u00e9poca com equil\u00edbrio e valoriza\u00e7\u00e3o do estilo de jogo do plantel. A jogadora apreciou o ambiente no recinto e pediu aos adeptos para acompanharem a equipa.<\/p>\n<p>A atacante destacou o objetivo de manter o foco na entrega de cada partida, potenciando o desempenho individual e coletivo. O plantel procura, assim, consolidar o momento atual at\u00e9 ao final da temporada.<\/p>\n","protected":false},"excerpt":{"rendered":"<ul>\n<li>Diana Silva, de 30 anos, \u00e9 campe\u00e3 pelo Benfica e afirmou ser benfiquista h\u00e1 muito tempo, destacando que celebrar com o clube e os adeptos \u00e9 diferente.<\/li>\n<li>A avan\u00e7ada chegou ao Seixal nesta \u00e9poca, depois de oito temporadas no Sporting, com passagem pelo Aston Villa.<\/li>\n<li>A not\u00edcia de ser benfiquista surpreendeu alguns, mas Diana disse sentir-se liberta para expressar quem \u00e9 no clube do cora\u00e7\u00e3o.<\/li>\n<li>Mesmo com o t\u00edtulo j\u00e1 assegurado, o Benfica tem ainda tr\u00eas desafios pela frente, incluindo o d\u00e9rbi desta sexta-feira no Est\u00e1dio da Luz frente \u00e0 antiga equipa.<\/li>\n<li>Diana quer ajudar a equipa, jogar bem e criar um bom ambiente no est\u00e1dio, pedindo aos adeptos que celebrem com o grupo.<\/li>\n<\/ul>\n","protected":false},"author":2,"featured_media":461690,"comment_status":"closed","ping_status":"closed","sticky":false,"template":"","format":"standard","meta":{"footnotes":""},"categories":[21,24],"tags":[8350,8566,8150,7755,8487],"class_list":["post-461689","post","type-post","status-publish","format-standard","has-post-thumbnail","hentry","category-desporto","category-futebol","tag-_adeptos","tag-_benfica","tag-_feminino","tag-_futebol","tag-_seixal"],"yoast_head":"<!-- This site is optimized with the Yoast SEO plugin v27.2 - https:\/\/yoast.com\/product\/yoast-seo-wordpress\/ -->\n<title>Diana Silva destaca paix\u00e3o pelo Benfica e celebra\u00e7\u00e3o com adeptos - Portal Tela Portugal<\/title>\n<meta name=\"robots\" content=\"index, follow, max-snippet:-1, max-image-preview:large, max-video-preview:-1\" \/>\n<meta property=\"og:locale\" content=\"pt_PT\" \/>\n<meta property=\"og:type\" content=\"article\" \/>\n<meta property=\"og:title\" content=\"Diana Silva destaca paix\u00e3o pelo Benfica e celebra\u00e7\u00e3o com adeptos - Portal Tela Portugal\" \/>\n<meta property=\"og:description\" content=\"Diana Silva, de 30 anos, \u00e9 campe\u00e3 pelo Benfica e afirmou ser benfiquista h\u00e1 muito tempo, destacando que celebrar com o clube e os adeptos \u00e9 diferente. A avan\u00e7ada chegou ao Seixal nesta \u00e9poca, depois de oito temporadas no Sporting, com passagem pelo Aston Villa. A not\u00edcia de ser benfiquista surpreendeu alguns, mas Diana disse sentir-se liberta para expressar quem \u00e9 no clube do cora\u00e7\u00e3o. Mesmo com o t\u00edtulo j\u00e1 assegurado, o Benfica tem ainda tr\u00eas desafios pela frente, incluindo o d\u00e9rbi desta sexta-feira no Est\u00e1dio da Luz frente \u00e0 antiga equipa. Diana quer ajudar a equipa, jogar bem e criar um bom ambiente no est\u00e1dio, pedindo aos adeptos que celebrem com o grupo.\" \/>\n<meta property=\"og:url\" content=\"https:\/\/portaltela.pt\/noticias\/2026\/04\/29\/diana-silva-destaca-paixao-pelo-benfica-e-celebracao-com-adeptos\/\" \/>\n<meta property=\"og:site_name\" content=\"Portal Tela Portugal\" \/>\n<meta property=\"article:published_time\" content=\"2026-04-29T23:17:52+00:00\" \/>\n<meta name=\"author\" content=\"Telinha\" \/>\n<meta name=\"twitter:card\" content=\"summary_large_image\" \/>\n<meta name=\"twitter:label1\" content=\"Escrito por\" \/>\n\t<meta name=\"twitter:data1\" content=\"Telinha\" \/>\n\t<meta name=\"twitter:label2\" content=\"Tempo estimado de leitura\" \/>\n\t<meta name=\"twitter:data2\" content=\"1 minuto\" \/>\n<script type=\"application\/ld+json\" class=\"yoast-schema-graph\">{\"@context\":\"https:\/\/schema.org\",\"@graph\":[{\"@type\":\"Article\",\"@id\":\"https:\/\/portaltela.pt\/noticias\/2026\/04\/29\/diana-silva-destaca-paixao-pelo-benfica-e-celebracao-com-adeptos\/#article\",\"isPartOf\":{\"@id\":\"https:\/\/portaltela.pt\/noticias\/2026\/04\/29\/diana-silva-destaca-paixao-pelo-benfica-e-celebracao-com-adeptos\/\"},\"author\":{\"name\":\"Telinha\",\"@id\":\"https:\/\/portaltela.pt\/#\/schema\/person\/c4278d4a6028830caff9ee44b42d32ed\"},\"headline\":\"Diana Silva destaca paix\u00e3o pelo Benfica e celebra\u00e7\u00e3o com adeptos\",\"datePublished\":\"2026-04-29T23:17:52+00:00\",\"mainEntityOfPage\":{\"@id\":\"https:\/\/portaltela.pt\/noticias\/2026\/04\/29\/diana-silva-destaca-paixao-pelo-benfica-e-celebracao-com-adeptos\/\"},\"wordCount\":228,\"image\":{\"@id\":\"https:\/\/portaltela.pt\/noticias\/2026\/04\/29\/diana-silva-destaca-paixao-pelo-benfica-e-celebracao-com-adeptos\/#primaryimage\"},\"thumbnailUrl\":\"https:\/\/portaltela.pt\/s.01k8rhncp4jt1\/2026\/04\/img_920x518uu2026-01-09-16-47-31-2413769.jpg\",\"keywords\":[\"_adeptos\",\"_Benfica\",\"_feminino\",\"_futebol\",\"_Seixal\"],\"articleSection\":[\"Desporto\",\"Futebol\"],\"inLanguage\":\"pt-PT\"},{\"@type\":\"WebPage\",\"@id\":\"https:\/\/portaltela.pt\/noticias\/2026\/04\/29\/diana-silva-destaca-paixao-pelo-benfica-e-celebracao-com-adeptos\/\",\"url\":\"https:\/\/portaltela.pt\/noticias\/2026\/04\/29\/diana-silva-destaca-paixao-pelo-benfica-e-celebracao-com-adeptos\/\",\"name\":\"Diana Silva destaca paix\u00e3o pelo Benfica e celebra\u00e7\u00e3o com adeptos - Portal Tela Portugal\",\"isPartOf\":{\"@id\":\"https:\/\/portaltela.pt\/#website\"},\"primaryImageOfPage\":{\"@id\":\"https:\/\/portaltela.pt\/noticias\/2026\/04\/29\/diana-silva-destaca-paixao-pelo-benfica-e-celebracao-com-adeptos\/#primaryimage\"},\"image\":{\"@id\":\"https:\/\/portaltela.pt\/noticias\/2026\/04\/29\/diana-silva-destaca-paixao-pelo-benfica-e-celebracao-com-adeptos\/#primaryimage\"},\"thumbnailUrl\":\"https:\/\/portaltela.pt\/s.01k8rhncp4jt1\/2026\/04\/img_920x518uu2026-01-09-16-47-31-2413769.jpg\",\"datePublished\":\"2026-04-29T23:17:52+00:00\",\"author\":{\"@id\":\"https:\/\/portaltela.pt\/#\/schema\/person\/c4278d4a6028830caff9ee44b42d32ed\"},\"breadcrumb\":{\"@id\":\"https:\/\/portaltela.pt\/noticias\/2026\/04\/29\/diana-silva-destaca-paixao-pelo-benfica-e-celebracao-com-adeptos\/#breadcrumb\"},\"inLanguage\":\"pt-PT\",\"potentialAction\":[{\"@type\":\"ReadAction\",\"target\":[\"https:\/\/portaltela.pt\/noticias\/2026\/04\/29\/diana-silva-destaca-paixao-pelo-benfica-e-celebracao-com-adeptos\/\"]}]},{\"@type\":\"ImageObject\",\"inLanguage\":\"pt-PT\",\"@id\":\"https:\/\/portaltela.pt\/noticias\/2026\/04\/29\/diana-silva-destaca-paixao-pelo-benfica-e-celebracao-com-adeptos\/#primaryimage\",\"url\":\"https:\/\/portaltela.pt\/s.01k8rhncp4jt1\/2026\/04\/img_920x518uu2026-01-09-16-47-31-2413769.jpg\",\"contentUrl\":\"https:\/\/portaltela.pt\/s.01k8rhncp4jt1\/2026\/04\/img_920x518uu2026-01-09-16-47-31-2413769.jpg\",\"width\":796,\"height\":448,\"caption\":\"Diana Silva ao servi\u00e7o do Benfica\"},{\"@type\":\"BreadcrumbList\",\"@id\":\"https:\/\/portaltela.pt\/noticias\/2026\/04\/29\/diana-silva-destaca-paixao-pelo-benfica-e-celebracao-com-adeptos\/#breadcrumb\",\"itemListElement\":[{\"@type\":\"ListItem\",\"position\":1,\"name\":\"In\u00edcio\",\"item\":\"https:\/\/portaltela.pt\/\"},{\"@type\":\"ListItem\",\"position\":2,\"name\":\"Diana Silva destaca paix\u00e3o pelo Benfica e celebra\u00e7\u00e3o com adeptos\"}]},{\"@type\":\"WebSite\",\"@id\":\"https:\/\/portaltela.pt\/#website\",\"url\":\"https:\/\/portaltela.pt\/\",\"name\":\"Portal Tela Portugal\",\"description\":\"\",\"potentialAction\":[{\"@type\":\"SearchAction\",\"target\":{\"@type\":\"EntryPoint\",\"urlTemplate\":\"https:\/\/portaltela.pt\/?s={search_term_string}\"},\"query-input\":{\"@type\":\"PropertyValueSpecification\",\"valueRequired\":true,\"valueName\":\"search_term_string\"}}],\"inLanguage\":\"pt-PT\"},{\"@type\":\"Person\",\"@id\":\"https:\/\/portaltela.pt\/#\/schema\/person\/c4278d4a6028830caff9ee44b42d32ed\",\"name\":\"Telinha\",\"image\":{\"@type\":\"ImageObject\",\"inLanguage\":\"pt-PT\",\"@id\":\"https:\/\/portaltela.pt\/s.01k8rhncp4jt1\/2025\/11\/talking-bot-125x125.png\",\"url\":\"https:\/\/portaltela.pt\/s.01k8rhncp4jt1\/2025\/11\/talking-bot-125x125.png\",\"contentUrl\":\"https:\/\/portaltela.pt\/s.01k8rhncp4jt1\/2025\/11\/talking-bot-125x125.png\",\"caption\":\"Telinha\"},\"sameAs\":[\"https:\/\/portaltela.pt\/\"],\"url\":\"https:\/\/portaltela.pt\/por\/367410592786\/\"}]}<\/script>\n<!-- \/ Yoast SEO plugin. -->","yoast_head_json":{"title":"Diana Silva destaca paix\u00e3o pelo Benfica e celebra\u00e7\u00e3o com adeptos - Portal Tela Portugal","robots":{"index":"index","follow":"follow","max-snippet":"max-snippet:-1","max-image-preview":"max-image-preview:large","max-video-preview":"max-video-preview:-1"},"og_locale":"pt_PT","og_type":"article","og_title":"Diana Silva destaca paix\u00e3o pelo Benfica e celebra\u00e7\u00e3o com adeptos - Portal Tela Portugal","og_description":"Diana Silva, de 30 anos, \u00e9 campe\u00e3 pelo Benfica e afirmou ser benfiquista h\u00e1 muito tempo, destacando que celebrar com o clube e os adeptos \u00e9 diferente. A avan\u00e7ada chegou ao Seixal nesta \u00e9poca, depois de oito temporadas no Sporting, com passagem pelo Aston Villa. A not\u00edcia de ser benfiquista surpreendeu alguns, mas Diana disse sentir-se liberta para expressar quem \u00e9 no clube do cora\u00e7\u00e3o. Mesmo com o t\u00edtulo j\u00e1 assegurado, o Benfica tem ainda tr\u00eas desafios pela frente, incluindo o d\u00e9rbi desta sexta-feira no Est\u00e1dio da Luz frente \u00e0 antiga equipa. Diana quer ajudar a equipa, jogar bem e criar um bom ambiente no est\u00e1dio, pedindo aos adeptos que celebrem com o grupo.","og_url":"https:\/\/portaltela.pt\/noticias\/2026\/04\/29\/diana-silva-destaca-paixao-pelo-benfica-e-celebracao-com-adeptos\/","og_site_name":"Portal Tela Portugal","article_published_time":"2026-04-29T23:17:52+00:00","author":"Telinha","twitter_card":"summary_large_image","twitter_misc":{"Escrito por":"Telinha","Tempo estimado de leitura":"1 minuto"},"schema":{"@context":"https:\/\/schema.org","@graph":[{"@type":"Article","@id":"https:\/\/portaltela.pt\/noticias\/2026\/04\/29\/diana-silva-destaca-paixao-pelo-benfica-e-celebracao-com-adeptos\/#article","isPartOf":{"@id":"https:\/\/portaltela.pt\/noticias\/2026\/04\/29\/diana-silva-destaca-paixao-pelo-benfica-e-celebracao-com-adeptos\/"},"author":{"name":"Telinha","@id":"https:\/\/portaltela.pt\/#\/schema\/person\/c4278d4a6028830caff9ee44b42d32ed"},"headline":"Diana Silva destaca paix\u00e3o pelo Benfica e celebra\u00e7\u00e3o com adeptos","datePublished":"2026-04-29T23:17:52+00:00","mainEntityOfPage":{"@id":"https:\/\/portaltela.pt\/noticias\/2026\/04\/29\/diana-silva-destaca-paixao-pelo-benfica-e-celebracao-com-adeptos\/"},"wordCount":228,"image":{"@id":"https:\/\/portaltela.pt\/noticias\/2026\/04\/29\/diana-silva-destaca-paixao-pelo-benfica-e-celebracao-com-adeptos\/#primaryimage"},"thumbnailUrl":"https:\/\/portaltela.pt\/s.01k8rhncp4jt1\/2026\/04\/img_920x518uu2026-01-09-16-47-31-2413769.jpg","keywords":["_adeptos","_Benfica","_feminino","_futebol","_Seixal"],"articleSection":["Desporto","Futebol"],"inLanguage":"pt-PT"},{"@type":"WebPage","@id":"https:\/\/portaltela.pt\/noticias\/2026\/04\/29\/diana-silva-destaca-paixao-pelo-benfica-e-celebracao-com-adeptos\/","url":"https:\/\/portaltela.pt\/noticias\/2026\/04\/29\/diana-silva-destaca-paixao-pelo-benfica-e-celebracao-com-adeptos\/","name":"Diana Silva destaca paix\u00e3o pelo Benfica e celebra\u00e7\u00e3o com adeptos - Portal Tela Portugal","isPartOf":{"@id":"https:\/\/portaltela.pt\/#website"},"primaryImageOfPage":{"@id":"https:\/\/portaltela.pt\/noticias\/2026\/04\/29\/diana-silva-destaca-paixao-pelo-benfica-e-celebracao-com-adeptos\/#primaryimage"},"image":{"@id":"https:\/\/portaltela.pt\/noticias\/2026\/04\/29\/diana-silva-destaca-paixao-pelo-benfica-e-celebracao-com-adeptos\/#primaryimage"},"thumbnailUrl":"https:\/\/portaltela.pt\/s.01k8rhncp4jt1\/2026\/04\/img_920x518uu2026-01-09-16-47-31-2413769.jpg","datePublished":"2026-04-29T23:17:52+00:00","author":{"@id":"https:\/\/portaltela.pt\/#\/schema\/person\/c4278d4a6028830caff9ee44b42d32ed"},"breadcrumb":{"@id":"https:\/\/portaltela.pt\/noticias\/2026\/04\/29\/diana-silva-destaca-paixao-pelo-benfica-e-celebracao-com-adeptos\/#breadcrumb"},"inLanguage":"pt-PT","potentialAction":[{"@type":"ReadAction","target":["https:\/\/portaltela.pt\/noticias\/2026\/04\/29\/diana-silva-destaca-paixao-pelo-benfica-e-celebracao-com-adeptos\/"]}]},{"@type":"ImageObject","inLanguage":"pt-PT","@id":"https:\/\/portaltela.pt\/noticias\/2026\/04\/29\/diana-silva-destaca-paixao-pelo-benfica-e-celebracao-com-adeptos\/#primaryimage","url":"https:\/\/portaltela.pt\/s.01k8rhncp4jt1\/2026\/04\/img_920x518uu2026-01-09-16-47-31-2413769.jpg","contentUrl":"https:\/\/portaltela.pt\/s.01k8rhncp4jt1\/2026\/04\/img_920x518uu2026-01-09-16-47-31-2413769.jpg","width":796,"height":448,"caption":"Diana Silva ao servi\u00e7o do Benfica"},{"@type":"BreadcrumbList","@id":"https:\/\/portaltela.pt\/noticias\/2026\/04\/29\/diana-silva-destaca-paixao-pelo-benfica-e-celebracao-com-adeptos\/#breadcrumb","itemListElement":[{"@type":"ListItem","position":1,"name":"In\u00edcio","item":"https:\/\/portaltela.pt\/"},{"@type":"ListItem","position":2,"name":"Diana Silva destaca paix\u00e3o pelo Benfica e celebra\u00e7\u00e3o com adeptos"}]},{"@type":"WebSite","@id":"https:\/\/portaltela.pt\/#website","url":"https:\/\/portaltela.pt\/","name":"Portal Tela Portugal","description":"","potentialAction":[{"@type":"SearchAction","target":{"@type":"EntryPoint","urlTemplate":"https:\/\/portaltela.pt\/?s={search_term_string}"},"query-input":{"@type":"PropertyValueSpecification","valueRequired":true,"valueName":"search_term_string"}}],"inLanguage":"pt-PT"},{"@type":"Person","@id":"https:\/\/portaltela.pt\/#\/schema\/person\/c4278d4a6028830caff9ee44b42d32ed","name":"Telinha","image":{"@type":"ImageObject","inLanguage":"pt-PT","@id":"https:\/\/portaltela.pt\/s.01k8rhncp4jt1\/2025\/11\/talking-bot-125x125.png","url":"https:\/\/portaltela.pt\/s.01k8rhncp4jt1\/2025\/11\/talking-bot-125x125.png","contentUrl":"https:\/\/portaltela.pt\/s.01k8rhncp4jt1\/2025\/11\/talking-bot-125x125.png","caption":"Telinha"},"sameAs":["https:\/\/portaltela.pt\/"],"url":"https:\/\/portaltela.pt\/por\/367410592786\/"}]}},"_links":{"self":[{"href":"https:\/\/portaltela.pt\/api\/wp\/v2\/posts\/461689","targetHints":{"allow":["GET"]}}],"collection":[{"href":"https:\/\/portaltela.pt\/api\/wp\/v2\/posts"}],"about":[{"href":"https:\/\/portaltela.pt\/api\/wp\/v2\/types\/post"}],"author":[{"embeddable":true,"href":"https:\/\/portaltela.pt\/api\/wp\/v2\/users\/2"}],"replies":[{"embeddable":true,"href":"https:\/\/portaltela.pt\/api\/wp\/v2\/comments?post=461689"}],"version-history":[{"count":0,"href":"https:\/\/portaltela.pt\/api\/wp\/v2\/posts\/461689\/revisions"}],"wp:featuredmedia":[{"embeddable":true,"href":"https:\/\/portaltela.pt\/api\/wp\/v2\/media\/461690"}],"wp:attachment":[{"href":"https:\/\/portaltela.pt\/api\/wp\/v2\/media?parent=461689"}],"wp:term":[{"taxonomy":"category","embeddable":true,"href":"https:\/\/portaltela.pt\/api\/wp\/v2\/categories?post=461689"},{"taxonomy":"post_tag","embeddable":true,"href":"https:\/\/portaltela.pt\/api\/wp\/v2\/tags?post=461689"}],"curies":[{"name":"wp","href":"https:\/\/api.w.org\/{rel}","templated":true}]}}