{"id":461682,"date":"2026-04-29T20:03:21","date_gmt":"2026-04-29T23:03:21","guid":{"rendered":"https:\/\/portaltela.pt\/noticias\/2026\/04\/29\/lutar-contra-o-estado-a-que-chegamos-expoe-desafio-politico-atual\/"},"modified":"2026-04-29T20:03:21","modified_gmt":"2026-04-29T23:03:21","slug":"lutar-contra-o-estado-a-que-chegamos-expoe-desafio-politico-atual","status":"publish","type":"post","link":"https:\/\/portaltela.pt\/sociedade\/2026\/04\/29\/lutar-contra-o-estado-a-que-chegamos-expoe-desafio-politico-atual\/","title":{"rendered":"Lutar contra o estado a que cheg\u00e1mos exp\u00f5e desafio pol\u00edtico atual"},"content":{"rendered":"<p>O FMI analisou dados de 164 pa\u00edses desde 1946 e conclui que ciclos de forte investimento na defesa costumam ser seguidos, a m\u00e9dio prazo, por cortes nos gastos sociais. Prev\u00ea uma redu\u00e7\u00e3o de 26% na despesa com sa\u00fade, 25% em apoios sociais e 14% na educa\u00e7\u00e3o.<\/p>\n<p>A GALP apresentou lucro de 272 milh\u00f5es de euros no 1.\u00ba trimestre, mais 41% face ao mesmo per\u00edodo de 2025. O pre\u00e7o de venda do gas\u00f3leo subiu 96% e o da gasolina aumentou 47% no mesmo intervalo.<\/p>\n<p>Em mar\u00e7o de 2026, o valor mediano da avalia\u00e7\u00e3o banc\u00e1ria da habita\u00e7\u00e3o atingiu 2151 euros\/m2, maximum hist\u00f3rico, segundo o INE (+16,5% em 12 meses). O \u00edndice de pre\u00e7os do Idealista situou as casas em 3107 euros\/m2.<\/p>\n<h3>Habita\u00e7\u00e3o e pobreza<\/h3>\n<p>Em 2024, havia 77 mil fam\u00edlias a viver em condi\u00e7\u00f5es indignas de habita\u00e7\u00e3o, segundo estrat\u00e9gias locais. Um relat\u00f3rio para a CE indica que 3306 crian\u00e7as e jovens vivem em sem-abrigo ou em priva\u00e7\u00e3o habitacional grave.<\/p>\n<h3>Custo de vida<\/h3>\n<p>A DECO Proteste releva que o cabaz alimentar de 63 produtos atingiu 254 euros no in\u00edcio de abril, o valor mais alto j\u00e1 registado. O aumento \u00e9 de 5% desde janeiro e de 12% face a h\u00e1 um ano.<\/p>\n<p>A soma destes factos contextualiza a atual situa\u00e7\u00e3o econ\u00f3mica e social, refletida na mobiliza\u00e7\u00e3o hist\u00f3rica ocorrida no 25 de Abril, com participa\u00e7\u00e3o expressiva de jovens e uma leitura de defesa da democracia e da liberdade.<\/p>\n<p>No 1.\u00ba de Maio, a expectativa \u00e9 repetir a mobiliza\u00e7\u00e3o, alertando para um pacote laboral que, segundo as cr\u00edticas, pode comprometer direitos dos trabalhadores e a pr\u00f3pria democracia.<\/p>\n","protected":false},"excerpt":{"rendered":"<ul>\n<li>O FMI, com dados de 164 pa\u00edses desde 1946, diz que ciclos de forte investimento na defesa costumam levar, a m\u00e9dio prazo, a cortes em servi\u00e7os sociais: sa\u00fade (-26%), apoios sociais (-25%) e educa\u00e7\u00e3o (-14%).<\/li>\n<li>A Galp teve no primeiro trimestre um lucro de 272 milh\u00f5es de euros, mais 41% que o mesmo per\u00edodo de 2025, com aumentos de pre\u00e7o de venda de gas\u00f3leo (+96%) e gasolina (+47%).<\/li>\n<li>O Instituto Nacional de Estat\u00edstica registou, em mar\u00e7o de 2026, uma avalia\u00e7\u00e3o mediana da habita\u00e7\u00e3o de 2.151 euros por metro quadrado, mais 29 euros que fevereiro, e o \u00edndice Idealista indicou 3.107 euros por metro quadrado para casas \u00e0 venda em mar\u00e7o de 2026.<\/li>\n<li>Em 2024, 77 mil fam\u00edlias viviam em condi\u00e7\u00f5es indignas de habita\u00e7\u00e3o; e um relat\u00f3rio para a Comiss\u00e3o Europeia aponta 3.306 crian\u00e7as e jovens em situa\u00e7\u00e3o de sem-abrigo ou priva\u00e7\u00e3o habitacional grave.<\/li>\n<li>O cabaz alimentar monitorizado pela DECO Proteste atingiu 254 euros no in\u00edcio de abril, o valor m\u00e1ximo j\u00e1 registado, reflectindo um aumento de 5% desde o in\u00edcio do ano e de 12% face a h\u00e1 um ano; a mobiliza\u00e7\u00e3o de 25 de Abril foi hist\u00f3rica, com protesto difundido em todo o pa\u00eds contra o estado atual.<\/li>\n<\/ul>\n","protected":false},"author":2,"featured_media":461688,"comment_status":"closed","ping_status":"closed","sticky":false,"template":"","format":"standard","meta":{"footnotes":""},"categories":[6745,6871],"tags":[9063,8148,7791,8143,8652,8042],"class_list":["post-461682","post","type-post","status-publish","format-standard","has-post-thumbnail","hentry","category-saude","category-sociedade","tag-_25-de-abril","tag-_democracia","tag-_habitacao","tag-_pobreza","tag-_protestos","tag-_trabalhadores"],"yoast_head":"<!-- This site is optimized with the Yoast SEO plugin v27.2 - https:\/\/yoast.com\/product\/yoast-seo-wordpress\/ -->\n<title>Lutar contra o estado a que cheg\u00e1mos exp\u00f5e desafio pol\u00edtico atual - Portal Tela Portugal<\/title>\n<meta name=\"robots\" content=\"index, follow, max-snippet:-1, max-image-preview:large, max-video-preview:-1\" \/>\n<meta property=\"og:locale\" content=\"pt_PT\" \/>\n<meta property=\"og:type\" content=\"article\" \/>\n<meta property=\"og:title\" content=\"Lutar contra o estado a que cheg\u00e1mos exp\u00f5e desafio pol\u00edtico atual - Portal Tela Portugal\" \/>\n<meta property=\"og:description\" content=\"O FMI, com dados de 164 pa\u00edses desde 1946, diz que ciclos de forte investimento na defesa costumam levar, a m\u00e9dio prazo, a cortes em servi\u00e7os sociais: sa\u00fade (-26%), apoios sociais (-25%) e educa\u00e7\u00e3o (-14%). A Galp teve no primeiro trimestre um lucro de 272 milh\u00f5es de euros, mais 41% que o mesmo per\u00edodo de 2025, com aumentos de pre\u00e7o de venda de gas\u00f3leo (+96%) e gasolina (+47%). O Instituto Nacional de Estat\u00edstica registou, em mar\u00e7o de 2026, uma avalia\u00e7\u00e3o mediana da habita\u00e7\u00e3o de 2.151 euros por metro quadrado, mais 29 euros que fevereiro, e o \u00edndice Idealista indicou 3.107 euros por metro quadrado para casas \u00e0 venda em mar\u00e7o de 2026. Em 2024, 77 mil fam\u00edlias viviam em condi\u00e7\u00f5es indignas de habita\u00e7\u00e3o; e um relat\u00f3rio para a Comiss\u00e3o Europeia aponta 3.306 crian\u00e7as e jovens em situa\u00e7\u00e3o de sem-abrigo ou priva\u00e7\u00e3o habitacional grave. O cabaz alimentar monitorizado pela DECO Proteste atingiu 254 euros no in\u00edcio de abril, o valor m\u00e1ximo j\u00e1 registado, reflectindo um aumento de 5% desde o in\u00edcio do ano e de 12% face a h\u00e1 um ano; a mobiliza\u00e7\u00e3o de 25 de Abril foi hist\u00f3rica, com protesto difundido em todo o pa\u00eds contra o estado atual.\" \/>\n<meta property=\"og:url\" content=\"https:\/\/portaltela.pt\/noticias\/2026\/04\/29\/lutar-contra-o-estado-a-que-chegamos-expoe-desafio-politico-atual\/\" \/>\n<meta property=\"og:site_name\" content=\"Portal Tela Portugal\" \/>\n<meta property=\"article:published_time\" content=\"2026-04-29T23:03:21+00:00\" \/>\n<meta name=\"author\" content=\"Telinha\" \/>\n<meta name=\"twitter:card\" content=\"summary_large_image\" \/>\n<meta name=\"twitter:label1\" content=\"Escrito por\" \/>\n\t<meta name=\"twitter:data1\" content=\"Telinha\" \/>\n\t<meta name=\"twitter:label2\" content=\"Tempo estimado de leitura\" \/>\n\t<meta name=\"twitter:data2\" content=\"1 minuto\" \/>\n<script type=\"application\/ld+json\" class=\"yoast-schema-graph\">{\"@context\":\"https:\/\/schema.org\",\"@graph\":[{\"@type\":\"Article\",\"@id\":\"https:\/\/portaltela.pt\/noticias\/2026\/04\/29\/lutar-contra-o-estado-a-que-chegamos-expoe-desafio-politico-atual\/#article\",\"isPartOf\":{\"@id\":\"https:\/\/portaltela.pt\/noticias\/2026\/04\/29\/lutar-contra-o-estado-a-que-chegamos-expoe-desafio-politico-atual\/\"},\"author\":{\"name\":\"Telinha\",\"@id\":\"https:\/\/portaltela.pt\/#\/schema\/person\/c4278d4a6028830caff9ee44b42d32ed\"},\"headline\":\"Lutar contra o estado a que cheg\u00e1mos exp\u00f5e desafio pol\u00edtico atual\",\"datePublished\":\"2026-04-29T23:03:21+00:00\",\"mainEntityOfPage\":{\"@id\":\"https:\/\/portaltela.pt\/noticias\/2026\/04\/29\/lutar-contra-o-estado-a-que-chegamos-expoe-desafio-politico-atual\/\"},\"wordCount\":283,\"image\":{\"@id\":\"https:\/\/portaltela.pt\/noticias\/2026\/04\/29\/lutar-contra-o-estado-a-que-chegamos-expoe-desafio-politico-atual\/#primaryimage\"},\"thumbnailUrl\":\"https:\/\/portaltela.pt\/s.01k8rhncp4jt1\/2026\/04\/image-1689.jpg\",\"keywords\":[\"_25 de Abril\",\"_democracia\",\"_habita\u00e7\u00e3o\",\"_pobreza\",\"_protestos\",\"_trabalhadores\"],\"articleSection\":[\"Sa\u00fade\",\"Sociedade\"],\"inLanguage\":\"pt-PT\"},{\"@type\":\"WebPage\",\"@id\":\"https:\/\/portaltela.pt\/noticias\/2026\/04\/29\/lutar-contra-o-estado-a-que-chegamos-expoe-desafio-politico-atual\/\",\"url\":\"https:\/\/portaltela.pt\/noticias\/2026\/04\/29\/lutar-contra-o-estado-a-que-chegamos-expoe-desafio-politico-atual\/\",\"name\":\"Lutar contra o estado a que cheg\u00e1mos exp\u00f5e desafio pol\u00edtico atual - Portal Tela Portugal\",\"isPartOf\":{\"@id\":\"https:\/\/portaltela.pt\/#website\"},\"primaryImageOfPage\":{\"@id\":\"https:\/\/portaltela.pt\/noticias\/2026\/04\/29\/lutar-contra-o-estado-a-que-chegamos-expoe-desafio-politico-atual\/#primaryimage\"},\"image\":{\"@id\":\"https:\/\/portaltela.pt\/noticias\/2026\/04\/29\/lutar-contra-o-estado-a-que-chegamos-expoe-desafio-politico-atual\/#primaryimage\"},\"thumbnailUrl\":\"https:\/\/portaltela.pt\/s.01k8rhncp4jt1\/2026\/04\/image-1689.jpg\",\"datePublished\":\"2026-04-29T23:03:21+00:00\",\"author\":{\"@id\":\"https:\/\/portaltela.pt\/#\/schema\/person\/c4278d4a6028830caff9ee44b42d32ed\"},\"breadcrumb\":{\"@id\":\"https:\/\/portaltela.pt\/noticias\/2026\/04\/29\/lutar-contra-o-estado-a-que-chegamos-expoe-desafio-politico-atual\/#breadcrumb\"},\"inLanguage\":\"pt-PT\",\"potentialAction\":[{\"@type\":\"ReadAction\",\"target\":[\"https:\/\/portaltela.pt\/noticias\/2026\/04\/29\/lutar-contra-o-estado-a-que-chegamos-expoe-desafio-politico-atual\/\"]}]},{\"@type\":\"ImageObject\",\"inLanguage\":\"pt-PT\",\"@id\":\"https:\/\/portaltela.pt\/noticias\/2026\/04\/29\/lutar-contra-o-estado-a-que-chegamos-expoe-desafio-politico-atual\/#primaryimage\",\"url\":\"https:\/\/portaltela.pt\/s.01k8rhncp4jt1\/2026\/04\/image-1689.jpg\",\"contentUrl\":\"https:\/\/portaltela.pt\/s.01k8rhncp4jt1\/2026\/04\/image-1689.jpg\",\"width\":796,\"height\":448,\"caption\":\"Imagem de contexto do artigo Lutar contra \\\"o estado a que cheg\u00e1mos\\\"\"},{\"@type\":\"BreadcrumbList\",\"@id\":\"https:\/\/portaltela.pt\/noticias\/2026\/04\/29\/lutar-contra-o-estado-a-que-chegamos-expoe-desafio-politico-atual\/#breadcrumb\",\"itemListElement\":[{\"@type\":\"ListItem\",\"position\":1,\"name\":\"In\u00edcio\",\"item\":\"https:\/\/portaltela.pt\/\"},{\"@type\":\"ListItem\",\"position\":2,\"name\":\"Lutar contra o estado a que cheg\u00e1mos exp\u00f5e desafio pol\u00edtico atual\"}]},{\"@type\":\"WebSite\",\"@id\":\"https:\/\/portaltela.pt\/#website\",\"url\":\"https:\/\/portaltela.pt\/\",\"name\":\"Portal Tela Portugal\",\"description\":\"\",\"potentialAction\":[{\"@type\":\"SearchAction\",\"target\":{\"@type\":\"EntryPoint\",\"urlTemplate\":\"https:\/\/portaltela.pt\/?s={search_term_string}\"},\"query-input\":{\"@type\":\"PropertyValueSpecification\",\"valueRequired\":true,\"valueName\":\"search_term_string\"}}],\"inLanguage\":\"pt-PT\"},{\"@type\":\"Person\",\"@id\":\"https:\/\/portaltela.pt\/#\/schema\/person\/c4278d4a6028830caff9ee44b42d32ed\",\"name\":\"Telinha\",\"image\":{\"@type\":\"ImageObject\",\"inLanguage\":\"pt-PT\",\"@id\":\"https:\/\/portaltela.pt\/s.01k8rhncp4jt1\/2025\/11\/talking-bot-125x125.png\",\"url\":\"https:\/\/portaltela.pt\/s.01k8rhncp4jt1\/2025\/11\/talking-bot-125x125.png\",\"contentUrl\":\"https:\/\/portaltela.pt\/s.01k8rhncp4jt1\/2025\/11\/talking-bot-125x125.png\",\"caption\":\"Telinha\"},\"sameAs\":[\"https:\/\/portaltela.pt\/\"],\"url\":\"https:\/\/portaltela.pt\/por\/367410592786\/\"}]}<\/script>\n<!-- \/ Yoast SEO plugin. -->","yoast_head_json":{"title":"Lutar contra o estado a que cheg\u00e1mos exp\u00f5e desafio pol\u00edtico atual - Portal Tela Portugal","robots":{"index":"index","follow":"follow","max-snippet":"max-snippet:-1","max-image-preview":"max-image-preview:large","max-video-preview":"max-video-preview:-1"},"og_locale":"pt_PT","og_type":"article","og_title":"Lutar contra o estado a que cheg\u00e1mos exp\u00f5e desafio pol\u00edtico atual - Portal Tela Portugal","og_description":"O FMI, com dados de 164 pa\u00edses desde 1946, diz que ciclos de forte investimento na defesa costumam levar, a m\u00e9dio prazo, a cortes em servi\u00e7os sociais: sa\u00fade (-26%), apoios sociais (-25%) e educa\u00e7\u00e3o (-14%). A Galp teve no primeiro trimestre um lucro de 272 milh\u00f5es de euros, mais 41% que o mesmo per\u00edodo de 2025, com aumentos de pre\u00e7o de venda de gas\u00f3leo (+96%) e gasolina (+47%). O Instituto Nacional de Estat\u00edstica registou, em mar\u00e7o de 2026, uma avalia\u00e7\u00e3o mediana da habita\u00e7\u00e3o de 2.151 euros por metro quadrado, mais 29 euros que fevereiro, e o \u00edndice Idealista indicou 3.107 euros por metro quadrado para casas \u00e0 venda em mar\u00e7o de 2026. Em 2024, 77 mil fam\u00edlias viviam em condi\u00e7\u00f5es indignas de habita\u00e7\u00e3o; e um relat\u00f3rio para a Comiss\u00e3o Europeia aponta 3.306 crian\u00e7as e jovens em situa\u00e7\u00e3o de sem-abrigo ou priva\u00e7\u00e3o habitacional grave. O cabaz alimentar monitorizado pela DECO Proteste atingiu 254 euros no in\u00edcio de abril, o valor m\u00e1ximo j\u00e1 registado, reflectindo um aumento de 5% desde o in\u00edcio do ano e de 12% face a h\u00e1 um ano; a mobiliza\u00e7\u00e3o de 25 de Abril foi hist\u00f3rica, com protesto difundido em todo o pa\u00eds contra o estado atual.","og_url":"https:\/\/portaltela.pt\/noticias\/2026\/04\/29\/lutar-contra-o-estado-a-que-chegamos-expoe-desafio-politico-atual\/","og_site_name":"Portal Tela Portugal","article_published_time":"2026-04-29T23:03:21+00:00","author":"Telinha","twitter_card":"summary_large_image","twitter_misc":{"Escrito por":"Telinha","Tempo estimado de leitura":"1 minuto"},"schema":{"@context":"https:\/\/schema.org","@graph":[{"@type":"Article","@id":"https:\/\/portaltela.pt\/noticias\/2026\/04\/29\/lutar-contra-o-estado-a-que-chegamos-expoe-desafio-politico-atual\/#article","isPartOf":{"@id":"https:\/\/portaltela.pt\/noticias\/2026\/04\/29\/lutar-contra-o-estado-a-que-chegamos-expoe-desafio-politico-atual\/"},"author":{"name":"Telinha","@id":"https:\/\/portaltela.pt\/#\/schema\/person\/c4278d4a6028830caff9ee44b42d32ed"},"headline":"Lutar contra o estado a que cheg\u00e1mos exp\u00f5e desafio pol\u00edtico atual","datePublished":"2026-04-29T23:03:21+00:00","mainEntityOfPage":{"@id":"https:\/\/portaltela.pt\/noticias\/2026\/04\/29\/lutar-contra-o-estado-a-que-chegamos-expoe-desafio-politico-atual\/"},"wordCount":283,"image":{"@id":"https:\/\/portaltela.pt\/noticias\/2026\/04\/29\/lutar-contra-o-estado-a-que-chegamos-expoe-desafio-politico-atual\/#primaryimage"},"thumbnailUrl":"https:\/\/portaltela.pt\/s.01k8rhncp4jt1\/2026\/04\/image-1689.jpg","keywords":["_25 de Abril","_democracia","_habita\u00e7\u00e3o","_pobreza","_protestos","_trabalhadores"],"articleSection":["Sa\u00fade","Sociedade"],"inLanguage":"pt-PT"},{"@type":"WebPage","@id":"https:\/\/portaltela.pt\/noticias\/2026\/04\/29\/lutar-contra-o-estado-a-que-chegamos-expoe-desafio-politico-atual\/","url":"https:\/\/portaltela.pt\/noticias\/2026\/04\/29\/lutar-contra-o-estado-a-que-chegamos-expoe-desafio-politico-atual\/","name":"Lutar contra o estado a que cheg\u00e1mos exp\u00f5e desafio pol\u00edtico atual - Portal Tela Portugal","isPartOf":{"@id":"https:\/\/portaltela.pt\/#website"},"primaryImageOfPage":{"@id":"https:\/\/portaltela.pt\/noticias\/2026\/04\/29\/lutar-contra-o-estado-a-que-chegamos-expoe-desafio-politico-atual\/#primaryimage"},"image":{"@id":"https:\/\/portaltela.pt\/noticias\/2026\/04\/29\/lutar-contra-o-estado-a-que-chegamos-expoe-desafio-politico-atual\/#primaryimage"},"thumbnailUrl":"https:\/\/portaltela.pt\/s.01k8rhncp4jt1\/2026\/04\/image-1689.jpg","datePublished":"2026-04-29T23:03:21+00:00","author":{"@id":"https:\/\/portaltela.pt\/#\/schema\/person\/c4278d4a6028830caff9ee44b42d32ed"},"breadcrumb":{"@id":"https:\/\/portaltela.pt\/noticias\/2026\/04\/29\/lutar-contra-o-estado-a-que-chegamos-expoe-desafio-politico-atual\/#breadcrumb"},"inLanguage":"pt-PT","potentialAction":[{"@type":"ReadAction","target":["https:\/\/portaltela.pt\/noticias\/2026\/04\/29\/lutar-contra-o-estado-a-que-chegamos-expoe-desafio-politico-atual\/"]}]},{"@type":"ImageObject","inLanguage":"pt-PT","@id":"https:\/\/portaltela.pt\/noticias\/2026\/04\/29\/lutar-contra-o-estado-a-que-chegamos-expoe-desafio-politico-atual\/#primaryimage","url":"https:\/\/portaltela.pt\/s.01k8rhncp4jt1\/2026\/04\/image-1689.jpg","contentUrl":"https:\/\/portaltela.pt\/s.01k8rhncp4jt1\/2026\/04\/image-1689.jpg","width":796,"height":448,"caption":"Imagem de contexto do artigo Lutar contra \"o estado a que cheg\u00e1mos\""},{"@type":"BreadcrumbList","@id":"https:\/\/portaltela.pt\/noticias\/2026\/04\/29\/lutar-contra-o-estado-a-que-chegamos-expoe-desafio-politico-atual\/#breadcrumb","itemListElement":[{"@type":"ListItem","position":1,"name":"In\u00edcio","item":"https:\/\/portaltela.pt\/"},{"@type":"ListItem","position":2,"name":"Lutar contra o estado a que cheg\u00e1mos exp\u00f5e desafio pol\u00edtico atual"}]},{"@type":"WebSite","@id":"https:\/\/portaltela.pt\/#website","url":"https:\/\/portaltela.pt\/","name":"Portal Tela Portugal","description":"","potentialAction":[{"@type":"SearchAction","target":{"@type":"EntryPoint","urlTemplate":"https:\/\/portaltela.pt\/?s={search_term_string}"},"query-input":{"@type":"PropertyValueSpecification","valueRequired":true,"valueName":"search_term_string"}}],"inLanguage":"pt-PT"},{"@type":"Person","@id":"https:\/\/portaltela.pt\/#\/schema\/person\/c4278d4a6028830caff9ee44b42d32ed","name":"Telinha","image":{"@type":"ImageObject","inLanguage":"pt-PT","@id":"https:\/\/portaltela.pt\/s.01k8rhncp4jt1\/2025\/11\/talking-bot-125x125.png","url":"https:\/\/portaltela.pt\/s.01k8rhncp4jt1\/2025\/11\/talking-bot-125x125.png","contentUrl":"https:\/\/portaltela.pt\/s.01k8rhncp4jt1\/2025\/11\/talking-bot-125x125.png","caption":"Telinha"},"sameAs":["https:\/\/portaltela.pt\/"],"url":"https:\/\/portaltela.pt\/por\/367410592786\/"}]}},"_links":{"self":[{"href":"https:\/\/portaltela.pt\/api\/wp\/v2\/posts\/461682","targetHints":{"allow":["GET"]}}],"collection":[{"href":"https:\/\/portaltela.pt\/api\/wp\/v2\/posts"}],"about":[{"href":"https:\/\/portaltela.pt\/api\/wp\/v2\/types\/post"}],"author":[{"embeddable":true,"href":"https:\/\/portaltela.pt\/api\/wp\/v2\/users\/2"}],"replies":[{"embeddable":true,"href":"https:\/\/portaltela.pt\/api\/wp\/v2\/comments?post=461682"}],"version-history":[{"count":0,"href":"https:\/\/portaltela.pt\/api\/wp\/v2\/posts\/461682\/revisions"}],"wp:featuredmedia":[{"embeddable":true,"href":"https:\/\/portaltela.pt\/api\/wp\/v2\/media\/461688"}],"wp:attachment":[{"href":"https:\/\/portaltela.pt\/api\/wp\/v2\/media?parent=461682"}],"wp:term":[{"taxonomy":"category","embeddable":true,"href":"https:\/\/portaltela.pt\/api\/wp\/v2\/categories?post=461682"},{"taxonomy":"post_tag","embeddable":true,"href":"https:\/\/portaltela.pt\/api\/wp\/v2\/tags?post=461682"}],"curies":[{"name":"wp","href":"https:\/\/api.w.org\/{rel}","templated":true}]}}