{"id":461678,"date":"2026-04-29T20:03:14","date_gmt":"2026-04-29T23:03:14","guid":{"rendered":"https:\/\/portaltela.pt\/noticias\/2026\/04\/29\/rui-borges-nao-pensa-em-renovacao-foco-no-proximo-jogo\/"},"modified":"2026-04-29T20:03:14","modified_gmt":"2026-04-29T23:03:14","slug":"rui-borges-nao-pensa-em-renovacao-foco-no-proximo-jogo","status":"publish","type":"post","link":"https:\/\/portaltela.pt\/desporto\/futebol\/2026\/04\/29\/rui-borges-nao-pensa-em-renovacao-foco-no-proximo-jogo\/","title":{"rendered":"Rui Borges: n\u00e3o pensa em renova\u00e7\u00e3o, foco no pr\u00f3ximo jogo"},"content":{"rendered":"<p>Rui Borges, treinador do Sporting, disse estar totalmente focado no pr\u00f3ximo jogo e que n\u00e3o pensa em renova\u00e7\u00e3o de contrato neste momento. O t\u00e9cnico pediu ainda tranquilidade \u00e0 equipa, sem desconfian\u00e7as internas.<\/p>\n<p>O timoneiro verde e branco reconheceu cinco anos de conquistas, mas admitiu que o clube j\u00e1 passou por momentos menos bons. A meta continua a evoluir, com foco no rendimento desportivo.<\/p>\n<p>No jogo contra o Tondela, o Sporting vencia por 2-0, mas acabou por empatar, num desfecho que deixou a equipa em Alvalade sob protestos moderados da assist\u00eancia. O autogolo de Blopa abriu o per\u00edodo dif\u00edcil.<\/p>\n<h3>Desempenho recente e pr\u00f3ximos passos<\/h3>\n<p>Borges comentou que o momento atual exige estabilidade e trabalho di\u00e1rio. O treinador antecipou o onze prov\u00e1vel para o encontro seguinte, mantendo a aposta em jovens e jogadores com peso hist\u00f3rico no clube.<\/p>\n<p>O t\u00e9cnico refor\u00e7ou a necessidade de manter a concentra\u00e7\u00e3o, sem precipita\u00e7\u00f5es, e de evitar desvios de foco. A dire\u00e7\u00e3o do Sporting ainda n\u00e3o comunicou eventual renova\u00e7\u00e3o nem prazos.<\/p>\n<h3>Contexto e perspetivas<\/h3>\n<p>O clube segue em competi\u00e7\u00e3o interna e europeia, com avalia\u00e7\u00e3o cont\u00ednua de desempenho individual e coletivo. Jorge Sousa, diretor desportivo, n\u00e3o comentou publicamente a renova\u00e7\u00e3o do t\u00e9cnico.<\/p>\n<p>Rui Borges concluiu que cada jogo dita o futuro imediato da equipa, sublinhando que o foco est\u00e1 no pr\u00f3ximo desafio e no aperfei\u00e7oamento do conjunto, sem especula\u00e7\u00f5es sobre o longo prazo.<\/p>\n","protected":false},"excerpt":{"rendered":"<ul>\n<li>Rui Borges disse estar focado no pr\u00f3ximo jogo e n\u00e3o pensa em renova\u00e7\u00e3o de contrato no momento.<\/li>\n<li>O treinador destacou os cinco anos de conquistas do Sporting, mas reconheceu que houve momentos menos bons.<\/li>\n<li>No jogo com o Tondela, o Sporting vencia por dois a zero, mas acabou empatando.<\/li>\n<li>C\u00edcero marcou o golo que empatou a partida e Blopa fez um autogolo que contribuiu para o desfecho.<\/li>\n<li>A bancada de Alvalade despediu-se da equipa com fortes assobios.<\/li>\n<\/ul>\n","protected":false},"author":2,"featured_media":461684,"comment_status":"closed","ping_status":"closed","sticky":false,"template":"","format":"standard","meta":{"footnotes":""},"categories":[21,24],"tags":[4059,32,2844,6430,1652,2477],"class_list":["post-461678","post","type-post","status-publish","format-standard","has-post-thumbnail","hentry","category-desporto","category-futebol","tag-1-a-liga","tag-futebol","tag-jovens","tag-renovacoes","tag-sporting","tag-treinadores"],"yoast_head":"<!-- This site is optimized with the Yoast SEO plugin v27.2 - https:\/\/yoast.com\/product\/yoast-seo-wordpress\/ -->\n<title>Rui Borges: n\u00e3o pensa em renova\u00e7\u00e3o, foco no pr\u00f3ximo jogo - Portal Tela Portugal<\/title>\n<meta name=\"robots\" content=\"index, follow, max-snippet:-1, max-image-preview:large, max-video-preview:-1\" \/>\n<meta property=\"og:locale\" content=\"pt_PT\" \/>\n<meta property=\"og:type\" content=\"article\" \/>\n<meta property=\"og:title\" content=\"Rui Borges: n\u00e3o pensa em renova\u00e7\u00e3o, foco no pr\u00f3ximo jogo - Portal Tela Portugal\" \/>\n<meta property=\"og:description\" content=\"Rui Borges disse estar focado no pr\u00f3ximo jogo e n\u00e3o pensa em renova\u00e7\u00e3o de contrato no momento. O treinador destacou os cinco anos de conquistas do Sporting, mas reconheceu que houve momentos menos bons. No jogo com o Tondela, o Sporting vencia por dois a zero, mas acabou empatando. C\u00edcero marcou o golo que empatou a partida e Blopa fez um autogolo que contribuiu para o desfecho. A bancada de Alvalade despediu-se da equipa com fortes assobios.\" \/>\n<meta property=\"og:url\" content=\"https:\/\/portaltela.pt\/noticias\/2026\/04\/29\/rui-borges-nao-pensa-em-renovacao-foco-no-proximo-jogo\/\" \/>\n<meta property=\"og:site_name\" content=\"Portal Tela Portugal\" \/>\n<meta property=\"article:published_time\" content=\"2026-04-29T23:03:14+00:00\" \/>\n<meta name=\"author\" content=\"Telinha\" \/>\n<meta name=\"twitter:card\" content=\"summary_large_image\" \/>\n<meta name=\"twitter:label1\" content=\"Escrito por\" \/>\n\t<meta name=\"twitter:data1\" content=\"Telinha\" \/>\n\t<meta name=\"twitter:label2\" content=\"Tempo estimado de leitura\" \/>\n\t<meta name=\"twitter:data2\" content=\"1 minuto\" \/>\n<script type=\"application\/ld+json\" class=\"yoast-schema-graph\">{\"@context\":\"https:\/\/schema.org\",\"@graph\":[{\"@type\":\"Article\",\"@id\":\"https:\/\/portaltela.pt\/noticias\/2026\/04\/29\/rui-borges-nao-pensa-em-renovacao-foco-no-proximo-jogo\/#article\",\"isPartOf\":{\"@id\":\"https:\/\/portaltela.pt\/noticias\/2026\/04\/29\/rui-borges-nao-pensa-em-renovacao-foco-no-proximo-jogo\/\"},\"author\":{\"name\":\"Telinha\",\"@id\":\"https:\/\/portaltela.pt\/#\/schema\/person\/c4278d4a6028830caff9ee44b42d32ed\"},\"headline\":\"Rui Borges: n\u00e3o pensa em renova\u00e7\u00e3o, foco no pr\u00f3ximo jogo\",\"datePublished\":\"2026-04-29T23:03:14+00:00\",\"mainEntityOfPage\":{\"@id\":\"https:\/\/portaltela.pt\/noticias\/2026\/04\/29\/rui-borges-nao-pensa-em-renovacao-foco-no-proximo-jogo\/\"},\"wordCount\":265,\"image\":{\"@id\":\"https:\/\/portaltela.pt\/noticias\/2026\/04\/29\/rui-borges-nao-pensa-em-renovacao-foco-no-proximo-jogo\/#primaryimage\"},\"thumbnailUrl\":\"https:\/\/portaltela.pt\/s.01k8rhncp4jt1\/2026\/04\/img_1200x721uu2026-04-29-23-58-52-2436039.jpg\",\"keywords\":[\"1.\u00aa Liga\",\"futebol\",\"jovens\",\"renova\u00e7\u00f5es\",\"Sporting\",\"treinadores\"],\"articleSection\":[\"Desporto\",\"Futebol\"],\"inLanguage\":\"pt-PT\"},{\"@type\":\"WebPage\",\"@id\":\"https:\/\/portaltela.pt\/noticias\/2026\/04\/29\/rui-borges-nao-pensa-em-renovacao-foco-no-proximo-jogo\/\",\"url\":\"https:\/\/portaltela.pt\/noticias\/2026\/04\/29\/rui-borges-nao-pensa-em-renovacao-foco-no-proximo-jogo\/\",\"name\":\"Rui Borges: n\u00e3o pensa em renova\u00e7\u00e3o, foco no pr\u00f3ximo jogo - Portal Tela Portugal\",\"isPartOf\":{\"@id\":\"https:\/\/portaltela.pt\/#website\"},\"primaryImageOfPage\":{\"@id\":\"https:\/\/portaltela.pt\/noticias\/2026\/04\/29\/rui-borges-nao-pensa-em-renovacao-foco-no-proximo-jogo\/#primaryimage\"},\"image\":{\"@id\":\"https:\/\/portaltela.pt\/noticias\/2026\/04\/29\/rui-borges-nao-pensa-em-renovacao-foco-no-proximo-jogo\/#primaryimage\"},\"thumbnailUrl\":\"https:\/\/portaltela.pt\/s.01k8rhncp4jt1\/2026\/04\/img_1200x721uu2026-04-29-23-58-52-2436039.jpg\",\"datePublished\":\"2026-04-29T23:03:14+00:00\",\"author\":{\"@id\":\"https:\/\/portaltela.pt\/#\/schema\/person\/c4278d4a6028830caff9ee44b42d32ed\"},\"breadcrumb\":{\"@id\":\"https:\/\/portaltela.pt\/noticias\/2026\/04\/29\/rui-borges-nao-pensa-em-renovacao-foco-no-proximo-jogo\/#breadcrumb\"},\"inLanguage\":\"pt-PT\",\"potentialAction\":[{\"@type\":\"ReadAction\",\"target\":[\"https:\/\/portaltela.pt\/noticias\/2026\/04\/29\/rui-borges-nao-pensa-em-renovacao-foco-no-proximo-jogo\/\"]}]},{\"@type\":\"ImageObject\",\"inLanguage\":\"pt-PT\",\"@id\":\"https:\/\/portaltela.pt\/noticias\/2026\/04\/29\/rui-borges-nao-pensa-em-renovacao-foco-no-proximo-jogo\/#primaryimage\",\"url\":\"https:\/\/portaltela.pt\/s.01k8rhncp4jt1\/2026\/04\/img_1200x721uu2026-04-29-23-58-52-2436039.jpg\",\"contentUrl\":\"https:\/\/portaltela.pt\/s.01k8rhncp4jt1\/2026\/04\/img_1200x721uu2026-04-29-23-58-52-2436039.jpg\",\"width\":796,\"height\":448,\"caption\":\"T\u00e9cnico falou ainda do momento menos bom da equipa e pede que n\u00e3o haja desconfian\u00e7a da equipa\"},{\"@type\":\"BreadcrumbList\",\"@id\":\"https:\/\/portaltela.pt\/noticias\/2026\/04\/29\/rui-borges-nao-pensa-em-renovacao-foco-no-proximo-jogo\/#breadcrumb\",\"itemListElement\":[{\"@type\":\"ListItem\",\"position\":1,\"name\":\"In\u00edcio\",\"item\":\"https:\/\/portaltela.pt\/\"},{\"@type\":\"ListItem\",\"position\":2,\"name\":\"Rui Borges: n\u00e3o pensa em renova\u00e7\u00e3o, foco no pr\u00f3ximo jogo\"}]},{\"@type\":\"WebSite\",\"@id\":\"https:\/\/portaltela.pt\/#website\",\"url\":\"https:\/\/portaltela.pt\/\",\"name\":\"Portal Tela Portugal\",\"description\":\"\",\"potentialAction\":[{\"@type\":\"SearchAction\",\"target\":{\"@type\":\"EntryPoint\",\"urlTemplate\":\"https:\/\/portaltela.pt\/?s={search_term_string}\"},\"query-input\":{\"@type\":\"PropertyValueSpecification\",\"valueRequired\":true,\"valueName\":\"search_term_string\"}}],\"inLanguage\":\"pt-PT\"},{\"@type\":\"Person\",\"@id\":\"https:\/\/portaltela.pt\/#\/schema\/person\/c4278d4a6028830caff9ee44b42d32ed\",\"name\":\"Telinha\",\"image\":{\"@type\":\"ImageObject\",\"inLanguage\":\"pt-PT\",\"@id\":\"https:\/\/portaltela.pt\/s.01k8rhncp4jt1\/2025\/11\/talking-bot-125x125.png\",\"url\":\"https:\/\/portaltela.pt\/s.01k8rhncp4jt1\/2025\/11\/talking-bot-125x125.png\",\"contentUrl\":\"https:\/\/portaltela.pt\/s.01k8rhncp4jt1\/2025\/11\/talking-bot-125x125.png\",\"caption\":\"Telinha\"},\"sameAs\":[\"https:\/\/portaltela.pt\/\"],\"url\":\"https:\/\/portaltela.pt\/por\/367410592786\/\"}]}<\/script>\n<!-- \/ Yoast SEO plugin. -->","yoast_head_json":{"title":"Rui Borges: n\u00e3o pensa em renova\u00e7\u00e3o, foco no pr\u00f3ximo jogo - Portal Tela Portugal","robots":{"index":"index","follow":"follow","max-snippet":"max-snippet:-1","max-image-preview":"max-image-preview:large","max-video-preview":"max-video-preview:-1"},"og_locale":"pt_PT","og_type":"article","og_title":"Rui Borges: n\u00e3o pensa em renova\u00e7\u00e3o, foco no pr\u00f3ximo jogo - Portal Tela Portugal","og_description":"Rui Borges disse estar focado no pr\u00f3ximo jogo e n\u00e3o pensa em renova\u00e7\u00e3o de contrato no momento. O treinador destacou os cinco anos de conquistas do Sporting, mas reconheceu que houve momentos menos bons. No jogo com o Tondela, o Sporting vencia por dois a zero, mas acabou empatando. C\u00edcero marcou o golo que empatou a partida e Blopa fez um autogolo que contribuiu para o desfecho. A bancada de Alvalade despediu-se da equipa com fortes assobios.","og_url":"https:\/\/portaltela.pt\/noticias\/2026\/04\/29\/rui-borges-nao-pensa-em-renovacao-foco-no-proximo-jogo\/","og_site_name":"Portal Tela Portugal","article_published_time":"2026-04-29T23:03:14+00:00","author":"Telinha","twitter_card":"summary_large_image","twitter_misc":{"Escrito por":"Telinha","Tempo estimado de leitura":"1 minuto"},"schema":{"@context":"https:\/\/schema.org","@graph":[{"@type":"Article","@id":"https:\/\/portaltela.pt\/noticias\/2026\/04\/29\/rui-borges-nao-pensa-em-renovacao-foco-no-proximo-jogo\/#article","isPartOf":{"@id":"https:\/\/portaltela.pt\/noticias\/2026\/04\/29\/rui-borges-nao-pensa-em-renovacao-foco-no-proximo-jogo\/"},"author":{"name":"Telinha","@id":"https:\/\/portaltela.pt\/#\/schema\/person\/c4278d4a6028830caff9ee44b42d32ed"},"headline":"Rui Borges: n\u00e3o pensa em renova\u00e7\u00e3o, foco no pr\u00f3ximo jogo","datePublished":"2026-04-29T23:03:14+00:00","mainEntityOfPage":{"@id":"https:\/\/portaltela.pt\/noticias\/2026\/04\/29\/rui-borges-nao-pensa-em-renovacao-foco-no-proximo-jogo\/"},"wordCount":265,"image":{"@id":"https:\/\/portaltela.pt\/noticias\/2026\/04\/29\/rui-borges-nao-pensa-em-renovacao-foco-no-proximo-jogo\/#primaryimage"},"thumbnailUrl":"https:\/\/portaltela.pt\/s.01k8rhncp4jt1\/2026\/04\/img_1200x721uu2026-04-29-23-58-52-2436039.jpg","keywords":["1.\u00aa Liga","futebol","jovens","renova\u00e7\u00f5es","Sporting","treinadores"],"articleSection":["Desporto","Futebol"],"inLanguage":"pt-PT"},{"@type":"WebPage","@id":"https:\/\/portaltela.pt\/noticias\/2026\/04\/29\/rui-borges-nao-pensa-em-renovacao-foco-no-proximo-jogo\/","url":"https:\/\/portaltela.pt\/noticias\/2026\/04\/29\/rui-borges-nao-pensa-em-renovacao-foco-no-proximo-jogo\/","name":"Rui Borges: n\u00e3o pensa em renova\u00e7\u00e3o, foco no pr\u00f3ximo jogo - Portal Tela Portugal","isPartOf":{"@id":"https:\/\/portaltela.pt\/#website"},"primaryImageOfPage":{"@id":"https:\/\/portaltela.pt\/noticias\/2026\/04\/29\/rui-borges-nao-pensa-em-renovacao-foco-no-proximo-jogo\/#primaryimage"},"image":{"@id":"https:\/\/portaltela.pt\/noticias\/2026\/04\/29\/rui-borges-nao-pensa-em-renovacao-foco-no-proximo-jogo\/#primaryimage"},"thumbnailUrl":"https:\/\/portaltela.pt\/s.01k8rhncp4jt1\/2026\/04\/img_1200x721uu2026-04-29-23-58-52-2436039.jpg","datePublished":"2026-04-29T23:03:14+00:00","author":{"@id":"https:\/\/portaltela.pt\/#\/schema\/person\/c4278d4a6028830caff9ee44b42d32ed"},"breadcrumb":{"@id":"https:\/\/portaltela.pt\/noticias\/2026\/04\/29\/rui-borges-nao-pensa-em-renovacao-foco-no-proximo-jogo\/#breadcrumb"},"inLanguage":"pt-PT","potentialAction":[{"@type":"ReadAction","target":["https:\/\/portaltela.pt\/noticias\/2026\/04\/29\/rui-borges-nao-pensa-em-renovacao-foco-no-proximo-jogo\/"]}]},{"@type":"ImageObject","inLanguage":"pt-PT","@id":"https:\/\/portaltela.pt\/noticias\/2026\/04\/29\/rui-borges-nao-pensa-em-renovacao-foco-no-proximo-jogo\/#primaryimage","url":"https:\/\/portaltela.pt\/s.01k8rhncp4jt1\/2026\/04\/img_1200x721uu2026-04-29-23-58-52-2436039.jpg","contentUrl":"https:\/\/portaltela.pt\/s.01k8rhncp4jt1\/2026\/04\/img_1200x721uu2026-04-29-23-58-52-2436039.jpg","width":796,"height":448,"caption":"T\u00e9cnico falou ainda do momento menos bom da equipa e pede que n\u00e3o haja desconfian\u00e7a da equipa"},{"@type":"BreadcrumbList","@id":"https:\/\/portaltela.pt\/noticias\/2026\/04\/29\/rui-borges-nao-pensa-em-renovacao-foco-no-proximo-jogo\/#breadcrumb","itemListElement":[{"@type":"ListItem","position":1,"name":"In\u00edcio","item":"https:\/\/portaltela.pt\/"},{"@type":"ListItem","position":2,"name":"Rui Borges: n\u00e3o pensa em renova\u00e7\u00e3o, foco no pr\u00f3ximo jogo"}]},{"@type":"WebSite","@id":"https:\/\/portaltela.pt\/#website","url":"https:\/\/portaltela.pt\/","name":"Portal Tela Portugal","description":"","potentialAction":[{"@type":"SearchAction","target":{"@type":"EntryPoint","urlTemplate":"https:\/\/portaltela.pt\/?s={search_term_string}"},"query-input":{"@type":"PropertyValueSpecification","valueRequired":true,"valueName":"search_term_string"}}],"inLanguage":"pt-PT"},{"@type":"Person","@id":"https:\/\/portaltela.pt\/#\/schema\/person\/c4278d4a6028830caff9ee44b42d32ed","name":"Telinha","image":{"@type":"ImageObject","inLanguage":"pt-PT","@id":"https:\/\/portaltela.pt\/s.01k8rhncp4jt1\/2025\/11\/talking-bot-125x125.png","url":"https:\/\/portaltela.pt\/s.01k8rhncp4jt1\/2025\/11\/talking-bot-125x125.png","contentUrl":"https:\/\/portaltela.pt\/s.01k8rhncp4jt1\/2025\/11\/talking-bot-125x125.png","caption":"Telinha"},"sameAs":["https:\/\/portaltela.pt\/"],"url":"https:\/\/portaltela.pt\/por\/367410592786\/"}]}},"_links":{"self":[{"href":"https:\/\/portaltela.pt\/api\/wp\/v2\/posts\/461678","targetHints":{"allow":["GET"]}}],"collection":[{"href":"https:\/\/portaltela.pt\/api\/wp\/v2\/posts"}],"about":[{"href":"https:\/\/portaltela.pt\/api\/wp\/v2\/types\/post"}],"author":[{"embeddable":true,"href":"https:\/\/portaltela.pt\/api\/wp\/v2\/users\/2"}],"replies":[{"embeddable":true,"href":"https:\/\/portaltela.pt\/api\/wp\/v2\/comments?post=461678"}],"version-history":[{"count":0,"href":"https:\/\/portaltela.pt\/api\/wp\/v2\/posts\/461678\/revisions"}],"wp:featuredmedia":[{"embeddable":true,"href":"https:\/\/portaltela.pt\/api\/wp\/v2\/media\/461684"}],"wp:attachment":[{"href":"https:\/\/portaltela.pt\/api\/wp\/v2\/media?parent=461678"}],"wp:term":[{"taxonomy":"category","embeddable":true,"href":"https:\/\/portaltela.pt\/api\/wp\/v2\/categories?post=461678"},{"taxonomy":"post_tag","embeddable":true,"href":"https:\/\/portaltela.pt\/api\/wp\/v2\/tags?post=461678"}],"curies":[{"name":"wp","href":"https:\/\/api.w.org\/{rel}","templated":true}]}}