{"id":461671,"date":"2026-04-29T19:48:15","date_gmt":"2026-04-29T22:48:15","guid":{"rendered":"https:\/\/portaltela.pt\/noticias\/2026\/04\/29\/portugal-fica-fora-das-vagas-adicionais-de-acesso-a-fase-de-grupos-da-champions\/"},"modified":"2026-04-29T19:48:15","modified_gmt":"2026-04-29T22:48:15","slug":"portugal-fica-fora-das-vagas-adicionais-de-acesso-a-fase-de-grupos-da-champions","status":"publish","type":"post","link":"https:\/\/portaltela.pt\/desporto\/futebol\/2026\/04\/29\/portugal-fica-fora-das-vagas-adicionais-de-acesso-a-fase-de-grupos-da-champions\/","title":{"rendered":"Portugal fica fora das vagas adicionais de acesso \u00e0 fase de grupos da Champions"},"content":{"rendered":"<p>O Portugal ficou fora das vagas adicionais de acesso \u00e0 fase de grupos da Liga dos Campe\u00f5es ap\u00f3s o empate do Atl\u00e9tico de Madrid com o Arsenal (1-1) na primeira m\u00e3o das meias, na Liga dos Campe\u00f5es. A posi\u00e7\u00e3o de Portugal depende agora de o Sporting de Braga vencer a Liga Europa com at\u00e9 tr\u00eas vit\u00f3rias, o que j\u00e1 n\u00e3o \u00e9 poss\u00edvel para alcan\u00e7ar 21,500 pontos.<\/p>\n<p>Os lusos ocupam atualmente o 4.\u00ba lugar no ranking de federa\u00e7\u00f5es com 20,100 pontos, atr\u00e1s de Inglaterra (26,680) e Espanha (21,531). O empate entre Madrid e Arsenal reduziu as hip\u00f3teses de ultrapassar o limite de 21,500 pontos, reduzindo o espa\u00e7o de manobra para uma vaga extra.<\/p>\n<p>A Premier League j\u00e1 assegurou, desde 7 de abril, uma vaga adicional na pr\u00f3xima edi\u00e7\u00e3o da Liga dos Campe\u00f5es, com o Arsenal a vencer o Sporting na ronda dos quartos (1-0). Portugal passa assim a disputar a vaga extra entre Espanha e Alemanha, que seguem com 21,214 pontos no ranking.<\/p>\n<h3>Situa\u00e7\u00e3o da Liga dos Campe\u00f5es e Liga Europa<\/h3>\n<p>Portugal terminou a \u00e9poca com recorde de pontos na UEFA, superando It\u00e1lia (19,000) e Fran\u00e7a (17,821). O m\u00e1ximo luso, fixado em 2010\/11 com a finaliza\u00e7\u00e3o da Liga Europa entre emblemas nacionais, j\u00e1 foi ultrapassado com o desempenho recente de Braga e do Sporting.<\/p>\n<p>O Sporting de Braga assegurou as meias-finais da Liga Europa e recebe o Friburgo na primeira m\u00e3o, quinta-feira, em clima de avan\u00e7o competitivo. J\u00e1 o FC Porto foi eliminado pelos ingleses do Nottingham Forest nos quartos da Liga dos Campe\u00f5es.<\/p>\n<h3>Desdobramentos e cen\u00e1rios futuros<\/h3>\n<p>Para al\u00e9m de Braga, o Benfica manteve-se na luta de forma distante, ap\u00f3s queda frente ao Real Madrid nos play-offs da Liga dos Campe\u00f5es. O ranking atual abre a porta a uma poss\u00edvel mudan\u00e7a de cen\u00e1rio a partir de 2027\/28, com tr\u00eas equipas portuguesas na Liga dos Campe\u00f5es.<\/p>\n<p>H\u00e1 ainda a possibilidade de o segundo classificado da I Liga evitar as pr\u00e9-eliminat\u00f3rias, dependendo de resultados internos e de eventuais conquistas europeias por parte de Aston Villa. O panorama aponta para o aumento de representantes portugueses nas competi\u00e7\u00f5es europeias a partir da pr\u00f3xima temporada.<\/p>\n","protected":false},"excerpt":{"rendered":"<ul>\n<li>Portugal fica fora das vagas adicionais para a fase de grupos da Liga dos Campe\u00f5es, ocupando o quarto lugar entre as federa\u00e7\u00f5es, com 20,100 pontos, abaixo de Inglaterra (26,680) e Espanha (21,531).<\/li>\n<li>O empate do Atl\u00e9tico de Madrid com o Arsenal (1-1) na primeira m\u00e3o das meias-finais da Liga dos Campe\u00f5es retira a possibilidade de Portugal alcan\u00e7ar 21,500 pontos, a n\u00e3o ser que o Sporting de Braga ven\u00e7a a Liga Europa com apenas tr\u00eas vit\u00f3rias.<\/li>\n<li>A Inglaterra j\u00e1 assegurou uma vaga adicional na pr\u00f3xima edi\u00e7\u00e3o da Liga dos Campe\u00f5es, ap\u00f3s a vit\u00f3ria do Arsenal sobre o Sporting na ronda de quartos.<\/li>\n<li>O Braga continua na Liga Europa e recebe o Friburgo na primeira m\u00e3o das meias-finais; o FC Porto ficou eliminado nos quartos pelos ingleses do Nottingham Forest.<\/li>\n<li>O desempenho de Portugal influencia o ranking de cinco \u00e9pocas, com previs\u00f5es de manter tr\u00eas equipas na Liga dos Campe\u00f5es a partir de 2027\/28, ap\u00f3s ultrapassar os Pa\u00edses Baixos nesse per\u00edodo. O Benfica, o Sporting e o Porto lideram os coeficientes entre clubes nacionais.<\/li>\n<\/ul>\n","protected":false},"author":2,"featured_media":461673,"comment_status":"closed","ping_status":"closed","sticky":false,"template":"","format":"standard","meta":{"footnotes":""},"categories":[21,24],"tags":[1207,3577,5544,32,1014,1652],"class_list":["post-461671","post","type-post","status-publish","format-standard","has-post-thumbnail","hentry","category-desporto","category-futebol","tag-braga","tag-champions-league","tag-europa-league","tag-futebol","tag-portugal","tag-sporting"],"yoast_head":"<!-- This site is optimized with the Yoast SEO plugin v27.2 - https:\/\/yoast.com\/product\/yoast-seo-wordpress\/ -->\n<title>Portugal fica fora das vagas adicionais de acesso \u00e0 fase de grupos da Champions - Portal Tela Portugal<\/title>\n<meta name=\"robots\" content=\"index, follow, max-snippet:-1, max-image-preview:large, max-video-preview:-1\" \/>\n<meta property=\"og:locale\" content=\"pt_PT\" \/>\n<meta property=\"og:type\" content=\"article\" \/>\n<meta property=\"og:title\" content=\"Portugal fica fora das vagas adicionais de acesso \u00e0 fase de grupos da Champions - Portal Tela Portugal\" \/>\n<meta property=\"og:description\" content=\"Portugal fica fora das vagas adicionais para a fase de grupos da Liga dos Campe\u00f5es, ocupando o quarto lugar entre as federa\u00e7\u00f5es, com 20,100 pontos, abaixo de Inglaterra (26,680) e Espanha (21,531). O empate do Atl\u00e9tico de Madrid com o Arsenal (1-1) na primeira m\u00e3o das meias-finais da Liga dos Campe\u00f5es retira a possibilidade de Portugal alcan\u00e7ar 21,500 pontos, a n\u00e3o ser que o Sporting de Braga ven\u00e7a a Liga Europa com apenas tr\u00eas vit\u00f3rias. A Inglaterra j\u00e1 assegurou uma vaga adicional na pr\u00f3xima edi\u00e7\u00e3o da Liga dos Campe\u00f5es, ap\u00f3s a vit\u00f3ria do Arsenal sobre o Sporting na ronda de quartos. O Braga continua na Liga Europa e recebe o Friburgo na primeira m\u00e3o das meias-finais; o FC Porto ficou eliminado nos quartos pelos ingleses do Nottingham Forest. O desempenho de Portugal influencia o ranking de cinco \u00e9pocas, com previs\u00f5es de manter tr\u00eas equipas na Liga dos Campe\u00f5es a partir de 2027\/28, ap\u00f3s ultrapassar os Pa\u00edses Baixos nesse per\u00edodo. O Benfica, o Sporting e o Porto lideram os coeficientes entre clubes nacionais.\" \/>\n<meta property=\"og:url\" content=\"https:\/\/portaltela.pt\/noticias\/2026\/04\/29\/portugal-fica-fora-das-vagas-adicionais-de-acesso-a-fase-de-grupos-da-champions\/\" \/>\n<meta property=\"og:site_name\" content=\"Portal Tela Portugal\" \/>\n<meta property=\"article:published_time\" content=\"2026-04-29T22:48:15+00:00\" \/>\n<meta name=\"author\" content=\"Telinha\" \/>\n<meta name=\"twitter:card\" content=\"summary_large_image\" \/>\n<meta name=\"twitter:label1\" content=\"Escrito por\" \/>\n\t<meta name=\"twitter:data1\" content=\"Telinha\" \/>\n\t<meta name=\"twitter:label2\" content=\"Tempo estimado de leitura\" \/>\n\t<meta name=\"twitter:data2\" content=\"2 minutos\" \/>\n<script type=\"application\/ld+json\" class=\"yoast-schema-graph\">{\"@context\":\"https:\/\/schema.org\",\"@graph\":[{\"@type\":\"Article\",\"@id\":\"https:\/\/portaltela.pt\/noticias\/2026\/04\/29\/portugal-fica-fora-das-vagas-adicionais-de-acesso-a-fase-de-grupos-da-champions\/#article\",\"isPartOf\":{\"@id\":\"https:\/\/portaltela.pt\/noticias\/2026\/04\/29\/portugal-fica-fora-das-vagas-adicionais-de-acesso-a-fase-de-grupos-da-champions\/\"},\"author\":{\"name\":\"Telinha\",\"@id\":\"https:\/\/portaltela.pt\/#\/schema\/person\/c4278d4a6028830caff9ee44b42d32ed\"},\"headline\":\"Portugal fica fora das vagas adicionais de acesso \u00e0 fase de grupos da Champions\",\"datePublished\":\"2026-04-29T22:48:15+00:00\",\"mainEntityOfPage\":{\"@id\":\"https:\/\/portaltela.pt\/noticias\/2026\/04\/29\/portugal-fica-fora-das-vagas-adicionais-de-acesso-a-fase-de-grupos-da-champions\/\"},\"wordCount\":389,\"image\":{\"@id\":\"https:\/\/portaltela.pt\/noticias\/2026\/04\/29\/portugal-fica-fora-das-vagas-adicionais-de-acesso-a-fase-de-grupos-da-champions\/#primaryimage\"},\"thumbnailUrl\":\"https:\/\/portaltela.pt\/s.01k8rhncp4jt1\/2026\/04\/image-1686.jpg\",\"keywords\":[\"Braga\",\"Champions League\",\"Europa League\",\"futebol\",\"Portugal\",\"Sporting\"],\"articleSection\":[\"Desporto\",\"Futebol\"],\"inLanguage\":\"pt-PT\"},{\"@type\":\"WebPage\",\"@id\":\"https:\/\/portaltela.pt\/noticias\/2026\/04\/29\/portugal-fica-fora-das-vagas-adicionais-de-acesso-a-fase-de-grupos-da-champions\/\",\"url\":\"https:\/\/portaltela.pt\/noticias\/2026\/04\/29\/portugal-fica-fora-das-vagas-adicionais-de-acesso-a-fase-de-grupos-da-champions\/\",\"name\":\"Portugal fica fora das vagas adicionais de acesso \u00e0 fase de grupos da Champions - Portal Tela Portugal\",\"isPartOf\":{\"@id\":\"https:\/\/portaltela.pt\/#website\"},\"primaryImageOfPage\":{\"@id\":\"https:\/\/portaltela.pt\/noticias\/2026\/04\/29\/portugal-fica-fora-das-vagas-adicionais-de-acesso-a-fase-de-grupos-da-champions\/#primaryimage\"},\"image\":{\"@id\":\"https:\/\/portaltela.pt\/noticias\/2026\/04\/29\/portugal-fica-fora-das-vagas-adicionais-de-acesso-a-fase-de-grupos-da-champions\/#primaryimage\"},\"thumbnailUrl\":\"https:\/\/portaltela.pt\/s.01k8rhncp4jt1\/2026\/04\/image-1686.jpg\",\"datePublished\":\"2026-04-29T22:48:15+00:00\",\"author\":{\"@id\":\"https:\/\/portaltela.pt\/#\/schema\/person\/c4278d4a6028830caff9ee44b42d32ed\"},\"breadcrumb\":{\"@id\":\"https:\/\/portaltela.pt\/noticias\/2026\/04\/29\/portugal-fica-fora-das-vagas-adicionais-de-acesso-a-fase-de-grupos-da-champions\/#breadcrumb\"},\"inLanguage\":\"pt-PT\",\"potentialAction\":[{\"@type\":\"ReadAction\",\"target\":[\"https:\/\/portaltela.pt\/noticias\/2026\/04\/29\/portugal-fica-fora-das-vagas-adicionais-de-acesso-a-fase-de-grupos-da-champions\/\"]}]},{\"@type\":\"ImageObject\",\"inLanguage\":\"pt-PT\",\"@id\":\"https:\/\/portaltela.pt\/noticias\/2026\/04\/29\/portugal-fica-fora-das-vagas-adicionais-de-acesso-a-fase-de-grupos-da-champions\/#primaryimage\",\"url\":\"https:\/\/portaltela.pt\/s.01k8rhncp4jt1\/2026\/04\/image-1686.jpg\",\"contentUrl\":\"https:\/\/portaltela.pt\/s.01k8rhncp4jt1\/2026\/04\/image-1686.jpg\",\"width\":796,\"height\":448,\"caption\":\"Imagem de contexto do artigo Liga dos Campe\u00f5es: Portugal fora das duas vagas adicionais de acesso \u00e0 fase de liga\"},{\"@type\":\"BreadcrumbList\",\"@id\":\"https:\/\/portaltela.pt\/noticias\/2026\/04\/29\/portugal-fica-fora-das-vagas-adicionais-de-acesso-a-fase-de-grupos-da-champions\/#breadcrumb\",\"itemListElement\":[{\"@type\":\"ListItem\",\"position\":1,\"name\":\"In\u00edcio\",\"item\":\"https:\/\/portaltela.pt\/\"},{\"@type\":\"ListItem\",\"position\":2,\"name\":\"Portugal fica fora das vagas adicionais de acesso \u00e0 fase de grupos da Champions\"}]},{\"@type\":\"WebSite\",\"@id\":\"https:\/\/portaltela.pt\/#website\",\"url\":\"https:\/\/portaltela.pt\/\",\"name\":\"Portal Tela Portugal\",\"description\":\"\",\"potentialAction\":[{\"@type\":\"SearchAction\",\"target\":{\"@type\":\"EntryPoint\",\"urlTemplate\":\"https:\/\/portaltela.pt\/?s={search_term_string}\"},\"query-input\":{\"@type\":\"PropertyValueSpecification\",\"valueRequired\":true,\"valueName\":\"search_term_string\"}}],\"inLanguage\":\"pt-PT\"},{\"@type\":\"Person\",\"@id\":\"https:\/\/portaltela.pt\/#\/schema\/person\/c4278d4a6028830caff9ee44b42d32ed\",\"name\":\"Telinha\",\"image\":{\"@type\":\"ImageObject\",\"inLanguage\":\"pt-PT\",\"@id\":\"https:\/\/portaltela.pt\/s.01k8rhncp4jt1\/2025\/11\/talking-bot-125x125.png\",\"url\":\"https:\/\/portaltela.pt\/s.01k8rhncp4jt1\/2025\/11\/talking-bot-125x125.png\",\"contentUrl\":\"https:\/\/portaltela.pt\/s.01k8rhncp4jt1\/2025\/11\/talking-bot-125x125.png\",\"caption\":\"Telinha\"},\"sameAs\":[\"https:\/\/portaltela.pt\/\"],\"url\":\"https:\/\/portaltela.pt\/por\/367410592786\/\"}]}<\/script>\n<!-- \/ Yoast SEO plugin. -->","yoast_head_json":{"title":"Portugal fica fora das vagas adicionais de acesso \u00e0 fase de grupos da Champions - Portal Tela Portugal","robots":{"index":"index","follow":"follow","max-snippet":"max-snippet:-1","max-image-preview":"max-image-preview:large","max-video-preview":"max-video-preview:-1"},"og_locale":"pt_PT","og_type":"article","og_title":"Portugal fica fora das vagas adicionais de acesso \u00e0 fase de grupos da Champions - Portal Tela Portugal","og_description":"Portugal fica fora das vagas adicionais para a fase de grupos da Liga dos Campe\u00f5es, ocupando o quarto lugar entre as federa\u00e7\u00f5es, com 20,100 pontos, abaixo de Inglaterra (26,680) e Espanha (21,531). O empate do Atl\u00e9tico de Madrid com o Arsenal (1-1) na primeira m\u00e3o das meias-finais da Liga dos Campe\u00f5es retira a possibilidade de Portugal alcan\u00e7ar 21,500 pontos, a n\u00e3o ser que o Sporting de Braga ven\u00e7a a Liga Europa com apenas tr\u00eas vit\u00f3rias. A Inglaterra j\u00e1 assegurou uma vaga adicional na pr\u00f3xima edi\u00e7\u00e3o da Liga dos Campe\u00f5es, ap\u00f3s a vit\u00f3ria do Arsenal sobre o Sporting na ronda de quartos. O Braga continua na Liga Europa e recebe o Friburgo na primeira m\u00e3o das meias-finais; o FC Porto ficou eliminado nos quartos pelos ingleses do Nottingham Forest. O desempenho de Portugal influencia o ranking de cinco \u00e9pocas, com previs\u00f5es de manter tr\u00eas equipas na Liga dos Campe\u00f5es a partir de 2027\/28, ap\u00f3s ultrapassar os Pa\u00edses Baixos nesse per\u00edodo. O Benfica, o Sporting e o Porto lideram os coeficientes entre clubes nacionais.","og_url":"https:\/\/portaltela.pt\/noticias\/2026\/04\/29\/portugal-fica-fora-das-vagas-adicionais-de-acesso-a-fase-de-grupos-da-champions\/","og_site_name":"Portal Tela Portugal","article_published_time":"2026-04-29T22:48:15+00:00","author":"Telinha","twitter_card":"summary_large_image","twitter_misc":{"Escrito por":"Telinha","Tempo estimado de leitura":"2 minutos"},"schema":{"@context":"https:\/\/schema.org","@graph":[{"@type":"Article","@id":"https:\/\/portaltela.pt\/noticias\/2026\/04\/29\/portugal-fica-fora-das-vagas-adicionais-de-acesso-a-fase-de-grupos-da-champions\/#article","isPartOf":{"@id":"https:\/\/portaltela.pt\/noticias\/2026\/04\/29\/portugal-fica-fora-das-vagas-adicionais-de-acesso-a-fase-de-grupos-da-champions\/"},"author":{"name":"Telinha","@id":"https:\/\/portaltela.pt\/#\/schema\/person\/c4278d4a6028830caff9ee44b42d32ed"},"headline":"Portugal fica fora das vagas adicionais de acesso \u00e0 fase de grupos da Champions","datePublished":"2026-04-29T22:48:15+00:00","mainEntityOfPage":{"@id":"https:\/\/portaltela.pt\/noticias\/2026\/04\/29\/portugal-fica-fora-das-vagas-adicionais-de-acesso-a-fase-de-grupos-da-champions\/"},"wordCount":389,"image":{"@id":"https:\/\/portaltela.pt\/noticias\/2026\/04\/29\/portugal-fica-fora-das-vagas-adicionais-de-acesso-a-fase-de-grupos-da-champions\/#primaryimage"},"thumbnailUrl":"https:\/\/portaltela.pt\/s.01k8rhncp4jt1\/2026\/04\/image-1686.jpg","keywords":["Braga","Champions League","Europa League","futebol","Portugal","Sporting"],"articleSection":["Desporto","Futebol"],"inLanguage":"pt-PT"},{"@type":"WebPage","@id":"https:\/\/portaltela.pt\/noticias\/2026\/04\/29\/portugal-fica-fora-das-vagas-adicionais-de-acesso-a-fase-de-grupos-da-champions\/","url":"https:\/\/portaltela.pt\/noticias\/2026\/04\/29\/portugal-fica-fora-das-vagas-adicionais-de-acesso-a-fase-de-grupos-da-champions\/","name":"Portugal fica fora das vagas adicionais de acesso \u00e0 fase de grupos da Champions - Portal Tela Portugal","isPartOf":{"@id":"https:\/\/portaltela.pt\/#website"},"primaryImageOfPage":{"@id":"https:\/\/portaltela.pt\/noticias\/2026\/04\/29\/portugal-fica-fora-das-vagas-adicionais-de-acesso-a-fase-de-grupos-da-champions\/#primaryimage"},"image":{"@id":"https:\/\/portaltela.pt\/noticias\/2026\/04\/29\/portugal-fica-fora-das-vagas-adicionais-de-acesso-a-fase-de-grupos-da-champions\/#primaryimage"},"thumbnailUrl":"https:\/\/portaltela.pt\/s.01k8rhncp4jt1\/2026\/04\/image-1686.jpg","datePublished":"2026-04-29T22:48:15+00:00","author":{"@id":"https:\/\/portaltela.pt\/#\/schema\/person\/c4278d4a6028830caff9ee44b42d32ed"},"breadcrumb":{"@id":"https:\/\/portaltela.pt\/noticias\/2026\/04\/29\/portugal-fica-fora-das-vagas-adicionais-de-acesso-a-fase-de-grupos-da-champions\/#breadcrumb"},"inLanguage":"pt-PT","potentialAction":[{"@type":"ReadAction","target":["https:\/\/portaltela.pt\/noticias\/2026\/04\/29\/portugal-fica-fora-das-vagas-adicionais-de-acesso-a-fase-de-grupos-da-champions\/"]}]},{"@type":"ImageObject","inLanguage":"pt-PT","@id":"https:\/\/portaltela.pt\/noticias\/2026\/04\/29\/portugal-fica-fora-das-vagas-adicionais-de-acesso-a-fase-de-grupos-da-champions\/#primaryimage","url":"https:\/\/portaltela.pt\/s.01k8rhncp4jt1\/2026\/04\/image-1686.jpg","contentUrl":"https:\/\/portaltela.pt\/s.01k8rhncp4jt1\/2026\/04\/image-1686.jpg","width":796,"height":448,"caption":"Imagem de contexto do artigo Liga dos Campe\u00f5es: Portugal fora das duas vagas adicionais de acesso \u00e0 fase de liga"},{"@type":"BreadcrumbList","@id":"https:\/\/portaltela.pt\/noticias\/2026\/04\/29\/portugal-fica-fora-das-vagas-adicionais-de-acesso-a-fase-de-grupos-da-champions\/#breadcrumb","itemListElement":[{"@type":"ListItem","position":1,"name":"In\u00edcio","item":"https:\/\/portaltela.pt\/"},{"@type":"ListItem","position":2,"name":"Portugal fica fora das vagas adicionais de acesso \u00e0 fase de grupos da Champions"}]},{"@type":"WebSite","@id":"https:\/\/portaltela.pt\/#website","url":"https:\/\/portaltela.pt\/","name":"Portal Tela Portugal","description":"","potentialAction":[{"@type":"SearchAction","target":{"@type":"EntryPoint","urlTemplate":"https:\/\/portaltela.pt\/?s={search_term_string}"},"query-input":{"@type":"PropertyValueSpecification","valueRequired":true,"valueName":"search_term_string"}}],"inLanguage":"pt-PT"},{"@type":"Person","@id":"https:\/\/portaltela.pt\/#\/schema\/person\/c4278d4a6028830caff9ee44b42d32ed","name":"Telinha","image":{"@type":"ImageObject","inLanguage":"pt-PT","@id":"https:\/\/portaltela.pt\/s.01k8rhncp4jt1\/2025\/11\/talking-bot-125x125.png","url":"https:\/\/portaltela.pt\/s.01k8rhncp4jt1\/2025\/11\/talking-bot-125x125.png","contentUrl":"https:\/\/portaltela.pt\/s.01k8rhncp4jt1\/2025\/11\/talking-bot-125x125.png","caption":"Telinha"},"sameAs":["https:\/\/portaltela.pt\/"],"url":"https:\/\/portaltela.pt\/por\/367410592786\/"}]}},"_links":{"self":[{"href":"https:\/\/portaltela.pt\/api\/wp\/v2\/posts\/461671","targetHints":{"allow":["GET"]}}],"collection":[{"href":"https:\/\/portaltela.pt\/api\/wp\/v2\/posts"}],"about":[{"href":"https:\/\/portaltela.pt\/api\/wp\/v2\/types\/post"}],"author":[{"embeddable":true,"href":"https:\/\/portaltela.pt\/api\/wp\/v2\/users\/2"}],"replies":[{"embeddable":true,"href":"https:\/\/portaltela.pt\/api\/wp\/v2\/comments?post=461671"}],"version-history":[{"count":0,"href":"https:\/\/portaltela.pt\/api\/wp\/v2\/posts\/461671\/revisions"}],"wp:featuredmedia":[{"embeddable":true,"href":"https:\/\/portaltela.pt\/api\/wp\/v2\/media\/461673"}],"wp:attachment":[{"href":"https:\/\/portaltela.pt\/api\/wp\/v2\/media?parent=461671"}],"wp:term":[{"taxonomy":"category","embeddable":true,"href":"https:\/\/portaltela.pt\/api\/wp\/v2\/categories?post=461671"},{"taxonomy":"post_tag","embeddable":true,"href":"https:\/\/portaltela.pt\/api\/wp\/v2\/tags?post=461671"}],"curies":[{"name":"wp","href":"https:\/\/api.w.org\/{rel}","templated":true}]}}