{"id":461669,"date":"2026-04-29T19:48:07","date_gmt":"2026-04-29T22:48:07","guid":{"rendered":"https:\/\/portaltela.pt\/noticias\/2026\/04\/29\/nuno-melo-quer-reforcar-europa-na-nato-eua-aliado-fundamental\/"},"modified":"2026-04-29T19:48:07","modified_gmt":"2026-04-29T22:48:07","slug":"nuno-melo-quer-reforcar-europa-na-nato-eua-aliado-fundamental","status":"publish","type":"post","link":"https:\/\/portaltela.pt\/geopolitica\/2026\/04\/29\/nuno-melo-quer-reforcar-europa-na-nato-eua-aliado-fundamental\/","title":{"rendered":"Nuno Melo quer refor\u00e7ar Europa na NATO; EUA, aliado fundamental"},"content":{"rendered":"<p>O ministro da Defesa Nacional, Nuno Melo, afirmou em Beja que n\u00e3o h\u00e1 NATO sem os Estados Unidos, considerados um aliado fundamental, mas defendeu refor\u00e7ar o pilar europeu de defesa da alian\u00e7a.<\/p>\n<p>\u00c0 margem da 42.\u00aa Ovibeja, Melo explicou que o objetivo \u00e9 depender mais de Portugal e da Europa, em vez de depender apenas do que tem vindo a ocorrer do outro lado do Atl\u00e2ntico.<\/p>\n<p>Na ocasi\u00e3o, foram questionados os coment\u00e1rios do Presidente da Rep\u00fablica, Ant\u00f3nio Jos\u00e9 Seguro, no F\u00f3rum La Toja, sobre a necessidade de uma defesa europeia mais c\u00e9lere e de n\u00e3o depender apenas de vontades alheias.<\/p>\n<p>Segundo o ministro, a rela\u00e7\u00e3o com os Estados Unidos continua a ser um eixo estrutural da pol\u00edtica externa europeia, mas \u00e9 preciso atualizar o papel da NATO face ao contexto geopol\u00edtico atual, com Portugal e parceiros europeus a atuar nesse sentido.<\/p>\n<p>Melo lembrou que Portugal atingiu, em 2025, o investimento de 2% do Produto Interno Bruto na defesa nacional, destacando o peso da defesa na governa\u00e7\u00e3o e a necessidade de manter a parceria transatl\u00e2ntica.<\/p>\n<p>O governante refor\u00e7ou que a defesa europeia \u00e9 compat\u00edvel com manter a coopera\u00e7\u00e3o com os EUA, assegurando que a Europa pode contribuir com o seu peso e valores, sem abdicar de rela\u00e7\u00f5es estrat\u00e9gicas existentes.<\/p>\n","protected":false},"excerpt":{"rendered":"<ul>\n<li>O ministro da Defesa Nacional, Nuno Melo, afirmou que \u201cn\u00e3o h\u00e1 NATO sem Estados Unidos\u201d, considerados um aliado fundamental, e defendeu refor\u00e7ar o pilar europeu da organiza\u00e7\u00e3o.<\/li>\n<li>O objetivo \u00e9 depender mais de Portugal e da Uni\u00e3o Europeia na defesa, em vez de depender apenas do que vem do outro lado do Atl\u00e2ntico.<\/li>\n<li>A afirma\u00e7\u00e3o foi feita durante uma visita \u00e0 Ovibeja, entre perguntas sobre declara\u00e7\u00f5es do presidente da Rep\u00fablica, Ant\u00f3nio Jos\u00e9 Seguro, no F\u00f3rum La Toja \u2013 V\u00ednculo Atl\u00e2ntico.<\/li>\n<li>Melo lembrou que Portugal atingiu, em 2025, o investimento de 2% do Produto Interno Bruto na defesa nacional.<\/li>\n<li>Sustentou que a rela\u00e7\u00e3o transatl\u00e2ntica deve ser renovada, com a Europa a afirmar os seus interesses e valores, sem deixar de reconhecer a import\u00e2ncia da NATO e da coopera\u00e7\u00e3o com os Estados Unidos.<\/li>\n<\/ul>\n","protected":false},"author":2,"featured_media":461674,"comment_status":"closed","ping_status":"closed","sticky":false,"template":"","format":"standard","meta":{"footnotes":""},"categories":[6814],"tags":[8353,7986,8004,8062,7946,9528],"class_list":["post-461669","post","type-post","status-publish","format-standard","has-post-thumbnail","hentry","category-geopolitica","tag-_defesa-nacional","tag-_estados-unidos","tag-_europa","tag-_portugal","tag-_relacoes-internacionais","tag-otan"],"yoast_head":"<!-- This site is optimized with the Yoast SEO plugin v27.2 - https:\/\/yoast.com\/product\/yoast-seo-wordpress\/ -->\n<title>Nuno Melo quer refor\u00e7ar Europa na NATO; EUA, aliado fundamental - Portal Tela Portugal<\/title>\n<meta name=\"robots\" content=\"index, follow, max-snippet:-1, max-image-preview:large, max-video-preview:-1\" \/>\n<meta property=\"og:locale\" content=\"pt_PT\" \/>\n<meta property=\"og:type\" content=\"article\" \/>\n<meta property=\"og:title\" content=\"Nuno Melo quer refor\u00e7ar Europa na NATO; EUA, aliado fundamental - Portal Tela Portugal\" \/>\n<meta property=\"og:description\" content=\"O ministro da Defesa Nacional, Nuno Melo, afirmou que \u201cn\u00e3o h\u00e1 NATO sem Estados Unidos\u201d, considerados um aliado fundamental, e defendeu refor\u00e7ar o pilar europeu da organiza\u00e7\u00e3o. O objetivo \u00e9 depender mais de Portugal e da Uni\u00e3o Europeia na defesa, em vez de depender apenas do que vem do outro lado do Atl\u00e2ntico. A afirma\u00e7\u00e3o foi feita durante uma visita \u00e0 Ovibeja, entre perguntas sobre declara\u00e7\u00f5es do presidente da Rep\u00fablica, Ant\u00f3nio Jos\u00e9 Seguro, no F\u00f3rum La Toja \u2013 V\u00ednculo Atl\u00e2ntico. Melo lembrou que Portugal atingiu, em 2025, o investimento de 2% do Produto Interno Bruto na defesa nacional. Sustentou que a rela\u00e7\u00e3o transatl\u00e2ntica deve ser renovada, com a Europa a afirmar os seus interesses e valores, sem deixar de reconhecer a import\u00e2ncia da NATO e da coopera\u00e7\u00e3o com os Estados Unidos.\" \/>\n<meta property=\"og:url\" content=\"https:\/\/portaltela.pt\/noticias\/2026\/04\/29\/nuno-melo-quer-reforcar-europa-na-nato-eua-aliado-fundamental\/\" \/>\n<meta property=\"og:site_name\" content=\"Portal Tela Portugal\" \/>\n<meta property=\"article:published_time\" content=\"2026-04-29T22:48:07+00:00\" \/>\n<meta name=\"author\" content=\"Telinha\" \/>\n<meta name=\"twitter:card\" content=\"summary_large_image\" \/>\n<meta name=\"twitter:label1\" content=\"Escrito por\" \/>\n\t<meta name=\"twitter:data1\" content=\"Telinha\" \/>\n\t<meta name=\"twitter:label2\" content=\"Tempo estimado de leitura\" \/>\n\t<meta name=\"twitter:data2\" content=\"1 minuto\" \/>\n<script type=\"application\/ld+json\" class=\"yoast-schema-graph\">{\"@context\":\"https:\/\/schema.org\",\"@graph\":[{\"@type\":\"Article\",\"@id\":\"https:\/\/portaltela.pt\/noticias\/2026\/04\/29\/nuno-melo-quer-reforcar-europa-na-nato-eua-aliado-fundamental\/#article\",\"isPartOf\":{\"@id\":\"https:\/\/portaltela.pt\/noticias\/2026\/04\/29\/nuno-melo-quer-reforcar-europa-na-nato-eua-aliado-fundamental\/\"},\"author\":{\"name\":\"Telinha\",\"@id\":\"https:\/\/portaltela.pt\/#\/schema\/person\/c4278d4a6028830caff9ee44b42d32ed\"},\"headline\":\"Nuno Melo quer refor\u00e7ar Europa na NATO; EUA, aliado fundamental\",\"datePublished\":\"2026-04-29T22:48:07+00:00\",\"mainEntityOfPage\":{\"@id\":\"https:\/\/portaltela.pt\/noticias\/2026\/04\/29\/nuno-melo-quer-reforcar-europa-na-nato-eua-aliado-fundamental\/\"},\"wordCount\":233,\"image\":{\"@id\":\"https:\/\/portaltela.pt\/noticias\/2026\/04\/29\/nuno-melo-quer-reforcar-europa-na-nato-eua-aliado-fundamental\/#primaryimage\"},\"thumbnailUrl\":\"https:\/\/portaltela.pt\/s.01k8rhncp4jt1\/2026\/04\/image-1686.jpg\",\"keywords\":[\"_defesa nacional\",\"_Estados Unidos\",\"_Europa\",\"_Portugal\",\"_rela\u00e7\u00f5es internacionais\",\"OTAN\"],\"articleSection\":[\"Geopol\u00edtica\"],\"inLanguage\":\"pt-PT\"},{\"@type\":\"WebPage\",\"@id\":\"https:\/\/portaltela.pt\/noticias\/2026\/04\/29\/nuno-melo-quer-reforcar-europa-na-nato-eua-aliado-fundamental\/\",\"url\":\"https:\/\/portaltela.pt\/noticias\/2026\/04\/29\/nuno-melo-quer-reforcar-europa-na-nato-eua-aliado-fundamental\/\",\"name\":\"Nuno Melo quer refor\u00e7ar Europa na NATO; EUA, aliado fundamental - Portal Tela Portugal\",\"isPartOf\":{\"@id\":\"https:\/\/portaltela.pt\/#website\"},\"primaryImageOfPage\":{\"@id\":\"https:\/\/portaltela.pt\/noticias\/2026\/04\/29\/nuno-melo-quer-reforcar-europa-na-nato-eua-aliado-fundamental\/#primaryimage\"},\"image\":{\"@id\":\"https:\/\/portaltela.pt\/noticias\/2026\/04\/29\/nuno-melo-quer-reforcar-europa-na-nato-eua-aliado-fundamental\/#primaryimage\"},\"thumbnailUrl\":\"https:\/\/portaltela.pt\/s.01k8rhncp4jt1\/2026\/04\/image-1686.jpg\",\"datePublished\":\"2026-04-29T22:48:07+00:00\",\"author\":{\"@id\":\"https:\/\/portaltela.pt\/#\/schema\/person\/c4278d4a6028830caff9ee44b42d32ed\"},\"breadcrumb\":{\"@id\":\"https:\/\/portaltela.pt\/noticias\/2026\/04\/29\/nuno-melo-quer-reforcar-europa-na-nato-eua-aliado-fundamental\/#breadcrumb\"},\"inLanguage\":\"pt-PT\",\"potentialAction\":[{\"@type\":\"ReadAction\",\"target\":[\"https:\/\/portaltela.pt\/noticias\/2026\/04\/29\/nuno-melo-quer-reforcar-europa-na-nato-eua-aliado-fundamental\/\"]}]},{\"@type\":\"ImageObject\",\"inLanguage\":\"pt-PT\",\"@id\":\"https:\/\/portaltela.pt\/noticias\/2026\/04\/29\/nuno-melo-quer-reforcar-europa-na-nato-eua-aliado-fundamental\/#primaryimage\",\"url\":\"https:\/\/portaltela.pt\/s.01k8rhncp4jt1\/2026\/04\/image-1686.jpg\",\"contentUrl\":\"https:\/\/portaltela.pt\/s.01k8rhncp4jt1\/2026\/04\/image-1686.jpg\",\"width\":796,\"height\":448,\"caption\":\"Ministro da Defesa, Nuno Melo, \u00e0 esquerda\"},{\"@type\":\"BreadcrumbList\",\"@id\":\"https:\/\/portaltela.pt\/noticias\/2026\/04\/29\/nuno-melo-quer-reforcar-europa-na-nato-eua-aliado-fundamental\/#breadcrumb\",\"itemListElement\":[{\"@type\":\"ListItem\",\"position\":1,\"name\":\"In\u00edcio\",\"item\":\"https:\/\/portaltela.pt\/\"},{\"@type\":\"ListItem\",\"position\":2,\"name\":\"Nuno Melo quer refor\u00e7ar Europa na NATO; EUA, aliado fundamental\"}]},{\"@type\":\"WebSite\",\"@id\":\"https:\/\/portaltela.pt\/#website\",\"url\":\"https:\/\/portaltela.pt\/\",\"name\":\"Portal Tela Portugal\",\"description\":\"\",\"potentialAction\":[{\"@type\":\"SearchAction\",\"target\":{\"@type\":\"EntryPoint\",\"urlTemplate\":\"https:\/\/portaltela.pt\/?s={search_term_string}\"},\"query-input\":{\"@type\":\"PropertyValueSpecification\",\"valueRequired\":true,\"valueName\":\"search_term_string\"}}],\"inLanguage\":\"pt-PT\"},{\"@type\":\"Person\",\"@id\":\"https:\/\/portaltela.pt\/#\/schema\/person\/c4278d4a6028830caff9ee44b42d32ed\",\"name\":\"Telinha\",\"image\":{\"@type\":\"ImageObject\",\"inLanguage\":\"pt-PT\",\"@id\":\"https:\/\/portaltela.pt\/s.01k8rhncp4jt1\/2025\/11\/talking-bot-125x125.png\",\"url\":\"https:\/\/portaltela.pt\/s.01k8rhncp4jt1\/2025\/11\/talking-bot-125x125.png\",\"contentUrl\":\"https:\/\/portaltela.pt\/s.01k8rhncp4jt1\/2025\/11\/talking-bot-125x125.png\",\"caption\":\"Telinha\"},\"sameAs\":[\"https:\/\/portaltela.pt\/\"],\"url\":\"https:\/\/portaltela.pt\/por\/367410592786\/\"}]}<\/script>\n<!-- \/ Yoast SEO plugin. -->","yoast_head_json":{"title":"Nuno Melo quer refor\u00e7ar Europa na NATO; EUA, aliado fundamental - Portal Tela Portugal","robots":{"index":"index","follow":"follow","max-snippet":"max-snippet:-1","max-image-preview":"max-image-preview:large","max-video-preview":"max-video-preview:-1"},"og_locale":"pt_PT","og_type":"article","og_title":"Nuno Melo quer refor\u00e7ar Europa na NATO; EUA, aliado fundamental - Portal Tela Portugal","og_description":"O ministro da Defesa Nacional, Nuno Melo, afirmou que \u201cn\u00e3o h\u00e1 NATO sem Estados Unidos\u201d, considerados um aliado fundamental, e defendeu refor\u00e7ar o pilar europeu da organiza\u00e7\u00e3o. O objetivo \u00e9 depender mais de Portugal e da Uni\u00e3o Europeia na defesa, em vez de depender apenas do que vem do outro lado do Atl\u00e2ntico. A afirma\u00e7\u00e3o foi feita durante uma visita \u00e0 Ovibeja, entre perguntas sobre declara\u00e7\u00f5es do presidente da Rep\u00fablica, Ant\u00f3nio Jos\u00e9 Seguro, no F\u00f3rum La Toja \u2013 V\u00ednculo Atl\u00e2ntico. Melo lembrou que Portugal atingiu, em 2025, o investimento de 2% do Produto Interno Bruto na defesa nacional. Sustentou que a rela\u00e7\u00e3o transatl\u00e2ntica deve ser renovada, com a Europa a afirmar os seus interesses e valores, sem deixar de reconhecer a import\u00e2ncia da NATO e da coopera\u00e7\u00e3o com os Estados Unidos.","og_url":"https:\/\/portaltela.pt\/noticias\/2026\/04\/29\/nuno-melo-quer-reforcar-europa-na-nato-eua-aliado-fundamental\/","og_site_name":"Portal Tela Portugal","article_published_time":"2026-04-29T22:48:07+00:00","author":"Telinha","twitter_card":"summary_large_image","twitter_misc":{"Escrito por":"Telinha","Tempo estimado de leitura":"1 minuto"},"schema":{"@context":"https:\/\/schema.org","@graph":[{"@type":"Article","@id":"https:\/\/portaltela.pt\/noticias\/2026\/04\/29\/nuno-melo-quer-reforcar-europa-na-nato-eua-aliado-fundamental\/#article","isPartOf":{"@id":"https:\/\/portaltela.pt\/noticias\/2026\/04\/29\/nuno-melo-quer-reforcar-europa-na-nato-eua-aliado-fundamental\/"},"author":{"name":"Telinha","@id":"https:\/\/portaltela.pt\/#\/schema\/person\/c4278d4a6028830caff9ee44b42d32ed"},"headline":"Nuno Melo quer refor\u00e7ar Europa na NATO; EUA, aliado fundamental","datePublished":"2026-04-29T22:48:07+00:00","mainEntityOfPage":{"@id":"https:\/\/portaltela.pt\/noticias\/2026\/04\/29\/nuno-melo-quer-reforcar-europa-na-nato-eua-aliado-fundamental\/"},"wordCount":233,"image":{"@id":"https:\/\/portaltela.pt\/noticias\/2026\/04\/29\/nuno-melo-quer-reforcar-europa-na-nato-eua-aliado-fundamental\/#primaryimage"},"thumbnailUrl":"https:\/\/portaltela.pt\/s.01k8rhncp4jt1\/2026\/04\/image-1686.jpg","keywords":["_defesa nacional","_Estados Unidos","_Europa","_Portugal","_rela\u00e7\u00f5es internacionais","OTAN"],"articleSection":["Geopol\u00edtica"],"inLanguage":"pt-PT"},{"@type":"WebPage","@id":"https:\/\/portaltela.pt\/noticias\/2026\/04\/29\/nuno-melo-quer-reforcar-europa-na-nato-eua-aliado-fundamental\/","url":"https:\/\/portaltela.pt\/noticias\/2026\/04\/29\/nuno-melo-quer-reforcar-europa-na-nato-eua-aliado-fundamental\/","name":"Nuno Melo quer refor\u00e7ar Europa na NATO; EUA, aliado fundamental - Portal Tela Portugal","isPartOf":{"@id":"https:\/\/portaltela.pt\/#website"},"primaryImageOfPage":{"@id":"https:\/\/portaltela.pt\/noticias\/2026\/04\/29\/nuno-melo-quer-reforcar-europa-na-nato-eua-aliado-fundamental\/#primaryimage"},"image":{"@id":"https:\/\/portaltela.pt\/noticias\/2026\/04\/29\/nuno-melo-quer-reforcar-europa-na-nato-eua-aliado-fundamental\/#primaryimage"},"thumbnailUrl":"https:\/\/portaltela.pt\/s.01k8rhncp4jt1\/2026\/04\/image-1686.jpg","datePublished":"2026-04-29T22:48:07+00:00","author":{"@id":"https:\/\/portaltela.pt\/#\/schema\/person\/c4278d4a6028830caff9ee44b42d32ed"},"breadcrumb":{"@id":"https:\/\/portaltela.pt\/noticias\/2026\/04\/29\/nuno-melo-quer-reforcar-europa-na-nato-eua-aliado-fundamental\/#breadcrumb"},"inLanguage":"pt-PT","potentialAction":[{"@type":"ReadAction","target":["https:\/\/portaltela.pt\/noticias\/2026\/04\/29\/nuno-melo-quer-reforcar-europa-na-nato-eua-aliado-fundamental\/"]}]},{"@type":"ImageObject","inLanguage":"pt-PT","@id":"https:\/\/portaltela.pt\/noticias\/2026\/04\/29\/nuno-melo-quer-reforcar-europa-na-nato-eua-aliado-fundamental\/#primaryimage","url":"https:\/\/portaltela.pt\/s.01k8rhncp4jt1\/2026\/04\/image-1686.jpg","contentUrl":"https:\/\/portaltela.pt\/s.01k8rhncp4jt1\/2026\/04\/image-1686.jpg","width":796,"height":448,"caption":"Ministro da Defesa, Nuno Melo, \u00e0 esquerda"},{"@type":"BreadcrumbList","@id":"https:\/\/portaltela.pt\/noticias\/2026\/04\/29\/nuno-melo-quer-reforcar-europa-na-nato-eua-aliado-fundamental\/#breadcrumb","itemListElement":[{"@type":"ListItem","position":1,"name":"In\u00edcio","item":"https:\/\/portaltela.pt\/"},{"@type":"ListItem","position":2,"name":"Nuno Melo quer refor\u00e7ar Europa na NATO; EUA, aliado fundamental"}]},{"@type":"WebSite","@id":"https:\/\/portaltela.pt\/#website","url":"https:\/\/portaltela.pt\/","name":"Portal Tela Portugal","description":"","potentialAction":[{"@type":"SearchAction","target":{"@type":"EntryPoint","urlTemplate":"https:\/\/portaltela.pt\/?s={search_term_string}"},"query-input":{"@type":"PropertyValueSpecification","valueRequired":true,"valueName":"search_term_string"}}],"inLanguage":"pt-PT"},{"@type":"Person","@id":"https:\/\/portaltela.pt\/#\/schema\/person\/c4278d4a6028830caff9ee44b42d32ed","name":"Telinha","image":{"@type":"ImageObject","inLanguage":"pt-PT","@id":"https:\/\/portaltela.pt\/s.01k8rhncp4jt1\/2025\/11\/talking-bot-125x125.png","url":"https:\/\/portaltela.pt\/s.01k8rhncp4jt1\/2025\/11\/talking-bot-125x125.png","contentUrl":"https:\/\/portaltela.pt\/s.01k8rhncp4jt1\/2025\/11\/talking-bot-125x125.png","caption":"Telinha"},"sameAs":["https:\/\/portaltela.pt\/"],"url":"https:\/\/portaltela.pt\/por\/367410592786\/"}]}},"_links":{"self":[{"href":"https:\/\/portaltela.pt\/api\/wp\/v2\/posts\/461669","targetHints":{"allow":["GET"]}}],"collection":[{"href":"https:\/\/portaltela.pt\/api\/wp\/v2\/posts"}],"about":[{"href":"https:\/\/portaltela.pt\/api\/wp\/v2\/types\/post"}],"author":[{"embeddable":true,"href":"https:\/\/portaltela.pt\/api\/wp\/v2\/users\/2"}],"replies":[{"embeddable":true,"href":"https:\/\/portaltela.pt\/api\/wp\/v2\/comments?post=461669"}],"version-history":[{"count":0,"href":"https:\/\/portaltela.pt\/api\/wp\/v2\/posts\/461669\/revisions"}],"wp:featuredmedia":[{"embeddable":true,"href":"https:\/\/portaltela.pt\/api\/wp\/v2\/media\/461674"}],"wp:attachment":[{"href":"https:\/\/portaltela.pt\/api\/wp\/v2\/media?parent=461669"}],"wp:term":[{"taxonomy":"category","embeddable":true,"href":"https:\/\/portaltela.pt\/api\/wp\/v2\/categories?post=461669"},{"taxonomy":"post_tag","embeddable":true,"href":"https:\/\/portaltela.pt\/api\/wp\/v2\/tags?post=461669"}],"curies":[{"name":"wp","href":"https:\/\/api.w.org\/{rel}","templated":true}]}}