{"id":461667,"date":"2026-04-29T19:48:01","date_gmt":"2026-04-29T22:48:01","guid":{"rendered":"https:\/\/portaltela.pt\/noticias\/2026\/04\/29\/governo-avanca-com-fabrica-da-embraer-em-beja-para-aeronaves-super-tucano\/"},"modified":"2026-04-29T19:48:01","modified_gmt":"2026-04-29T22:48:01","slug":"governo-avanca-com-fabrica-da-embraer-em-beja-para-aeronaves-super-tucano","status":"publish","type":"post","link":"https:\/\/portaltela.pt\/noticias\/internacional\/2026\/04\/29\/governo-avanca-com-fabrica-da-embraer-em-beja-para-aeronaves-super-tucano\/","title":{"rendered":"Governo avan\u00e7a com f\u00e1brica da Embraer em Beja para aeronaves Super Tucano"},"content":{"rendered":"<p>O Governo est\u00e1 a avan\u00e7ar com passos largos para instalar em Beja uma f\u00e1brica da Embraer dedicada \u00e0 produ\u00e7\u00e3o de aeronaves militares Super Tucano. A medida foi anunciada pelo ministro da Defesa Nacional, Nuno Melo, durante uma desloca\u00e7\u00e3o \u00e0 Ovibeja.<\/p>\n<p>Segundo o ministro, a instala\u00e7\u00e3o em Beja contempla a produ\u00e7\u00e3o de A a Z, em parceria com a Embraer, que j\u00e1 tem experi\u00eancia em Portugal com o KC-390 atrav\u00e9s da OGMA. O foco \u00e9 criar uma unidade integrada no sul do pa\u00eds.<\/p>\n<p>A imprensa foi informada de que j\u00e1 houve uma assinatura de inten\u00e7\u00e3o, em dezembro, entre o ministro e o presidente da Embraer, na OGMA, em Alverca, relacionada com a abertura da f\u00e1brica em Beja. Na altura, entraram na equa\u00e7\u00e3o a entrega de cinco A-29N \u00e0 For\u00e7a A\u00e9rea Portuguesa.<\/p>\n<h3>Progresso do projeto<\/h3>\n<p>Nuno Melo destacou que a Embraer \u00e9 una parceira de tecnologia de ponta e que a f\u00e1brica poder\u00e1 atrair empregos qualificados e melhor pagos, ajudando a fixar jovens no interior. O ministro tamb\u00e9m mencionou o papel do projeto no refor\u00e7o de um cluster tecnol\u00f3gico em Portugal.<\/p>\n<p>O cronograma apontado envolve a concretiza\u00e7\u00e3o do projeto ainda neste ano, com obras de infraestrutura no edif\u00edcio j\u00e1 identificado na base militar de Beja. A defini\u00e7\u00e3o sobre se a f\u00e1brica ficar\u00e1 na BA11 ou em terrenos adjacentes ficou para etapas t\u00e9cnicas posteriores.<\/p>\n<p>O investimento, assegurou o ministro, ser\u00e1 sustent\u00e1vel sem depender de apoios europeus, com foco num modelo de neg\u00f3cio orientado para a rentabilidade. Os Super Tucano s\u00e3o descritos como aeronaves vers\u00e1teis, com capacidades que se adaptam a ambientes com drones.<\/p>\n","protected":false},"excerpt":{"rendered":"<ul>\n<li>O Governo est\u00e1 a dar passos largos para instalar em Beja uma f\u00e1brica da Embraer para produzir aeronaves militares Super Tucano, em parceria com a empresa brasileira.<\/li>\n<li>O ministro da Defesa Nacional, Nuno Melo, afirmou que a possibilidade \u00e9 cada vez mais plaus\u00edvel e que haver\u00e1 novas reuni\u00f5es com representantes da Embraer no Brasil.<\/li>\n<li>Em dezembro passado, foi assinada uma carta de inten\u00e7\u00e3o para abrir a f\u00e1brica em Beja, durante a entrega dos primeiros cinco A-29N Super Tucano \u00e0 For\u00e7a A\u00e9rea Portuguesa pela Embraer.<\/li>\n<li>O ministro revelou que o investimento deve ser sustent\u00e1vel, com adapta\u00e7\u00e3o de infraestruturas e sem necessidade de apoios europeus, e que a produ\u00e7\u00e3o seria de A a Z na base de Beja.<\/li>\n<li>A localiza\u00e7\u00e3o poder\u00e1 ficar dentro do per\u00edmetro da Base A\u00e9rea de Beja, com foco na cria\u00e7\u00e3o de empregos qualificados e no refor\u00e7o de um cluster tecnol\u00f3gico no interior.<\/li>\n<\/ul>\n","protected":false},"author":2,"featured_media":461670,"comment_status":"closed","ping_status":"closed","sticky":false,"template":"","format":"standard","meta":{"footnotes":""},"categories":[6814,4],"tags":[7910,7891,8768,8589,8098,9570],"class_list":["post-461667","post","type-post","status-publish","format-standard","has-post-thumbnail","hentry","category-geopolitica","category-internacional","tag-_a-aeronautica","tag-_aeronautica","tag-_beja","tag-_forca-aerea-portuguesa","tag-_industria","tag-_ogma"],"yoast_head":"<!-- This site is optimized with the Yoast SEO plugin v27.2 - https:\/\/yoast.com\/product\/yoast-seo-wordpress\/ -->\n<title>Governo avan\u00e7a com f\u00e1brica da Embraer em Beja para aeronaves Super Tucano - Portal Tela Portugal<\/title>\n<meta name=\"robots\" content=\"index, follow, max-snippet:-1, max-image-preview:large, max-video-preview:-1\" \/>\n<meta property=\"og:locale\" content=\"pt_PT\" \/>\n<meta property=\"og:type\" content=\"article\" \/>\n<meta property=\"og:title\" content=\"Governo avan\u00e7a com f\u00e1brica da Embraer em Beja para aeronaves Super Tucano - Portal Tela Portugal\" \/>\n<meta property=\"og:description\" content=\"O Governo est\u00e1 a dar passos largos para instalar em Beja uma f\u00e1brica da Embraer para produzir aeronaves militares Super Tucano, em parceria com a empresa brasileira. O ministro da Defesa Nacional, Nuno Melo, afirmou que a possibilidade \u00e9 cada vez mais plaus\u00edvel e que haver\u00e1 novas reuni\u00f5es com representantes da Embraer no Brasil. Em dezembro passado, foi assinada uma carta de inten\u00e7\u00e3o para abrir a f\u00e1brica em Beja, durante a entrega dos primeiros cinco A-29N Super Tucano \u00e0 For\u00e7a A\u00e9rea Portuguesa pela Embraer. O ministro revelou que o investimento deve ser sustent\u00e1vel, com adapta\u00e7\u00e3o de infraestruturas e sem necessidade de apoios europeus, e que a produ\u00e7\u00e3o seria de A a Z na base de Beja. A localiza\u00e7\u00e3o poder\u00e1 ficar dentro do per\u00edmetro da Base A\u00e9rea de Beja, com foco na cria\u00e7\u00e3o de empregos qualificados e no refor\u00e7o de um cluster tecnol\u00f3gico no interior.\" \/>\n<meta property=\"og:url\" content=\"https:\/\/portaltela.pt\/noticias\/2026\/04\/29\/governo-avanca-com-fabrica-da-embraer-em-beja-para-aeronaves-super-tucano\/\" \/>\n<meta property=\"og:site_name\" content=\"Portal Tela Portugal\" \/>\n<meta property=\"article:published_time\" content=\"2026-04-29T22:48:01+00:00\" \/>\n<meta name=\"author\" content=\"Telinha\" \/>\n<meta name=\"twitter:card\" content=\"summary_large_image\" \/>\n<meta name=\"twitter:label1\" content=\"Escrito por\" \/>\n\t<meta name=\"twitter:data1\" content=\"Telinha\" \/>\n\t<meta name=\"twitter:label2\" content=\"Tempo estimado de leitura\" \/>\n\t<meta name=\"twitter:data2\" content=\"1 minuto\" \/>\n<script type=\"application\/ld+json\" class=\"yoast-schema-graph\">{\"@context\":\"https:\/\/schema.org\",\"@graph\":[{\"@type\":\"Article\",\"@id\":\"https:\/\/portaltela.pt\/noticias\/2026\/04\/29\/governo-avanca-com-fabrica-da-embraer-em-beja-para-aeronaves-super-tucano\/#article\",\"isPartOf\":{\"@id\":\"https:\/\/portaltela.pt\/noticias\/2026\/04\/29\/governo-avanca-com-fabrica-da-embraer-em-beja-para-aeronaves-super-tucano\/\"},\"author\":{\"name\":\"Telinha\",\"@id\":\"https:\/\/portaltela.pt\/#\/schema\/person\/c4278d4a6028830caff9ee44b42d32ed\"},\"headline\":\"Governo avan\u00e7a com f\u00e1brica da Embraer em Beja para aeronaves Super Tucano\",\"datePublished\":\"2026-04-29T22:48:01+00:00\",\"mainEntityOfPage\":{\"@id\":\"https:\/\/portaltela.pt\/noticias\/2026\/04\/29\/governo-avanca-com-fabrica-da-embraer-em-beja-para-aeronaves-super-tucano\/\"},\"wordCount\":297,\"image\":{\"@id\":\"https:\/\/portaltela.pt\/noticias\/2026\/04\/29\/governo-avanca-com-fabrica-da-embraer-em-beja-para-aeronaves-super-tucano\/#primaryimage\"},\"thumbnailUrl\":\"https:\/\/portaltela.pt\/s.01k8rhncp4jt1\/2026\/04\/img_1500x1000uu2008-09-11-16-54-00-328497.jpg\",\"keywords\":[\"_a aeron\u00e1utica\",\"_aeron\u00e1utica\",\"_Beja\",\"_For\u00e7a A\u00e9rea Portuguesa\",\"_ind\u00fastria\",\"_OGMA\"],\"articleSection\":[\"Geopol\u00edtica\",\"Internacional\"],\"inLanguage\":\"pt-PT\"},{\"@type\":\"WebPage\",\"@id\":\"https:\/\/portaltela.pt\/noticias\/2026\/04\/29\/governo-avanca-com-fabrica-da-embraer-em-beja-para-aeronaves-super-tucano\/\",\"url\":\"https:\/\/portaltela.pt\/noticias\/2026\/04\/29\/governo-avanca-com-fabrica-da-embraer-em-beja-para-aeronaves-super-tucano\/\",\"name\":\"Governo avan\u00e7a com f\u00e1brica da Embraer em Beja para aeronaves Super Tucano - Portal Tela Portugal\",\"isPartOf\":{\"@id\":\"https:\/\/portaltela.pt\/#website\"},\"primaryImageOfPage\":{\"@id\":\"https:\/\/portaltela.pt\/noticias\/2026\/04\/29\/governo-avanca-com-fabrica-da-embraer-em-beja-para-aeronaves-super-tucano\/#primaryimage\"},\"image\":{\"@id\":\"https:\/\/portaltela.pt\/noticias\/2026\/04\/29\/governo-avanca-com-fabrica-da-embraer-em-beja-para-aeronaves-super-tucano\/#primaryimage\"},\"thumbnailUrl\":\"https:\/\/portaltela.pt\/s.01k8rhncp4jt1\/2026\/04\/img_1500x1000uu2008-09-11-16-54-00-328497.jpg\",\"datePublished\":\"2026-04-29T22:48:01+00:00\",\"author\":{\"@id\":\"https:\/\/portaltela.pt\/#\/schema\/person\/c4278d4a6028830caff9ee44b42d32ed\"},\"breadcrumb\":{\"@id\":\"https:\/\/portaltela.pt\/noticias\/2026\/04\/29\/governo-avanca-com-fabrica-da-embraer-em-beja-para-aeronaves-super-tucano\/#breadcrumb\"},\"inLanguage\":\"pt-PT\",\"potentialAction\":[{\"@type\":\"ReadAction\",\"target\":[\"https:\/\/portaltela.pt\/noticias\/2026\/04\/29\/governo-avanca-com-fabrica-da-embraer-em-beja-para-aeronaves-super-tucano\/\"]}]},{\"@type\":\"ImageObject\",\"inLanguage\":\"pt-PT\",\"@id\":\"https:\/\/portaltela.pt\/noticias\/2026\/04\/29\/governo-avanca-com-fabrica-da-embraer-em-beja-para-aeronaves-super-tucano\/#primaryimage\",\"url\":\"https:\/\/portaltela.pt\/s.01k8rhncp4jt1\/2026\/04\/img_1500x1000uu2008-09-11-16-54-00-328497.jpg\",\"contentUrl\":\"https:\/\/portaltela.pt\/s.01k8rhncp4jt1\/2026\/04\/img_1500x1000uu2008-09-11-16-54-00-328497.jpg\",\"width\":796,\"height\":448,\"caption\":\"Embraer\"},{\"@type\":\"BreadcrumbList\",\"@id\":\"https:\/\/portaltela.pt\/noticias\/2026\/04\/29\/governo-avanca-com-fabrica-da-embraer-em-beja-para-aeronaves-super-tucano\/#breadcrumb\",\"itemListElement\":[{\"@type\":\"ListItem\",\"position\":1,\"name\":\"In\u00edcio\",\"item\":\"https:\/\/portaltela.pt\/\"},{\"@type\":\"ListItem\",\"position\":2,\"name\":\"Governo avan\u00e7a com f\u00e1brica da Embraer em Beja para aeronaves Super Tucano\"}]},{\"@type\":\"WebSite\",\"@id\":\"https:\/\/portaltela.pt\/#website\",\"url\":\"https:\/\/portaltela.pt\/\",\"name\":\"Portal Tela Portugal\",\"description\":\"\",\"potentialAction\":[{\"@type\":\"SearchAction\",\"target\":{\"@type\":\"EntryPoint\",\"urlTemplate\":\"https:\/\/portaltela.pt\/?s={search_term_string}\"},\"query-input\":{\"@type\":\"PropertyValueSpecification\",\"valueRequired\":true,\"valueName\":\"search_term_string\"}}],\"inLanguage\":\"pt-PT\"},{\"@type\":\"Person\",\"@id\":\"https:\/\/portaltela.pt\/#\/schema\/person\/c4278d4a6028830caff9ee44b42d32ed\",\"name\":\"Telinha\",\"image\":{\"@type\":\"ImageObject\",\"inLanguage\":\"pt-PT\",\"@id\":\"https:\/\/portaltela.pt\/s.01k8rhncp4jt1\/2025\/11\/talking-bot-125x125.png\",\"url\":\"https:\/\/portaltela.pt\/s.01k8rhncp4jt1\/2025\/11\/talking-bot-125x125.png\",\"contentUrl\":\"https:\/\/portaltela.pt\/s.01k8rhncp4jt1\/2025\/11\/talking-bot-125x125.png\",\"caption\":\"Telinha\"},\"sameAs\":[\"https:\/\/portaltela.pt\/\"],\"url\":\"https:\/\/portaltela.pt\/por\/367410592786\/\"}]}<\/script>\n<!-- \/ Yoast SEO plugin. -->","yoast_head_json":{"title":"Governo avan\u00e7a com f\u00e1brica da Embraer em Beja para aeronaves Super Tucano - Portal Tela Portugal","robots":{"index":"index","follow":"follow","max-snippet":"max-snippet:-1","max-image-preview":"max-image-preview:large","max-video-preview":"max-video-preview:-1"},"og_locale":"pt_PT","og_type":"article","og_title":"Governo avan\u00e7a com f\u00e1brica da Embraer em Beja para aeronaves Super Tucano - Portal Tela Portugal","og_description":"O Governo est\u00e1 a dar passos largos para instalar em Beja uma f\u00e1brica da Embraer para produzir aeronaves militares Super Tucano, em parceria com a empresa brasileira. O ministro da Defesa Nacional, Nuno Melo, afirmou que a possibilidade \u00e9 cada vez mais plaus\u00edvel e que haver\u00e1 novas reuni\u00f5es com representantes da Embraer no Brasil. Em dezembro passado, foi assinada uma carta de inten\u00e7\u00e3o para abrir a f\u00e1brica em Beja, durante a entrega dos primeiros cinco A-29N Super Tucano \u00e0 For\u00e7a A\u00e9rea Portuguesa pela Embraer. O ministro revelou que o investimento deve ser sustent\u00e1vel, com adapta\u00e7\u00e3o de infraestruturas e sem necessidade de apoios europeus, e que a produ\u00e7\u00e3o seria de A a Z na base de Beja. A localiza\u00e7\u00e3o poder\u00e1 ficar dentro do per\u00edmetro da Base A\u00e9rea de Beja, com foco na cria\u00e7\u00e3o de empregos qualificados e no refor\u00e7o de um cluster tecnol\u00f3gico no interior.","og_url":"https:\/\/portaltela.pt\/noticias\/2026\/04\/29\/governo-avanca-com-fabrica-da-embraer-em-beja-para-aeronaves-super-tucano\/","og_site_name":"Portal Tela Portugal","article_published_time":"2026-04-29T22:48:01+00:00","author":"Telinha","twitter_card":"summary_large_image","twitter_misc":{"Escrito por":"Telinha","Tempo estimado de leitura":"1 minuto"},"schema":{"@context":"https:\/\/schema.org","@graph":[{"@type":"Article","@id":"https:\/\/portaltela.pt\/noticias\/2026\/04\/29\/governo-avanca-com-fabrica-da-embraer-em-beja-para-aeronaves-super-tucano\/#article","isPartOf":{"@id":"https:\/\/portaltela.pt\/noticias\/2026\/04\/29\/governo-avanca-com-fabrica-da-embraer-em-beja-para-aeronaves-super-tucano\/"},"author":{"name":"Telinha","@id":"https:\/\/portaltela.pt\/#\/schema\/person\/c4278d4a6028830caff9ee44b42d32ed"},"headline":"Governo avan\u00e7a com f\u00e1brica da Embraer em Beja para aeronaves Super Tucano","datePublished":"2026-04-29T22:48:01+00:00","mainEntityOfPage":{"@id":"https:\/\/portaltela.pt\/noticias\/2026\/04\/29\/governo-avanca-com-fabrica-da-embraer-em-beja-para-aeronaves-super-tucano\/"},"wordCount":297,"image":{"@id":"https:\/\/portaltela.pt\/noticias\/2026\/04\/29\/governo-avanca-com-fabrica-da-embraer-em-beja-para-aeronaves-super-tucano\/#primaryimage"},"thumbnailUrl":"https:\/\/portaltela.pt\/s.01k8rhncp4jt1\/2026\/04\/img_1500x1000uu2008-09-11-16-54-00-328497.jpg","keywords":["_a aeron\u00e1utica","_aeron\u00e1utica","_Beja","_For\u00e7a A\u00e9rea Portuguesa","_ind\u00fastria","_OGMA"],"articleSection":["Geopol\u00edtica","Internacional"],"inLanguage":"pt-PT"},{"@type":"WebPage","@id":"https:\/\/portaltela.pt\/noticias\/2026\/04\/29\/governo-avanca-com-fabrica-da-embraer-em-beja-para-aeronaves-super-tucano\/","url":"https:\/\/portaltela.pt\/noticias\/2026\/04\/29\/governo-avanca-com-fabrica-da-embraer-em-beja-para-aeronaves-super-tucano\/","name":"Governo avan\u00e7a com f\u00e1brica da Embraer em Beja para aeronaves Super Tucano - Portal Tela Portugal","isPartOf":{"@id":"https:\/\/portaltela.pt\/#website"},"primaryImageOfPage":{"@id":"https:\/\/portaltela.pt\/noticias\/2026\/04\/29\/governo-avanca-com-fabrica-da-embraer-em-beja-para-aeronaves-super-tucano\/#primaryimage"},"image":{"@id":"https:\/\/portaltela.pt\/noticias\/2026\/04\/29\/governo-avanca-com-fabrica-da-embraer-em-beja-para-aeronaves-super-tucano\/#primaryimage"},"thumbnailUrl":"https:\/\/portaltela.pt\/s.01k8rhncp4jt1\/2026\/04\/img_1500x1000uu2008-09-11-16-54-00-328497.jpg","datePublished":"2026-04-29T22:48:01+00:00","author":{"@id":"https:\/\/portaltela.pt\/#\/schema\/person\/c4278d4a6028830caff9ee44b42d32ed"},"breadcrumb":{"@id":"https:\/\/portaltela.pt\/noticias\/2026\/04\/29\/governo-avanca-com-fabrica-da-embraer-em-beja-para-aeronaves-super-tucano\/#breadcrumb"},"inLanguage":"pt-PT","potentialAction":[{"@type":"ReadAction","target":["https:\/\/portaltela.pt\/noticias\/2026\/04\/29\/governo-avanca-com-fabrica-da-embraer-em-beja-para-aeronaves-super-tucano\/"]}]},{"@type":"ImageObject","inLanguage":"pt-PT","@id":"https:\/\/portaltela.pt\/noticias\/2026\/04\/29\/governo-avanca-com-fabrica-da-embraer-em-beja-para-aeronaves-super-tucano\/#primaryimage","url":"https:\/\/portaltela.pt\/s.01k8rhncp4jt1\/2026\/04\/img_1500x1000uu2008-09-11-16-54-00-328497.jpg","contentUrl":"https:\/\/portaltela.pt\/s.01k8rhncp4jt1\/2026\/04\/img_1500x1000uu2008-09-11-16-54-00-328497.jpg","width":796,"height":448,"caption":"Embraer"},{"@type":"BreadcrumbList","@id":"https:\/\/portaltela.pt\/noticias\/2026\/04\/29\/governo-avanca-com-fabrica-da-embraer-em-beja-para-aeronaves-super-tucano\/#breadcrumb","itemListElement":[{"@type":"ListItem","position":1,"name":"In\u00edcio","item":"https:\/\/portaltela.pt\/"},{"@type":"ListItem","position":2,"name":"Governo avan\u00e7a com f\u00e1brica da Embraer em Beja para aeronaves Super Tucano"}]},{"@type":"WebSite","@id":"https:\/\/portaltela.pt\/#website","url":"https:\/\/portaltela.pt\/","name":"Portal Tela Portugal","description":"","potentialAction":[{"@type":"SearchAction","target":{"@type":"EntryPoint","urlTemplate":"https:\/\/portaltela.pt\/?s={search_term_string}"},"query-input":{"@type":"PropertyValueSpecification","valueRequired":true,"valueName":"search_term_string"}}],"inLanguage":"pt-PT"},{"@type":"Person","@id":"https:\/\/portaltela.pt\/#\/schema\/person\/c4278d4a6028830caff9ee44b42d32ed","name":"Telinha","image":{"@type":"ImageObject","inLanguage":"pt-PT","@id":"https:\/\/portaltela.pt\/s.01k8rhncp4jt1\/2025\/11\/talking-bot-125x125.png","url":"https:\/\/portaltela.pt\/s.01k8rhncp4jt1\/2025\/11\/talking-bot-125x125.png","contentUrl":"https:\/\/portaltela.pt\/s.01k8rhncp4jt1\/2025\/11\/talking-bot-125x125.png","caption":"Telinha"},"sameAs":["https:\/\/portaltela.pt\/"],"url":"https:\/\/portaltela.pt\/por\/367410592786\/"}]}},"_links":{"self":[{"href":"https:\/\/portaltela.pt\/api\/wp\/v2\/posts\/461667","targetHints":{"allow":["GET"]}}],"collection":[{"href":"https:\/\/portaltela.pt\/api\/wp\/v2\/posts"}],"about":[{"href":"https:\/\/portaltela.pt\/api\/wp\/v2\/types\/post"}],"author":[{"embeddable":true,"href":"https:\/\/portaltela.pt\/api\/wp\/v2\/users\/2"}],"replies":[{"embeddable":true,"href":"https:\/\/portaltela.pt\/api\/wp\/v2\/comments?post=461667"}],"version-history":[{"count":0,"href":"https:\/\/portaltela.pt\/api\/wp\/v2\/posts\/461667\/revisions"}],"wp:featuredmedia":[{"embeddable":true,"href":"https:\/\/portaltela.pt\/api\/wp\/v2\/media\/461670"}],"wp:attachment":[{"href":"https:\/\/portaltela.pt\/api\/wp\/v2\/media?parent=461667"}],"wp:term":[{"taxonomy":"category","embeddable":true,"href":"https:\/\/portaltela.pt\/api\/wp\/v2\/categories?post=461667"},{"taxonomy":"post_tag","embeddable":true,"href":"https:\/\/portaltela.pt\/api\/wp\/v2\/tags?post=461667"}],"curies":[{"name":"wp","href":"https:\/\/api.w.org\/{rel}","templated":true}]}}