{"id":461660,"date":"2026-04-29T19:33:18","date_gmt":"2026-04-29T22:33:18","guid":{"rendered":"https:\/\/portaltela.pt\/noticias\/2026\/04\/29\/ministra-do-trabalho-aponta-revisao-laboral-como-uma-das-tres-reformas-essenciais\/"},"modified":"2026-04-29T19:33:18","modified_gmt":"2026-04-29T22:33:18","slug":"ministra-do-trabalho-aponta-revisao-laboral-como-uma-das-tres-reformas-essenciais","status":"publish","type":"post","link":"https:\/\/portaltela.pt\/noticias\/economia\/2026\/04\/29\/ministra-do-trabalho-aponta-revisao-laboral-como-uma-das-tres-reformas-essenciais\/","title":{"rendered":"Ministra do Trabalho aponta revis\u00e3o laboral como uma das tr\u00eas reformas essenciais"},"content":{"rendered":"<p>O Governo v\u00ea a reforma laboral como uma pe\u00e7a chave, ao lado da reforma do Estado e da reforma fiscal, para aumentar a competitividade da economia e a produtividade das empresas. A afirma\u00e7\u00e3o foi feita pela ministra do Trabalho, Ros\u00e1rio Palma Ramalho, numa interven\u00e7\u00e3o no jantar dos 50 anos da CCP.<\/p>\n<p>Segundo a governante, sem estas tr\u00eas reformas ser\u00e1 dif\u00edcil melhorar os indicadores nacionais, que ainda colocam Portugal entre os \u00faltimos da Europa, apesar de sinais positivos recentes. A europeidade encontra-se na balan\u00e7a sem progressos estruturais.<\/p>\n<p>Portugal enfrenta uma legisla\u00e7\u00e3o laboral considerada das mais r\u00edgidas da OCDE, com produtividade abaixo da m\u00e9dia europeia. A ministra mencionou ainda um sal\u00e1rio m\u00e9dio inferior e uma taxa de desemprego jovem elevada.<\/p>\n<h3>Dados e perspetivas<\/h3>\n<p>A ministra sublinhou que a press\u00e3o por reformas parte de n\u00fameros: produtividade 25% abaixo da m\u00e9dia europeia e sal\u00e1rios 35% abaixo. O gap salarial entre homens e mulheres \u00e9 de pelo menos 14%. A meta \u00e9 alinhar Portugal aos padr\u00f5es comunit\u00e1rios.<\/p>\n<p>Ros\u00e1rio Palma Ramalho indicou que o Governo avan\u00e7ar\u00e1 com as reformas, independentemente de acordos na Concerta\u00e7\u00e3o Social, e que o Parlamento permanece como legislador supremo.<\/p>\n<p>Como exemplo da reforma fiscal, referiu o acordo tripartido de valoriza\u00e7\u00e3o salarial de 2024, que beneficia empresas que aumentem sal\u00e1rios e premiem a produtividade.<\/p>\n<h3>Transforma\u00e7\u00e3o administrativa<\/h3>\n<p>Sobre a reforma do Estado, a ministra citou a transforma\u00e7\u00e3o digital da Seguran\u00e7a Social, que desde janeiro de 2025 reduziu filas em 3,5 milh\u00f5es de atendimentos. A medida proporcionou potencial conten\u00e7\u00e3o de custos para as empresas.<\/p>\n<p>A Seguran\u00e7a Social realiza em m\u00e9dia 10 milh\u00f5es de atendimentos por ano, com 3,5 milh\u00f5es a menos no atendimento presencial, gerando poupan\u00e7as estimadas de 1,5 mil milh\u00f5es de euros para as empresas.<\/p>\n<h3>Continuidade negocial<\/h3>\n<p>\u00c0 chegada ao evento, a ministra n\u00e3o comentou uma not\u00edcia recente sobre uma poss\u00edvel greve geral marcada para junho, segundo o Expresso. O tema mant\u00e9m-se em aberto entre centrais e governo.<\/p>\n<p>O secret\u00e1rio-geral da UGT n\u00e3o afastou a participa\u00e7\u00e3o numa greve, embora varie a tomada de decis\u00e3o at\u00e9 \u00e0 pr\u00f3xima reuni\u00e3o da Concerta\u00e7\u00e3o Social, prevista para maio. A central rejeitou a \u00faltima vers\u00e3o da proposta de revis\u00e3o laboral apresentada pelo Governo.<\/p>\n<p>O anteprojeto Trabalho XXI foi apresentado em julho de 2025, com mais de 100 altera\u00e7\u00f5es ao C\u00f3digo do Trabalho, e mant\u00e9m-se como refer\u00eancia para futuras negocia\u00e7\u00f5es.<\/p>\n","protected":false},"excerpt":{"rendered":"<ul>\n<li>O Governo v\u00ea a reforma laboral, a reforma do Estado e a reforma fiscal como centrais para convergir com a Europa, aumentar a competitividade da economia e a produtividade das empresas.<\/li>\n<li>A ministra do Trabalho, Ros\u00e1rio Palma Ramalho, afirmou que sem a reforma laboral as empresas n\u00e3o conseguem pagar sal\u00e1rios justos, e que sem as tr\u00eas reformas \u00e9 dif\u00edcil superar os atuais indicadores que colocam Portugal na cauda da Europa.<\/li>\n<li>Dados apresentados incluem: Portugal \u00e9 segundo pa\u00eds da Organiza\u00e7\u00e3o para a Coopera\u00e7\u00e3o e Desenvolvimento Econ\u00f3mico (OCDE) com legisla\u00e7\u00e3o laboral mais r\u00edgida; produtividade 25% abaixo da m\u00e9dia europeia; sal\u00e1rio m\u00e9dio 35% abaixo da m\u00e9dia europeia; desemprego jovem tr\u00eas vezes superior ao nacional; gap salarial entre mulheres e homens de pelo menos 14%; ado\u00e7\u00e3o de intelig\u00eancia artificial 5% abaixo da m\u00e9dia europeia.<\/li>\n<li>Como exemplo da reforma fiscal, citou o acordo tripartido de valoriza\u00e7\u00e3o salarial e de crescimento econ\u00f3mico de 2024, que concede benef\u00edcios fiscais \u00e0s empresas que aumentem sal\u00e1rios e atribuam pr\u00e9mios de produtividade de at\u00e9 seis por cento do rendimento anual do trabalhador.<\/li>\n<li>Sobre a reforma do Estado, apontou a transforma\u00e7\u00e3o digital da Seguran\u00e7a Social desde janeiro de 2025, que afastou 3,5 milh\u00f5es de atendimentos presenciais e gerou cerca de 1,5 mil milh\u00f5es de euros de poupan\u00e7a para as empresas; o governo vai ao parlamento com ou sem acordo na Concerta\u00e7\u00e3o Social e n\u00e3o comentou a not\u00edcia sobre uma poss\u00edvel greve geral.<\/li>\n<\/ul>\n","protected":false},"author":2,"featured_media":461664,"comment_status":"closed","ping_status":"closed","sticky":false,"template":"","format":"standard","meta":{"footnotes":""},"categories":[2,6735],"tags":[2431,820,28,2832,243,2201],"class_list":["post-461660","post","type-post","status-publish","format-standard","has-post-thumbnail","hentry","category-economia","category-negocios","tag-concertacao-social","tag-desemprego","tag-economia","tag-politica","tag-seguranca-social","tag-trabalho"],"yoast_head":"<!-- This site is optimized with the Yoast SEO plugin v27.2 - https:\/\/yoast.com\/product\/yoast-seo-wordpress\/ -->\n<title>Ministra do Trabalho aponta revis\u00e3o laboral como uma das tr\u00eas reformas essenciais - Portal Tela Portugal<\/title>\n<meta name=\"robots\" content=\"index, follow, max-snippet:-1, max-image-preview:large, max-video-preview:-1\" \/>\n<meta property=\"og:locale\" content=\"pt_PT\" \/>\n<meta property=\"og:type\" content=\"article\" \/>\n<meta property=\"og:title\" content=\"Ministra do Trabalho aponta revis\u00e3o laboral como uma das tr\u00eas reformas essenciais - Portal Tela Portugal\" \/>\n<meta property=\"og:description\" content=\"O Governo v\u00ea a reforma laboral, a reforma do Estado e a reforma fiscal como centrais para convergir com a Europa, aumentar a competitividade da economia e a produtividade das empresas. A ministra do Trabalho, Ros\u00e1rio Palma Ramalho, afirmou que sem a reforma laboral as empresas n\u00e3o conseguem pagar sal\u00e1rios justos, e que sem as tr\u00eas reformas \u00e9 dif\u00edcil superar os atuais indicadores que colocam Portugal na cauda da Europa. Dados apresentados incluem: Portugal \u00e9 segundo pa\u00eds da Organiza\u00e7\u00e3o para a Coopera\u00e7\u00e3o e Desenvolvimento Econ\u00f3mico (OCDE) com legisla\u00e7\u00e3o laboral mais r\u00edgida; produtividade 25% abaixo da m\u00e9dia europeia; sal\u00e1rio m\u00e9dio 35% abaixo da m\u00e9dia europeia; desemprego jovem tr\u00eas vezes superior ao nacional; gap salarial entre mulheres e homens de pelo menos 14%; ado\u00e7\u00e3o de intelig\u00eancia artificial 5% abaixo da m\u00e9dia europeia. Como exemplo da reforma fiscal, citou o acordo tripartido de valoriza\u00e7\u00e3o salarial e de crescimento econ\u00f3mico de 2024, que concede benef\u00edcios fiscais \u00e0s empresas que aumentem sal\u00e1rios e atribuam pr\u00e9mios de produtividade de at\u00e9 seis por cento do rendimento anual do trabalhador. Sobre a reforma do Estado, apontou a transforma\u00e7\u00e3o digital da Seguran\u00e7a Social desde janeiro de 2025, que afastou 3,5 milh\u00f5es de atendimentos presenciais e gerou cerca de 1,5 mil milh\u00f5es de euros de poupan\u00e7a para as empresas; o governo vai ao parlamento com ou sem acordo na Concerta\u00e7\u00e3o Social e n\u00e3o comentou a not\u00edcia sobre uma poss\u00edvel greve geral.\" \/>\n<meta property=\"og:url\" content=\"https:\/\/portaltela.pt\/noticias\/2026\/04\/29\/ministra-do-trabalho-aponta-revisao-laboral-como-uma-das-tres-reformas-essenciais\/\" \/>\n<meta property=\"og:site_name\" content=\"Portal Tela Portugal\" \/>\n<meta property=\"article:published_time\" content=\"2026-04-29T22:33:18+00:00\" \/>\n<meta name=\"author\" content=\"Telinha\" \/>\n<meta name=\"twitter:card\" content=\"summary_large_image\" \/>\n<meta name=\"twitter:label1\" content=\"Escrito por\" \/>\n\t<meta name=\"twitter:data1\" content=\"Telinha\" \/>\n\t<meta name=\"twitter:label2\" content=\"Tempo estimado de leitura\" \/>\n\t<meta name=\"twitter:data2\" content=\"2 minutos\" \/>\n<script type=\"application\/ld+json\" class=\"yoast-schema-graph\">{\"@context\":\"https:\/\/schema.org\",\"@graph\":[{\"@type\":\"Article\",\"@id\":\"https:\/\/portaltela.pt\/noticias\/2026\/04\/29\/ministra-do-trabalho-aponta-revisao-laboral-como-uma-das-tres-reformas-essenciais\/#article\",\"isPartOf\":{\"@id\":\"https:\/\/portaltela.pt\/noticias\/2026\/04\/29\/ministra-do-trabalho-aponta-revisao-laboral-como-uma-das-tres-reformas-essenciais\/\"},\"author\":{\"name\":\"Telinha\",\"@id\":\"https:\/\/portaltela.pt\/#\/schema\/person\/c4278d4a6028830caff9ee44b42d32ed\"},\"headline\":\"Ministra do Trabalho aponta revis\u00e3o laboral como uma das tr\u00eas reformas essenciais\",\"datePublished\":\"2026-04-29T22:33:18+00:00\",\"mainEntityOfPage\":{\"@id\":\"https:\/\/portaltela.pt\/noticias\/2026\/04\/29\/ministra-do-trabalho-aponta-revisao-laboral-como-uma-das-tres-reformas-essenciais\/\"},\"wordCount\":430,\"image\":{\"@id\":\"https:\/\/portaltela.pt\/noticias\/2026\/04\/29\/ministra-do-trabalho-aponta-revisao-laboral-como-uma-das-tres-reformas-essenciais\/#primaryimage\"},\"thumbnailUrl\":\"https:\/\/portaltela.pt\/s.01k8rhncp4jt1\/2026\/04\/image-1685.jpg\",\"keywords\":[\"Concerta\u00e7\u00e3o Social\",\"desemprego\",\"economia\",\"pol\u00edtica\",\"seguran\u00e7a social\",\"trabalho\"],\"articleSection\":[\"Economia\",\"Neg\u00f3cios\"],\"inLanguage\":\"pt-PT\"},{\"@type\":\"WebPage\",\"@id\":\"https:\/\/portaltela.pt\/noticias\/2026\/04\/29\/ministra-do-trabalho-aponta-revisao-laboral-como-uma-das-tres-reformas-essenciais\/\",\"url\":\"https:\/\/portaltela.pt\/noticias\/2026\/04\/29\/ministra-do-trabalho-aponta-revisao-laboral-como-uma-das-tres-reformas-essenciais\/\",\"name\":\"Ministra do Trabalho aponta revis\u00e3o laboral como uma das tr\u00eas reformas essenciais - Portal Tela Portugal\",\"isPartOf\":{\"@id\":\"https:\/\/portaltela.pt\/#website\"},\"primaryImageOfPage\":{\"@id\":\"https:\/\/portaltela.pt\/noticias\/2026\/04\/29\/ministra-do-trabalho-aponta-revisao-laboral-como-uma-das-tres-reformas-essenciais\/#primaryimage\"},\"image\":{\"@id\":\"https:\/\/portaltela.pt\/noticias\/2026\/04\/29\/ministra-do-trabalho-aponta-revisao-laboral-como-uma-das-tres-reformas-essenciais\/#primaryimage\"},\"thumbnailUrl\":\"https:\/\/portaltela.pt\/s.01k8rhncp4jt1\/2026\/04\/image-1685.jpg\",\"datePublished\":\"2026-04-29T22:33:18+00:00\",\"author\":{\"@id\":\"https:\/\/portaltela.pt\/#\/schema\/person\/c4278d4a6028830caff9ee44b42d32ed\"},\"breadcrumb\":{\"@id\":\"https:\/\/portaltela.pt\/noticias\/2026\/04\/29\/ministra-do-trabalho-aponta-revisao-laboral-como-uma-das-tres-reformas-essenciais\/#breadcrumb\"},\"inLanguage\":\"pt-PT\",\"potentialAction\":[{\"@type\":\"ReadAction\",\"target\":[\"https:\/\/portaltela.pt\/noticias\/2026\/04\/29\/ministra-do-trabalho-aponta-revisao-laboral-como-uma-das-tres-reformas-essenciais\/\"]}]},{\"@type\":\"ImageObject\",\"inLanguage\":\"pt-PT\",\"@id\":\"https:\/\/portaltela.pt\/noticias\/2026\/04\/29\/ministra-do-trabalho-aponta-revisao-laboral-como-uma-das-tres-reformas-essenciais\/#primaryimage\",\"url\":\"https:\/\/portaltela.pt\/s.01k8rhncp4jt1\/2026\/04\/image-1685.jpg\",\"contentUrl\":\"https:\/\/portaltela.pt\/s.01k8rhncp4jt1\/2026\/04\/image-1685.jpg\",\"width\":796,\"height\":448,\"caption\":\"Ros\u00e1rio Palma Ramalho\"},{\"@type\":\"BreadcrumbList\",\"@id\":\"https:\/\/portaltela.pt\/noticias\/2026\/04\/29\/ministra-do-trabalho-aponta-revisao-laboral-como-uma-das-tres-reformas-essenciais\/#breadcrumb\",\"itemListElement\":[{\"@type\":\"ListItem\",\"position\":1,\"name\":\"In\u00edcio\",\"item\":\"https:\/\/portaltela.pt\/\"},{\"@type\":\"ListItem\",\"position\":2,\"name\":\"Ministra do Trabalho aponta revis\u00e3o laboral como uma das tr\u00eas reformas essenciais\"}]},{\"@type\":\"WebSite\",\"@id\":\"https:\/\/portaltela.pt\/#website\",\"url\":\"https:\/\/portaltela.pt\/\",\"name\":\"Portal Tela Portugal\",\"description\":\"\",\"potentialAction\":[{\"@type\":\"SearchAction\",\"target\":{\"@type\":\"EntryPoint\",\"urlTemplate\":\"https:\/\/portaltela.pt\/?s={search_term_string}\"},\"query-input\":{\"@type\":\"PropertyValueSpecification\",\"valueRequired\":true,\"valueName\":\"search_term_string\"}}],\"inLanguage\":\"pt-PT\"},{\"@type\":\"Person\",\"@id\":\"https:\/\/portaltela.pt\/#\/schema\/person\/c4278d4a6028830caff9ee44b42d32ed\",\"name\":\"Telinha\",\"image\":{\"@type\":\"ImageObject\",\"inLanguage\":\"pt-PT\",\"@id\":\"https:\/\/portaltela.pt\/s.01k8rhncp4jt1\/2025\/11\/talking-bot-125x125.png\",\"url\":\"https:\/\/portaltela.pt\/s.01k8rhncp4jt1\/2025\/11\/talking-bot-125x125.png\",\"contentUrl\":\"https:\/\/portaltela.pt\/s.01k8rhncp4jt1\/2025\/11\/talking-bot-125x125.png\",\"caption\":\"Telinha\"},\"sameAs\":[\"https:\/\/portaltela.pt\/\"],\"url\":\"https:\/\/portaltela.pt\/por\/367410592786\/\"}]}<\/script>\n<!-- \/ Yoast SEO plugin. -->","yoast_head_json":{"title":"Ministra do Trabalho aponta revis\u00e3o laboral como uma das tr\u00eas reformas essenciais - Portal Tela Portugal","robots":{"index":"index","follow":"follow","max-snippet":"max-snippet:-1","max-image-preview":"max-image-preview:large","max-video-preview":"max-video-preview:-1"},"og_locale":"pt_PT","og_type":"article","og_title":"Ministra do Trabalho aponta revis\u00e3o laboral como uma das tr\u00eas reformas essenciais - Portal Tela Portugal","og_description":"O Governo v\u00ea a reforma laboral, a reforma do Estado e a reforma fiscal como centrais para convergir com a Europa, aumentar a competitividade da economia e a produtividade das empresas. A ministra do Trabalho, Ros\u00e1rio Palma Ramalho, afirmou que sem a reforma laboral as empresas n\u00e3o conseguem pagar sal\u00e1rios justos, e que sem as tr\u00eas reformas \u00e9 dif\u00edcil superar os atuais indicadores que colocam Portugal na cauda da Europa. Dados apresentados incluem: Portugal \u00e9 segundo pa\u00eds da Organiza\u00e7\u00e3o para a Coopera\u00e7\u00e3o e Desenvolvimento Econ\u00f3mico (OCDE) com legisla\u00e7\u00e3o laboral mais r\u00edgida; produtividade 25% abaixo da m\u00e9dia europeia; sal\u00e1rio m\u00e9dio 35% abaixo da m\u00e9dia europeia; desemprego jovem tr\u00eas vezes superior ao nacional; gap salarial entre mulheres e homens de pelo menos 14%; ado\u00e7\u00e3o de intelig\u00eancia artificial 5% abaixo da m\u00e9dia europeia. Como exemplo da reforma fiscal, citou o acordo tripartido de valoriza\u00e7\u00e3o salarial e de crescimento econ\u00f3mico de 2024, que concede benef\u00edcios fiscais \u00e0s empresas que aumentem sal\u00e1rios e atribuam pr\u00e9mios de produtividade de at\u00e9 seis por cento do rendimento anual do trabalhador. Sobre a reforma do Estado, apontou a transforma\u00e7\u00e3o digital da Seguran\u00e7a Social desde janeiro de 2025, que afastou 3,5 milh\u00f5es de atendimentos presenciais e gerou cerca de 1,5 mil milh\u00f5es de euros de poupan\u00e7a para as empresas; o governo vai ao parlamento com ou sem acordo na Concerta\u00e7\u00e3o Social e n\u00e3o comentou a not\u00edcia sobre uma poss\u00edvel greve geral.","og_url":"https:\/\/portaltela.pt\/noticias\/2026\/04\/29\/ministra-do-trabalho-aponta-revisao-laboral-como-uma-das-tres-reformas-essenciais\/","og_site_name":"Portal Tela Portugal","article_published_time":"2026-04-29T22:33:18+00:00","author":"Telinha","twitter_card":"summary_large_image","twitter_misc":{"Escrito por":"Telinha","Tempo estimado de leitura":"2 minutos"},"schema":{"@context":"https:\/\/schema.org","@graph":[{"@type":"Article","@id":"https:\/\/portaltela.pt\/noticias\/2026\/04\/29\/ministra-do-trabalho-aponta-revisao-laboral-como-uma-das-tres-reformas-essenciais\/#article","isPartOf":{"@id":"https:\/\/portaltela.pt\/noticias\/2026\/04\/29\/ministra-do-trabalho-aponta-revisao-laboral-como-uma-das-tres-reformas-essenciais\/"},"author":{"name":"Telinha","@id":"https:\/\/portaltela.pt\/#\/schema\/person\/c4278d4a6028830caff9ee44b42d32ed"},"headline":"Ministra do Trabalho aponta revis\u00e3o laboral como uma das tr\u00eas reformas essenciais","datePublished":"2026-04-29T22:33:18+00:00","mainEntityOfPage":{"@id":"https:\/\/portaltela.pt\/noticias\/2026\/04\/29\/ministra-do-trabalho-aponta-revisao-laboral-como-uma-das-tres-reformas-essenciais\/"},"wordCount":430,"image":{"@id":"https:\/\/portaltela.pt\/noticias\/2026\/04\/29\/ministra-do-trabalho-aponta-revisao-laboral-como-uma-das-tres-reformas-essenciais\/#primaryimage"},"thumbnailUrl":"https:\/\/portaltela.pt\/s.01k8rhncp4jt1\/2026\/04\/image-1685.jpg","keywords":["Concerta\u00e7\u00e3o Social","desemprego","economia","pol\u00edtica","seguran\u00e7a social","trabalho"],"articleSection":["Economia","Neg\u00f3cios"],"inLanguage":"pt-PT"},{"@type":"WebPage","@id":"https:\/\/portaltela.pt\/noticias\/2026\/04\/29\/ministra-do-trabalho-aponta-revisao-laboral-como-uma-das-tres-reformas-essenciais\/","url":"https:\/\/portaltela.pt\/noticias\/2026\/04\/29\/ministra-do-trabalho-aponta-revisao-laboral-como-uma-das-tres-reformas-essenciais\/","name":"Ministra do Trabalho aponta revis\u00e3o laboral como uma das tr\u00eas reformas essenciais - Portal Tela Portugal","isPartOf":{"@id":"https:\/\/portaltela.pt\/#website"},"primaryImageOfPage":{"@id":"https:\/\/portaltela.pt\/noticias\/2026\/04\/29\/ministra-do-trabalho-aponta-revisao-laboral-como-uma-das-tres-reformas-essenciais\/#primaryimage"},"image":{"@id":"https:\/\/portaltela.pt\/noticias\/2026\/04\/29\/ministra-do-trabalho-aponta-revisao-laboral-como-uma-das-tres-reformas-essenciais\/#primaryimage"},"thumbnailUrl":"https:\/\/portaltela.pt\/s.01k8rhncp4jt1\/2026\/04\/image-1685.jpg","datePublished":"2026-04-29T22:33:18+00:00","author":{"@id":"https:\/\/portaltela.pt\/#\/schema\/person\/c4278d4a6028830caff9ee44b42d32ed"},"breadcrumb":{"@id":"https:\/\/portaltela.pt\/noticias\/2026\/04\/29\/ministra-do-trabalho-aponta-revisao-laboral-como-uma-das-tres-reformas-essenciais\/#breadcrumb"},"inLanguage":"pt-PT","potentialAction":[{"@type":"ReadAction","target":["https:\/\/portaltela.pt\/noticias\/2026\/04\/29\/ministra-do-trabalho-aponta-revisao-laboral-como-uma-das-tres-reformas-essenciais\/"]}]},{"@type":"ImageObject","inLanguage":"pt-PT","@id":"https:\/\/portaltela.pt\/noticias\/2026\/04\/29\/ministra-do-trabalho-aponta-revisao-laboral-como-uma-das-tres-reformas-essenciais\/#primaryimage","url":"https:\/\/portaltela.pt\/s.01k8rhncp4jt1\/2026\/04\/image-1685.jpg","contentUrl":"https:\/\/portaltela.pt\/s.01k8rhncp4jt1\/2026\/04\/image-1685.jpg","width":796,"height":448,"caption":"Ros\u00e1rio Palma Ramalho"},{"@type":"BreadcrumbList","@id":"https:\/\/portaltela.pt\/noticias\/2026\/04\/29\/ministra-do-trabalho-aponta-revisao-laboral-como-uma-das-tres-reformas-essenciais\/#breadcrumb","itemListElement":[{"@type":"ListItem","position":1,"name":"In\u00edcio","item":"https:\/\/portaltela.pt\/"},{"@type":"ListItem","position":2,"name":"Ministra do Trabalho aponta revis\u00e3o laboral como uma das tr\u00eas reformas essenciais"}]},{"@type":"WebSite","@id":"https:\/\/portaltela.pt\/#website","url":"https:\/\/portaltela.pt\/","name":"Portal Tela Portugal","description":"","potentialAction":[{"@type":"SearchAction","target":{"@type":"EntryPoint","urlTemplate":"https:\/\/portaltela.pt\/?s={search_term_string}"},"query-input":{"@type":"PropertyValueSpecification","valueRequired":true,"valueName":"search_term_string"}}],"inLanguage":"pt-PT"},{"@type":"Person","@id":"https:\/\/portaltela.pt\/#\/schema\/person\/c4278d4a6028830caff9ee44b42d32ed","name":"Telinha","image":{"@type":"ImageObject","inLanguage":"pt-PT","@id":"https:\/\/portaltela.pt\/s.01k8rhncp4jt1\/2025\/11\/talking-bot-125x125.png","url":"https:\/\/portaltela.pt\/s.01k8rhncp4jt1\/2025\/11\/talking-bot-125x125.png","contentUrl":"https:\/\/portaltela.pt\/s.01k8rhncp4jt1\/2025\/11\/talking-bot-125x125.png","caption":"Telinha"},"sameAs":["https:\/\/portaltela.pt\/"],"url":"https:\/\/portaltela.pt\/por\/367410592786\/"}]}},"_links":{"self":[{"href":"https:\/\/portaltela.pt\/api\/wp\/v2\/posts\/461660","targetHints":{"allow":["GET"]}}],"collection":[{"href":"https:\/\/portaltela.pt\/api\/wp\/v2\/posts"}],"about":[{"href":"https:\/\/portaltela.pt\/api\/wp\/v2\/types\/post"}],"author":[{"embeddable":true,"href":"https:\/\/portaltela.pt\/api\/wp\/v2\/users\/2"}],"replies":[{"embeddable":true,"href":"https:\/\/portaltela.pt\/api\/wp\/v2\/comments?post=461660"}],"version-history":[{"count":0,"href":"https:\/\/portaltela.pt\/api\/wp\/v2\/posts\/461660\/revisions"}],"wp:featuredmedia":[{"embeddable":true,"href":"https:\/\/portaltela.pt\/api\/wp\/v2\/media\/461664"}],"wp:attachment":[{"href":"https:\/\/portaltela.pt\/api\/wp\/v2\/media?parent=461660"}],"wp:term":[{"taxonomy":"category","embeddable":true,"href":"https:\/\/portaltela.pt\/api\/wp\/v2\/categories?post=461660"},{"taxonomy":"post_tag","embeddable":true,"href":"https:\/\/portaltela.pt\/api\/wp\/v2\/tags?post=461660"}],"curies":[{"name":"wp","href":"https:\/\/api.w.org\/{rel}","templated":true}]}}