{"id":461652,"date":"2026-04-29T19:33:07","date_gmt":"2026-04-29T22:33:07","guid":{"rendered":"https:\/\/portaltela.pt\/noticias\/2026\/04\/29\/empate-do-atletico-madrid-encerra-sonho-de-4-equipas-portuguesas-na-champions\/"},"modified":"2026-04-29T19:33:07","modified_gmt":"2026-04-29T22:33:07","slug":"empate-do-atletico-madrid-encerra-sonho-de-4-equipas-portuguesas-na-champions","status":"publish","type":"post","link":"https:\/\/portaltela.pt\/desporto\/futebol\/2026\/04\/29\/empate-do-atletico-madrid-encerra-sonho-de-4-equipas-portuguesas-na-champions\/","title":{"rendered":"Empate do Atl\u00e9tico Madrid encerra sonho de 4 equipas portuguesas na Champions"},"content":{"rendered":"<p>O empate (1-1) entre o Atl\u00e9tico de Madrid e o Arsenal, na 1.\u00aa m\u00e3o das meias-finais da Liga dos Campe\u00f5es, acabou com a perspetiva de Portugal ter quatro equipas na competi\u00e7\u00e3o na \u00e9poca 2026\/27. A hip\u00f3tese baseava-se no melhor coeficiente entre as associa\u00e7\u00f5es.<\/p>\n<p>Para que Portugal fizesse quatro vagas, seriam necess\u00e1rias elimina\u00e7\u00f5es de equipas alem\u00e3s e espanholas nas meias-finais, e que Atl\u00e9tico Madrid e Rayo Vallecano perdessem os quatro encontros. O desfecho desta noite tornou esse cen\u00e1rio improv\u00e1vel.<\/p>\n<p>Os minhotos do Sp. Braga ainda podem ter tr\u00eas apuramentos, caso conquistem a Liga Europa e entrem na fase de grupos como detentores da segunda prova da UEFA. O FC Porto entrar\u00eda diretamente na Champions, enquanto o Benfica iria \u00e0 3.\u00aa pr\u00e9-eliminat\u00f3ria, segundo a classifica\u00e7\u00e3o atual.<\/p>\n<h3>Braga pode conquistar a Liga Europa<\/h3>\n<p>O Braga defronta o Friburgo nas meias-finais da Liga Europa, buscando a primeira presen\u00e7a na fase de grupos da prova na condi\u00e7\u00e3o de vencedor da competi\u00e7\u00e3o secund\u00e1ria da UEFA. A decis\u00e3o depende da caminhar desta equipa nas pr\u00f3ximas jornadas.<\/p>\n","protected":false},"excerpt":{"rendered":"<ul>\n<li>O empate 1-1 entre Atl\u00e9tico de Madrid e Arsenal, na primeira m\u00e3o das meias-finais da Liga dos Campe\u00f5es, encerrou o cen\u00e1rio de quatro equipas portuguesas na pr\u00f3xima \u00e9poca.<\/li>\n<li>A possibilidade dependia de o Sp. Braga conquistar a Liga Europa e de Portugal ficar entre as duas melhores associa\u00e7\u00f5es em coeficiente, o que ficou invi\u00e1vel ap\u00f3s o jogo.<\/li>\n<li>Para Portugal ter a vaga extra, teriam de ser eliminadas as equipas alem\u00e3s e espanholas j\u00e1 nas meias-finais e o Atl\u00e9tico Madrid e o Rayo Vallecano perderem os quatro encontros \u2014 tal n\u00e3o ocorreu.<\/li>\n<li>Restam ao Sp. Braga vencer a Liga Europa para entrar na fase de grupos da Liga dos Campe\u00f5es como detentor da Liga Europa.<\/li>\n<li>O FC Porto entra diretamente na Liga dos Campe\u00f5es como campe\u00e3o, e o Benfica, segundo classificado, segue para a terceira pr\u00e9-eliminat\u00f3ria.<\/li>\n<\/ul>\n","protected":false},"author":2,"featured_media":461657,"comment_status":"closed","ping_status":"closed","sticky":false,"template":"","format":"standard","meta":{"footnotes":""},"categories":[21,24],"tags":[1946,3577,2028,32,2006,2070],"class_list":["post-461652","post","type-post","status-publish","format-standard","has-post-thumbnail","hentry","category-desporto","category-futebol","tag-benfica","tag-champions-league","tag-fc-porto","tag-futebol","tag-liga-europa","tag-sp-braga"],"yoast_head":"<!-- This site is optimized with the Yoast SEO plugin v27.2 - https:\/\/yoast.com\/product\/yoast-seo-wordpress\/ -->\n<title>Empate do Atl\u00e9tico Madrid encerra sonho de 4 equipas portuguesas na Champions - Portal Tela Portugal<\/title>\n<meta name=\"robots\" content=\"index, follow, max-snippet:-1, max-image-preview:large, max-video-preview:-1\" \/>\n<meta property=\"og:locale\" content=\"pt_PT\" \/>\n<meta property=\"og:type\" content=\"article\" \/>\n<meta property=\"og:title\" content=\"Empate do Atl\u00e9tico Madrid encerra sonho de 4 equipas portuguesas na Champions - Portal Tela Portugal\" \/>\n<meta property=\"og:description\" content=\"O empate 1-1 entre Atl\u00e9tico de Madrid e Arsenal, na primeira m\u00e3o das meias-finais da Liga dos Campe\u00f5es, encerrou o cen\u00e1rio de quatro equipas portuguesas na pr\u00f3xima \u00e9poca. A possibilidade dependia de o Sp. Braga conquistar a Liga Europa e de Portugal ficar entre as duas melhores associa\u00e7\u00f5es em coeficiente, o que ficou invi\u00e1vel ap\u00f3s o jogo. Para Portugal ter a vaga extra, teriam de ser eliminadas as equipas alem\u00e3s e espanholas j\u00e1 nas meias-finais e o Atl\u00e9tico Madrid e o Rayo Vallecano perderem os quatro encontros \u2014 tal n\u00e3o ocorreu. Restam ao Sp. Braga vencer a Liga Europa para entrar na fase de grupos da Liga dos Campe\u00f5es como detentor da Liga Europa. O FC Porto entra diretamente na Liga dos Campe\u00f5es como campe\u00e3o, e o Benfica, segundo classificado, segue para a terceira pr\u00e9-eliminat\u00f3ria.\" \/>\n<meta property=\"og:url\" content=\"https:\/\/portaltela.pt\/noticias\/2026\/04\/29\/empate-do-atletico-madrid-encerra-sonho-de-4-equipas-portuguesas-na-champions\/\" \/>\n<meta property=\"og:site_name\" content=\"Portal Tela Portugal\" \/>\n<meta property=\"article:published_time\" content=\"2026-04-29T22:33:07+00:00\" \/>\n<meta name=\"author\" content=\"Telinha\" \/>\n<meta name=\"twitter:card\" content=\"summary_large_image\" \/>\n<meta name=\"twitter:label1\" content=\"Escrito por\" \/>\n\t<meta name=\"twitter:data1\" content=\"Telinha\" \/>\n\t<meta name=\"twitter:label2\" content=\"Tempo estimado de leitura\" \/>\n\t<meta name=\"twitter:data2\" content=\"1 minuto\" \/>\n<script type=\"application\/ld+json\" class=\"yoast-schema-graph\">{\"@context\":\"https:\/\/schema.org\",\"@graph\":[{\"@type\":\"Article\",\"@id\":\"https:\/\/portaltela.pt\/noticias\/2026\/04\/29\/empate-do-atletico-madrid-encerra-sonho-de-4-equipas-portuguesas-na-champions\/#article\",\"isPartOf\":{\"@id\":\"https:\/\/portaltela.pt\/noticias\/2026\/04\/29\/empate-do-atletico-madrid-encerra-sonho-de-4-equipas-portuguesas-na-champions\/\"},\"author\":{\"name\":\"Telinha\",\"@id\":\"https:\/\/portaltela.pt\/#\/schema\/person\/c4278d4a6028830caff9ee44b42d32ed\"},\"headline\":\"Empate do Atl\u00e9tico Madrid encerra sonho de 4 equipas portuguesas na Champions\",\"datePublished\":\"2026-04-29T22:33:07+00:00\",\"mainEntityOfPage\":{\"@id\":\"https:\/\/portaltela.pt\/noticias\/2026\/04\/29\/empate-do-atletico-madrid-encerra-sonho-de-4-equipas-portuguesas-na-champions\/\"},\"wordCount\":200,\"image\":{\"@id\":\"https:\/\/portaltela.pt\/noticias\/2026\/04\/29\/empate-do-atletico-madrid-encerra-sonho-de-4-equipas-portuguesas-na-champions\/#primaryimage\"},\"thumbnailUrl\":\"https:\/\/portaltela.pt\/s.01k8rhncp4jt1\/2026\/04\/img_920x518uu2026-04-29-23-29-10-2436035.jpg\",\"keywords\":[\"Benfica\",\"Champions League\",\"FC Porto\",\"futebol\",\"Liga Europa\",\"Sp. Braga\"],\"articleSection\":[\"Desporto\",\"Futebol\"],\"inLanguage\":\"pt-PT\"},{\"@type\":\"WebPage\",\"@id\":\"https:\/\/portaltela.pt\/noticias\/2026\/04\/29\/empate-do-atletico-madrid-encerra-sonho-de-4-equipas-portuguesas-na-champions\/\",\"url\":\"https:\/\/portaltela.pt\/noticias\/2026\/04\/29\/empate-do-atletico-madrid-encerra-sonho-de-4-equipas-portuguesas-na-champions\/\",\"name\":\"Empate do Atl\u00e9tico Madrid encerra sonho de 4 equipas portuguesas na Champions - Portal Tela Portugal\",\"isPartOf\":{\"@id\":\"https:\/\/portaltela.pt\/#website\"},\"primaryImageOfPage\":{\"@id\":\"https:\/\/portaltela.pt\/noticias\/2026\/04\/29\/empate-do-atletico-madrid-encerra-sonho-de-4-equipas-portuguesas-na-champions\/#primaryimage\"},\"image\":{\"@id\":\"https:\/\/portaltela.pt\/noticias\/2026\/04\/29\/empate-do-atletico-madrid-encerra-sonho-de-4-equipas-portuguesas-na-champions\/#primaryimage\"},\"thumbnailUrl\":\"https:\/\/portaltela.pt\/s.01k8rhncp4jt1\/2026\/04\/img_920x518uu2026-04-29-23-29-10-2436035.jpg\",\"datePublished\":\"2026-04-29T22:33:07+00:00\",\"author\":{\"@id\":\"https:\/\/portaltela.pt\/#\/schema\/person\/c4278d4a6028830caff9ee44b42d32ed\"},\"breadcrumb\":{\"@id\":\"https:\/\/portaltela.pt\/noticias\/2026\/04\/29\/empate-do-atletico-madrid-encerra-sonho-de-4-equipas-portuguesas-na-champions\/#breadcrumb\"},\"inLanguage\":\"pt-PT\",\"potentialAction\":[{\"@type\":\"ReadAction\",\"target\":[\"https:\/\/portaltela.pt\/noticias\/2026\/04\/29\/empate-do-atletico-madrid-encerra-sonho-de-4-equipas-portuguesas-na-champions\/\"]}]},{\"@type\":\"ImageObject\",\"inLanguage\":\"pt-PT\",\"@id\":\"https:\/\/portaltela.pt\/noticias\/2026\/04\/29\/empate-do-atletico-madrid-encerra-sonho-de-4-equipas-portuguesas-na-champions\/#primaryimage\",\"url\":\"https:\/\/portaltela.pt\/s.01k8rhncp4jt1\/2026\/04\/img_920x518uu2026-04-29-23-29-10-2436035.jpg\",\"contentUrl\":\"https:\/\/portaltela.pt\/s.01k8rhncp4jt1\/2026\/04\/img_920x518uu2026-04-29-23-29-10-2436035.jpg\",\"width\":796,\"height\":448,\"caption\":\"Julian Alvarez marcou o golo do empate do Atl\u00e9tico Madrid com o Arsenal\"},{\"@type\":\"BreadcrumbList\",\"@id\":\"https:\/\/portaltela.pt\/noticias\/2026\/04\/29\/empate-do-atletico-madrid-encerra-sonho-de-4-equipas-portuguesas-na-champions\/#breadcrumb\",\"itemListElement\":[{\"@type\":\"ListItem\",\"position\":1,\"name\":\"In\u00edcio\",\"item\":\"https:\/\/portaltela.pt\/\"},{\"@type\":\"ListItem\",\"position\":2,\"name\":\"Empate do Atl\u00e9tico Madrid encerra sonho de 4 equipas portuguesas na Champions\"}]},{\"@type\":\"WebSite\",\"@id\":\"https:\/\/portaltela.pt\/#website\",\"url\":\"https:\/\/portaltela.pt\/\",\"name\":\"Portal Tela Portugal\",\"description\":\"\",\"potentialAction\":[{\"@type\":\"SearchAction\",\"target\":{\"@type\":\"EntryPoint\",\"urlTemplate\":\"https:\/\/portaltela.pt\/?s={search_term_string}\"},\"query-input\":{\"@type\":\"PropertyValueSpecification\",\"valueRequired\":true,\"valueName\":\"search_term_string\"}}],\"inLanguage\":\"pt-PT\"},{\"@type\":\"Person\",\"@id\":\"https:\/\/portaltela.pt\/#\/schema\/person\/c4278d4a6028830caff9ee44b42d32ed\",\"name\":\"Telinha\",\"image\":{\"@type\":\"ImageObject\",\"inLanguage\":\"pt-PT\",\"@id\":\"https:\/\/portaltela.pt\/s.01k8rhncp4jt1\/2025\/11\/talking-bot-125x125.png\",\"url\":\"https:\/\/portaltela.pt\/s.01k8rhncp4jt1\/2025\/11\/talking-bot-125x125.png\",\"contentUrl\":\"https:\/\/portaltela.pt\/s.01k8rhncp4jt1\/2025\/11\/talking-bot-125x125.png\",\"caption\":\"Telinha\"},\"sameAs\":[\"https:\/\/portaltela.pt\/\"],\"url\":\"https:\/\/portaltela.pt\/por\/367410592786\/\"}]}<\/script>\n<!-- \/ Yoast SEO plugin. -->","yoast_head_json":{"title":"Empate do Atl\u00e9tico Madrid encerra sonho de 4 equipas portuguesas na Champions - Portal Tela Portugal","robots":{"index":"index","follow":"follow","max-snippet":"max-snippet:-1","max-image-preview":"max-image-preview:large","max-video-preview":"max-video-preview:-1"},"og_locale":"pt_PT","og_type":"article","og_title":"Empate do Atl\u00e9tico Madrid encerra sonho de 4 equipas portuguesas na Champions - Portal Tela Portugal","og_description":"O empate 1-1 entre Atl\u00e9tico de Madrid e Arsenal, na primeira m\u00e3o das meias-finais da Liga dos Campe\u00f5es, encerrou o cen\u00e1rio de quatro equipas portuguesas na pr\u00f3xima \u00e9poca. A possibilidade dependia de o Sp. Braga conquistar a Liga Europa e de Portugal ficar entre as duas melhores associa\u00e7\u00f5es em coeficiente, o que ficou invi\u00e1vel ap\u00f3s o jogo. Para Portugal ter a vaga extra, teriam de ser eliminadas as equipas alem\u00e3s e espanholas j\u00e1 nas meias-finais e o Atl\u00e9tico Madrid e o Rayo Vallecano perderem os quatro encontros \u2014 tal n\u00e3o ocorreu. Restam ao Sp. Braga vencer a Liga Europa para entrar na fase de grupos da Liga dos Campe\u00f5es como detentor da Liga Europa. O FC Porto entra diretamente na Liga dos Campe\u00f5es como campe\u00e3o, e o Benfica, segundo classificado, segue para a terceira pr\u00e9-eliminat\u00f3ria.","og_url":"https:\/\/portaltela.pt\/noticias\/2026\/04\/29\/empate-do-atletico-madrid-encerra-sonho-de-4-equipas-portuguesas-na-champions\/","og_site_name":"Portal Tela Portugal","article_published_time":"2026-04-29T22:33:07+00:00","author":"Telinha","twitter_card":"summary_large_image","twitter_misc":{"Escrito por":"Telinha","Tempo estimado de leitura":"1 minuto"},"schema":{"@context":"https:\/\/schema.org","@graph":[{"@type":"Article","@id":"https:\/\/portaltela.pt\/noticias\/2026\/04\/29\/empate-do-atletico-madrid-encerra-sonho-de-4-equipas-portuguesas-na-champions\/#article","isPartOf":{"@id":"https:\/\/portaltela.pt\/noticias\/2026\/04\/29\/empate-do-atletico-madrid-encerra-sonho-de-4-equipas-portuguesas-na-champions\/"},"author":{"name":"Telinha","@id":"https:\/\/portaltela.pt\/#\/schema\/person\/c4278d4a6028830caff9ee44b42d32ed"},"headline":"Empate do Atl\u00e9tico Madrid encerra sonho de 4 equipas portuguesas na Champions","datePublished":"2026-04-29T22:33:07+00:00","mainEntityOfPage":{"@id":"https:\/\/portaltela.pt\/noticias\/2026\/04\/29\/empate-do-atletico-madrid-encerra-sonho-de-4-equipas-portuguesas-na-champions\/"},"wordCount":200,"image":{"@id":"https:\/\/portaltela.pt\/noticias\/2026\/04\/29\/empate-do-atletico-madrid-encerra-sonho-de-4-equipas-portuguesas-na-champions\/#primaryimage"},"thumbnailUrl":"https:\/\/portaltela.pt\/s.01k8rhncp4jt1\/2026\/04\/img_920x518uu2026-04-29-23-29-10-2436035.jpg","keywords":["Benfica","Champions League","FC Porto","futebol","Liga Europa","Sp. Braga"],"articleSection":["Desporto","Futebol"],"inLanguage":"pt-PT"},{"@type":"WebPage","@id":"https:\/\/portaltela.pt\/noticias\/2026\/04\/29\/empate-do-atletico-madrid-encerra-sonho-de-4-equipas-portuguesas-na-champions\/","url":"https:\/\/portaltela.pt\/noticias\/2026\/04\/29\/empate-do-atletico-madrid-encerra-sonho-de-4-equipas-portuguesas-na-champions\/","name":"Empate do Atl\u00e9tico Madrid encerra sonho de 4 equipas portuguesas na Champions - Portal Tela Portugal","isPartOf":{"@id":"https:\/\/portaltela.pt\/#website"},"primaryImageOfPage":{"@id":"https:\/\/portaltela.pt\/noticias\/2026\/04\/29\/empate-do-atletico-madrid-encerra-sonho-de-4-equipas-portuguesas-na-champions\/#primaryimage"},"image":{"@id":"https:\/\/portaltela.pt\/noticias\/2026\/04\/29\/empate-do-atletico-madrid-encerra-sonho-de-4-equipas-portuguesas-na-champions\/#primaryimage"},"thumbnailUrl":"https:\/\/portaltela.pt\/s.01k8rhncp4jt1\/2026\/04\/img_920x518uu2026-04-29-23-29-10-2436035.jpg","datePublished":"2026-04-29T22:33:07+00:00","author":{"@id":"https:\/\/portaltela.pt\/#\/schema\/person\/c4278d4a6028830caff9ee44b42d32ed"},"breadcrumb":{"@id":"https:\/\/portaltela.pt\/noticias\/2026\/04\/29\/empate-do-atletico-madrid-encerra-sonho-de-4-equipas-portuguesas-na-champions\/#breadcrumb"},"inLanguage":"pt-PT","potentialAction":[{"@type":"ReadAction","target":["https:\/\/portaltela.pt\/noticias\/2026\/04\/29\/empate-do-atletico-madrid-encerra-sonho-de-4-equipas-portuguesas-na-champions\/"]}]},{"@type":"ImageObject","inLanguage":"pt-PT","@id":"https:\/\/portaltela.pt\/noticias\/2026\/04\/29\/empate-do-atletico-madrid-encerra-sonho-de-4-equipas-portuguesas-na-champions\/#primaryimage","url":"https:\/\/portaltela.pt\/s.01k8rhncp4jt1\/2026\/04\/img_920x518uu2026-04-29-23-29-10-2436035.jpg","contentUrl":"https:\/\/portaltela.pt\/s.01k8rhncp4jt1\/2026\/04\/img_920x518uu2026-04-29-23-29-10-2436035.jpg","width":796,"height":448,"caption":"Julian Alvarez marcou o golo do empate do Atl\u00e9tico Madrid com o Arsenal"},{"@type":"BreadcrumbList","@id":"https:\/\/portaltela.pt\/noticias\/2026\/04\/29\/empate-do-atletico-madrid-encerra-sonho-de-4-equipas-portuguesas-na-champions\/#breadcrumb","itemListElement":[{"@type":"ListItem","position":1,"name":"In\u00edcio","item":"https:\/\/portaltela.pt\/"},{"@type":"ListItem","position":2,"name":"Empate do Atl\u00e9tico Madrid encerra sonho de 4 equipas portuguesas na Champions"}]},{"@type":"WebSite","@id":"https:\/\/portaltela.pt\/#website","url":"https:\/\/portaltela.pt\/","name":"Portal Tela Portugal","description":"","potentialAction":[{"@type":"SearchAction","target":{"@type":"EntryPoint","urlTemplate":"https:\/\/portaltela.pt\/?s={search_term_string}"},"query-input":{"@type":"PropertyValueSpecification","valueRequired":true,"valueName":"search_term_string"}}],"inLanguage":"pt-PT"},{"@type":"Person","@id":"https:\/\/portaltela.pt\/#\/schema\/person\/c4278d4a6028830caff9ee44b42d32ed","name":"Telinha","image":{"@type":"ImageObject","inLanguage":"pt-PT","@id":"https:\/\/portaltela.pt\/s.01k8rhncp4jt1\/2025\/11\/talking-bot-125x125.png","url":"https:\/\/portaltela.pt\/s.01k8rhncp4jt1\/2025\/11\/talking-bot-125x125.png","contentUrl":"https:\/\/portaltela.pt\/s.01k8rhncp4jt1\/2025\/11\/talking-bot-125x125.png","caption":"Telinha"},"sameAs":["https:\/\/portaltela.pt\/"],"url":"https:\/\/portaltela.pt\/por\/367410592786\/"}]}},"_links":{"self":[{"href":"https:\/\/portaltela.pt\/api\/wp\/v2\/posts\/461652","targetHints":{"allow":["GET"]}}],"collection":[{"href":"https:\/\/portaltela.pt\/api\/wp\/v2\/posts"}],"about":[{"href":"https:\/\/portaltela.pt\/api\/wp\/v2\/types\/post"}],"author":[{"embeddable":true,"href":"https:\/\/portaltela.pt\/api\/wp\/v2\/users\/2"}],"replies":[{"embeddable":true,"href":"https:\/\/portaltela.pt\/api\/wp\/v2\/comments?post=461652"}],"version-history":[{"count":0,"href":"https:\/\/portaltela.pt\/api\/wp\/v2\/posts\/461652\/revisions"}],"wp:featuredmedia":[{"embeddable":true,"href":"https:\/\/portaltela.pt\/api\/wp\/v2\/media\/461657"}],"wp:attachment":[{"href":"https:\/\/portaltela.pt\/api\/wp\/v2\/media?parent=461652"}],"wp:term":[{"taxonomy":"category","embeddable":true,"href":"https:\/\/portaltela.pt\/api\/wp\/v2\/categories?post=461652"},{"taxonomy":"post_tag","embeddable":true,"href":"https:\/\/portaltela.pt\/api\/wp\/v2\/tags?post=461652"}],"curies":[{"name":"wp","href":"https:\/\/api.w.org\/{rel}","templated":true}]}}