{"id":461650,"date":"2026-04-29T19:33:04","date_gmt":"2026-04-29T22:33:04","guid":{"rendered":"https:\/\/portaltela.pt\/noticias\/2026\/04\/29\/hegseth-regressa-ao-congresso-apos-conflito-no-medio-oriente-democratas-criticam\/"},"modified":"2026-04-29T19:33:04","modified_gmt":"2026-04-29T22:33:04","slug":"hegseth-regressa-ao-congresso-apos-conflito-no-medio-oriente-democratas-criticam","status":"publish","type":"post","link":"https:\/\/portaltela.pt\/noticias\/2026\/04\/29\/hegseth-regressa-ao-congresso-apos-conflito-no-medio-oriente-democratas-criticam\/","title":{"rendered":"Hegseth regressa ao Congresso ap\u00f3s conflito no M\u00e9dio Oriente; democratas criticam"},"content":{"rendered":"<p>Pete Hegseth, secret\u00e1rio da Defesa dos EUA, voltou ao Congresso para uma sess\u00e3o sobre o financiamento da interven\u00e7\u00e3o no M\u00e9dio Oriente, ap\u00f3s o in\u00edcio do conflito. A audi\u00e7\u00e3o ocorreu na v\u00e9spera da primeira apari\u00e7\u00e3o do governante no Parlamento desde o in\u00edcio dos confrontos e durou quase seis horas.<\/p>\n<p>Durante o plen\u00e1rio, os democratas questionaram a gest\u00e3o da guerra, nomeadamente as raz\u00f5es estrat\u00e9gicas e o impacto econ\u00f3mico para os cidad\u00e3os norte\u2011americanos, incluindo o sobreaquecimento dos pre\u00e7os da gasolina. A troca de argumentos incidiu sobre a transpar\u00eancia das motiva\u00e7\u00f5es do conflito.<\/p>\n<p>Entre os pontos discutidos estiveram a demiss\u00e3o de oficiais de topo e as mudan\u00e7as na lideran\u00e7a do Pent\u00e1gono. Hegseth justificou as altera\u00e7\u00f5es como parte de uma constru\u00e7\u00e3o de cultura organizacional, dizendo que era necess\u00e1rio avan\u00e7ar com novas lideran\u00e7as.<\/p>\n<p>No decorrer da audi\u00eancia, o secret\u00e1rio detalhou planos para aumentar sal\u00e1rios de militares e modernizar muni\u00e7\u00f5es, bem como a autoriza\u00e7\u00e3o de ajuda militar \u00e0 Ucr\u00e2nia no valor de 400 milh\u00f5es de d\u00f3lares, a partir de ter\u00e7a-feira. O montante total gasto com a guerra \u00e9 apontado pelo Pent\u00e1gono em 25 mil milh\u00f5es de d\u00f3lares, ainda sem aprova\u00e7\u00e3o parlamentar.<\/p>\n<p>Os republicanos centraram-se nos aspetos or\u00e7amentais da for\u00e7a de defesa, enquanto alguns democratas questionaram a atua\u00e7\u00e3o do Governo junto aos aliados e as justifica\u00e7\u00f5es para manter o conflito. Questionamentos tamb\u00e9m reca\u00edram sobre eventuais contradi\u00e7\u00f5es nas raz\u00f5es apresentadas para a continuidade da opera\u00e7\u00e3o.<\/p>\n<p>Hegseth rejeitou as cr\u00edticas, atribuindo o escrut\u00ednio \u00e0 ret\u00f3rica dos opositores e defendendo que a prioridade \u00e9 evitar palavras imprudentes que possam comprometer a estrat\u00e9gia. A sess\u00e3o manteve o tom de confronto, sem indica\u00e7\u00f5es de acordo imediato sobre o financiamento da guerra.<\/p>\n","protected":false},"excerpt":{"rendered":"<ul>\n<li>O secret\u00e1rio da Defesa dos Estados Unidos, Pete Hegseth, voltou ao Congresso para uma audi\u00eancia sobre o financiamento e as despesas da guerra com o Ir\u00e3o, que durou quase seis horas.<\/li>\n<li>Democratas, incluindo o deputado John Garamendi, disseram que o p\u00fablico tem sido enganado sobre os motivos do conflito e alertaram para o impacto da guerra nos pre\u00e7os da gasolina.<\/li>\n<li>O debate ressaltou mudan\u00e7as na lideran\u00e7a militar, com Hegseth a defender a necessidade de uma nova lideran\u00e7a e a reagir \u00e0s demiss\u00f5es do alto comando anunciadas recentemente.<\/li>\n<li>O Pent\u00e1gono j\u00e1 tinha anunciado, este m\u00eas, a sa\u00edda do secret\u00e1rio da Marinha, e Hegseth mencionou a passagem a uma cultura de \u201cguerreira\u201d no Pent\u00e1gono, destacando v\u00e1rias mudan\u00e7as na cadeia de comando.<\/li>\n<li>Entre medidas anunciadas, Hegseth apontou planos para aumentar sal\u00e1rios dos militares e modernizar muni\u00e7\u00f5es, al\u00e9m de autorizar 400 milh\u00f5es de d\u00f3lares em ajuda militar para a Ucr\u00e2nia; o custo total da guerra j\u00e1 ultrapassa 25 mil milh\u00f5es de d\u00f3lares, segundo o Pent\u00e1gono.<\/li>\n<\/ul>\n","protected":false},"author":2,"featured_media":461654,"comment_status":"closed","ping_status":"closed","sticky":false,"template":"","format":"standard","meta":{"footnotes":""},"categories":[6804,1],"tags":[2198,6574,1600,62,6000,2832],"class_list":["post-461650","post","type-post","status-publish","format-standard","has-post-thumbnail","hentry","category-guerra","category-noticias","tag-conflitos-internacionais","tag-defesa","tag-estados-unidos","tag-guerra","tag-orcamento","tag-politica"],"yoast_head":"<!-- This site is optimized with the Yoast SEO plugin v27.2 - https:\/\/yoast.com\/product\/yoast-seo-wordpress\/ -->\n<title>Hegseth regressa ao Congresso ap\u00f3s conflito no M\u00e9dio Oriente; democratas criticam - Portal Tela Portugal<\/title>\n<meta name=\"robots\" content=\"index, follow, max-snippet:-1, max-image-preview:large, max-video-preview:-1\" \/>\n<meta property=\"og:locale\" content=\"pt_PT\" \/>\n<meta property=\"og:type\" content=\"article\" \/>\n<meta property=\"og:title\" content=\"Hegseth regressa ao Congresso ap\u00f3s conflito no M\u00e9dio Oriente; democratas criticam - Portal Tela Portugal\" \/>\n<meta property=\"og:description\" content=\"O secret\u00e1rio da Defesa dos Estados Unidos, Pete Hegseth, voltou ao Congresso para uma audi\u00eancia sobre o financiamento e as despesas da guerra com o Ir\u00e3o, que durou quase seis horas. Democratas, incluindo o deputado John Garamendi, disseram que o p\u00fablico tem sido enganado sobre os motivos do conflito e alertaram para o impacto da guerra nos pre\u00e7os da gasolina. O debate ressaltou mudan\u00e7as na lideran\u00e7a militar, com Hegseth a defender a necessidade de uma nova lideran\u00e7a e a reagir \u00e0s demiss\u00f5es do alto comando anunciadas recentemente. O Pent\u00e1gono j\u00e1 tinha anunciado, este m\u00eas, a sa\u00edda do secret\u00e1rio da Marinha, e Hegseth mencionou a passagem a uma cultura de \u201cguerreira\u201d no Pent\u00e1gono, destacando v\u00e1rias mudan\u00e7as na cadeia de comando. Entre medidas anunciadas, Hegseth apontou planos para aumentar sal\u00e1rios dos militares e modernizar muni\u00e7\u00f5es, al\u00e9m de autorizar 400 milh\u00f5es de d\u00f3lares em ajuda militar para a Ucr\u00e2nia; o custo total da guerra j\u00e1 ultrapassa 25 mil milh\u00f5es de d\u00f3lares, segundo o Pent\u00e1gono.\" \/>\n<meta property=\"og:url\" content=\"https:\/\/portaltela.pt\/noticias\/2026\/04\/29\/hegseth-regressa-ao-congresso-apos-conflito-no-medio-oriente-democratas-criticam\/\" \/>\n<meta property=\"og:site_name\" content=\"Portal Tela Portugal\" \/>\n<meta property=\"article:published_time\" content=\"2026-04-29T22:33:04+00:00\" \/>\n<meta name=\"author\" content=\"Telinha\" \/>\n<meta name=\"twitter:card\" content=\"summary_large_image\" \/>\n<meta name=\"twitter:label1\" content=\"Escrito por\" \/>\n\t<meta name=\"twitter:data1\" content=\"Telinha\" \/>\n\t<meta name=\"twitter:label2\" content=\"Tempo estimado de leitura\" \/>\n\t<meta name=\"twitter:data2\" content=\"2 minutos\" \/>\n<script type=\"application\/ld+json\" class=\"yoast-schema-graph\">{\"@context\":\"https:\/\/schema.org\",\"@graph\":[{\"@type\":\"Article\",\"@id\":\"https:\/\/portaltela.pt\/noticias\/2026\/04\/29\/hegseth-regressa-ao-congresso-apos-conflito-no-medio-oriente-democratas-criticam\/#article\",\"isPartOf\":{\"@id\":\"https:\/\/portaltela.pt\/noticias\/2026\/04\/29\/hegseth-regressa-ao-congresso-apos-conflito-no-medio-oriente-democratas-criticam\/\"},\"author\":{\"name\":\"Telinha\",\"@id\":\"https:\/\/portaltela.pt\/#\/schema\/person\/c4278d4a6028830caff9ee44b42d32ed\"},\"headline\":\"Hegseth regressa ao Congresso ap\u00f3s conflito no M\u00e9dio Oriente; democratas criticam\",\"datePublished\":\"2026-04-29T22:33:04+00:00\",\"mainEntityOfPage\":{\"@id\":\"https:\/\/portaltela.pt\/noticias\/2026\/04\/29\/hegseth-regressa-ao-congresso-apos-conflito-no-medio-oriente-democratas-criticam\/\"},\"wordCount\":332,\"image\":{\"@id\":\"https:\/\/portaltela.pt\/noticias\/2026\/04\/29\/hegseth-regressa-ao-congresso-apos-conflito-no-medio-oriente-democratas-criticam\/#primaryimage\"},\"thumbnailUrl\":\"https:\/\/portaltela.pt\/s.01k8rhncp4jt1\/2026\/04\/img_1500x1000uu2026-04-29-22-37-32-2281969.jpg\",\"keywords\":[\"conflitos internacionais\",\"defesa\",\"Estados Unidos\",\"guerra\",\"or\u00e7amento\",\"pol\u00edtica\"],\"articleSection\":[\"Guerra\",\"Not\u00edcias\"],\"inLanguage\":\"pt-PT\"},{\"@type\":\"WebPage\",\"@id\":\"https:\/\/portaltela.pt\/noticias\/2026\/04\/29\/hegseth-regressa-ao-congresso-apos-conflito-no-medio-oriente-democratas-criticam\/\",\"url\":\"https:\/\/portaltela.pt\/noticias\/2026\/04\/29\/hegseth-regressa-ao-congresso-apos-conflito-no-medio-oriente-democratas-criticam\/\",\"name\":\"Hegseth regressa ao Congresso ap\u00f3s conflito no M\u00e9dio Oriente; democratas criticam - Portal Tela Portugal\",\"isPartOf\":{\"@id\":\"https:\/\/portaltela.pt\/#website\"},\"primaryImageOfPage\":{\"@id\":\"https:\/\/portaltela.pt\/noticias\/2026\/04\/29\/hegseth-regressa-ao-congresso-apos-conflito-no-medio-oriente-democratas-criticam\/#primaryimage\"},\"image\":{\"@id\":\"https:\/\/portaltela.pt\/noticias\/2026\/04\/29\/hegseth-regressa-ao-congresso-apos-conflito-no-medio-oriente-democratas-criticam\/#primaryimage\"},\"thumbnailUrl\":\"https:\/\/portaltela.pt\/s.01k8rhncp4jt1\/2026\/04\/img_1500x1000uu2026-04-29-22-37-32-2281969.jpg\",\"datePublished\":\"2026-04-29T22:33:04+00:00\",\"author\":{\"@id\":\"https:\/\/portaltela.pt\/#\/schema\/person\/c4278d4a6028830caff9ee44b42d32ed\"},\"breadcrumb\":{\"@id\":\"https:\/\/portaltela.pt\/noticias\/2026\/04\/29\/hegseth-regressa-ao-congresso-apos-conflito-no-medio-oriente-democratas-criticam\/#breadcrumb\"},\"inLanguage\":\"pt-PT\",\"potentialAction\":[{\"@type\":\"ReadAction\",\"target\":[\"https:\/\/portaltela.pt\/noticias\/2026\/04\/29\/hegseth-regressa-ao-congresso-apos-conflito-no-medio-oriente-democratas-criticam\/\"]}]},{\"@type\":\"ImageObject\",\"inLanguage\":\"pt-PT\",\"@id\":\"https:\/\/portaltela.pt\/noticias\/2026\/04\/29\/hegseth-regressa-ao-congresso-apos-conflito-no-medio-oriente-democratas-criticam\/#primaryimage\",\"url\":\"https:\/\/portaltela.pt\/s.01k8rhncp4jt1\/2026\/04\/img_1500x1000uu2026-04-29-22-37-32-2281969.jpg\",\"contentUrl\":\"https:\/\/portaltela.pt\/s.01k8rhncp4jt1\/2026\/04\/img_1500x1000uu2026-04-29-22-37-32-2281969.jpg\",\"width\":796,\"height\":448,\"caption\":\"Pete Hegseth\"},{\"@type\":\"BreadcrumbList\",\"@id\":\"https:\/\/portaltela.pt\/noticias\/2026\/04\/29\/hegseth-regressa-ao-congresso-apos-conflito-no-medio-oriente-democratas-criticam\/#breadcrumb\",\"itemListElement\":[{\"@type\":\"ListItem\",\"position\":1,\"name\":\"In\u00edcio\",\"item\":\"https:\/\/portaltela.pt\/\"},{\"@type\":\"ListItem\",\"position\":2,\"name\":\"Hegseth regressa ao Congresso ap\u00f3s conflito no M\u00e9dio Oriente; democratas criticam\"}]},{\"@type\":\"WebSite\",\"@id\":\"https:\/\/portaltela.pt\/#website\",\"url\":\"https:\/\/portaltela.pt\/\",\"name\":\"Portal Tela Portugal\",\"description\":\"\",\"potentialAction\":[{\"@type\":\"SearchAction\",\"target\":{\"@type\":\"EntryPoint\",\"urlTemplate\":\"https:\/\/portaltela.pt\/?s={search_term_string}\"},\"query-input\":{\"@type\":\"PropertyValueSpecification\",\"valueRequired\":true,\"valueName\":\"search_term_string\"}}],\"inLanguage\":\"pt-PT\"},{\"@type\":\"Person\",\"@id\":\"https:\/\/portaltela.pt\/#\/schema\/person\/c4278d4a6028830caff9ee44b42d32ed\",\"name\":\"Telinha\",\"image\":{\"@type\":\"ImageObject\",\"inLanguage\":\"pt-PT\",\"@id\":\"https:\/\/portaltela.pt\/s.01k8rhncp4jt1\/2025\/11\/talking-bot-125x125.png\",\"url\":\"https:\/\/portaltela.pt\/s.01k8rhncp4jt1\/2025\/11\/talking-bot-125x125.png\",\"contentUrl\":\"https:\/\/portaltela.pt\/s.01k8rhncp4jt1\/2025\/11\/talking-bot-125x125.png\",\"caption\":\"Telinha\"},\"sameAs\":[\"https:\/\/portaltela.pt\/\"],\"url\":\"https:\/\/portaltela.pt\/por\/367410592786\/\"}]}<\/script>\n<!-- \/ Yoast SEO plugin. -->","yoast_head_json":{"title":"Hegseth regressa ao Congresso ap\u00f3s conflito no M\u00e9dio Oriente; democratas criticam - Portal Tela Portugal","robots":{"index":"index","follow":"follow","max-snippet":"max-snippet:-1","max-image-preview":"max-image-preview:large","max-video-preview":"max-video-preview:-1"},"og_locale":"pt_PT","og_type":"article","og_title":"Hegseth regressa ao Congresso ap\u00f3s conflito no M\u00e9dio Oriente; democratas criticam - Portal Tela Portugal","og_description":"O secret\u00e1rio da Defesa dos Estados Unidos, Pete Hegseth, voltou ao Congresso para uma audi\u00eancia sobre o financiamento e as despesas da guerra com o Ir\u00e3o, que durou quase seis horas. Democratas, incluindo o deputado John Garamendi, disseram que o p\u00fablico tem sido enganado sobre os motivos do conflito e alertaram para o impacto da guerra nos pre\u00e7os da gasolina. O debate ressaltou mudan\u00e7as na lideran\u00e7a militar, com Hegseth a defender a necessidade de uma nova lideran\u00e7a e a reagir \u00e0s demiss\u00f5es do alto comando anunciadas recentemente. O Pent\u00e1gono j\u00e1 tinha anunciado, este m\u00eas, a sa\u00edda do secret\u00e1rio da Marinha, e Hegseth mencionou a passagem a uma cultura de \u201cguerreira\u201d no Pent\u00e1gono, destacando v\u00e1rias mudan\u00e7as na cadeia de comando. Entre medidas anunciadas, Hegseth apontou planos para aumentar sal\u00e1rios dos militares e modernizar muni\u00e7\u00f5es, al\u00e9m de autorizar 400 milh\u00f5es de d\u00f3lares em ajuda militar para a Ucr\u00e2nia; o custo total da guerra j\u00e1 ultrapassa 25 mil milh\u00f5es de d\u00f3lares, segundo o Pent\u00e1gono.","og_url":"https:\/\/portaltela.pt\/noticias\/2026\/04\/29\/hegseth-regressa-ao-congresso-apos-conflito-no-medio-oriente-democratas-criticam\/","og_site_name":"Portal Tela Portugal","article_published_time":"2026-04-29T22:33:04+00:00","author":"Telinha","twitter_card":"summary_large_image","twitter_misc":{"Escrito por":"Telinha","Tempo estimado de leitura":"2 minutos"},"schema":{"@context":"https:\/\/schema.org","@graph":[{"@type":"Article","@id":"https:\/\/portaltela.pt\/noticias\/2026\/04\/29\/hegseth-regressa-ao-congresso-apos-conflito-no-medio-oriente-democratas-criticam\/#article","isPartOf":{"@id":"https:\/\/portaltela.pt\/noticias\/2026\/04\/29\/hegseth-regressa-ao-congresso-apos-conflito-no-medio-oriente-democratas-criticam\/"},"author":{"name":"Telinha","@id":"https:\/\/portaltela.pt\/#\/schema\/person\/c4278d4a6028830caff9ee44b42d32ed"},"headline":"Hegseth regressa ao Congresso ap\u00f3s conflito no M\u00e9dio Oriente; democratas criticam","datePublished":"2026-04-29T22:33:04+00:00","mainEntityOfPage":{"@id":"https:\/\/portaltela.pt\/noticias\/2026\/04\/29\/hegseth-regressa-ao-congresso-apos-conflito-no-medio-oriente-democratas-criticam\/"},"wordCount":332,"image":{"@id":"https:\/\/portaltela.pt\/noticias\/2026\/04\/29\/hegseth-regressa-ao-congresso-apos-conflito-no-medio-oriente-democratas-criticam\/#primaryimage"},"thumbnailUrl":"https:\/\/portaltela.pt\/s.01k8rhncp4jt1\/2026\/04\/img_1500x1000uu2026-04-29-22-37-32-2281969.jpg","keywords":["conflitos internacionais","defesa","Estados Unidos","guerra","or\u00e7amento","pol\u00edtica"],"articleSection":["Guerra","Not\u00edcias"],"inLanguage":"pt-PT"},{"@type":"WebPage","@id":"https:\/\/portaltela.pt\/noticias\/2026\/04\/29\/hegseth-regressa-ao-congresso-apos-conflito-no-medio-oriente-democratas-criticam\/","url":"https:\/\/portaltela.pt\/noticias\/2026\/04\/29\/hegseth-regressa-ao-congresso-apos-conflito-no-medio-oriente-democratas-criticam\/","name":"Hegseth regressa ao Congresso ap\u00f3s conflito no M\u00e9dio Oriente; democratas criticam - Portal Tela Portugal","isPartOf":{"@id":"https:\/\/portaltela.pt\/#website"},"primaryImageOfPage":{"@id":"https:\/\/portaltela.pt\/noticias\/2026\/04\/29\/hegseth-regressa-ao-congresso-apos-conflito-no-medio-oriente-democratas-criticam\/#primaryimage"},"image":{"@id":"https:\/\/portaltela.pt\/noticias\/2026\/04\/29\/hegseth-regressa-ao-congresso-apos-conflito-no-medio-oriente-democratas-criticam\/#primaryimage"},"thumbnailUrl":"https:\/\/portaltela.pt\/s.01k8rhncp4jt1\/2026\/04\/img_1500x1000uu2026-04-29-22-37-32-2281969.jpg","datePublished":"2026-04-29T22:33:04+00:00","author":{"@id":"https:\/\/portaltela.pt\/#\/schema\/person\/c4278d4a6028830caff9ee44b42d32ed"},"breadcrumb":{"@id":"https:\/\/portaltela.pt\/noticias\/2026\/04\/29\/hegseth-regressa-ao-congresso-apos-conflito-no-medio-oriente-democratas-criticam\/#breadcrumb"},"inLanguage":"pt-PT","potentialAction":[{"@type":"ReadAction","target":["https:\/\/portaltela.pt\/noticias\/2026\/04\/29\/hegseth-regressa-ao-congresso-apos-conflito-no-medio-oriente-democratas-criticam\/"]}]},{"@type":"ImageObject","inLanguage":"pt-PT","@id":"https:\/\/portaltela.pt\/noticias\/2026\/04\/29\/hegseth-regressa-ao-congresso-apos-conflito-no-medio-oriente-democratas-criticam\/#primaryimage","url":"https:\/\/portaltela.pt\/s.01k8rhncp4jt1\/2026\/04\/img_1500x1000uu2026-04-29-22-37-32-2281969.jpg","contentUrl":"https:\/\/portaltela.pt\/s.01k8rhncp4jt1\/2026\/04\/img_1500x1000uu2026-04-29-22-37-32-2281969.jpg","width":796,"height":448,"caption":"Pete Hegseth"},{"@type":"BreadcrumbList","@id":"https:\/\/portaltela.pt\/noticias\/2026\/04\/29\/hegseth-regressa-ao-congresso-apos-conflito-no-medio-oriente-democratas-criticam\/#breadcrumb","itemListElement":[{"@type":"ListItem","position":1,"name":"In\u00edcio","item":"https:\/\/portaltela.pt\/"},{"@type":"ListItem","position":2,"name":"Hegseth regressa ao Congresso ap\u00f3s conflito no M\u00e9dio Oriente; democratas criticam"}]},{"@type":"WebSite","@id":"https:\/\/portaltela.pt\/#website","url":"https:\/\/portaltela.pt\/","name":"Portal Tela Portugal","description":"","potentialAction":[{"@type":"SearchAction","target":{"@type":"EntryPoint","urlTemplate":"https:\/\/portaltela.pt\/?s={search_term_string}"},"query-input":{"@type":"PropertyValueSpecification","valueRequired":true,"valueName":"search_term_string"}}],"inLanguage":"pt-PT"},{"@type":"Person","@id":"https:\/\/portaltela.pt\/#\/schema\/person\/c4278d4a6028830caff9ee44b42d32ed","name":"Telinha","image":{"@type":"ImageObject","inLanguage":"pt-PT","@id":"https:\/\/portaltela.pt\/s.01k8rhncp4jt1\/2025\/11\/talking-bot-125x125.png","url":"https:\/\/portaltela.pt\/s.01k8rhncp4jt1\/2025\/11\/talking-bot-125x125.png","contentUrl":"https:\/\/portaltela.pt\/s.01k8rhncp4jt1\/2025\/11\/talking-bot-125x125.png","caption":"Telinha"},"sameAs":["https:\/\/portaltela.pt\/"],"url":"https:\/\/portaltela.pt\/por\/367410592786\/"}]}},"_links":{"self":[{"href":"https:\/\/portaltela.pt\/api\/wp\/v2\/posts\/461650","targetHints":{"allow":["GET"]}}],"collection":[{"href":"https:\/\/portaltela.pt\/api\/wp\/v2\/posts"}],"about":[{"href":"https:\/\/portaltela.pt\/api\/wp\/v2\/types\/post"}],"author":[{"embeddable":true,"href":"https:\/\/portaltela.pt\/api\/wp\/v2\/users\/2"}],"replies":[{"embeddable":true,"href":"https:\/\/portaltela.pt\/api\/wp\/v2\/comments?post=461650"}],"version-history":[{"count":0,"href":"https:\/\/portaltela.pt\/api\/wp\/v2\/posts\/461650\/revisions"}],"wp:featuredmedia":[{"embeddable":true,"href":"https:\/\/portaltela.pt\/api\/wp\/v2\/media\/461654"}],"wp:attachment":[{"href":"https:\/\/portaltela.pt\/api\/wp\/v2\/media?parent=461650"}],"wp:term":[{"taxonomy":"category","embeddable":true,"href":"https:\/\/portaltela.pt\/api\/wp\/v2\/categories?post=461650"},{"taxonomy":"post_tag","embeddable":true,"href":"https:\/\/portaltela.pt\/api\/wp\/v2\/tags?post=461650"}],"curies":[{"name":"wp","href":"https:\/\/api.w.org\/{rel}","templated":true}]}}