{"id":461641,"date":"2026-04-29T19:18:09","date_gmt":"2026-04-29T22:18:09","guid":{"rendered":"https:\/\/portaltela.pt\/noticias\/2026\/04\/29\/cadaver-baleado-encontrado-dentro-de-carrinha\/"},"modified":"2026-04-29T19:18:09","modified_gmt":"2026-04-29T22:18:09","slug":"cadaver-baleado-encontrado-dentro-de-carrinha","status":"publish","type":"post","link":"https:\/\/portaltela.pt\/policia\/2026\/04\/29\/cadaver-baleado-encontrado-dentro-de-carrinha\/","title":{"rendered":"Cad\u00e1ver baleado encontrado dentro de carrinha"},"content":{"rendered":"<p>Um cad\u00e1ver de um homem, com cerca de 40 anos, foi encontrado ao final da tarde de quarta-feira dentro de uma carrinha de transporte, estacionada junto a uma zona industrial em Camarate, no concelho de Loures.<\/p>\n<p>Populares alertaram a PSP por volta das 17:30. A pol\u00edcia confirmou ferimentos por arma de fogo e preservou o local at\u00e9 \u00e0 chegada da Pol\u00edcia Judici\u00e1ria, que assumiu a investiga\u00e7\u00e3o.<\/p>\n<p>Neste momento, as autoridades tentam confirmar a hip\u00f3tese de homic\u00eddio. A carrinha pertence a uma empresa de design de interiores, sediada em Odivelas, que ainda n\u00e3o comentou o caso.<\/p>\n<h3>Investiga\u00e7\u00e3o em curso<\/h3>\n<p>A PJ analisa vest\u00edgios recolhidos no local e vai ouvir testemunhas para sustentar a linha de investiga\u00e7\u00e3o. N\u00e3o h\u00e1, at\u00e9 ao momento, informa\u00e7\u00f5es sobre poss\u00edveis suspeitos ou motiva\u00e7\u00f5es.<\/p>\n","protected":false},"excerpt":{"rendered":"<ul>\n<li>O cad\u00e1ver de um homem, cerca de 40 anos, foi encontrado no final da tarde de quarta-feira em Camarate, Loures, dentro de uma carrinha estacionada junto a uma zona industrial.<\/li>\n<li>Populares, \u00e0s 17h30, avistaram o corpo no banco do condutor e alertaram a Pol\u00edcia de Seguran\u00e7a P\u00fablica.<\/li>\n<li>A PSP confirmou ferimentos provocados por disparos de arma de fogo e preservou o local at\u00e9 \u00e0 chegada da Pol\u00edcia Judici\u00e1ria.<\/li>\n<li>Os inspetores da Pol\u00edcia Judici\u00e1ria investigam a possibilidade de homic\u00eddio.<\/li>\n<li>A carrinha pertence a uma empresa de design de interiores com sede em Odivelas.<\/li>\n<\/ul>\n","protected":false},"author":2,"featured_media":461645,"comment_status":"closed","ping_status":"closed","sticky":false,"template":"","format":"standard","meta":{"footnotes":""},"categories":[6907,6781],"tags":[8220,7921,8075,8767,8508,8162],"class_list":["post-461641","post","type-post","status-publish","format-standard","has-post-thumbnail","hentry","category-crime","category-policia","tag-_arma-de-fogo","tag-_crime","tag-_homicidio","tag-_investigacao","tag-_loures","tag-_policia-judiciaria"],"yoast_head":"<!-- This site is optimized with the Yoast SEO plugin v27.2 - https:\/\/yoast.com\/product\/yoast-seo-wordpress\/ -->\n<title>Cad\u00e1ver baleado encontrado dentro de carrinha - Portal Tela Portugal<\/title>\n<meta name=\"robots\" content=\"index, follow, max-snippet:-1, max-image-preview:large, max-video-preview:-1\" \/>\n<meta property=\"og:locale\" content=\"pt_PT\" \/>\n<meta property=\"og:type\" content=\"article\" \/>\n<meta property=\"og:title\" content=\"Cad\u00e1ver baleado encontrado dentro de carrinha - Portal Tela Portugal\" \/>\n<meta property=\"og:description\" content=\"O cad\u00e1ver de um homem, cerca de 40 anos, foi encontrado no final da tarde de quarta-feira em Camarate, Loures, dentro de uma carrinha estacionada junto a uma zona industrial. Populares, \u00e0s 17h30, avistaram o corpo no banco do condutor e alertaram a Pol\u00edcia de Seguran\u00e7a P\u00fablica. A PSP confirmou ferimentos provocados por disparos de arma de fogo e preservou o local at\u00e9 \u00e0 chegada da Pol\u00edcia Judici\u00e1ria. Os inspetores da Pol\u00edcia Judici\u00e1ria investigam a possibilidade de homic\u00eddio. A carrinha pertence a uma empresa de design de interiores com sede em Odivelas.\" \/>\n<meta property=\"og:url\" content=\"https:\/\/portaltela.pt\/noticias\/2026\/04\/29\/cadaver-baleado-encontrado-dentro-de-carrinha\/\" \/>\n<meta property=\"og:site_name\" content=\"Portal Tela Portugal\" \/>\n<meta property=\"article:published_time\" content=\"2026-04-29T22:18:09+00:00\" \/>\n<meta name=\"author\" content=\"Telinha\" \/>\n<meta name=\"twitter:card\" content=\"summary_large_image\" \/>\n<meta name=\"twitter:label1\" content=\"Escrito por\" \/>\n\t<meta name=\"twitter:data1\" content=\"Telinha\" \/>\n\t<meta name=\"twitter:label2\" content=\"Tempo estimado de leitura\" \/>\n\t<meta name=\"twitter:data2\" content=\"1 minuto\" \/>\n<script type=\"application\/ld+json\" class=\"yoast-schema-graph\">{\"@context\":\"https:\/\/schema.org\",\"@graph\":[{\"@type\":\"Article\",\"@id\":\"https:\/\/portaltela.pt\/noticias\/2026\/04\/29\/cadaver-baleado-encontrado-dentro-de-carrinha\/#article\",\"isPartOf\":{\"@id\":\"https:\/\/portaltela.pt\/noticias\/2026\/04\/29\/cadaver-baleado-encontrado-dentro-de-carrinha\/\"},\"author\":{\"name\":\"Telinha\",\"@id\":\"https:\/\/portaltela.pt\/#\/schema\/person\/c4278d4a6028830caff9ee44b42d32ed\"},\"headline\":\"Cad\u00e1ver baleado encontrado dentro de carrinha\",\"datePublished\":\"2026-04-29T22:18:09+00:00\",\"mainEntityOfPage\":{\"@id\":\"https:\/\/portaltela.pt\/noticias\/2026\/04\/29\/cadaver-baleado-encontrado-dentro-de-carrinha\/\"},\"wordCount\":145,\"image\":{\"@id\":\"https:\/\/portaltela.pt\/noticias\/2026\/04\/29\/cadaver-baleado-encontrado-dentro-de-carrinha\/#primaryimage\"},\"thumbnailUrl\":\"https:\/\/portaltela.pt\/s.01k8rhncp4jt1\/2026\/04\/9cdaca05-3ccd-4df3-abf4-2460c98eddca_1200x675.jpg\",\"keywords\":[\"_arma de fogo\",\"_crime\",\"_homic\u00eddio\",\"_investiga\u00e7\u00e3o\",\"_Loures\",\"_Pol\u00edcia Judici\u00e1ria\"],\"articleSection\":[\"Crime\",\"Pol\u00edcia\"],\"inLanguage\":\"pt-PT\"},{\"@type\":\"WebPage\",\"@id\":\"https:\/\/portaltela.pt\/noticias\/2026\/04\/29\/cadaver-baleado-encontrado-dentro-de-carrinha\/\",\"url\":\"https:\/\/portaltela.pt\/noticias\/2026\/04\/29\/cadaver-baleado-encontrado-dentro-de-carrinha\/\",\"name\":\"Cad\u00e1ver baleado encontrado dentro de carrinha - Portal Tela Portugal\",\"isPartOf\":{\"@id\":\"https:\/\/portaltela.pt\/#website\"},\"primaryImageOfPage\":{\"@id\":\"https:\/\/portaltela.pt\/noticias\/2026\/04\/29\/cadaver-baleado-encontrado-dentro-de-carrinha\/#primaryimage\"},\"image\":{\"@id\":\"https:\/\/portaltela.pt\/noticias\/2026\/04\/29\/cadaver-baleado-encontrado-dentro-de-carrinha\/#primaryimage\"},\"thumbnailUrl\":\"https:\/\/portaltela.pt\/s.01k8rhncp4jt1\/2026\/04\/9cdaca05-3ccd-4df3-abf4-2460c98eddca_1200x675.jpg\",\"datePublished\":\"2026-04-29T22:18:09+00:00\",\"author\":{\"@id\":\"https:\/\/portaltela.pt\/#\/schema\/person\/c4278d4a6028830caff9ee44b42d32ed\"},\"breadcrumb\":{\"@id\":\"https:\/\/portaltela.pt\/noticias\/2026\/04\/29\/cadaver-baleado-encontrado-dentro-de-carrinha\/#breadcrumb\"},\"inLanguage\":\"pt-PT\",\"potentialAction\":[{\"@type\":\"ReadAction\",\"target\":[\"https:\/\/portaltela.pt\/noticias\/2026\/04\/29\/cadaver-baleado-encontrado-dentro-de-carrinha\/\"]}]},{\"@type\":\"ImageObject\",\"inLanguage\":\"pt-PT\",\"@id\":\"https:\/\/portaltela.pt\/noticias\/2026\/04\/29\/cadaver-baleado-encontrado-dentro-de-carrinha\/#primaryimage\",\"url\":\"https:\/\/portaltela.pt\/s.01k8rhncp4jt1\/2026\/04\/9cdaca05-3ccd-4df3-abf4-2460c98eddca_1200x675.jpg\",\"contentUrl\":\"https:\/\/portaltela.pt\/s.01k8rhncp4jt1\/2026\/04\/9cdaca05-3ccd-4df3-abf4-2460c98eddca_1200x675.jpg\",\"width\":796,\"height\":448,\"caption\":\"Pol\u00edcia foi alertada por populares\"},{\"@type\":\"BreadcrumbList\",\"@id\":\"https:\/\/portaltela.pt\/noticias\/2026\/04\/29\/cadaver-baleado-encontrado-dentro-de-carrinha\/#breadcrumb\",\"itemListElement\":[{\"@type\":\"ListItem\",\"position\":1,\"name\":\"In\u00edcio\",\"item\":\"https:\/\/portaltela.pt\/\"},{\"@type\":\"ListItem\",\"position\":2,\"name\":\"Cad\u00e1ver baleado encontrado dentro de carrinha\"}]},{\"@type\":\"WebSite\",\"@id\":\"https:\/\/portaltela.pt\/#website\",\"url\":\"https:\/\/portaltela.pt\/\",\"name\":\"Portal Tela Portugal\",\"description\":\"\",\"potentialAction\":[{\"@type\":\"SearchAction\",\"target\":{\"@type\":\"EntryPoint\",\"urlTemplate\":\"https:\/\/portaltela.pt\/?s={search_term_string}\"},\"query-input\":{\"@type\":\"PropertyValueSpecification\",\"valueRequired\":true,\"valueName\":\"search_term_string\"}}],\"inLanguage\":\"pt-PT\"},{\"@type\":\"Person\",\"@id\":\"https:\/\/portaltela.pt\/#\/schema\/person\/c4278d4a6028830caff9ee44b42d32ed\",\"name\":\"Telinha\",\"image\":{\"@type\":\"ImageObject\",\"inLanguage\":\"pt-PT\",\"@id\":\"https:\/\/portaltela.pt\/s.01k8rhncp4jt1\/2025\/11\/talking-bot-125x125.png\",\"url\":\"https:\/\/portaltela.pt\/s.01k8rhncp4jt1\/2025\/11\/talking-bot-125x125.png\",\"contentUrl\":\"https:\/\/portaltela.pt\/s.01k8rhncp4jt1\/2025\/11\/talking-bot-125x125.png\",\"caption\":\"Telinha\"},\"sameAs\":[\"https:\/\/portaltela.pt\/\"],\"url\":\"https:\/\/portaltela.pt\/por\/367410592786\/\"}]}<\/script>\n<!-- \/ Yoast SEO plugin. -->","yoast_head_json":{"title":"Cad\u00e1ver baleado encontrado dentro de carrinha - Portal Tela Portugal","robots":{"index":"index","follow":"follow","max-snippet":"max-snippet:-1","max-image-preview":"max-image-preview:large","max-video-preview":"max-video-preview:-1"},"og_locale":"pt_PT","og_type":"article","og_title":"Cad\u00e1ver baleado encontrado dentro de carrinha - Portal Tela Portugal","og_description":"O cad\u00e1ver de um homem, cerca de 40 anos, foi encontrado no final da tarde de quarta-feira em Camarate, Loures, dentro de uma carrinha estacionada junto a uma zona industrial. Populares, \u00e0s 17h30, avistaram o corpo no banco do condutor e alertaram a Pol\u00edcia de Seguran\u00e7a P\u00fablica. A PSP confirmou ferimentos provocados por disparos de arma de fogo e preservou o local at\u00e9 \u00e0 chegada da Pol\u00edcia Judici\u00e1ria. Os inspetores da Pol\u00edcia Judici\u00e1ria investigam a possibilidade de homic\u00eddio. A carrinha pertence a uma empresa de design de interiores com sede em Odivelas.","og_url":"https:\/\/portaltela.pt\/noticias\/2026\/04\/29\/cadaver-baleado-encontrado-dentro-de-carrinha\/","og_site_name":"Portal Tela Portugal","article_published_time":"2026-04-29T22:18:09+00:00","author":"Telinha","twitter_card":"summary_large_image","twitter_misc":{"Escrito por":"Telinha","Tempo estimado de leitura":"1 minuto"},"schema":{"@context":"https:\/\/schema.org","@graph":[{"@type":"Article","@id":"https:\/\/portaltela.pt\/noticias\/2026\/04\/29\/cadaver-baleado-encontrado-dentro-de-carrinha\/#article","isPartOf":{"@id":"https:\/\/portaltela.pt\/noticias\/2026\/04\/29\/cadaver-baleado-encontrado-dentro-de-carrinha\/"},"author":{"name":"Telinha","@id":"https:\/\/portaltela.pt\/#\/schema\/person\/c4278d4a6028830caff9ee44b42d32ed"},"headline":"Cad\u00e1ver baleado encontrado dentro de carrinha","datePublished":"2026-04-29T22:18:09+00:00","mainEntityOfPage":{"@id":"https:\/\/portaltela.pt\/noticias\/2026\/04\/29\/cadaver-baleado-encontrado-dentro-de-carrinha\/"},"wordCount":145,"image":{"@id":"https:\/\/portaltela.pt\/noticias\/2026\/04\/29\/cadaver-baleado-encontrado-dentro-de-carrinha\/#primaryimage"},"thumbnailUrl":"https:\/\/portaltela.pt\/s.01k8rhncp4jt1\/2026\/04\/9cdaca05-3ccd-4df3-abf4-2460c98eddca_1200x675.jpg","keywords":["_arma de fogo","_crime","_homic\u00eddio","_investiga\u00e7\u00e3o","_Loures","_Pol\u00edcia Judici\u00e1ria"],"articleSection":["Crime","Pol\u00edcia"],"inLanguage":"pt-PT"},{"@type":"WebPage","@id":"https:\/\/portaltela.pt\/noticias\/2026\/04\/29\/cadaver-baleado-encontrado-dentro-de-carrinha\/","url":"https:\/\/portaltela.pt\/noticias\/2026\/04\/29\/cadaver-baleado-encontrado-dentro-de-carrinha\/","name":"Cad\u00e1ver baleado encontrado dentro de carrinha - Portal Tela Portugal","isPartOf":{"@id":"https:\/\/portaltela.pt\/#website"},"primaryImageOfPage":{"@id":"https:\/\/portaltela.pt\/noticias\/2026\/04\/29\/cadaver-baleado-encontrado-dentro-de-carrinha\/#primaryimage"},"image":{"@id":"https:\/\/portaltela.pt\/noticias\/2026\/04\/29\/cadaver-baleado-encontrado-dentro-de-carrinha\/#primaryimage"},"thumbnailUrl":"https:\/\/portaltela.pt\/s.01k8rhncp4jt1\/2026\/04\/9cdaca05-3ccd-4df3-abf4-2460c98eddca_1200x675.jpg","datePublished":"2026-04-29T22:18:09+00:00","author":{"@id":"https:\/\/portaltela.pt\/#\/schema\/person\/c4278d4a6028830caff9ee44b42d32ed"},"breadcrumb":{"@id":"https:\/\/portaltela.pt\/noticias\/2026\/04\/29\/cadaver-baleado-encontrado-dentro-de-carrinha\/#breadcrumb"},"inLanguage":"pt-PT","potentialAction":[{"@type":"ReadAction","target":["https:\/\/portaltela.pt\/noticias\/2026\/04\/29\/cadaver-baleado-encontrado-dentro-de-carrinha\/"]}]},{"@type":"ImageObject","inLanguage":"pt-PT","@id":"https:\/\/portaltela.pt\/noticias\/2026\/04\/29\/cadaver-baleado-encontrado-dentro-de-carrinha\/#primaryimage","url":"https:\/\/portaltela.pt\/s.01k8rhncp4jt1\/2026\/04\/9cdaca05-3ccd-4df3-abf4-2460c98eddca_1200x675.jpg","contentUrl":"https:\/\/portaltela.pt\/s.01k8rhncp4jt1\/2026\/04\/9cdaca05-3ccd-4df3-abf4-2460c98eddca_1200x675.jpg","width":796,"height":448,"caption":"Pol\u00edcia foi alertada por populares"},{"@type":"BreadcrumbList","@id":"https:\/\/portaltela.pt\/noticias\/2026\/04\/29\/cadaver-baleado-encontrado-dentro-de-carrinha\/#breadcrumb","itemListElement":[{"@type":"ListItem","position":1,"name":"In\u00edcio","item":"https:\/\/portaltela.pt\/"},{"@type":"ListItem","position":2,"name":"Cad\u00e1ver baleado encontrado dentro de carrinha"}]},{"@type":"WebSite","@id":"https:\/\/portaltela.pt\/#website","url":"https:\/\/portaltela.pt\/","name":"Portal Tela Portugal","description":"","potentialAction":[{"@type":"SearchAction","target":{"@type":"EntryPoint","urlTemplate":"https:\/\/portaltela.pt\/?s={search_term_string}"},"query-input":{"@type":"PropertyValueSpecification","valueRequired":true,"valueName":"search_term_string"}}],"inLanguage":"pt-PT"},{"@type":"Person","@id":"https:\/\/portaltela.pt\/#\/schema\/person\/c4278d4a6028830caff9ee44b42d32ed","name":"Telinha","image":{"@type":"ImageObject","inLanguage":"pt-PT","@id":"https:\/\/portaltela.pt\/s.01k8rhncp4jt1\/2025\/11\/talking-bot-125x125.png","url":"https:\/\/portaltela.pt\/s.01k8rhncp4jt1\/2025\/11\/talking-bot-125x125.png","contentUrl":"https:\/\/portaltela.pt\/s.01k8rhncp4jt1\/2025\/11\/talking-bot-125x125.png","caption":"Telinha"},"sameAs":["https:\/\/portaltela.pt\/"],"url":"https:\/\/portaltela.pt\/por\/367410592786\/"}]}},"_links":{"self":[{"href":"https:\/\/portaltela.pt\/api\/wp\/v2\/posts\/461641","targetHints":{"allow":["GET"]}}],"collection":[{"href":"https:\/\/portaltela.pt\/api\/wp\/v2\/posts"}],"about":[{"href":"https:\/\/portaltela.pt\/api\/wp\/v2\/types\/post"}],"author":[{"embeddable":true,"href":"https:\/\/portaltela.pt\/api\/wp\/v2\/users\/2"}],"replies":[{"embeddable":true,"href":"https:\/\/portaltela.pt\/api\/wp\/v2\/comments?post=461641"}],"version-history":[{"count":0,"href":"https:\/\/portaltela.pt\/api\/wp\/v2\/posts\/461641\/revisions"}],"wp:featuredmedia":[{"embeddable":true,"href":"https:\/\/portaltela.pt\/api\/wp\/v2\/media\/461645"}],"wp:attachment":[{"href":"https:\/\/portaltela.pt\/api\/wp\/v2\/media?parent=461641"}],"wp:term":[{"taxonomy":"category","embeddable":true,"href":"https:\/\/portaltela.pt\/api\/wp\/v2\/categories?post=461641"},{"taxonomy":"post_tag","embeddable":true,"href":"https:\/\/portaltela.pt\/api\/wp\/v2\/tags?post=461641"}],"curies":[{"name":"wp","href":"https:\/\/api.w.org\/{rel}","templated":true}]}}