{"id":461638,"date":"2026-04-29T19:17:58","date_gmt":"2026-04-29T22:17:58","guid":{"rendered":"https:\/\/portaltela.pt\/noticias\/2026\/04\/29\/marcha-silenciosa-pela-seguranca-do-cidadao-de-coimbra-realizada-hoje\/"},"modified":"2026-04-29T19:17:58","modified_gmt":"2026-04-29T22:17:58","slug":"marcha-silenciosa-pela-seguranca-do-cidadao-de-coimbra-realizada-hoje","status":"publish","type":"post","link":"https:\/\/portaltela.pt\/seguranca\/2026\/04\/29\/marcha-silenciosa-pela-seguranca-do-cidadao-de-coimbra-realizada-hoje\/","title":{"rendered":"Marcha silenciosa pela seguran\u00e7a do cidad\u00e3o de Coimbra realizada hoje"},"content":{"rendered":"<p>Em Coimbra, dezenas de pessoas participaram hoje numa marcha silenciosa pela seguran\u00e7a do cidad\u00e3o, organizada por moradores e comerciantes. O objetivo: exigir a reativa\u00e7\u00e3o da 2\u00aa Equipa de Interven\u00e7\u00e3o R\u00e1pida (EIR) da PSP de Coimbra, desativada em fevereiro de 2023. A marcha terminou junto ao Comando Distrital da PSP de Coimbra.<\/p>\n<p>O protesto refletiu um sentimento crescente de inseguran\u00e7a entre a popula\u00e7\u00e3o local e os comerciantes da cidade, que consideram a presen\u00e7a de uma unidade especializada essencial para a atua\u00e7\u00e3o r\u00e1pida em situa\u00e7\u00f5es cr\u00edticas.<\/p>\n<p>O movimento surgiu ap\u00f3s a extin\u00e7\u00e3o da EIR de Coimbra. Em junho de 2025 foi entregue na Assembleia da Rep\u00fablica uma peti\u00e7\u00e3o com mais de 10 mil assinaturas, visando pressionar as autoridades para a reativa\u00e7\u00e3o da unidade.<\/p>\n<p>A organiza\u00e7\u00e3o envolve moradores e comerciantes que pedem resposta das autoridades competentes, argumentando que a EIR contribuiria para a preven\u00e7\u00e3o e resposta a incidentes na regi\u00e3o. A a\u00e7\u00e3o manteve o tom pac\u00edfico ao longo de todo o percurso.<\/p>\n","protected":false},"excerpt":{"rendered":"<ul>\n<li>Marcha silenciosa realizada hoje em Coimbra em defesa do regresso da 2\u00ba Equipa de Interven\u00e7\u00e3o R\u00e1pida (EIR) da PSP de Coimbra, desativada em fevereiro de 2023.<\/li>\n<li>A concentra\u00e7\u00e3o reuniu algumas dezenas de pessoas e terminou em frente ao Comando Distrital da PSP de Coimbra.<\/li>\n<li>O movimento reflete um sentimento crescente de inseguran\u00e7a na cidade.<\/li>\n<li>Foi criado ap\u00f3s a extin\u00e7\u00e3o da equipa de Interven\u00e7\u00e3o R\u00e1pida da PSP de Coimbra.<\/li>\n<li>Em junho de 2025 foi entregue na Assembleia da Rep\u00fablica uma peti\u00e7\u00e3o com mais de 10 mil assinaturas para pressionar a reativa\u00e7\u00e3o da unidade.<\/li>\n<\/ul>\n","protected":false},"author":2,"featured_media":461640,"comment_status":"closed","ping_status":"closed","sticky":false,"template":"","format":"standard","meta":{"footnotes":""},"categories":[6781,6779],"tags":[7971,9968,8912,8652,8041,7878],"class_list":["post-461638","post","type-post","status-publish","format-standard","has-post-thumbnail","hentry","category-policia","category-seguranca","tag-_coimbra","tag-_comerciantes","tag-_moradores","tag-_protestos","tag-_psp","tag-_seguranca-publica"],"yoast_head":"<!-- This site is optimized with the Yoast SEO plugin v27.2 - https:\/\/yoast.com\/product\/yoast-seo-wordpress\/ -->\n<title>Marcha silenciosa pela seguran\u00e7a do cidad\u00e3o de Coimbra realizada hoje - Portal Tela Portugal<\/title>\n<meta name=\"robots\" content=\"index, follow, max-snippet:-1, max-image-preview:large, max-video-preview:-1\" \/>\n<meta property=\"og:locale\" content=\"pt_PT\" \/>\n<meta property=\"og:type\" content=\"article\" \/>\n<meta property=\"og:title\" content=\"Marcha silenciosa pela seguran\u00e7a do cidad\u00e3o de Coimbra realizada hoje - Portal Tela Portugal\" \/>\n<meta property=\"og:description\" content=\"Marcha silenciosa realizada hoje em Coimbra em defesa do regresso da 2\u00ba Equipa de Interven\u00e7\u00e3o R\u00e1pida (EIR) da PSP de Coimbra, desativada em fevereiro de 2023. A concentra\u00e7\u00e3o reuniu algumas dezenas de pessoas e terminou em frente ao Comando Distrital da PSP de Coimbra. O movimento reflete um sentimento crescente de inseguran\u00e7a na cidade. Foi criado ap\u00f3s a extin\u00e7\u00e3o da equipa de Interven\u00e7\u00e3o R\u00e1pida da PSP de Coimbra. Em junho de 2025 foi entregue na Assembleia da Rep\u00fablica uma peti\u00e7\u00e3o com mais de 10 mil assinaturas para pressionar a reativa\u00e7\u00e3o da unidade.\" \/>\n<meta property=\"og:url\" content=\"https:\/\/portaltela.pt\/noticias\/2026\/04\/29\/marcha-silenciosa-pela-seguranca-do-cidadao-de-coimbra-realizada-hoje\/\" \/>\n<meta property=\"og:site_name\" content=\"Portal Tela Portugal\" \/>\n<meta property=\"article:published_time\" content=\"2026-04-29T22:17:58+00:00\" \/>\n<meta name=\"author\" content=\"Telinha\" \/>\n<meta name=\"twitter:card\" content=\"summary_large_image\" \/>\n<meta name=\"twitter:label1\" content=\"Escrito por\" \/>\n\t<meta name=\"twitter:data1\" content=\"Telinha\" \/>\n\t<meta name=\"twitter:label2\" content=\"Tempo estimado de leitura\" \/>\n\t<meta name=\"twitter:data2\" content=\"1 minuto\" \/>\n<script type=\"application\/ld+json\" class=\"yoast-schema-graph\">{\"@context\":\"https:\/\/schema.org\",\"@graph\":[{\"@type\":\"Article\",\"@id\":\"https:\/\/portaltela.pt\/noticias\/2026\/04\/29\/marcha-silenciosa-pela-seguranca-do-cidadao-de-coimbra-realizada-hoje\/#article\",\"isPartOf\":{\"@id\":\"https:\/\/portaltela.pt\/noticias\/2026\/04\/29\/marcha-silenciosa-pela-seguranca-do-cidadao-de-coimbra-realizada-hoje\/\"},\"author\":{\"name\":\"Telinha\",\"@id\":\"https:\/\/portaltela.pt\/#\/schema\/person\/c4278d4a6028830caff9ee44b42d32ed\"},\"headline\":\"Marcha silenciosa pela seguran\u00e7a do cidad\u00e3o de Coimbra realizada hoje\",\"datePublished\":\"2026-04-29T22:17:58+00:00\",\"mainEntityOfPage\":{\"@id\":\"https:\/\/portaltela.pt\/noticias\/2026\/04\/29\/marcha-silenciosa-pela-seguranca-do-cidadao-de-coimbra-realizada-hoje\/\"},\"wordCount\":189,\"image\":{\"@id\":\"https:\/\/portaltela.pt\/noticias\/2026\/04\/29\/marcha-silenciosa-pela-seguranca-do-cidadao-de-coimbra-realizada-hoje\/#primaryimage\"},\"thumbnailUrl\":\"https:\/\/portaltela.pt\/s.01k8rhncp4jt1\/2026\/04\/img_1500x1000uu2026-04-29-23-14-11-2281978.jpg\",\"keywords\":[\"_Coimbra\",\"_comerciantes\",\"_moradores\",\"_protestos\",\"_PSP\",\"_seguran\u00e7a p\u00fablica\"],\"articleSection\":[\"Pol\u00edcia\",\"Seguran\u00e7a\"],\"inLanguage\":\"pt-PT\"},{\"@type\":\"WebPage\",\"@id\":\"https:\/\/portaltela.pt\/noticias\/2026\/04\/29\/marcha-silenciosa-pela-seguranca-do-cidadao-de-coimbra-realizada-hoje\/\",\"url\":\"https:\/\/portaltela.pt\/noticias\/2026\/04\/29\/marcha-silenciosa-pela-seguranca-do-cidadao-de-coimbra-realizada-hoje\/\",\"name\":\"Marcha silenciosa pela seguran\u00e7a do cidad\u00e3o de Coimbra realizada hoje - Portal Tela Portugal\",\"isPartOf\":{\"@id\":\"https:\/\/portaltela.pt\/#website\"},\"primaryImageOfPage\":{\"@id\":\"https:\/\/portaltela.pt\/noticias\/2026\/04\/29\/marcha-silenciosa-pela-seguranca-do-cidadao-de-coimbra-realizada-hoje\/#primaryimage\"},\"image\":{\"@id\":\"https:\/\/portaltela.pt\/noticias\/2026\/04\/29\/marcha-silenciosa-pela-seguranca-do-cidadao-de-coimbra-realizada-hoje\/#primaryimage\"},\"thumbnailUrl\":\"https:\/\/portaltela.pt\/s.01k8rhncp4jt1\/2026\/04\/img_1500x1000uu2026-04-29-23-14-11-2281978.jpg\",\"datePublished\":\"2026-04-29T22:17:58+00:00\",\"author\":{\"@id\":\"https:\/\/portaltela.pt\/#\/schema\/person\/c4278d4a6028830caff9ee44b42d32ed\"},\"breadcrumb\":{\"@id\":\"https:\/\/portaltela.pt\/noticias\/2026\/04\/29\/marcha-silenciosa-pela-seguranca-do-cidadao-de-coimbra-realizada-hoje\/#breadcrumb\"},\"inLanguage\":\"pt-PT\",\"potentialAction\":[{\"@type\":\"ReadAction\",\"target\":[\"https:\/\/portaltela.pt\/noticias\/2026\/04\/29\/marcha-silenciosa-pela-seguranca-do-cidadao-de-coimbra-realizada-hoje\/\"]}]},{\"@type\":\"ImageObject\",\"inLanguage\":\"pt-PT\",\"@id\":\"https:\/\/portaltela.pt\/noticias\/2026\/04\/29\/marcha-silenciosa-pela-seguranca-do-cidadao-de-coimbra-realizada-hoje\/#primaryimage\",\"url\":\"https:\/\/portaltela.pt\/s.01k8rhncp4jt1\/2026\/04\/img_1500x1000uu2026-04-29-23-14-11-2281978.jpg\",\"contentUrl\":\"https:\/\/portaltela.pt\/s.01k8rhncp4jt1\/2026\/04\/img_1500x1000uu2026-04-29-23-14-11-2281978.jpg\",\"width\":796,\"height\":448,\"caption\":\"Marcha silenciosa \u2018Pela seguran\u00e7a do cidad\u00e3o de Coimbra\u2019 realizada hoje\"},{\"@type\":\"BreadcrumbList\",\"@id\":\"https:\/\/portaltela.pt\/noticias\/2026\/04\/29\/marcha-silenciosa-pela-seguranca-do-cidadao-de-coimbra-realizada-hoje\/#breadcrumb\",\"itemListElement\":[{\"@type\":\"ListItem\",\"position\":1,\"name\":\"In\u00edcio\",\"item\":\"https:\/\/portaltela.pt\/\"},{\"@type\":\"ListItem\",\"position\":2,\"name\":\"Marcha silenciosa pela seguran\u00e7a do cidad\u00e3o de Coimbra realizada hoje\"}]},{\"@type\":\"WebSite\",\"@id\":\"https:\/\/portaltela.pt\/#website\",\"url\":\"https:\/\/portaltela.pt\/\",\"name\":\"Portal Tela Portugal\",\"description\":\"\",\"potentialAction\":[{\"@type\":\"SearchAction\",\"target\":{\"@type\":\"EntryPoint\",\"urlTemplate\":\"https:\/\/portaltela.pt\/?s={search_term_string}\"},\"query-input\":{\"@type\":\"PropertyValueSpecification\",\"valueRequired\":true,\"valueName\":\"search_term_string\"}}],\"inLanguage\":\"pt-PT\"},{\"@type\":\"Person\",\"@id\":\"https:\/\/portaltela.pt\/#\/schema\/person\/c4278d4a6028830caff9ee44b42d32ed\",\"name\":\"Telinha\",\"image\":{\"@type\":\"ImageObject\",\"inLanguage\":\"pt-PT\",\"@id\":\"https:\/\/portaltela.pt\/s.01k8rhncp4jt1\/2025\/11\/talking-bot-125x125.png\",\"url\":\"https:\/\/portaltela.pt\/s.01k8rhncp4jt1\/2025\/11\/talking-bot-125x125.png\",\"contentUrl\":\"https:\/\/portaltela.pt\/s.01k8rhncp4jt1\/2025\/11\/talking-bot-125x125.png\",\"caption\":\"Telinha\"},\"sameAs\":[\"https:\/\/portaltela.pt\/\"],\"url\":\"https:\/\/portaltela.pt\/por\/367410592786\/\"}]}<\/script>\n<!-- \/ Yoast SEO plugin. -->","yoast_head_json":{"title":"Marcha silenciosa pela seguran\u00e7a do cidad\u00e3o de Coimbra realizada hoje - Portal Tela Portugal","robots":{"index":"index","follow":"follow","max-snippet":"max-snippet:-1","max-image-preview":"max-image-preview:large","max-video-preview":"max-video-preview:-1"},"og_locale":"pt_PT","og_type":"article","og_title":"Marcha silenciosa pela seguran\u00e7a do cidad\u00e3o de Coimbra realizada hoje - Portal Tela Portugal","og_description":"Marcha silenciosa realizada hoje em Coimbra em defesa do regresso da 2\u00ba Equipa de Interven\u00e7\u00e3o R\u00e1pida (EIR) da PSP de Coimbra, desativada em fevereiro de 2023. A concentra\u00e7\u00e3o reuniu algumas dezenas de pessoas e terminou em frente ao Comando Distrital da PSP de Coimbra. O movimento reflete um sentimento crescente de inseguran\u00e7a na cidade. Foi criado ap\u00f3s a extin\u00e7\u00e3o da equipa de Interven\u00e7\u00e3o R\u00e1pida da PSP de Coimbra. Em junho de 2025 foi entregue na Assembleia da Rep\u00fablica uma peti\u00e7\u00e3o com mais de 10 mil assinaturas para pressionar a reativa\u00e7\u00e3o da unidade.","og_url":"https:\/\/portaltela.pt\/noticias\/2026\/04\/29\/marcha-silenciosa-pela-seguranca-do-cidadao-de-coimbra-realizada-hoje\/","og_site_name":"Portal Tela Portugal","article_published_time":"2026-04-29T22:17:58+00:00","author":"Telinha","twitter_card":"summary_large_image","twitter_misc":{"Escrito por":"Telinha","Tempo estimado de leitura":"1 minuto"},"schema":{"@context":"https:\/\/schema.org","@graph":[{"@type":"Article","@id":"https:\/\/portaltela.pt\/noticias\/2026\/04\/29\/marcha-silenciosa-pela-seguranca-do-cidadao-de-coimbra-realizada-hoje\/#article","isPartOf":{"@id":"https:\/\/portaltela.pt\/noticias\/2026\/04\/29\/marcha-silenciosa-pela-seguranca-do-cidadao-de-coimbra-realizada-hoje\/"},"author":{"name":"Telinha","@id":"https:\/\/portaltela.pt\/#\/schema\/person\/c4278d4a6028830caff9ee44b42d32ed"},"headline":"Marcha silenciosa pela seguran\u00e7a do cidad\u00e3o de Coimbra realizada hoje","datePublished":"2026-04-29T22:17:58+00:00","mainEntityOfPage":{"@id":"https:\/\/portaltela.pt\/noticias\/2026\/04\/29\/marcha-silenciosa-pela-seguranca-do-cidadao-de-coimbra-realizada-hoje\/"},"wordCount":189,"image":{"@id":"https:\/\/portaltela.pt\/noticias\/2026\/04\/29\/marcha-silenciosa-pela-seguranca-do-cidadao-de-coimbra-realizada-hoje\/#primaryimage"},"thumbnailUrl":"https:\/\/portaltela.pt\/s.01k8rhncp4jt1\/2026\/04\/img_1500x1000uu2026-04-29-23-14-11-2281978.jpg","keywords":["_Coimbra","_comerciantes","_moradores","_protestos","_PSP","_seguran\u00e7a p\u00fablica"],"articleSection":["Pol\u00edcia","Seguran\u00e7a"],"inLanguage":"pt-PT"},{"@type":"WebPage","@id":"https:\/\/portaltela.pt\/noticias\/2026\/04\/29\/marcha-silenciosa-pela-seguranca-do-cidadao-de-coimbra-realizada-hoje\/","url":"https:\/\/portaltela.pt\/noticias\/2026\/04\/29\/marcha-silenciosa-pela-seguranca-do-cidadao-de-coimbra-realizada-hoje\/","name":"Marcha silenciosa pela seguran\u00e7a do cidad\u00e3o de Coimbra realizada hoje - Portal Tela Portugal","isPartOf":{"@id":"https:\/\/portaltela.pt\/#website"},"primaryImageOfPage":{"@id":"https:\/\/portaltela.pt\/noticias\/2026\/04\/29\/marcha-silenciosa-pela-seguranca-do-cidadao-de-coimbra-realizada-hoje\/#primaryimage"},"image":{"@id":"https:\/\/portaltela.pt\/noticias\/2026\/04\/29\/marcha-silenciosa-pela-seguranca-do-cidadao-de-coimbra-realizada-hoje\/#primaryimage"},"thumbnailUrl":"https:\/\/portaltela.pt\/s.01k8rhncp4jt1\/2026\/04\/img_1500x1000uu2026-04-29-23-14-11-2281978.jpg","datePublished":"2026-04-29T22:17:58+00:00","author":{"@id":"https:\/\/portaltela.pt\/#\/schema\/person\/c4278d4a6028830caff9ee44b42d32ed"},"breadcrumb":{"@id":"https:\/\/portaltela.pt\/noticias\/2026\/04\/29\/marcha-silenciosa-pela-seguranca-do-cidadao-de-coimbra-realizada-hoje\/#breadcrumb"},"inLanguage":"pt-PT","potentialAction":[{"@type":"ReadAction","target":["https:\/\/portaltela.pt\/noticias\/2026\/04\/29\/marcha-silenciosa-pela-seguranca-do-cidadao-de-coimbra-realizada-hoje\/"]}]},{"@type":"ImageObject","inLanguage":"pt-PT","@id":"https:\/\/portaltela.pt\/noticias\/2026\/04\/29\/marcha-silenciosa-pela-seguranca-do-cidadao-de-coimbra-realizada-hoje\/#primaryimage","url":"https:\/\/portaltela.pt\/s.01k8rhncp4jt1\/2026\/04\/img_1500x1000uu2026-04-29-23-14-11-2281978.jpg","contentUrl":"https:\/\/portaltela.pt\/s.01k8rhncp4jt1\/2026\/04\/img_1500x1000uu2026-04-29-23-14-11-2281978.jpg","width":796,"height":448,"caption":"Marcha silenciosa \u2018Pela seguran\u00e7a do cidad\u00e3o de Coimbra\u2019 realizada hoje"},{"@type":"BreadcrumbList","@id":"https:\/\/portaltela.pt\/noticias\/2026\/04\/29\/marcha-silenciosa-pela-seguranca-do-cidadao-de-coimbra-realizada-hoje\/#breadcrumb","itemListElement":[{"@type":"ListItem","position":1,"name":"In\u00edcio","item":"https:\/\/portaltela.pt\/"},{"@type":"ListItem","position":2,"name":"Marcha silenciosa pela seguran\u00e7a do cidad\u00e3o de Coimbra realizada hoje"}]},{"@type":"WebSite","@id":"https:\/\/portaltela.pt\/#website","url":"https:\/\/portaltela.pt\/","name":"Portal Tela Portugal","description":"","potentialAction":[{"@type":"SearchAction","target":{"@type":"EntryPoint","urlTemplate":"https:\/\/portaltela.pt\/?s={search_term_string}"},"query-input":{"@type":"PropertyValueSpecification","valueRequired":true,"valueName":"search_term_string"}}],"inLanguage":"pt-PT"},{"@type":"Person","@id":"https:\/\/portaltela.pt\/#\/schema\/person\/c4278d4a6028830caff9ee44b42d32ed","name":"Telinha","image":{"@type":"ImageObject","inLanguage":"pt-PT","@id":"https:\/\/portaltela.pt\/s.01k8rhncp4jt1\/2025\/11\/talking-bot-125x125.png","url":"https:\/\/portaltela.pt\/s.01k8rhncp4jt1\/2025\/11\/talking-bot-125x125.png","contentUrl":"https:\/\/portaltela.pt\/s.01k8rhncp4jt1\/2025\/11\/talking-bot-125x125.png","caption":"Telinha"},"sameAs":["https:\/\/portaltela.pt\/"],"url":"https:\/\/portaltela.pt\/por\/367410592786\/"}]}},"_links":{"self":[{"href":"https:\/\/portaltela.pt\/api\/wp\/v2\/posts\/461638","targetHints":{"allow":["GET"]}}],"collection":[{"href":"https:\/\/portaltela.pt\/api\/wp\/v2\/posts"}],"about":[{"href":"https:\/\/portaltela.pt\/api\/wp\/v2\/types\/post"}],"author":[{"embeddable":true,"href":"https:\/\/portaltela.pt\/api\/wp\/v2\/users\/2"}],"replies":[{"embeddable":true,"href":"https:\/\/portaltela.pt\/api\/wp\/v2\/comments?post=461638"}],"version-history":[{"count":0,"href":"https:\/\/portaltela.pt\/api\/wp\/v2\/posts\/461638\/revisions"}],"wp:featuredmedia":[{"embeddable":true,"href":"https:\/\/portaltela.pt\/api\/wp\/v2\/media\/461640"}],"wp:attachment":[{"href":"https:\/\/portaltela.pt\/api\/wp\/v2\/media?parent=461638"}],"wp:term":[{"taxonomy":"category","embeddable":true,"href":"https:\/\/portaltela.pt\/api\/wp\/v2\/categories?post=461638"},{"taxonomy":"post_tag","embeddable":true,"href":"https:\/\/portaltela.pt\/api\/wp\/v2\/tags?post=461638"}],"curies":[{"name":"wp","href":"https:\/\/api.w.org\/{rel}","templated":true}]}}