{"id":461637,"date":"2026-04-29T19:17:54","date_gmt":"2026-04-29T22:17:54","guid":{"rendered":"https:\/\/portaltela.pt\/noticias\/2026\/04\/29\/suecia-apreende-navio-da-frota-fantasma-russa\/"},"modified":"2026-04-29T19:17:54","modified_gmt":"2026-04-29T22:17:54","slug":"suecia-apreende-navio-da-frota-fantasma-russa","status":"publish","type":"post","link":"https:\/\/portaltela.pt\/noticias\/internacional\/2026\/04\/29\/suecia-apreende-navio-da-frota-fantasma-russa\/","title":{"rendered":"Su\u00e9cia apreende navio da frota fantasma russa"},"content":{"rendered":"<p>A Su\u00e9cia apreendeu o cargueiro Caffa, navio da chamada frota fantasma russa, suspeito de transportar trigo ucraniano roubado. A opera\u00e7\u00e3o ocorreu ap\u00f3s uma investiga\u00e7\u00e3o internacional iniciada no in\u00edcio de mar\u00e7o, anunciada pela procuradoria nacional.<\/p>\n<p>O barco, com 96 metros de comprimento, saiu de Casablanca em 24 de fevereiro e dirigia-se a S\u00e3o Petersburgo quando foi abordado pela pol\u00edcia \u00e0 superf\u00edcie, ao largo de Trelleborg, no sul do pa\u00eds, a 6 de mar\u00e7o. Um tripulante foi detido dias depois por infra\u00e7\u00f5es ao c\u00f3digo mar\u00edtimo e ao regime de seguran\u00e7a, al\u00e9m de uso de documentos falsos.<\/p>\n<p>A procuradoria informou que o navio foi apreendido mediante um pedido de coopera\u00e7\u00e3o judici\u00e1ria de outro Estado, indicado apenas como estrangeiro. O objetivo \u00e9 permitir ao tribunal decidir sobre a poss\u00edvel entrega desse Estado.<\/p>\n<p>Segundo o procurador Hakan Larsson, a decis\u00e3o de apreens\u00e3o visa possibilitar a continua\u00e7\u00e3o das investiga\u00e7\u00f5es na Su\u00e9cia. O objetivo \u00e9 esclarecer a eventual viola\u00e7\u00e3o de san\u00e7\u00f5es e a rela\u00e7\u00e3o com o transporte de trigo de origem ucraniana.<\/p>\n<p>Em mar\u00e7o, a guarda costeira sueca havia destacado que o Caffa constava na lista de san\u00e7\u00f5es da Ucr\u00e2nia e navegava sob a bandeira da Guin\u00e9, alegadamente falsa. A embaixada da R\u00fassia em Estocolmo informou que 10 dos 11 membros da tripula\u00e7\u00e3o eram russos.<\/p>\n<p>O chefe interino das opera\u00e7\u00f5es dos guardas costeiros, Daniel Stenling, indicou \u00e0 imprensa que havia informa\u00e7\u00f5es sobre o uso do navio para transportar trigo roubado \u00e0 Ucr\u00e2nia. A autoridade sueca n\u00e3o especificou o pa\u00eds de origem das instru\u00e7\u00f5es para a apreens\u00e3o.<\/p>\n","protected":false},"excerpt":{"rendered":"<ul>\n<li>A Su\u00e9cia apreendeu o cargueiro Caffa, da frota fantasma russa, suspeito de transportar trigo ucraniano roubado, ap\u00f3s a abordagem no in\u00edcio de mar\u00e7o.<\/li>\n<li>O navio, de 96 metros (315 p\u00e9s), tinha sa\u00eddo de Casablanca a 24 de fevereiro e seguia para S\u00e3o Petersburgo quando foi abordado pela pol\u00edcia sueca ao largo de Trelleborg, a 06 de mar\u00e7o.<\/li>\n<li>Um membro da tripula\u00e7\u00e3o foi detido dias depois, suspeito de infra\u00e7\u00f5es ao c\u00f3digo mar\u00edtimo, \u00e0 seguran\u00e7a dos navios e de uso de documentos falsos.<\/li>\n<li>A apreens\u00e3o ocorreu a pedido de coopera\u00e7\u00e3o judici\u00e1ria de um Estado estrangeiro, que n\u00e3o foi especificado pela procuradoria.<\/li>\n<li>O Caffa constava na lista de san\u00e7\u00f5es da Ucr\u00e2nia e navegava sob bandeira da Guin\u00e9 com informa\u00e7\u00f5es anteriores de uso para transportar trigo roubado \u00e0 Ucr\u00e2nia.<\/li>\n<\/ul>\n","protected":false},"author":2,"featured_media":461639,"comment_status":"closed","ping_status":"closed","sticky":false,"template":"","format":"standard","meta":{"footnotes":""},"categories":[6814,4],"tags":[7991,9121,8035,8397,8943,7994],"class_list":["post-461637","post","type-post","status-publish","format-standard","has-post-thumbnail","hentry","category-geopolitica","category-internacional","tag-_cooperacao-internacional","tag-_navios","tag-_russia","tag-_sancoes-internacionais","tag-_transporte-maritimo","tag-_ucrania"],"yoast_head":"<!-- This site is optimized with the Yoast SEO plugin v27.2 - https:\/\/yoast.com\/product\/yoast-seo-wordpress\/ -->\n<title>Su\u00e9cia apreende navio da frota fantasma russa - Portal Tela Portugal<\/title>\n<meta name=\"robots\" content=\"index, follow, max-snippet:-1, max-image-preview:large, max-video-preview:-1\" \/>\n<meta property=\"og:locale\" content=\"pt_PT\" \/>\n<meta property=\"og:type\" content=\"article\" \/>\n<meta property=\"og:title\" content=\"Su\u00e9cia apreende navio da frota fantasma russa - Portal Tela Portugal\" \/>\n<meta property=\"og:description\" content=\"A Su\u00e9cia apreendeu o cargueiro Caffa, da frota fantasma russa, suspeito de transportar trigo ucraniano roubado, ap\u00f3s a abordagem no in\u00edcio de mar\u00e7o. O navio, de 96 metros (315 p\u00e9s), tinha sa\u00eddo de Casablanca a 24 de fevereiro e seguia para S\u00e3o Petersburgo quando foi abordado pela pol\u00edcia sueca ao largo de Trelleborg, a 06 de mar\u00e7o. Um membro da tripula\u00e7\u00e3o foi detido dias depois, suspeito de infra\u00e7\u00f5es ao c\u00f3digo mar\u00edtimo, \u00e0 seguran\u00e7a dos navios e de uso de documentos falsos. A apreens\u00e3o ocorreu a pedido de coopera\u00e7\u00e3o judici\u00e1ria de um Estado estrangeiro, que n\u00e3o foi especificado pela procuradoria. O Caffa constava na lista de san\u00e7\u00f5es da Ucr\u00e2nia e navegava sob bandeira da Guin\u00e9 com informa\u00e7\u00f5es anteriores de uso para transportar trigo roubado \u00e0 Ucr\u00e2nia.\" \/>\n<meta property=\"og:url\" content=\"https:\/\/portaltela.pt\/noticias\/2026\/04\/29\/suecia-apreende-navio-da-frota-fantasma-russa\/\" \/>\n<meta property=\"og:site_name\" content=\"Portal Tela Portugal\" \/>\n<meta property=\"article:published_time\" content=\"2026-04-29T22:17:54+00:00\" \/>\n<meta name=\"author\" content=\"Telinha\" \/>\n<meta name=\"twitter:card\" content=\"summary_large_image\" \/>\n<meta name=\"twitter:label1\" content=\"Escrito por\" \/>\n\t<meta name=\"twitter:data1\" content=\"Telinha\" \/>\n\t<meta name=\"twitter:label2\" content=\"Tempo estimado de leitura\" \/>\n\t<meta name=\"twitter:data2\" content=\"1 minuto\" \/>\n<script type=\"application\/ld+json\" class=\"yoast-schema-graph\">{\"@context\":\"https:\/\/schema.org\",\"@graph\":[{\"@type\":\"Article\",\"@id\":\"https:\/\/portaltela.pt\/noticias\/2026\/04\/29\/suecia-apreende-navio-da-frota-fantasma-russa\/#article\",\"isPartOf\":{\"@id\":\"https:\/\/portaltela.pt\/noticias\/2026\/04\/29\/suecia-apreende-navio-da-frota-fantasma-russa\/\"},\"author\":{\"name\":\"Telinha\",\"@id\":\"https:\/\/portaltela.pt\/#\/schema\/person\/c4278d4a6028830caff9ee44b42d32ed\"},\"headline\":\"Su\u00e9cia apreende navio da frota fantasma russa\",\"datePublished\":\"2026-04-29T22:17:54+00:00\",\"mainEntityOfPage\":{\"@id\":\"https:\/\/portaltela.pt\/noticias\/2026\/04\/29\/suecia-apreende-navio-da-frota-fantasma-russa\/\"},\"wordCount\":286,\"image\":{\"@id\":\"https:\/\/portaltela.pt\/noticias\/2026\/04\/29\/suecia-apreende-navio-da-frota-fantasma-russa\/#primaryimage\"},\"thumbnailUrl\":\"https:\/\/portaltela.pt\/s.01k8rhncp4jt1\/2026\/04\/img_1280x721uu2026-04-29-23-09-15-2281977.jpg\",\"keywords\":[\"_coopera\u00e7\u00e3o internacional\",\"_navios\",\"_R\u00fassia\",\"_san\u00e7\u00f5es internacionais\",\"_transporte mar\u00edtimo\",\"_Ucr\u00e2nia\"],\"articleSection\":[\"Geopol\u00edtica\",\"Internacional\"],\"inLanguage\":\"pt-PT\"},{\"@type\":\"WebPage\",\"@id\":\"https:\/\/portaltela.pt\/noticias\/2026\/04\/29\/suecia-apreende-navio-da-frota-fantasma-russa\/\",\"url\":\"https:\/\/portaltela.pt\/noticias\/2026\/04\/29\/suecia-apreende-navio-da-frota-fantasma-russa\/\",\"name\":\"Su\u00e9cia apreende navio da frota fantasma russa - Portal Tela Portugal\",\"isPartOf\":{\"@id\":\"https:\/\/portaltela.pt\/#website\"},\"primaryImageOfPage\":{\"@id\":\"https:\/\/portaltela.pt\/noticias\/2026\/04\/29\/suecia-apreende-navio-da-frota-fantasma-russa\/#primaryimage\"},\"image\":{\"@id\":\"https:\/\/portaltela.pt\/noticias\/2026\/04\/29\/suecia-apreende-navio-da-frota-fantasma-russa\/#primaryimage\"},\"thumbnailUrl\":\"https:\/\/portaltela.pt\/s.01k8rhncp4jt1\/2026\/04\/img_1280x721uu2026-04-29-23-09-15-2281977.jpg\",\"datePublished\":\"2026-04-29T22:17:54+00:00\",\"author\":{\"@id\":\"https:\/\/portaltela.pt\/#\/schema\/person\/c4278d4a6028830caff9ee44b42d32ed\"},\"breadcrumb\":{\"@id\":\"https:\/\/portaltela.pt\/noticias\/2026\/04\/29\/suecia-apreende-navio-da-frota-fantasma-russa\/#breadcrumb\"},\"inLanguage\":\"pt-PT\",\"potentialAction\":[{\"@type\":\"ReadAction\",\"target\":[\"https:\/\/portaltela.pt\/noticias\/2026\/04\/29\/suecia-apreende-navio-da-frota-fantasma-russa\/\"]}]},{\"@type\":\"ImageObject\",\"inLanguage\":\"pt-PT\",\"@id\":\"https:\/\/portaltela.pt\/noticias\/2026\/04\/29\/suecia-apreende-navio-da-frota-fantasma-russa\/#primaryimage\",\"url\":\"https:\/\/portaltela.pt\/s.01k8rhncp4jt1\/2026\/04\/img_1280x721uu2026-04-29-23-09-15-2281977.jpg\",\"contentUrl\":\"https:\/\/portaltela.pt\/s.01k8rhncp4jt1\/2026\/04\/img_1280x721uu2026-04-29-23-09-15-2281977.jpg\",\"width\":796,\"height\":448,\"caption\":\"Cargueiro\"},{\"@type\":\"BreadcrumbList\",\"@id\":\"https:\/\/portaltela.pt\/noticias\/2026\/04\/29\/suecia-apreende-navio-da-frota-fantasma-russa\/#breadcrumb\",\"itemListElement\":[{\"@type\":\"ListItem\",\"position\":1,\"name\":\"In\u00edcio\",\"item\":\"https:\/\/portaltela.pt\/\"},{\"@type\":\"ListItem\",\"position\":2,\"name\":\"Su\u00e9cia apreende navio da frota fantasma russa\"}]},{\"@type\":\"WebSite\",\"@id\":\"https:\/\/portaltela.pt\/#website\",\"url\":\"https:\/\/portaltela.pt\/\",\"name\":\"Portal Tela Portugal\",\"description\":\"\",\"potentialAction\":[{\"@type\":\"SearchAction\",\"target\":{\"@type\":\"EntryPoint\",\"urlTemplate\":\"https:\/\/portaltela.pt\/?s={search_term_string}\"},\"query-input\":{\"@type\":\"PropertyValueSpecification\",\"valueRequired\":true,\"valueName\":\"search_term_string\"}}],\"inLanguage\":\"pt-PT\"},{\"@type\":\"Person\",\"@id\":\"https:\/\/portaltela.pt\/#\/schema\/person\/c4278d4a6028830caff9ee44b42d32ed\",\"name\":\"Telinha\",\"image\":{\"@type\":\"ImageObject\",\"inLanguage\":\"pt-PT\",\"@id\":\"https:\/\/portaltela.pt\/s.01k8rhncp4jt1\/2025\/11\/talking-bot-125x125.png\",\"url\":\"https:\/\/portaltela.pt\/s.01k8rhncp4jt1\/2025\/11\/talking-bot-125x125.png\",\"contentUrl\":\"https:\/\/portaltela.pt\/s.01k8rhncp4jt1\/2025\/11\/talking-bot-125x125.png\",\"caption\":\"Telinha\"},\"sameAs\":[\"https:\/\/portaltela.pt\/\"],\"url\":\"https:\/\/portaltela.pt\/por\/367410592786\/\"}]}<\/script>\n<!-- \/ Yoast SEO plugin. -->","yoast_head_json":{"title":"Su\u00e9cia apreende navio da frota fantasma russa - Portal Tela Portugal","robots":{"index":"index","follow":"follow","max-snippet":"max-snippet:-1","max-image-preview":"max-image-preview:large","max-video-preview":"max-video-preview:-1"},"og_locale":"pt_PT","og_type":"article","og_title":"Su\u00e9cia apreende navio da frota fantasma russa - Portal Tela Portugal","og_description":"A Su\u00e9cia apreendeu o cargueiro Caffa, da frota fantasma russa, suspeito de transportar trigo ucraniano roubado, ap\u00f3s a abordagem no in\u00edcio de mar\u00e7o. O navio, de 96 metros (315 p\u00e9s), tinha sa\u00eddo de Casablanca a 24 de fevereiro e seguia para S\u00e3o Petersburgo quando foi abordado pela pol\u00edcia sueca ao largo de Trelleborg, a 06 de mar\u00e7o. Um membro da tripula\u00e7\u00e3o foi detido dias depois, suspeito de infra\u00e7\u00f5es ao c\u00f3digo mar\u00edtimo, \u00e0 seguran\u00e7a dos navios e de uso de documentos falsos. A apreens\u00e3o ocorreu a pedido de coopera\u00e7\u00e3o judici\u00e1ria de um Estado estrangeiro, que n\u00e3o foi especificado pela procuradoria. O Caffa constava na lista de san\u00e7\u00f5es da Ucr\u00e2nia e navegava sob bandeira da Guin\u00e9 com informa\u00e7\u00f5es anteriores de uso para transportar trigo roubado \u00e0 Ucr\u00e2nia.","og_url":"https:\/\/portaltela.pt\/noticias\/2026\/04\/29\/suecia-apreende-navio-da-frota-fantasma-russa\/","og_site_name":"Portal Tela Portugal","article_published_time":"2026-04-29T22:17:54+00:00","author":"Telinha","twitter_card":"summary_large_image","twitter_misc":{"Escrito por":"Telinha","Tempo estimado de leitura":"1 minuto"},"schema":{"@context":"https:\/\/schema.org","@graph":[{"@type":"Article","@id":"https:\/\/portaltela.pt\/noticias\/2026\/04\/29\/suecia-apreende-navio-da-frota-fantasma-russa\/#article","isPartOf":{"@id":"https:\/\/portaltela.pt\/noticias\/2026\/04\/29\/suecia-apreende-navio-da-frota-fantasma-russa\/"},"author":{"name":"Telinha","@id":"https:\/\/portaltela.pt\/#\/schema\/person\/c4278d4a6028830caff9ee44b42d32ed"},"headline":"Su\u00e9cia apreende navio da frota fantasma russa","datePublished":"2026-04-29T22:17:54+00:00","mainEntityOfPage":{"@id":"https:\/\/portaltela.pt\/noticias\/2026\/04\/29\/suecia-apreende-navio-da-frota-fantasma-russa\/"},"wordCount":286,"image":{"@id":"https:\/\/portaltela.pt\/noticias\/2026\/04\/29\/suecia-apreende-navio-da-frota-fantasma-russa\/#primaryimage"},"thumbnailUrl":"https:\/\/portaltela.pt\/s.01k8rhncp4jt1\/2026\/04\/img_1280x721uu2026-04-29-23-09-15-2281977.jpg","keywords":["_coopera\u00e7\u00e3o internacional","_navios","_R\u00fassia","_san\u00e7\u00f5es internacionais","_transporte mar\u00edtimo","_Ucr\u00e2nia"],"articleSection":["Geopol\u00edtica","Internacional"],"inLanguage":"pt-PT"},{"@type":"WebPage","@id":"https:\/\/portaltela.pt\/noticias\/2026\/04\/29\/suecia-apreende-navio-da-frota-fantasma-russa\/","url":"https:\/\/portaltela.pt\/noticias\/2026\/04\/29\/suecia-apreende-navio-da-frota-fantasma-russa\/","name":"Su\u00e9cia apreende navio da frota fantasma russa - Portal Tela Portugal","isPartOf":{"@id":"https:\/\/portaltela.pt\/#website"},"primaryImageOfPage":{"@id":"https:\/\/portaltela.pt\/noticias\/2026\/04\/29\/suecia-apreende-navio-da-frota-fantasma-russa\/#primaryimage"},"image":{"@id":"https:\/\/portaltela.pt\/noticias\/2026\/04\/29\/suecia-apreende-navio-da-frota-fantasma-russa\/#primaryimage"},"thumbnailUrl":"https:\/\/portaltela.pt\/s.01k8rhncp4jt1\/2026\/04\/img_1280x721uu2026-04-29-23-09-15-2281977.jpg","datePublished":"2026-04-29T22:17:54+00:00","author":{"@id":"https:\/\/portaltela.pt\/#\/schema\/person\/c4278d4a6028830caff9ee44b42d32ed"},"breadcrumb":{"@id":"https:\/\/portaltela.pt\/noticias\/2026\/04\/29\/suecia-apreende-navio-da-frota-fantasma-russa\/#breadcrumb"},"inLanguage":"pt-PT","potentialAction":[{"@type":"ReadAction","target":["https:\/\/portaltela.pt\/noticias\/2026\/04\/29\/suecia-apreende-navio-da-frota-fantasma-russa\/"]}]},{"@type":"ImageObject","inLanguage":"pt-PT","@id":"https:\/\/portaltela.pt\/noticias\/2026\/04\/29\/suecia-apreende-navio-da-frota-fantasma-russa\/#primaryimage","url":"https:\/\/portaltela.pt\/s.01k8rhncp4jt1\/2026\/04\/img_1280x721uu2026-04-29-23-09-15-2281977.jpg","contentUrl":"https:\/\/portaltela.pt\/s.01k8rhncp4jt1\/2026\/04\/img_1280x721uu2026-04-29-23-09-15-2281977.jpg","width":796,"height":448,"caption":"Cargueiro"},{"@type":"BreadcrumbList","@id":"https:\/\/portaltela.pt\/noticias\/2026\/04\/29\/suecia-apreende-navio-da-frota-fantasma-russa\/#breadcrumb","itemListElement":[{"@type":"ListItem","position":1,"name":"In\u00edcio","item":"https:\/\/portaltela.pt\/"},{"@type":"ListItem","position":2,"name":"Su\u00e9cia apreende navio da frota fantasma russa"}]},{"@type":"WebSite","@id":"https:\/\/portaltela.pt\/#website","url":"https:\/\/portaltela.pt\/","name":"Portal Tela Portugal","description":"","potentialAction":[{"@type":"SearchAction","target":{"@type":"EntryPoint","urlTemplate":"https:\/\/portaltela.pt\/?s={search_term_string}"},"query-input":{"@type":"PropertyValueSpecification","valueRequired":true,"valueName":"search_term_string"}}],"inLanguage":"pt-PT"},{"@type":"Person","@id":"https:\/\/portaltela.pt\/#\/schema\/person\/c4278d4a6028830caff9ee44b42d32ed","name":"Telinha","image":{"@type":"ImageObject","inLanguage":"pt-PT","@id":"https:\/\/portaltela.pt\/s.01k8rhncp4jt1\/2025\/11\/talking-bot-125x125.png","url":"https:\/\/portaltela.pt\/s.01k8rhncp4jt1\/2025\/11\/talking-bot-125x125.png","contentUrl":"https:\/\/portaltela.pt\/s.01k8rhncp4jt1\/2025\/11\/talking-bot-125x125.png","caption":"Telinha"},"sameAs":["https:\/\/portaltela.pt\/"],"url":"https:\/\/portaltela.pt\/por\/367410592786\/"}]}},"_links":{"self":[{"href":"https:\/\/portaltela.pt\/api\/wp\/v2\/posts\/461637","targetHints":{"allow":["GET"]}}],"collection":[{"href":"https:\/\/portaltela.pt\/api\/wp\/v2\/posts"}],"about":[{"href":"https:\/\/portaltela.pt\/api\/wp\/v2\/types\/post"}],"author":[{"embeddable":true,"href":"https:\/\/portaltela.pt\/api\/wp\/v2\/users\/2"}],"replies":[{"embeddable":true,"href":"https:\/\/portaltela.pt\/api\/wp\/v2\/comments?post=461637"}],"version-history":[{"count":0,"href":"https:\/\/portaltela.pt\/api\/wp\/v2\/posts\/461637\/revisions"}],"wp:featuredmedia":[{"embeddable":true,"href":"https:\/\/portaltela.pt\/api\/wp\/v2\/media\/461639"}],"wp:attachment":[{"href":"https:\/\/portaltela.pt\/api\/wp\/v2\/media?parent=461637"}],"wp:term":[{"taxonomy":"category","embeddable":true,"href":"https:\/\/portaltela.pt\/api\/wp\/v2\/categories?post=461637"},{"taxonomy":"post_tag","embeddable":true,"href":"https:\/\/portaltela.pt\/api\/wp\/v2\/tags?post=461637"}],"curies":[{"name":"wp","href":"https:\/\/api.w.org\/{rel}","templated":true}]}}