{"id":461619,"date":"2026-04-29T18:48:32","date_gmt":"2026-04-29T21:48:32","guid":{"rendered":"https:\/\/portaltela.pt\/noticias\/2026\/04\/29\/braganca-critica-empate-do-sporting-e-inadmissivel-e-nao-pode-acontecer\/"},"modified":"2026-04-29T18:48:32","modified_gmt":"2026-04-29T21:48:32","slug":"braganca-critica-empate-do-sporting-e-inadmissivel-e-nao-pode-acontecer","status":"publish","type":"post","link":"https:\/\/portaltela.pt\/desporto\/futebol\/2026\/04\/29\/braganca-critica-empate-do-sporting-e-inadmissivel-e-nao-pode-acontecer\/","title":{"rendered":"Bragan\u00e7a critica empate do Sporting: \u00e9 inadmiss\u00edvel e n\u00e3o pode acontecer"},"content":{"rendered":"<p>Daniel Bragan\u00e7a, capit\u00e3o do Sporting, reagiu ao empate 2-2 com o Tondela, no Est\u00e1dio Jos\u00e9 Alvalade, destacando a frustra\u00e7\u00e3o coletiva ap\u00f3s mais um resultado negativo.<\/p>\n<p>O m\u00e9dio explicou que o empate surge numa fase em que os le\u00f5es estiveram a vencer por 2-0, mas sofreram dois golos nos descontos em a\u00e7\u00f5es de bola parada, deixando uma sensa\u00e7\u00e3o de injusti\u00e7a pelo que t\u00eam feito.<\/p>\n<p>Para o jogador, n\u00e3o houve cansa\u00e7o que justifique o sucedido; afirmou que \u00e9 inadmiss\u00edvel manter este n\u00edvel numa altura de exig\u00eancia elevada e pediu concentra\u00e7\u00e3o para os pr\u00f3ximos jogos.<\/p>\n<p>Bragan\u00e7a reconheceu o desconforto no balne\u00e1rio, sem muitas explica\u00e7\u00f5es, e sublinhou a necessidade de enfrentar as cr\u00edticas com vontade de lutar e apresentar o melhor futebol nos desafios seguintes.<\/p>\n<p>Sobre a resposta aos adeptos, o capit\u00e3o disse que \u00e9 natural manifestarem frustra\u00e7\u00e3o, mas apelou ao apoio cont\u00ednuo, lembrando que o grupo j\u00e1 deu bastante ao clube e que precisa da for\u00e7a dos adeptos em todos os momentos.<\/p>\n<p>Quanto ao objetivo do segundo lugar, admitiu que a situa\u00e7\u00e3o deixou de depender apenas do Sporting e foca-se em trabalhar para a pr\u00f3xima partida, afastando a frustra\u00e7\u00e3o e preparando a equipa para o confronto com o Vit\u00f3ria.<\/p>\n","protected":false},"excerpt":{"rendered":"<ul>\n<li>Empate dois a dois entre Sporting e Tondela, no Est\u00e1dio Jos\u00e9 Alvalade, com Daniel Bragan\u00e7a a comentar, em direto para a Sport TV.<\/li>\n<li>Bragan\u00e7a disse que \u00e9 dif\u00edcil explicar o que aconteceu, destacando que os le\u00f5es estavam a ganhar dois a zero e sofreram dois golos nos descontos, a partir de lances de bola parada; considera-o inadmiss\u00edvel.<\/li>\n<li>Frustra\u00e7\u00e3o no balne\u00e1rio, mas o capit\u00e3o pediu que a equipa haja com responsabilidade nos pr\u00f3ximos jogos e d\u00ea a cara.<\/li>\n<li>Pediu apoio dos adeptos n\u00e3o apenas nas vit\u00f3rias, sublinhando que o grupo precisa de recados e de apoio cont\u00ednuo em fase mais complicada.<\/li>\n<li>No momento, o 2.\u00ba lugar depende menos da equipa; \u00e9 hora de trabalhar, limpar a cabe\u00e7a e preparar o encontro de segunda-feira com o Vit\u00f3ria para responder da melhor forma.<\/li>\n<\/ul>\n","protected":false},"author":2,"featured_media":461624,"comment_status":"closed","ping_status":"closed","sticky":false,"template":"","format":"standard","meta":{"footnotes":""},"categories":[21,24],"tags":[906,3543,7766,152,32,1652],"class_list":["post-461619","post","type-post","status-publish","format-standard","has-post-thumbnail","hentry","category-desporto","category-futebol","tag-braganca","tag-braganca-criativa","tag-criticas","tag-desporto","tag-futebol","tag-sporting"],"yoast_head":"<!-- This site is optimized with the Yoast SEO plugin v27.2 - https:\/\/yoast.com\/product\/yoast-seo-wordpress\/ -->\n<title>Bragan\u00e7a critica empate do Sporting: \u00e9 inadmiss\u00edvel e n\u00e3o pode acontecer - Portal Tela Portugal<\/title>\n<meta name=\"robots\" content=\"index, follow, max-snippet:-1, max-image-preview:large, max-video-preview:-1\" \/>\n<meta property=\"og:locale\" content=\"pt_PT\" \/>\n<meta property=\"og:type\" content=\"article\" \/>\n<meta property=\"og:title\" content=\"Bragan\u00e7a critica empate do Sporting: \u00e9 inadmiss\u00edvel e n\u00e3o pode acontecer - Portal Tela Portugal\" \/>\n<meta property=\"og:description\" content=\"Empate dois a dois entre Sporting e Tondela, no Est\u00e1dio Jos\u00e9 Alvalade, com Daniel Bragan\u00e7a a comentar, em direto para a Sport TV. Bragan\u00e7a disse que \u00e9 dif\u00edcil explicar o que aconteceu, destacando que os le\u00f5es estavam a ganhar dois a zero e sofreram dois golos nos descontos, a partir de lances de bola parada; considera-o inadmiss\u00edvel. Frustra\u00e7\u00e3o no balne\u00e1rio, mas o capit\u00e3o pediu que a equipa haja com responsabilidade nos pr\u00f3ximos jogos e d\u00ea a cara. Pediu apoio dos adeptos n\u00e3o apenas nas vit\u00f3rias, sublinhando que o grupo precisa de recados e de apoio cont\u00ednuo em fase mais complicada. No momento, o 2.\u00ba lugar depende menos da equipa; \u00e9 hora de trabalhar, limpar a cabe\u00e7a e preparar o encontro de segunda-feira com o Vit\u00f3ria para responder da melhor forma.\" \/>\n<meta property=\"og:url\" content=\"https:\/\/portaltela.pt\/noticias\/2026\/04\/29\/braganca-critica-empate-do-sporting-e-inadmissivel-e-nao-pode-acontecer\/\" \/>\n<meta property=\"og:site_name\" content=\"Portal Tela Portugal\" \/>\n<meta property=\"article:published_time\" content=\"2026-04-29T21:48:32+00:00\" \/>\n<meta name=\"author\" content=\"Telinha\" \/>\n<meta name=\"twitter:card\" content=\"summary_large_image\" \/>\n<meta name=\"twitter:label1\" content=\"Escrito por\" \/>\n\t<meta name=\"twitter:data1\" content=\"Telinha\" \/>\n\t<meta name=\"twitter:label2\" content=\"Tempo estimado de leitura\" \/>\n\t<meta name=\"twitter:data2\" content=\"1 minuto\" \/>\n<script type=\"application\/ld+json\" class=\"yoast-schema-graph\">{\"@context\":\"https:\/\/schema.org\",\"@graph\":[{\"@type\":\"Article\",\"@id\":\"https:\/\/portaltela.pt\/noticias\/2026\/04\/29\/braganca-critica-empate-do-sporting-e-inadmissivel-e-nao-pode-acontecer\/#article\",\"isPartOf\":{\"@id\":\"https:\/\/portaltela.pt\/noticias\/2026\/04\/29\/braganca-critica-empate-do-sporting-e-inadmissivel-e-nao-pode-acontecer\/\"},\"author\":{\"name\":\"Telinha\",\"@id\":\"https:\/\/portaltela.pt\/#\/schema\/person\/c4278d4a6028830caff9ee44b42d32ed\"},\"headline\":\"Bragan\u00e7a critica empate do Sporting: \u00e9 inadmiss\u00edvel e n\u00e3o pode acontecer\",\"datePublished\":\"2026-04-29T21:48:32+00:00\",\"mainEntityOfPage\":{\"@id\":\"https:\/\/portaltela.pt\/noticias\/2026\/04\/29\/braganca-critica-empate-do-sporting-e-inadmissivel-e-nao-pode-acontecer\/\"},\"wordCount\":237,\"image\":{\"@id\":\"https:\/\/portaltela.pt\/noticias\/2026\/04\/29\/braganca-critica-empate-do-sporting-e-inadmissivel-e-nao-pode-acontecer\/#primaryimage\"},\"thumbnailUrl\":\"https:\/\/portaltela.pt\/s.01k8rhncp4jt1\/2026\/04\/img_920x518uu2026-04-29-22-36-51-2436025.jpg\",\"keywords\":[\"Bragan\u00e7a\",\"Bragan\u00e7a Criativa\",\"cr\u00edticas\",\"desporto\",\"futebol\",\"Sporting\"],\"articleSection\":[\"Desporto\",\"Futebol\"],\"inLanguage\":\"pt-PT\"},{\"@type\":\"WebPage\",\"@id\":\"https:\/\/portaltela.pt\/noticias\/2026\/04\/29\/braganca-critica-empate-do-sporting-e-inadmissivel-e-nao-pode-acontecer\/\",\"url\":\"https:\/\/portaltela.pt\/noticias\/2026\/04\/29\/braganca-critica-empate-do-sporting-e-inadmissivel-e-nao-pode-acontecer\/\",\"name\":\"Bragan\u00e7a critica empate do Sporting: \u00e9 inadmiss\u00edvel e n\u00e3o pode acontecer - Portal Tela Portugal\",\"isPartOf\":{\"@id\":\"https:\/\/portaltela.pt\/#website\"},\"primaryImageOfPage\":{\"@id\":\"https:\/\/portaltela.pt\/noticias\/2026\/04\/29\/braganca-critica-empate-do-sporting-e-inadmissivel-e-nao-pode-acontecer\/#primaryimage\"},\"image\":{\"@id\":\"https:\/\/portaltela.pt\/noticias\/2026\/04\/29\/braganca-critica-empate-do-sporting-e-inadmissivel-e-nao-pode-acontecer\/#primaryimage\"},\"thumbnailUrl\":\"https:\/\/portaltela.pt\/s.01k8rhncp4jt1\/2026\/04\/img_920x518uu2026-04-29-22-36-51-2436025.jpg\",\"datePublished\":\"2026-04-29T21:48:32+00:00\",\"author\":{\"@id\":\"https:\/\/portaltela.pt\/#\/schema\/person\/c4278d4a6028830caff9ee44b42d32ed\"},\"breadcrumb\":{\"@id\":\"https:\/\/portaltela.pt\/noticias\/2026\/04\/29\/braganca-critica-empate-do-sporting-e-inadmissivel-e-nao-pode-acontecer\/#breadcrumb\"},\"inLanguage\":\"pt-PT\",\"potentialAction\":[{\"@type\":\"ReadAction\",\"target\":[\"https:\/\/portaltela.pt\/noticias\/2026\/04\/29\/braganca-critica-empate-do-sporting-e-inadmissivel-e-nao-pode-acontecer\/\"]}]},{\"@type\":\"ImageObject\",\"inLanguage\":\"pt-PT\",\"@id\":\"https:\/\/portaltela.pt\/noticias\/2026\/04\/29\/braganca-critica-empate-do-sporting-e-inadmissivel-e-nao-pode-acontecer\/#primaryimage\",\"url\":\"https:\/\/portaltela.pt\/s.01k8rhncp4jt1\/2026\/04\/img_920x518uu2026-04-29-22-36-51-2436025.jpg\",\"contentUrl\":\"https:\/\/portaltela.pt\/s.01k8rhncp4jt1\/2026\/04\/img_920x518uu2026-04-29-22-36-51-2436025.jpg\",\"width\":796,\"height\":448,\"caption\":\"Daniel Bragan\u00e7a\"},{\"@type\":\"BreadcrumbList\",\"@id\":\"https:\/\/portaltela.pt\/noticias\/2026\/04\/29\/braganca-critica-empate-do-sporting-e-inadmissivel-e-nao-pode-acontecer\/#breadcrumb\",\"itemListElement\":[{\"@type\":\"ListItem\",\"position\":1,\"name\":\"In\u00edcio\",\"item\":\"https:\/\/portaltela.pt\/\"},{\"@type\":\"ListItem\",\"position\":2,\"name\":\"Bragan\u00e7a critica empate do Sporting: \u00e9 inadmiss\u00edvel e n\u00e3o pode acontecer\"}]},{\"@type\":\"WebSite\",\"@id\":\"https:\/\/portaltela.pt\/#website\",\"url\":\"https:\/\/portaltela.pt\/\",\"name\":\"Portal Tela Portugal\",\"description\":\"\",\"potentialAction\":[{\"@type\":\"SearchAction\",\"target\":{\"@type\":\"EntryPoint\",\"urlTemplate\":\"https:\/\/portaltela.pt\/?s={search_term_string}\"},\"query-input\":{\"@type\":\"PropertyValueSpecification\",\"valueRequired\":true,\"valueName\":\"search_term_string\"}}],\"inLanguage\":\"pt-PT\"},{\"@type\":\"Person\",\"@id\":\"https:\/\/portaltela.pt\/#\/schema\/person\/c4278d4a6028830caff9ee44b42d32ed\",\"name\":\"Telinha\",\"image\":{\"@type\":\"ImageObject\",\"inLanguage\":\"pt-PT\",\"@id\":\"https:\/\/portaltela.pt\/s.01k8rhncp4jt1\/2025\/11\/talking-bot-125x125.png\",\"url\":\"https:\/\/portaltela.pt\/s.01k8rhncp4jt1\/2025\/11\/talking-bot-125x125.png\",\"contentUrl\":\"https:\/\/portaltela.pt\/s.01k8rhncp4jt1\/2025\/11\/talking-bot-125x125.png\",\"caption\":\"Telinha\"},\"sameAs\":[\"https:\/\/portaltela.pt\/\"],\"url\":\"https:\/\/portaltela.pt\/por\/367410592786\/\"}]}<\/script>\n<!-- \/ Yoast SEO plugin. -->","yoast_head_json":{"title":"Bragan\u00e7a critica empate do Sporting: \u00e9 inadmiss\u00edvel e n\u00e3o pode acontecer - Portal Tela Portugal","robots":{"index":"index","follow":"follow","max-snippet":"max-snippet:-1","max-image-preview":"max-image-preview:large","max-video-preview":"max-video-preview:-1"},"og_locale":"pt_PT","og_type":"article","og_title":"Bragan\u00e7a critica empate do Sporting: \u00e9 inadmiss\u00edvel e n\u00e3o pode acontecer - Portal Tela Portugal","og_description":"Empate dois a dois entre Sporting e Tondela, no Est\u00e1dio Jos\u00e9 Alvalade, com Daniel Bragan\u00e7a a comentar, em direto para a Sport TV. Bragan\u00e7a disse que \u00e9 dif\u00edcil explicar o que aconteceu, destacando que os le\u00f5es estavam a ganhar dois a zero e sofreram dois golos nos descontos, a partir de lances de bola parada; considera-o inadmiss\u00edvel. Frustra\u00e7\u00e3o no balne\u00e1rio, mas o capit\u00e3o pediu que a equipa haja com responsabilidade nos pr\u00f3ximos jogos e d\u00ea a cara. Pediu apoio dos adeptos n\u00e3o apenas nas vit\u00f3rias, sublinhando que o grupo precisa de recados e de apoio cont\u00ednuo em fase mais complicada. No momento, o 2.\u00ba lugar depende menos da equipa; \u00e9 hora de trabalhar, limpar a cabe\u00e7a e preparar o encontro de segunda-feira com o Vit\u00f3ria para responder da melhor forma.","og_url":"https:\/\/portaltela.pt\/noticias\/2026\/04\/29\/braganca-critica-empate-do-sporting-e-inadmissivel-e-nao-pode-acontecer\/","og_site_name":"Portal Tela Portugal","article_published_time":"2026-04-29T21:48:32+00:00","author":"Telinha","twitter_card":"summary_large_image","twitter_misc":{"Escrito por":"Telinha","Tempo estimado de leitura":"1 minuto"},"schema":{"@context":"https:\/\/schema.org","@graph":[{"@type":"Article","@id":"https:\/\/portaltela.pt\/noticias\/2026\/04\/29\/braganca-critica-empate-do-sporting-e-inadmissivel-e-nao-pode-acontecer\/#article","isPartOf":{"@id":"https:\/\/portaltela.pt\/noticias\/2026\/04\/29\/braganca-critica-empate-do-sporting-e-inadmissivel-e-nao-pode-acontecer\/"},"author":{"name":"Telinha","@id":"https:\/\/portaltela.pt\/#\/schema\/person\/c4278d4a6028830caff9ee44b42d32ed"},"headline":"Bragan\u00e7a critica empate do Sporting: \u00e9 inadmiss\u00edvel e n\u00e3o pode acontecer","datePublished":"2026-04-29T21:48:32+00:00","mainEntityOfPage":{"@id":"https:\/\/portaltela.pt\/noticias\/2026\/04\/29\/braganca-critica-empate-do-sporting-e-inadmissivel-e-nao-pode-acontecer\/"},"wordCount":237,"image":{"@id":"https:\/\/portaltela.pt\/noticias\/2026\/04\/29\/braganca-critica-empate-do-sporting-e-inadmissivel-e-nao-pode-acontecer\/#primaryimage"},"thumbnailUrl":"https:\/\/portaltela.pt\/s.01k8rhncp4jt1\/2026\/04\/img_920x518uu2026-04-29-22-36-51-2436025.jpg","keywords":["Bragan\u00e7a","Bragan\u00e7a Criativa","cr\u00edticas","desporto","futebol","Sporting"],"articleSection":["Desporto","Futebol"],"inLanguage":"pt-PT"},{"@type":"WebPage","@id":"https:\/\/portaltela.pt\/noticias\/2026\/04\/29\/braganca-critica-empate-do-sporting-e-inadmissivel-e-nao-pode-acontecer\/","url":"https:\/\/portaltela.pt\/noticias\/2026\/04\/29\/braganca-critica-empate-do-sporting-e-inadmissivel-e-nao-pode-acontecer\/","name":"Bragan\u00e7a critica empate do Sporting: \u00e9 inadmiss\u00edvel e n\u00e3o pode acontecer - Portal Tela Portugal","isPartOf":{"@id":"https:\/\/portaltela.pt\/#website"},"primaryImageOfPage":{"@id":"https:\/\/portaltela.pt\/noticias\/2026\/04\/29\/braganca-critica-empate-do-sporting-e-inadmissivel-e-nao-pode-acontecer\/#primaryimage"},"image":{"@id":"https:\/\/portaltela.pt\/noticias\/2026\/04\/29\/braganca-critica-empate-do-sporting-e-inadmissivel-e-nao-pode-acontecer\/#primaryimage"},"thumbnailUrl":"https:\/\/portaltela.pt\/s.01k8rhncp4jt1\/2026\/04\/img_920x518uu2026-04-29-22-36-51-2436025.jpg","datePublished":"2026-04-29T21:48:32+00:00","author":{"@id":"https:\/\/portaltela.pt\/#\/schema\/person\/c4278d4a6028830caff9ee44b42d32ed"},"breadcrumb":{"@id":"https:\/\/portaltela.pt\/noticias\/2026\/04\/29\/braganca-critica-empate-do-sporting-e-inadmissivel-e-nao-pode-acontecer\/#breadcrumb"},"inLanguage":"pt-PT","potentialAction":[{"@type":"ReadAction","target":["https:\/\/portaltela.pt\/noticias\/2026\/04\/29\/braganca-critica-empate-do-sporting-e-inadmissivel-e-nao-pode-acontecer\/"]}]},{"@type":"ImageObject","inLanguage":"pt-PT","@id":"https:\/\/portaltela.pt\/noticias\/2026\/04\/29\/braganca-critica-empate-do-sporting-e-inadmissivel-e-nao-pode-acontecer\/#primaryimage","url":"https:\/\/portaltela.pt\/s.01k8rhncp4jt1\/2026\/04\/img_920x518uu2026-04-29-22-36-51-2436025.jpg","contentUrl":"https:\/\/portaltela.pt\/s.01k8rhncp4jt1\/2026\/04\/img_920x518uu2026-04-29-22-36-51-2436025.jpg","width":796,"height":448,"caption":"Daniel Bragan\u00e7a"},{"@type":"BreadcrumbList","@id":"https:\/\/portaltela.pt\/noticias\/2026\/04\/29\/braganca-critica-empate-do-sporting-e-inadmissivel-e-nao-pode-acontecer\/#breadcrumb","itemListElement":[{"@type":"ListItem","position":1,"name":"In\u00edcio","item":"https:\/\/portaltela.pt\/"},{"@type":"ListItem","position":2,"name":"Bragan\u00e7a critica empate do Sporting: \u00e9 inadmiss\u00edvel e n\u00e3o pode acontecer"}]},{"@type":"WebSite","@id":"https:\/\/portaltela.pt\/#website","url":"https:\/\/portaltela.pt\/","name":"Portal Tela Portugal","description":"","potentialAction":[{"@type":"SearchAction","target":{"@type":"EntryPoint","urlTemplate":"https:\/\/portaltela.pt\/?s={search_term_string}"},"query-input":{"@type":"PropertyValueSpecification","valueRequired":true,"valueName":"search_term_string"}}],"inLanguage":"pt-PT"},{"@type":"Person","@id":"https:\/\/portaltela.pt\/#\/schema\/person\/c4278d4a6028830caff9ee44b42d32ed","name":"Telinha","image":{"@type":"ImageObject","inLanguage":"pt-PT","@id":"https:\/\/portaltela.pt\/s.01k8rhncp4jt1\/2025\/11\/talking-bot-125x125.png","url":"https:\/\/portaltela.pt\/s.01k8rhncp4jt1\/2025\/11\/talking-bot-125x125.png","contentUrl":"https:\/\/portaltela.pt\/s.01k8rhncp4jt1\/2025\/11\/talking-bot-125x125.png","caption":"Telinha"},"sameAs":["https:\/\/portaltela.pt\/"],"url":"https:\/\/portaltela.pt\/por\/367410592786\/"}]}},"_links":{"self":[{"href":"https:\/\/portaltela.pt\/api\/wp\/v2\/posts\/461619","targetHints":{"allow":["GET"]}}],"collection":[{"href":"https:\/\/portaltela.pt\/api\/wp\/v2\/posts"}],"about":[{"href":"https:\/\/portaltela.pt\/api\/wp\/v2\/types\/post"}],"author":[{"embeddable":true,"href":"https:\/\/portaltela.pt\/api\/wp\/v2\/users\/2"}],"replies":[{"embeddable":true,"href":"https:\/\/portaltela.pt\/api\/wp\/v2\/comments?post=461619"}],"version-history":[{"count":0,"href":"https:\/\/portaltela.pt\/api\/wp\/v2\/posts\/461619\/revisions"}],"wp:featuredmedia":[{"embeddable":true,"href":"https:\/\/portaltela.pt\/api\/wp\/v2\/media\/461624"}],"wp:attachment":[{"href":"https:\/\/portaltela.pt\/api\/wp\/v2\/media?parent=461619"}],"wp:term":[{"taxonomy":"category","embeddable":true,"href":"https:\/\/portaltela.pt\/api\/wp\/v2\/categories?post=461619"},{"taxonomy":"post_tag","embeddable":true,"href":"https:\/\/portaltela.pt\/api\/wp\/v2\/tags?post=461619"}],"curies":[{"name":"wp","href":"https:\/\/api.w.org\/{rel}","templated":true}]}}