{"id":461618,"date":"2026-04-29T18:48:31","date_gmt":"2026-04-29T21:48:31","guid":{"rendered":"https:\/\/portaltela.pt\/noticias\/2026\/04\/29\/ministro-da-defesa-pede-reforco-europeu-na-nato-eua-aliado-fundamental\/"},"modified":"2026-04-29T18:48:31","modified_gmt":"2026-04-29T21:48:31","slug":"ministro-da-defesa-pede-reforco-europeu-na-nato-eua-aliado-fundamental","status":"publish","type":"post","link":"https:\/\/portaltela.pt\/noticias\/2026\/04\/29\/ministro-da-defesa-pede-reforco-europeu-na-nato-eua-aliado-fundamental\/","title":{"rendered":"Ministro da Defesa pede refor\u00e7o europeu na NATO; EUA, aliado fundamental"},"content":{"rendered":"<p>O ministro da Defesa Nacional, Nuno Melo, afirmou que a NATO n\u00e3o se pode dissociar dos Estados Unidos, considerados um aliado fundamental. Ao mesmo tempo, defendeu que \u00e9 necess\u00e1rio refor\u00e7ar o pilar europeu da organiza\u00e7\u00e3o, para reduzir depend\u00eancias do outro lado do Atl\u00e2ntico. A declara\u00e7\u00e3o ocorreu em Beja, na ter\u00e7a-feira \u00e0 noite, durante a visita \u00e0 Ovibeja.<\/p>\n<p>Melo explicou que o objetivo \u00e9 potenciar a autonomia europeia na defesa, enfatizando que a Europa deve depender mais de si pr\u00f3pria do que apenas do que recebeu historicamente dos EUA. A tarefa \u00e9 adaptar-se ao novo contexto geopol\u00edtico sem abandonar a rela\u00e7\u00e3o transatl\u00e2ntica.<\/p>\n<p>\u00c0 chegada \u00e0 42.\u00aa Ovibeja, o ministro foi questionado sobre as declara\u00e7\u00f5es do Presidente da Rep\u00fablica, Ant\u00f3nio Jos\u00e9 Seguro, no F\u00f3rum La Toja \u2013 V\u00ednculo Atl\u00e2ntico. O chefe de Estado disse que a defesa europeia n\u00e3o pode permanecer estagnada e que a NATO continua necess\u00e1ria, mesmo com mudan\u00e7as no ambiente internacional.<\/p>\n<h3>Contexto econ\u00f3mico e estrat\u00e9gico<\/h3>\n<p>Portugal investiu 2% do Produto Interno Bruto em defesa em 2025, segundo Melo, destacando que esse esfor\u00e7o coloca a defesa no centro da governa\u00e7\u00e3o. O ministro reiterou que o pa\u00eds reconhece a import\u00e2ncia estrat\u00e9gica da rela\u00e7\u00e3o transatl\u00e2ntica, sem deixar de modernizar o papel de Portugal e dos parceiros europeus na NATO.<\/p>\n<p>O governante reiterou que a posi\u00e7\u00e3o portuguesa \u00e9 de lucidez quanto a uma alian\u00e7a que garante a paz na Europa desde a sua funda\u00e7\u00e3o. N\u00e3o obstante, reconheceu a necessidade de atualizar o papel da NATO para o futuro, incluindo eventuais ajustes para a participa\u00e7\u00e3o de Portugal e da Europa.<\/p>\n","protected":false},"excerpt":{"rendered":"<ul>\n<li>O ministro da Defesa Nacional, Nuno Melo, afirmou que \u00e9 preciso refor\u00e7ar o pilar europeu da defesa dentro da NATO, reconhecendo que os EUA s\u00e3o um aliado fundamental.<\/li>\n<li>Melo disse que, embora n\u00e3o haja NATO sem os Estados Unidos, \u00e9 importante depender menos do lado de l\u00e1 do Atl\u00e2ntico e investir mais na defesa europeia.<\/li>\n<li>A declara\u00e7\u00f5es ocorreram em Beja, \u00e0 margem da visita \u00e0 Ovibeja, onde o ministro falou sobre a necessidade de atualiza\u00e7\u00e3o do papel da NATO face ao contexto geopol\u00edtico.<\/li>\n<li>O presidente da Rep\u00fablica, Ant\u00f3nio Jose Seguro, defendeu em Lisboa que a defesa europeia n\u00e3o pode continuar a ser uma caminhada lenta e que a rela\u00e7\u00e3o transatl\u00e2ntica deve permanecer um eixo estrutural da pol\u00edtica europeia.<\/li>\n<li>Portugal anunciou ter atingido, em 2025, o investimento de dois por cento do Produto Interno Bruto na defesa nacional.<\/li>\n<\/ul>\n","protected":false},"author":2,"featured_media":461622,"comment_status":"closed","ping_status":"closed","sticky":false,"template":"","format":"standard","meta":{"footnotes":""},"categories":[6814,1],"tags":[7991,8841,8333,7986,8004,8056],"class_list":["post-461618","post","type-post","status-publish","format-standard","has-post-thumbnail","hentry","category-geopolitica","category-noticias","tag-_cooperacao-internacional","tag-_defesa","tag-_defesa-internacional","tag-_estados-unidos","tag-_europa","tag-_uniao-europeia"],"yoast_head":"<!-- This site is optimized with the Yoast SEO plugin v27.2 - https:\/\/yoast.com\/product\/yoast-seo-wordpress\/ -->\n<title>Ministro da Defesa pede refor\u00e7o europeu na NATO; EUA, aliado fundamental - Portal Tela Portugal<\/title>\n<meta name=\"robots\" content=\"index, follow, max-snippet:-1, max-image-preview:large, max-video-preview:-1\" \/>\n<meta property=\"og:locale\" content=\"pt_PT\" \/>\n<meta property=\"og:type\" content=\"article\" \/>\n<meta property=\"og:title\" content=\"Ministro da Defesa pede refor\u00e7o europeu na NATO; EUA, aliado fundamental - Portal Tela Portugal\" \/>\n<meta property=\"og:description\" content=\"O ministro da Defesa Nacional, Nuno Melo, afirmou que \u00e9 preciso refor\u00e7ar o pilar europeu da defesa dentro da NATO, reconhecendo que os EUA s\u00e3o um aliado fundamental. Melo disse que, embora n\u00e3o haja NATO sem os Estados Unidos, \u00e9 importante depender menos do lado de l\u00e1 do Atl\u00e2ntico e investir mais na defesa europeia. A declara\u00e7\u00f5es ocorreram em Beja, \u00e0 margem da visita \u00e0 Ovibeja, onde o ministro falou sobre a necessidade de atualiza\u00e7\u00e3o do papel da NATO face ao contexto geopol\u00edtico. O presidente da Rep\u00fablica, Ant\u00f3nio Jose Seguro, defendeu em Lisboa que a defesa europeia n\u00e3o pode continuar a ser uma caminhada lenta e que a rela\u00e7\u00e3o transatl\u00e2ntica deve permanecer um eixo estrutural da pol\u00edtica europeia. Portugal anunciou ter atingido, em 2025, o investimento de dois por cento do Produto Interno Bruto na defesa nacional.\" \/>\n<meta property=\"og:url\" content=\"https:\/\/portaltela.pt\/noticias\/2026\/04\/29\/ministro-da-defesa-pede-reforco-europeu-na-nato-eua-aliado-fundamental\/\" \/>\n<meta property=\"og:site_name\" content=\"Portal Tela Portugal\" \/>\n<meta property=\"article:published_time\" content=\"2026-04-29T21:48:31+00:00\" \/>\n<meta name=\"author\" content=\"Telinha\" \/>\n<meta name=\"twitter:card\" content=\"summary_large_image\" \/>\n<meta name=\"twitter:label1\" content=\"Escrito por\" \/>\n\t<meta name=\"twitter:data1\" content=\"Telinha\" \/>\n\t<meta name=\"twitter:label2\" content=\"Tempo estimado de leitura\" \/>\n\t<meta name=\"twitter:data2\" content=\"1 minuto\" \/>\n<script type=\"application\/ld+json\" class=\"yoast-schema-graph\">{\"@context\":\"https:\/\/schema.org\",\"@graph\":[{\"@type\":\"Article\",\"@id\":\"https:\/\/portaltela.pt\/noticias\/2026\/04\/29\/ministro-da-defesa-pede-reforco-europeu-na-nato-eua-aliado-fundamental\/#article\",\"isPartOf\":{\"@id\":\"https:\/\/portaltela.pt\/noticias\/2026\/04\/29\/ministro-da-defesa-pede-reforco-europeu-na-nato-eua-aliado-fundamental\/\"},\"author\":{\"name\":\"Telinha\",\"@id\":\"https:\/\/portaltela.pt\/#\/schema\/person\/c4278d4a6028830caff9ee44b42d32ed\"},\"headline\":\"Ministro da Defesa pede refor\u00e7o europeu na NATO; EUA, aliado fundamental\",\"datePublished\":\"2026-04-29T21:48:31+00:00\",\"mainEntityOfPage\":{\"@id\":\"https:\/\/portaltela.pt\/noticias\/2026\/04\/29\/ministro-da-defesa-pede-reforco-europeu-na-nato-eua-aliado-fundamental\/\"},\"wordCount\":291,\"image\":{\"@id\":\"https:\/\/portaltela.pt\/noticias\/2026\/04\/29\/ministro-da-defesa-pede-reforco-europeu-na-nato-eua-aliado-fundamental\/#primaryimage\"},\"thumbnailUrl\":\"https:\/\/portaltela.pt\/s.01k8rhncp4jt1\/2026\/04\/img_1500x1000uu2026-04-29-22-39-40-2281970.jpg\",\"keywords\":[\"_coopera\u00e7\u00e3o internacional\",\"_defesa\",\"_defesa internacional\",\"_Estados Unidos\",\"_Europa\",\"_Uni\u00e3o Europeia\"],\"articleSection\":[\"Geopol\u00edtica\",\"Not\u00edcias\"],\"inLanguage\":\"pt-PT\"},{\"@type\":\"WebPage\",\"@id\":\"https:\/\/portaltela.pt\/noticias\/2026\/04\/29\/ministro-da-defesa-pede-reforco-europeu-na-nato-eua-aliado-fundamental\/\",\"url\":\"https:\/\/portaltela.pt\/noticias\/2026\/04\/29\/ministro-da-defesa-pede-reforco-europeu-na-nato-eua-aliado-fundamental\/\",\"name\":\"Ministro da Defesa pede refor\u00e7o europeu na NATO; EUA, aliado fundamental - Portal Tela Portugal\",\"isPartOf\":{\"@id\":\"https:\/\/portaltela.pt\/#website\"},\"primaryImageOfPage\":{\"@id\":\"https:\/\/portaltela.pt\/noticias\/2026\/04\/29\/ministro-da-defesa-pede-reforco-europeu-na-nato-eua-aliado-fundamental\/#primaryimage\"},\"image\":{\"@id\":\"https:\/\/portaltela.pt\/noticias\/2026\/04\/29\/ministro-da-defesa-pede-reforco-europeu-na-nato-eua-aliado-fundamental\/#primaryimage\"},\"thumbnailUrl\":\"https:\/\/portaltela.pt\/s.01k8rhncp4jt1\/2026\/04\/img_1500x1000uu2026-04-29-22-39-40-2281970.jpg\",\"datePublished\":\"2026-04-29T21:48:31+00:00\",\"author\":{\"@id\":\"https:\/\/portaltela.pt\/#\/schema\/person\/c4278d4a6028830caff9ee44b42d32ed\"},\"breadcrumb\":{\"@id\":\"https:\/\/portaltela.pt\/noticias\/2026\/04\/29\/ministro-da-defesa-pede-reforco-europeu-na-nato-eua-aliado-fundamental\/#breadcrumb\"},\"inLanguage\":\"pt-PT\",\"potentialAction\":[{\"@type\":\"ReadAction\",\"target\":[\"https:\/\/portaltela.pt\/noticias\/2026\/04\/29\/ministro-da-defesa-pede-reforco-europeu-na-nato-eua-aliado-fundamental\/\"]}]},{\"@type\":\"ImageObject\",\"inLanguage\":\"pt-PT\",\"@id\":\"https:\/\/portaltela.pt\/noticias\/2026\/04\/29\/ministro-da-defesa-pede-reforco-europeu-na-nato-eua-aliado-fundamental\/#primaryimage\",\"url\":\"https:\/\/portaltela.pt\/s.01k8rhncp4jt1\/2026\/04\/img_1500x1000uu2026-04-29-22-39-40-2281970.jpg\",\"contentUrl\":\"https:\/\/portaltela.pt\/s.01k8rhncp4jt1\/2026\/04\/img_1500x1000uu2026-04-29-22-39-40-2281970.jpg\",\"width\":796,\"height\":448,\"caption\":\"Ministro da Defesa Nuno Melo\"},{\"@type\":\"BreadcrumbList\",\"@id\":\"https:\/\/portaltela.pt\/noticias\/2026\/04\/29\/ministro-da-defesa-pede-reforco-europeu-na-nato-eua-aliado-fundamental\/#breadcrumb\",\"itemListElement\":[{\"@type\":\"ListItem\",\"position\":1,\"name\":\"In\u00edcio\",\"item\":\"https:\/\/portaltela.pt\/\"},{\"@type\":\"ListItem\",\"position\":2,\"name\":\"Ministro da Defesa pede refor\u00e7o europeu na NATO; EUA, aliado fundamental\"}]},{\"@type\":\"WebSite\",\"@id\":\"https:\/\/portaltela.pt\/#website\",\"url\":\"https:\/\/portaltela.pt\/\",\"name\":\"Portal Tela Portugal\",\"description\":\"\",\"potentialAction\":[{\"@type\":\"SearchAction\",\"target\":{\"@type\":\"EntryPoint\",\"urlTemplate\":\"https:\/\/portaltela.pt\/?s={search_term_string}\"},\"query-input\":{\"@type\":\"PropertyValueSpecification\",\"valueRequired\":true,\"valueName\":\"search_term_string\"}}],\"inLanguage\":\"pt-PT\"},{\"@type\":\"Person\",\"@id\":\"https:\/\/portaltela.pt\/#\/schema\/person\/c4278d4a6028830caff9ee44b42d32ed\",\"name\":\"Telinha\",\"image\":{\"@type\":\"ImageObject\",\"inLanguage\":\"pt-PT\",\"@id\":\"https:\/\/portaltela.pt\/s.01k8rhncp4jt1\/2025\/11\/talking-bot-125x125.png\",\"url\":\"https:\/\/portaltela.pt\/s.01k8rhncp4jt1\/2025\/11\/talking-bot-125x125.png\",\"contentUrl\":\"https:\/\/portaltela.pt\/s.01k8rhncp4jt1\/2025\/11\/talking-bot-125x125.png\",\"caption\":\"Telinha\"},\"sameAs\":[\"https:\/\/portaltela.pt\/\"],\"url\":\"https:\/\/portaltela.pt\/por\/367410592786\/\"}]}<\/script>\n<!-- \/ Yoast SEO plugin. -->","yoast_head_json":{"title":"Ministro da Defesa pede refor\u00e7o europeu na NATO; EUA, aliado fundamental - Portal Tela Portugal","robots":{"index":"index","follow":"follow","max-snippet":"max-snippet:-1","max-image-preview":"max-image-preview:large","max-video-preview":"max-video-preview:-1"},"og_locale":"pt_PT","og_type":"article","og_title":"Ministro da Defesa pede refor\u00e7o europeu na NATO; EUA, aliado fundamental - Portal Tela Portugal","og_description":"O ministro da Defesa Nacional, Nuno Melo, afirmou que \u00e9 preciso refor\u00e7ar o pilar europeu da defesa dentro da NATO, reconhecendo que os EUA s\u00e3o um aliado fundamental. Melo disse que, embora n\u00e3o haja NATO sem os Estados Unidos, \u00e9 importante depender menos do lado de l\u00e1 do Atl\u00e2ntico e investir mais na defesa europeia. A declara\u00e7\u00f5es ocorreram em Beja, \u00e0 margem da visita \u00e0 Ovibeja, onde o ministro falou sobre a necessidade de atualiza\u00e7\u00e3o do papel da NATO face ao contexto geopol\u00edtico. O presidente da Rep\u00fablica, Ant\u00f3nio Jose Seguro, defendeu em Lisboa que a defesa europeia n\u00e3o pode continuar a ser uma caminhada lenta e que a rela\u00e7\u00e3o transatl\u00e2ntica deve permanecer um eixo estrutural da pol\u00edtica europeia. Portugal anunciou ter atingido, em 2025, o investimento de dois por cento do Produto Interno Bruto na defesa nacional.","og_url":"https:\/\/portaltela.pt\/noticias\/2026\/04\/29\/ministro-da-defesa-pede-reforco-europeu-na-nato-eua-aliado-fundamental\/","og_site_name":"Portal Tela Portugal","article_published_time":"2026-04-29T21:48:31+00:00","author":"Telinha","twitter_card":"summary_large_image","twitter_misc":{"Escrito por":"Telinha","Tempo estimado de leitura":"1 minuto"},"schema":{"@context":"https:\/\/schema.org","@graph":[{"@type":"Article","@id":"https:\/\/portaltela.pt\/noticias\/2026\/04\/29\/ministro-da-defesa-pede-reforco-europeu-na-nato-eua-aliado-fundamental\/#article","isPartOf":{"@id":"https:\/\/portaltela.pt\/noticias\/2026\/04\/29\/ministro-da-defesa-pede-reforco-europeu-na-nato-eua-aliado-fundamental\/"},"author":{"name":"Telinha","@id":"https:\/\/portaltela.pt\/#\/schema\/person\/c4278d4a6028830caff9ee44b42d32ed"},"headline":"Ministro da Defesa pede refor\u00e7o europeu na NATO; EUA, aliado fundamental","datePublished":"2026-04-29T21:48:31+00:00","mainEntityOfPage":{"@id":"https:\/\/portaltela.pt\/noticias\/2026\/04\/29\/ministro-da-defesa-pede-reforco-europeu-na-nato-eua-aliado-fundamental\/"},"wordCount":291,"image":{"@id":"https:\/\/portaltela.pt\/noticias\/2026\/04\/29\/ministro-da-defesa-pede-reforco-europeu-na-nato-eua-aliado-fundamental\/#primaryimage"},"thumbnailUrl":"https:\/\/portaltela.pt\/s.01k8rhncp4jt1\/2026\/04\/img_1500x1000uu2026-04-29-22-39-40-2281970.jpg","keywords":["_coopera\u00e7\u00e3o internacional","_defesa","_defesa internacional","_Estados Unidos","_Europa","_Uni\u00e3o Europeia"],"articleSection":["Geopol\u00edtica","Not\u00edcias"],"inLanguage":"pt-PT"},{"@type":"WebPage","@id":"https:\/\/portaltela.pt\/noticias\/2026\/04\/29\/ministro-da-defesa-pede-reforco-europeu-na-nato-eua-aliado-fundamental\/","url":"https:\/\/portaltela.pt\/noticias\/2026\/04\/29\/ministro-da-defesa-pede-reforco-europeu-na-nato-eua-aliado-fundamental\/","name":"Ministro da Defesa pede refor\u00e7o europeu na NATO; EUA, aliado fundamental - Portal Tela Portugal","isPartOf":{"@id":"https:\/\/portaltela.pt\/#website"},"primaryImageOfPage":{"@id":"https:\/\/portaltela.pt\/noticias\/2026\/04\/29\/ministro-da-defesa-pede-reforco-europeu-na-nato-eua-aliado-fundamental\/#primaryimage"},"image":{"@id":"https:\/\/portaltela.pt\/noticias\/2026\/04\/29\/ministro-da-defesa-pede-reforco-europeu-na-nato-eua-aliado-fundamental\/#primaryimage"},"thumbnailUrl":"https:\/\/portaltela.pt\/s.01k8rhncp4jt1\/2026\/04\/img_1500x1000uu2026-04-29-22-39-40-2281970.jpg","datePublished":"2026-04-29T21:48:31+00:00","author":{"@id":"https:\/\/portaltela.pt\/#\/schema\/person\/c4278d4a6028830caff9ee44b42d32ed"},"breadcrumb":{"@id":"https:\/\/portaltela.pt\/noticias\/2026\/04\/29\/ministro-da-defesa-pede-reforco-europeu-na-nato-eua-aliado-fundamental\/#breadcrumb"},"inLanguage":"pt-PT","potentialAction":[{"@type":"ReadAction","target":["https:\/\/portaltela.pt\/noticias\/2026\/04\/29\/ministro-da-defesa-pede-reforco-europeu-na-nato-eua-aliado-fundamental\/"]}]},{"@type":"ImageObject","inLanguage":"pt-PT","@id":"https:\/\/portaltela.pt\/noticias\/2026\/04\/29\/ministro-da-defesa-pede-reforco-europeu-na-nato-eua-aliado-fundamental\/#primaryimage","url":"https:\/\/portaltela.pt\/s.01k8rhncp4jt1\/2026\/04\/img_1500x1000uu2026-04-29-22-39-40-2281970.jpg","contentUrl":"https:\/\/portaltela.pt\/s.01k8rhncp4jt1\/2026\/04\/img_1500x1000uu2026-04-29-22-39-40-2281970.jpg","width":796,"height":448,"caption":"Ministro da Defesa Nuno Melo"},{"@type":"BreadcrumbList","@id":"https:\/\/portaltela.pt\/noticias\/2026\/04\/29\/ministro-da-defesa-pede-reforco-europeu-na-nato-eua-aliado-fundamental\/#breadcrumb","itemListElement":[{"@type":"ListItem","position":1,"name":"In\u00edcio","item":"https:\/\/portaltela.pt\/"},{"@type":"ListItem","position":2,"name":"Ministro da Defesa pede refor\u00e7o europeu na NATO; EUA, aliado fundamental"}]},{"@type":"WebSite","@id":"https:\/\/portaltela.pt\/#website","url":"https:\/\/portaltela.pt\/","name":"Portal Tela Portugal","description":"","potentialAction":[{"@type":"SearchAction","target":{"@type":"EntryPoint","urlTemplate":"https:\/\/portaltela.pt\/?s={search_term_string}"},"query-input":{"@type":"PropertyValueSpecification","valueRequired":true,"valueName":"search_term_string"}}],"inLanguage":"pt-PT"},{"@type":"Person","@id":"https:\/\/portaltela.pt\/#\/schema\/person\/c4278d4a6028830caff9ee44b42d32ed","name":"Telinha","image":{"@type":"ImageObject","inLanguage":"pt-PT","@id":"https:\/\/portaltela.pt\/s.01k8rhncp4jt1\/2025\/11\/talking-bot-125x125.png","url":"https:\/\/portaltela.pt\/s.01k8rhncp4jt1\/2025\/11\/talking-bot-125x125.png","contentUrl":"https:\/\/portaltela.pt\/s.01k8rhncp4jt1\/2025\/11\/talking-bot-125x125.png","caption":"Telinha"},"sameAs":["https:\/\/portaltela.pt\/"],"url":"https:\/\/portaltela.pt\/por\/367410592786\/"}]}},"_links":{"self":[{"href":"https:\/\/portaltela.pt\/api\/wp\/v2\/posts\/461618","targetHints":{"allow":["GET"]}}],"collection":[{"href":"https:\/\/portaltela.pt\/api\/wp\/v2\/posts"}],"about":[{"href":"https:\/\/portaltela.pt\/api\/wp\/v2\/types\/post"}],"author":[{"embeddable":true,"href":"https:\/\/portaltela.pt\/api\/wp\/v2\/users\/2"}],"replies":[{"embeddable":true,"href":"https:\/\/portaltela.pt\/api\/wp\/v2\/comments?post=461618"}],"version-history":[{"count":0,"href":"https:\/\/portaltela.pt\/api\/wp\/v2\/posts\/461618\/revisions"}],"wp:featuredmedia":[{"embeddable":true,"href":"https:\/\/portaltela.pt\/api\/wp\/v2\/media\/461622"}],"wp:attachment":[{"href":"https:\/\/portaltela.pt\/api\/wp\/v2\/media?parent=461618"}],"wp:term":[{"taxonomy":"category","embeddable":true,"href":"https:\/\/portaltela.pt\/api\/wp\/v2\/categories?post=461618"},{"taxonomy":"post_tag","embeddable":true,"href":"https:\/\/portaltela.pt\/api\/wp\/v2\/tags?post=461618"}],"curies":[{"name":"wp","href":"https:\/\/api.w.org\/{rel}","templated":true}]}}