{"id":461616,"date":"2026-04-29T18:48:26","date_gmt":"2026-04-29T21:48:26","guid":{"rendered":"https:\/\/portaltela.pt\/noticias\/2026\/04\/29\/nuno-melo-e-o-primeiro-interessado-em-explicar-campo-de-tiro-em-alter-do-chao\/"},"modified":"2026-04-29T18:48:26","modified_gmt":"2026-04-29T21:48:26","slug":"nuno-melo-e-o-primeiro-interessado-em-explicar-campo-de-tiro-em-alter-do-chao","status":"publish","type":"post","link":"https:\/\/portaltela.pt\/seguranca\/2026\/04\/29\/nuno-melo-e-o-primeiro-interessado-em-explicar-campo-de-tiro-em-alter-do-chao\/","title":{"rendered":"Nuno Melo \u00e9 o primeiro interessado em explicar Campo de Tiro em Alter do Ch\u00e3o"},"content":{"rendered":"<p>O ministro da Defesa Nacional, Nuno Melo, afirmou durante a Ovibeja que n\u00e3o h\u00e1 For\u00e7a A\u00e9rea sem Campo de Tiro e que est\u00e1 dispon\u00edvel para explicar no parlamento a transfer\u00eancia da infraestrutura para Alter do Ch\u00e3o, no distrito de Portalegre.<\/p>\n<p>Nuno Melo explicou que, com a constru\u00e7\u00e3o do novo aeroporto, o Campo de Tiro atual, em Alcochete, ter\u00e1 de ser entregue e substitu\u00eddo por uma nova instala\u00e7\u00e3o. Disse ser o primeiro interessado em prestar explica\u00e7\u00f5es sobre o tema.<\/p>\n<p>O governante reconheceu que a infraestrutura \u00e9 estrat\u00e9gica para Portugal e admitiu impactos, positivos e negativos, incluindo eventual expropria\u00e7\u00e3o de terrenos, com pagamento de valor justo.<\/p>\n<h3>Impacto na regi\u00e3o e processo de transfer\u00eancia<\/h3>\n<p>A transfer\u00eancia para Alter do Ch\u00e3o poder\u00e1 atrair perto de 200 militares e fam\u00edlias, al\u00e9m de criar um bairro habitacional e gerar obras de infraestruturas na regi\u00e3o, segundo o ministro.<\/p>\n<p>Nuno Melo lembrou que a escolha de Alter do Ch\u00e3o resulta de um acordo entre o Minist\u00e9rio da Defesa e a C\u00e2mara Municipal. Est\u00e3o a decorrer estudos previstos em lei para viabilizar o campo de tiro na nova localiza\u00e7\u00e3o.<\/p>\n<p>OPS: O PS e o Chega j\u00e1 solicitaram audi\u00e7\u00f5es no parlamento sobre a transfer\u00eancia, envolvendo o ministro, autarcas e respons\u00e1veis. Um grupo de agricultores apresentou uma peti\u00e7\u00e3o p\u00fablica contra a mudan\u00e7a, apontando danos ambientais e econ\u00f3micos.<\/p>\n","protected":false},"excerpt":{"rendered":"<ul>\n<li>O ministro da Defesa Nacional, Nuno Melo, afirma ser o \u201cprimeiro interessado\u201d em explicar no parlamento a transfer\u00eancia do Campo de Tiro da For\u00e7a A\u00e9rea de Alcochete para Alter do Ch\u00e3o.<\/li>\n<li>A transfer\u00eancia \u00e9 ligada \u00e0 constru\u00e7\u00e3o do novo aeroporto em Lisboa, com o Campo de Tiro atual em Alcochete a ter de ser entregue e um novo instalado em Alter do Ch\u00e3o.<\/li>\n<li>Melo diz que a infraestrutura \u00e9 estrat\u00e9gica, reconhece impactos negativos como expropria\u00e7\u00f5es, mas assegura que o valor pago aos terrenos ser\u00e1 o justo.<\/li>\n<li>A mudan\u00e7a poder\u00e1 inverter a despovoa\u00e7\u00e3o na regi\u00e3o de Alter do Ch\u00e3o, atrav\u00e9s da instala\u00e7\u00e3o de uma unidade militar, perto de 200 militares e fam\u00edlias, e obras de infraestruturas de compensa\u00e7\u00e3o.<\/li>\n<li>PS e Chega j\u00e1 solicitaram audi\u00e7\u00f5es no parlamento sobre o tema; h\u00e1 tamb\u00e9m um grupo de agricultores que lan\u00e7ou uma peti\u00e7\u00e3o contra a transfer\u00eancia por receios ambientais e econ\u00f3micos.<\/li>\n<\/ul>\n","protected":false},"author":2,"featured_media":461623,"comment_status":"closed","ping_status":"closed","sticky":false,"template":"","format":"standard","meta":{"footnotes":""},"categories":[1,6779],"tags":[8353,9965,8589,8313,8886,8622],"class_list":["post-461616","post","type-post","status-publish","format-standard","has-post-thumbnail","hentry","category-noticias","category-seguranca","tag-_defesa-nacional","tag-_expropriacoes","tag-_forca-aerea-portuguesa","tag-_infraestruturas","tag-_portalegre","tag-_transferencias"],"yoast_head":"<!-- This site is optimized with the Yoast SEO plugin v27.2 - https:\/\/yoast.com\/product\/yoast-seo-wordpress\/ -->\n<title>Nuno Melo \u00e9 o primeiro interessado em explicar Campo de Tiro em Alter do Ch\u00e3o - Portal Tela Portugal<\/title>\n<meta name=\"robots\" content=\"index, follow, max-snippet:-1, max-image-preview:large, max-video-preview:-1\" \/>\n<meta property=\"og:locale\" content=\"pt_PT\" \/>\n<meta property=\"og:type\" content=\"article\" \/>\n<meta property=\"og:title\" content=\"Nuno Melo \u00e9 o primeiro interessado em explicar Campo de Tiro em Alter do Ch\u00e3o - Portal Tela Portugal\" \/>\n<meta property=\"og:description\" content=\"O ministro da Defesa Nacional, Nuno Melo, afirma ser o \u201cprimeiro interessado\u201d em explicar no parlamento a transfer\u00eancia do Campo de Tiro da For\u00e7a A\u00e9rea de Alcochete para Alter do Ch\u00e3o. A transfer\u00eancia \u00e9 ligada \u00e0 constru\u00e7\u00e3o do novo aeroporto em Lisboa, com o Campo de Tiro atual em Alcochete a ter de ser entregue e um novo instalado em Alter do Ch\u00e3o. Melo diz que a infraestrutura \u00e9 estrat\u00e9gica, reconhece impactos negativos como expropria\u00e7\u00f5es, mas assegura que o valor pago aos terrenos ser\u00e1 o justo. A mudan\u00e7a poder\u00e1 inverter a despovoa\u00e7\u00e3o na regi\u00e3o de Alter do Ch\u00e3o, atrav\u00e9s da instala\u00e7\u00e3o de uma unidade militar, perto de 200 militares e fam\u00edlias, e obras de infraestruturas de compensa\u00e7\u00e3o. PS e Chega j\u00e1 solicitaram audi\u00e7\u00f5es no parlamento sobre o tema; h\u00e1 tamb\u00e9m um grupo de agricultores que lan\u00e7ou uma peti\u00e7\u00e3o contra a transfer\u00eancia por receios ambientais e econ\u00f3micos.\" \/>\n<meta property=\"og:url\" content=\"https:\/\/portaltela.pt\/noticias\/2026\/04\/29\/nuno-melo-e-o-primeiro-interessado-em-explicar-campo-de-tiro-em-alter-do-chao\/\" \/>\n<meta property=\"og:site_name\" content=\"Portal Tela Portugal\" \/>\n<meta property=\"article:published_time\" content=\"2026-04-29T21:48:26+00:00\" \/>\n<meta name=\"author\" content=\"Telinha\" \/>\n<meta name=\"twitter:card\" content=\"summary_large_image\" \/>\n<meta name=\"twitter:label1\" content=\"Escrito por\" \/>\n\t<meta name=\"twitter:data1\" content=\"Telinha\" \/>\n\t<meta name=\"twitter:label2\" content=\"Tempo estimado de leitura\" \/>\n\t<meta name=\"twitter:data2\" content=\"1 minuto\" \/>\n<script type=\"application\/ld+json\" class=\"yoast-schema-graph\">{\"@context\":\"https:\/\/schema.org\",\"@graph\":[{\"@type\":\"Article\",\"@id\":\"https:\/\/portaltela.pt\/noticias\/2026\/04\/29\/nuno-melo-e-o-primeiro-interessado-em-explicar-campo-de-tiro-em-alter-do-chao\/#article\",\"isPartOf\":{\"@id\":\"https:\/\/portaltela.pt\/noticias\/2026\/04\/29\/nuno-melo-e-o-primeiro-interessado-em-explicar-campo-de-tiro-em-alter-do-chao\/\"},\"author\":{\"name\":\"Telinha\",\"@id\":\"https:\/\/portaltela.pt\/#\/schema\/person\/c4278d4a6028830caff9ee44b42d32ed\"},\"headline\":\"Nuno Melo \u00e9 o primeiro interessado em explicar Campo de Tiro em Alter do Ch\u00e3o\",\"datePublished\":\"2026-04-29T21:48:26+00:00\",\"mainEntityOfPage\":{\"@id\":\"https:\/\/portaltela.pt\/noticias\/2026\/04\/29\/nuno-melo-e-o-primeiro-interessado-em-explicar-campo-de-tiro-em-alter-do-chao\/\"},\"wordCount\":260,\"image\":{\"@id\":\"https:\/\/portaltela.pt\/noticias\/2026\/04\/29\/nuno-melo-e-o-primeiro-interessado-em-explicar-campo-de-tiro-em-alter-do-chao\/#primaryimage\"},\"thumbnailUrl\":\"https:\/\/portaltela.pt\/s.01k8rhncp4jt1\/2026\/04\/img_1500x1000uu2026-04-29-22-41-47-2281971.jpg\",\"keywords\":[\"_defesa nacional\",\"_expropria\u00e7\u00f5es\",\"_For\u00e7a A\u00e9rea Portuguesa\",\"_infraestruturas\",\"_Portalegre\",\"_transfer\u00eancias\"],\"articleSection\":[\"Not\u00edcias\",\"Seguran\u00e7a\"],\"inLanguage\":\"pt-PT\"},{\"@type\":\"WebPage\",\"@id\":\"https:\/\/portaltela.pt\/noticias\/2026\/04\/29\/nuno-melo-e-o-primeiro-interessado-em-explicar-campo-de-tiro-em-alter-do-chao\/\",\"url\":\"https:\/\/portaltela.pt\/noticias\/2026\/04\/29\/nuno-melo-e-o-primeiro-interessado-em-explicar-campo-de-tiro-em-alter-do-chao\/\",\"name\":\"Nuno Melo \u00e9 o primeiro interessado em explicar Campo de Tiro em Alter do Ch\u00e3o - Portal Tela Portugal\",\"isPartOf\":{\"@id\":\"https:\/\/portaltela.pt\/#website\"},\"primaryImageOfPage\":{\"@id\":\"https:\/\/portaltela.pt\/noticias\/2026\/04\/29\/nuno-melo-e-o-primeiro-interessado-em-explicar-campo-de-tiro-em-alter-do-chao\/#primaryimage\"},\"image\":{\"@id\":\"https:\/\/portaltela.pt\/noticias\/2026\/04\/29\/nuno-melo-e-o-primeiro-interessado-em-explicar-campo-de-tiro-em-alter-do-chao\/#primaryimage\"},\"thumbnailUrl\":\"https:\/\/portaltela.pt\/s.01k8rhncp4jt1\/2026\/04\/img_1500x1000uu2026-04-29-22-41-47-2281971.jpg\",\"datePublished\":\"2026-04-29T21:48:26+00:00\",\"author\":{\"@id\":\"https:\/\/portaltela.pt\/#\/schema\/person\/c4278d4a6028830caff9ee44b42d32ed\"},\"breadcrumb\":{\"@id\":\"https:\/\/portaltela.pt\/noticias\/2026\/04\/29\/nuno-melo-e-o-primeiro-interessado-em-explicar-campo-de-tiro-em-alter-do-chao\/#breadcrumb\"},\"inLanguage\":\"pt-PT\",\"potentialAction\":[{\"@type\":\"ReadAction\",\"target\":[\"https:\/\/portaltela.pt\/noticias\/2026\/04\/29\/nuno-melo-e-o-primeiro-interessado-em-explicar-campo-de-tiro-em-alter-do-chao\/\"]}]},{\"@type\":\"ImageObject\",\"inLanguage\":\"pt-PT\",\"@id\":\"https:\/\/portaltela.pt\/noticias\/2026\/04\/29\/nuno-melo-e-o-primeiro-interessado-em-explicar-campo-de-tiro-em-alter-do-chao\/#primaryimage\",\"url\":\"https:\/\/portaltela.pt\/s.01k8rhncp4jt1\/2026\/04\/img_1500x1000uu2026-04-29-22-41-47-2281971.jpg\",\"contentUrl\":\"https:\/\/portaltela.pt\/s.01k8rhncp4jt1\/2026\/04\/img_1500x1000uu2026-04-29-22-41-47-2281971.jpg\",\"width\":796,\"height\":448,\"caption\":\"Nuno Melo, ministro da Defesa\"},{\"@type\":\"BreadcrumbList\",\"@id\":\"https:\/\/portaltela.pt\/noticias\/2026\/04\/29\/nuno-melo-e-o-primeiro-interessado-em-explicar-campo-de-tiro-em-alter-do-chao\/#breadcrumb\",\"itemListElement\":[{\"@type\":\"ListItem\",\"position\":1,\"name\":\"In\u00edcio\",\"item\":\"https:\/\/portaltela.pt\/\"},{\"@type\":\"ListItem\",\"position\":2,\"name\":\"Nuno Melo \u00e9 o primeiro interessado em explicar Campo de Tiro em Alter do Ch\u00e3o\"}]},{\"@type\":\"WebSite\",\"@id\":\"https:\/\/portaltela.pt\/#website\",\"url\":\"https:\/\/portaltela.pt\/\",\"name\":\"Portal Tela Portugal\",\"description\":\"\",\"potentialAction\":[{\"@type\":\"SearchAction\",\"target\":{\"@type\":\"EntryPoint\",\"urlTemplate\":\"https:\/\/portaltela.pt\/?s={search_term_string}\"},\"query-input\":{\"@type\":\"PropertyValueSpecification\",\"valueRequired\":true,\"valueName\":\"search_term_string\"}}],\"inLanguage\":\"pt-PT\"},{\"@type\":\"Person\",\"@id\":\"https:\/\/portaltela.pt\/#\/schema\/person\/c4278d4a6028830caff9ee44b42d32ed\",\"name\":\"Telinha\",\"image\":{\"@type\":\"ImageObject\",\"inLanguage\":\"pt-PT\",\"@id\":\"https:\/\/portaltela.pt\/s.01k8rhncp4jt1\/2025\/11\/talking-bot-125x125.png\",\"url\":\"https:\/\/portaltela.pt\/s.01k8rhncp4jt1\/2025\/11\/talking-bot-125x125.png\",\"contentUrl\":\"https:\/\/portaltela.pt\/s.01k8rhncp4jt1\/2025\/11\/talking-bot-125x125.png\",\"caption\":\"Telinha\"},\"sameAs\":[\"https:\/\/portaltela.pt\/\"],\"url\":\"https:\/\/portaltela.pt\/por\/367410592786\/\"}]}<\/script>\n<!-- \/ Yoast SEO plugin. -->","yoast_head_json":{"title":"Nuno Melo \u00e9 o primeiro interessado em explicar Campo de Tiro em Alter do Ch\u00e3o - Portal Tela Portugal","robots":{"index":"index","follow":"follow","max-snippet":"max-snippet:-1","max-image-preview":"max-image-preview:large","max-video-preview":"max-video-preview:-1"},"og_locale":"pt_PT","og_type":"article","og_title":"Nuno Melo \u00e9 o primeiro interessado em explicar Campo de Tiro em Alter do Ch\u00e3o - Portal Tela Portugal","og_description":"O ministro da Defesa Nacional, Nuno Melo, afirma ser o \u201cprimeiro interessado\u201d em explicar no parlamento a transfer\u00eancia do Campo de Tiro da For\u00e7a A\u00e9rea de Alcochete para Alter do Ch\u00e3o. A transfer\u00eancia \u00e9 ligada \u00e0 constru\u00e7\u00e3o do novo aeroporto em Lisboa, com o Campo de Tiro atual em Alcochete a ter de ser entregue e um novo instalado em Alter do Ch\u00e3o. Melo diz que a infraestrutura \u00e9 estrat\u00e9gica, reconhece impactos negativos como expropria\u00e7\u00f5es, mas assegura que o valor pago aos terrenos ser\u00e1 o justo. A mudan\u00e7a poder\u00e1 inverter a despovoa\u00e7\u00e3o na regi\u00e3o de Alter do Ch\u00e3o, atrav\u00e9s da instala\u00e7\u00e3o de uma unidade militar, perto de 200 militares e fam\u00edlias, e obras de infraestruturas de compensa\u00e7\u00e3o. PS e Chega j\u00e1 solicitaram audi\u00e7\u00f5es no parlamento sobre o tema; h\u00e1 tamb\u00e9m um grupo de agricultores que lan\u00e7ou uma peti\u00e7\u00e3o contra a transfer\u00eancia por receios ambientais e econ\u00f3micos.","og_url":"https:\/\/portaltela.pt\/noticias\/2026\/04\/29\/nuno-melo-e-o-primeiro-interessado-em-explicar-campo-de-tiro-em-alter-do-chao\/","og_site_name":"Portal Tela Portugal","article_published_time":"2026-04-29T21:48:26+00:00","author":"Telinha","twitter_card":"summary_large_image","twitter_misc":{"Escrito por":"Telinha","Tempo estimado de leitura":"1 minuto"},"schema":{"@context":"https:\/\/schema.org","@graph":[{"@type":"Article","@id":"https:\/\/portaltela.pt\/noticias\/2026\/04\/29\/nuno-melo-e-o-primeiro-interessado-em-explicar-campo-de-tiro-em-alter-do-chao\/#article","isPartOf":{"@id":"https:\/\/portaltela.pt\/noticias\/2026\/04\/29\/nuno-melo-e-o-primeiro-interessado-em-explicar-campo-de-tiro-em-alter-do-chao\/"},"author":{"name":"Telinha","@id":"https:\/\/portaltela.pt\/#\/schema\/person\/c4278d4a6028830caff9ee44b42d32ed"},"headline":"Nuno Melo \u00e9 o primeiro interessado em explicar Campo de Tiro em Alter do Ch\u00e3o","datePublished":"2026-04-29T21:48:26+00:00","mainEntityOfPage":{"@id":"https:\/\/portaltela.pt\/noticias\/2026\/04\/29\/nuno-melo-e-o-primeiro-interessado-em-explicar-campo-de-tiro-em-alter-do-chao\/"},"wordCount":260,"image":{"@id":"https:\/\/portaltela.pt\/noticias\/2026\/04\/29\/nuno-melo-e-o-primeiro-interessado-em-explicar-campo-de-tiro-em-alter-do-chao\/#primaryimage"},"thumbnailUrl":"https:\/\/portaltela.pt\/s.01k8rhncp4jt1\/2026\/04\/img_1500x1000uu2026-04-29-22-41-47-2281971.jpg","keywords":["_defesa nacional","_expropria\u00e7\u00f5es","_For\u00e7a A\u00e9rea Portuguesa","_infraestruturas","_Portalegre","_transfer\u00eancias"],"articleSection":["Not\u00edcias","Seguran\u00e7a"],"inLanguage":"pt-PT"},{"@type":"WebPage","@id":"https:\/\/portaltela.pt\/noticias\/2026\/04\/29\/nuno-melo-e-o-primeiro-interessado-em-explicar-campo-de-tiro-em-alter-do-chao\/","url":"https:\/\/portaltela.pt\/noticias\/2026\/04\/29\/nuno-melo-e-o-primeiro-interessado-em-explicar-campo-de-tiro-em-alter-do-chao\/","name":"Nuno Melo \u00e9 o primeiro interessado em explicar Campo de Tiro em Alter do Ch\u00e3o - Portal Tela Portugal","isPartOf":{"@id":"https:\/\/portaltela.pt\/#website"},"primaryImageOfPage":{"@id":"https:\/\/portaltela.pt\/noticias\/2026\/04\/29\/nuno-melo-e-o-primeiro-interessado-em-explicar-campo-de-tiro-em-alter-do-chao\/#primaryimage"},"image":{"@id":"https:\/\/portaltela.pt\/noticias\/2026\/04\/29\/nuno-melo-e-o-primeiro-interessado-em-explicar-campo-de-tiro-em-alter-do-chao\/#primaryimage"},"thumbnailUrl":"https:\/\/portaltela.pt\/s.01k8rhncp4jt1\/2026\/04\/img_1500x1000uu2026-04-29-22-41-47-2281971.jpg","datePublished":"2026-04-29T21:48:26+00:00","author":{"@id":"https:\/\/portaltela.pt\/#\/schema\/person\/c4278d4a6028830caff9ee44b42d32ed"},"breadcrumb":{"@id":"https:\/\/portaltela.pt\/noticias\/2026\/04\/29\/nuno-melo-e-o-primeiro-interessado-em-explicar-campo-de-tiro-em-alter-do-chao\/#breadcrumb"},"inLanguage":"pt-PT","potentialAction":[{"@type":"ReadAction","target":["https:\/\/portaltela.pt\/noticias\/2026\/04\/29\/nuno-melo-e-o-primeiro-interessado-em-explicar-campo-de-tiro-em-alter-do-chao\/"]}]},{"@type":"ImageObject","inLanguage":"pt-PT","@id":"https:\/\/portaltela.pt\/noticias\/2026\/04\/29\/nuno-melo-e-o-primeiro-interessado-em-explicar-campo-de-tiro-em-alter-do-chao\/#primaryimage","url":"https:\/\/portaltela.pt\/s.01k8rhncp4jt1\/2026\/04\/img_1500x1000uu2026-04-29-22-41-47-2281971.jpg","contentUrl":"https:\/\/portaltela.pt\/s.01k8rhncp4jt1\/2026\/04\/img_1500x1000uu2026-04-29-22-41-47-2281971.jpg","width":796,"height":448,"caption":"Nuno Melo, ministro da Defesa"},{"@type":"BreadcrumbList","@id":"https:\/\/portaltela.pt\/noticias\/2026\/04\/29\/nuno-melo-e-o-primeiro-interessado-em-explicar-campo-de-tiro-em-alter-do-chao\/#breadcrumb","itemListElement":[{"@type":"ListItem","position":1,"name":"In\u00edcio","item":"https:\/\/portaltela.pt\/"},{"@type":"ListItem","position":2,"name":"Nuno Melo \u00e9 o primeiro interessado em explicar Campo de Tiro em Alter do Ch\u00e3o"}]},{"@type":"WebSite","@id":"https:\/\/portaltela.pt\/#website","url":"https:\/\/portaltela.pt\/","name":"Portal Tela Portugal","description":"","potentialAction":[{"@type":"SearchAction","target":{"@type":"EntryPoint","urlTemplate":"https:\/\/portaltela.pt\/?s={search_term_string}"},"query-input":{"@type":"PropertyValueSpecification","valueRequired":true,"valueName":"search_term_string"}}],"inLanguage":"pt-PT"},{"@type":"Person","@id":"https:\/\/portaltela.pt\/#\/schema\/person\/c4278d4a6028830caff9ee44b42d32ed","name":"Telinha","image":{"@type":"ImageObject","inLanguage":"pt-PT","@id":"https:\/\/portaltela.pt\/s.01k8rhncp4jt1\/2025\/11\/talking-bot-125x125.png","url":"https:\/\/portaltela.pt\/s.01k8rhncp4jt1\/2025\/11\/talking-bot-125x125.png","contentUrl":"https:\/\/portaltela.pt\/s.01k8rhncp4jt1\/2025\/11\/talking-bot-125x125.png","caption":"Telinha"},"sameAs":["https:\/\/portaltela.pt\/"],"url":"https:\/\/portaltela.pt\/por\/367410592786\/"}]}},"_links":{"self":[{"href":"https:\/\/portaltela.pt\/api\/wp\/v2\/posts\/461616","targetHints":{"allow":["GET"]}}],"collection":[{"href":"https:\/\/portaltela.pt\/api\/wp\/v2\/posts"}],"about":[{"href":"https:\/\/portaltela.pt\/api\/wp\/v2\/types\/post"}],"author":[{"embeddable":true,"href":"https:\/\/portaltela.pt\/api\/wp\/v2\/users\/2"}],"replies":[{"embeddable":true,"href":"https:\/\/portaltela.pt\/api\/wp\/v2\/comments?post=461616"}],"version-history":[{"count":0,"href":"https:\/\/portaltela.pt\/api\/wp\/v2\/posts\/461616\/revisions"}],"wp:featuredmedia":[{"embeddable":true,"href":"https:\/\/portaltela.pt\/api\/wp\/v2\/media\/461623"}],"wp:attachment":[{"href":"https:\/\/portaltela.pt\/api\/wp\/v2\/media?parent=461616"}],"wp:term":[{"taxonomy":"category","embeddable":true,"href":"https:\/\/portaltela.pt\/api\/wp\/v2\/categories?post=461616"},{"taxonomy":"post_tag","embeddable":true,"href":"https:\/\/portaltela.pt\/api\/wp\/v2\/tags?post=461616"}],"curies":[{"name":"wp","href":"https:\/\/api.w.org\/{rel}","templated":true}]}}