{"id":461602,"date":"2026-04-29T16:23:00","date_gmt":"2026-04-29T19:23:00","guid":{"rendered":"https:\/\/portaltela.pt\/noticias\/2026\/04\/29\/costa-quer-cooperacao-estreita-no-conselho-europeu-com-futuro-pm-hungaro\/"},"modified":"2026-04-29T16:23:00","modified_gmt":"2026-04-29T19:23:00","slug":"costa-quer-cooperacao-estreita-no-conselho-europeu-com-futuro-pm-hungaro","status":"publish","type":"post","link":"https:\/\/portaltela.pt\/noticias\/internacional\/2026\/04\/29\/costa-quer-cooperacao-estreita-no-conselho-europeu-com-futuro-pm-hungaro\/","title":{"rendered":"Costa quer coopera\u00e7\u00e3o estreita no Conselho Europeu com futuro PM h\u00fangaro"},"content":{"rendered":"<p>O primeiro-ministro de Portugal disse hoje que espera trabalhar em estreita colabora\u00e7\u00e3o no Conselho Europeu com o futuro primeiro-ministro da Hungria. A declara\u00e7\u00e3o enfatiza a inten\u00e7\u00e3o de coopera\u00e7\u00e3o pr\u00f3xima entre os dois pa\u00edses em quest\u00f5es europeias.<\/p>\n<p>Costa destacou a import\u00e2ncia de manter uma linha de di\u00e1logo aberta com Budapeste, incluindo temas de pol\u00edticas comunit\u00e1rias e seguran\u00e7a coletiva. O conte\u00fado completo da declara\u00e7\u00e3o, no entanto, est\u00e1 dispon\u00edvel apenas para subscritores.<\/p>\n","protected":false},"excerpt":{"rendered":"<ul>\n<li>O primeiro-ministro Ant\u00f3nio Costa disse que espera trabalhar em estreita colabora\u00e7\u00e3o no Conselho Europeu com o futuro primeiro-ministro da Hungria.<\/li>\n<li>A afirma\u00e7\u00e3o aponta para uma coopera\u00e7\u00e3o entre Portugal e Hungria no \u00e2mbito da Uni\u00e3o Europeia.<\/li>\n<li>O conte\u00fado completo da not\u00edcia est\u00e1 dispon\u00edvel apenas para subscritores.<\/li>\n<\/ul>\n","protected":false},"author":2,"featured_media":461610,"comment_status":"closed","ping_status":"closed","sticky":false,"template":"","format":"standard","meta":{"footnotes":""},"categories":[6814,4],"tags":[2502,2579,7439,1014,4222,2055],"class_list":["post-461602","post","type-post","status-publish","format-standard","has-post-thumbnail","hentry","category-geopolitica","category-internacional","tag-conselho-europeu","tag-hungria","tag-politica-externa","tag-portugal","tag-seguranca-internacional","tag-uniao-europeia"],"yoast_head":"<!-- This site is optimized with the Yoast SEO plugin v27.2 - https:\/\/yoast.com\/product\/yoast-seo-wordpress\/ -->\n<title>Costa quer coopera\u00e7\u00e3o estreita no Conselho Europeu com futuro PM h\u00fangaro - Portal Tela Portugal<\/title>\n<meta name=\"robots\" content=\"index, follow, max-snippet:-1, max-image-preview:large, max-video-preview:-1\" \/>\n<meta property=\"og:locale\" content=\"pt_PT\" \/>\n<meta property=\"og:type\" content=\"article\" \/>\n<meta property=\"og:title\" content=\"Costa quer coopera\u00e7\u00e3o estreita no Conselho Europeu com futuro PM h\u00fangaro - Portal Tela Portugal\" \/>\n<meta property=\"og:description\" content=\"O primeiro-ministro Ant\u00f3nio Costa disse que espera trabalhar em estreita colabora\u00e7\u00e3o no Conselho Europeu com o futuro primeiro-ministro da Hungria. A afirma\u00e7\u00e3o aponta para uma coopera\u00e7\u00e3o entre Portugal e Hungria no \u00e2mbito da Uni\u00e3o Europeia. O conte\u00fado completo da not\u00edcia est\u00e1 dispon\u00edvel apenas para subscritores.\" \/>\n<meta property=\"og:url\" content=\"https:\/\/portaltela.pt\/noticias\/2026\/04\/29\/costa-quer-cooperacao-estreita-no-conselho-europeu-com-futuro-pm-hungaro\/\" \/>\n<meta property=\"og:site_name\" content=\"Portal Tela Portugal\" \/>\n<meta property=\"article:published_time\" content=\"2026-04-29T19:23:00+00:00\" \/>\n<meta name=\"author\" content=\"Telinha\" \/>\n<meta name=\"twitter:card\" content=\"summary_large_image\" \/>\n<meta name=\"twitter:label1\" content=\"Escrito por\" \/>\n\t<meta name=\"twitter:data1\" content=\"Telinha\" \/>\n<script type=\"application\/ld+json\" class=\"yoast-schema-graph\">{\"@context\":\"https:\/\/schema.org\",\"@graph\":[{\"@type\":\"Article\",\"@id\":\"https:\/\/portaltela.pt\/noticias\/2026\/04\/29\/costa-quer-cooperacao-estreita-no-conselho-europeu-com-futuro-pm-hungaro\/#article\",\"isPartOf\":{\"@id\":\"https:\/\/portaltela.pt\/noticias\/2026\/04\/29\/costa-quer-cooperacao-estreita-no-conselho-europeu-com-futuro-pm-hungaro\/\"},\"author\":{\"name\":\"Telinha\",\"@id\":\"https:\/\/portaltela.pt\/#\/schema\/person\/c4278d4a6028830caff9ee44b42d32ed\"},\"headline\":\"Costa quer coopera\u00e7\u00e3o estreita no Conselho Europeu com futuro PM h\u00fangaro\",\"datePublished\":\"2026-04-29T19:23:00+00:00\",\"mainEntityOfPage\":{\"@id\":\"https:\/\/portaltela.pt\/noticias\/2026\/04\/29\/costa-quer-cooperacao-estreita-no-conselho-europeu-com-futuro-pm-hungaro\/\"},\"wordCount\":97,\"image\":{\"@id\":\"https:\/\/portaltela.pt\/noticias\/2026\/04\/29\/costa-quer-cooperacao-estreita-no-conselho-europeu-com-futuro-pm-hungaro\/#primaryimage\"},\"thumbnailUrl\":\"https:\/\/portaltela.pt\/s.01k8rhncp4jt1\/2026\/04\/CACHE_780X1200_ANALOG_WATERMARKED_47017227_627432214864933.jpg\",\"keywords\":[\"Conselho Europeu\",\"Hungria\",\"pol\u00edtica externa\",\"Portugal\",\"seguran\u00e7a internacional\",\"Uni\u00e3o Europeia\"],\"articleSection\":[\"Geopol\u00edtica\",\"Internacional\"],\"inLanguage\":\"pt-PT\"},{\"@type\":\"WebPage\",\"@id\":\"https:\/\/portaltela.pt\/noticias\/2026\/04\/29\/costa-quer-cooperacao-estreita-no-conselho-europeu-com-futuro-pm-hungaro\/\",\"url\":\"https:\/\/portaltela.pt\/noticias\/2026\/04\/29\/costa-quer-cooperacao-estreita-no-conselho-europeu-com-futuro-pm-hungaro\/\",\"name\":\"Costa quer coopera\u00e7\u00e3o estreita no Conselho Europeu com futuro PM h\u00fangaro - Portal Tela Portugal\",\"isPartOf\":{\"@id\":\"https:\/\/portaltela.pt\/#website\"},\"primaryImageOfPage\":{\"@id\":\"https:\/\/portaltela.pt\/noticias\/2026\/04\/29\/costa-quer-cooperacao-estreita-no-conselho-europeu-com-futuro-pm-hungaro\/#primaryimage\"},\"image\":{\"@id\":\"https:\/\/portaltela.pt\/noticias\/2026\/04\/29\/costa-quer-cooperacao-estreita-no-conselho-europeu-com-futuro-pm-hungaro\/#primaryimage\"},\"thumbnailUrl\":\"https:\/\/portaltela.pt\/s.01k8rhncp4jt1\/2026\/04\/CACHE_780X1200_ANALOG_WATERMARKED_47017227_627432214864933.jpg\",\"datePublished\":\"2026-04-29T19:23:00+00:00\",\"author\":{\"@id\":\"https:\/\/portaltela.pt\/#\/schema\/person\/c4278d4a6028830caff9ee44b42d32ed\"},\"breadcrumb\":{\"@id\":\"https:\/\/portaltela.pt\/noticias\/2026\/04\/29\/costa-quer-cooperacao-estreita-no-conselho-europeu-com-futuro-pm-hungaro\/#breadcrumb\"},\"inLanguage\":\"pt-PT\",\"potentialAction\":[{\"@type\":\"ReadAction\",\"target\":[\"https:\/\/portaltela.pt\/noticias\/2026\/04\/29\/costa-quer-cooperacao-estreita-no-conselho-europeu-com-futuro-pm-hungaro\/\"]}]},{\"@type\":\"ImageObject\",\"inLanguage\":\"pt-PT\",\"@id\":\"https:\/\/portaltela.pt\/noticias\/2026\/04\/29\/costa-quer-cooperacao-estreita-no-conselho-europeu-com-futuro-pm-hungaro\/#primaryimage\",\"url\":\"https:\/\/portaltela.pt\/s.01k8rhncp4jt1\/2026\/04\/CACHE_780X1200_ANALOG_WATERMARKED_47017227_627432214864933.jpg\",\"contentUrl\":\"https:\/\/portaltela.pt\/s.01k8rhncp4jt1\/2026\/04\/CACHE_780X1200_ANALOG_WATERMARKED_47017227_627432214864933.jpg\",\"width\":796,\"height\":448,\"caption\":\"Photo\"},{\"@type\":\"BreadcrumbList\",\"@id\":\"https:\/\/portaltela.pt\/noticias\/2026\/04\/29\/costa-quer-cooperacao-estreita-no-conselho-europeu-com-futuro-pm-hungaro\/#breadcrumb\",\"itemListElement\":[{\"@type\":\"ListItem\",\"position\":1,\"name\":\"In\u00edcio\",\"item\":\"https:\/\/portaltela.pt\/\"},{\"@type\":\"ListItem\",\"position\":2,\"name\":\"Costa quer coopera\u00e7\u00e3o estreita no Conselho Europeu com futuro PM h\u00fangaro\"}]},{\"@type\":\"WebSite\",\"@id\":\"https:\/\/portaltela.pt\/#website\",\"url\":\"https:\/\/portaltela.pt\/\",\"name\":\"Portal Tela Portugal\",\"description\":\"\",\"potentialAction\":[{\"@type\":\"SearchAction\",\"target\":{\"@type\":\"EntryPoint\",\"urlTemplate\":\"https:\/\/portaltela.pt\/?s={search_term_string}\"},\"query-input\":{\"@type\":\"PropertyValueSpecification\",\"valueRequired\":true,\"valueName\":\"search_term_string\"}}],\"inLanguage\":\"pt-PT\"},{\"@type\":\"Person\",\"@id\":\"https:\/\/portaltela.pt\/#\/schema\/person\/c4278d4a6028830caff9ee44b42d32ed\",\"name\":\"Telinha\",\"image\":{\"@type\":\"ImageObject\",\"inLanguage\":\"pt-PT\",\"@id\":\"https:\/\/portaltela.pt\/s.01k8rhncp4jt1\/2025\/11\/talking-bot-125x125.png\",\"url\":\"https:\/\/portaltela.pt\/s.01k8rhncp4jt1\/2025\/11\/talking-bot-125x125.png\",\"contentUrl\":\"https:\/\/portaltela.pt\/s.01k8rhncp4jt1\/2025\/11\/talking-bot-125x125.png\",\"caption\":\"Telinha\"},\"sameAs\":[\"https:\/\/portaltela.pt\/\"],\"url\":\"https:\/\/portaltela.pt\/por\/367410592786\/\"}]}<\/script>\n<!-- \/ Yoast SEO plugin. -->","yoast_head_json":{"title":"Costa quer coopera\u00e7\u00e3o estreita no Conselho Europeu com futuro PM h\u00fangaro - Portal Tela Portugal","robots":{"index":"index","follow":"follow","max-snippet":"max-snippet:-1","max-image-preview":"max-image-preview:large","max-video-preview":"max-video-preview:-1"},"og_locale":"pt_PT","og_type":"article","og_title":"Costa quer coopera\u00e7\u00e3o estreita no Conselho Europeu com futuro PM h\u00fangaro - Portal Tela Portugal","og_description":"O primeiro-ministro Ant\u00f3nio Costa disse que espera trabalhar em estreita colabora\u00e7\u00e3o no Conselho Europeu com o futuro primeiro-ministro da Hungria. A afirma\u00e7\u00e3o aponta para uma coopera\u00e7\u00e3o entre Portugal e Hungria no \u00e2mbito da Uni\u00e3o Europeia. O conte\u00fado completo da not\u00edcia est\u00e1 dispon\u00edvel apenas para subscritores.","og_url":"https:\/\/portaltela.pt\/noticias\/2026\/04\/29\/costa-quer-cooperacao-estreita-no-conselho-europeu-com-futuro-pm-hungaro\/","og_site_name":"Portal Tela Portugal","article_published_time":"2026-04-29T19:23:00+00:00","author":"Telinha","twitter_card":"summary_large_image","twitter_misc":{"Escrito por":"Telinha"},"schema":{"@context":"https:\/\/schema.org","@graph":[{"@type":"Article","@id":"https:\/\/portaltela.pt\/noticias\/2026\/04\/29\/costa-quer-cooperacao-estreita-no-conselho-europeu-com-futuro-pm-hungaro\/#article","isPartOf":{"@id":"https:\/\/portaltela.pt\/noticias\/2026\/04\/29\/costa-quer-cooperacao-estreita-no-conselho-europeu-com-futuro-pm-hungaro\/"},"author":{"name":"Telinha","@id":"https:\/\/portaltela.pt\/#\/schema\/person\/c4278d4a6028830caff9ee44b42d32ed"},"headline":"Costa quer coopera\u00e7\u00e3o estreita no Conselho Europeu com futuro PM h\u00fangaro","datePublished":"2026-04-29T19:23:00+00:00","mainEntityOfPage":{"@id":"https:\/\/portaltela.pt\/noticias\/2026\/04\/29\/costa-quer-cooperacao-estreita-no-conselho-europeu-com-futuro-pm-hungaro\/"},"wordCount":97,"image":{"@id":"https:\/\/portaltela.pt\/noticias\/2026\/04\/29\/costa-quer-cooperacao-estreita-no-conselho-europeu-com-futuro-pm-hungaro\/#primaryimage"},"thumbnailUrl":"https:\/\/portaltela.pt\/s.01k8rhncp4jt1\/2026\/04\/CACHE_780X1200_ANALOG_WATERMARKED_47017227_627432214864933.jpg","keywords":["Conselho Europeu","Hungria","pol\u00edtica externa","Portugal","seguran\u00e7a internacional","Uni\u00e3o Europeia"],"articleSection":["Geopol\u00edtica","Internacional"],"inLanguage":"pt-PT"},{"@type":"WebPage","@id":"https:\/\/portaltela.pt\/noticias\/2026\/04\/29\/costa-quer-cooperacao-estreita-no-conselho-europeu-com-futuro-pm-hungaro\/","url":"https:\/\/portaltela.pt\/noticias\/2026\/04\/29\/costa-quer-cooperacao-estreita-no-conselho-europeu-com-futuro-pm-hungaro\/","name":"Costa quer coopera\u00e7\u00e3o estreita no Conselho Europeu com futuro PM h\u00fangaro - Portal Tela Portugal","isPartOf":{"@id":"https:\/\/portaltela.pt\/#website"},"primaryImageOfPage":{"@id":"https:\/\/portaltela.pt\/noticias\/2026\/04\/29\/costa-quer-cooperacao-estreita-no-conselho-europeu-com-futuro-pm-hungaro\/#primaryimage"},"image":{"@id":"https:\/\/portaltela.pt\/noticias\/2026\/04\/29\/costa-quer-cooperacao-estreita-no-conselho-europeu-com-futuro-pm-hungaro\/#primaryimage"},"thumbnailUrl":"https:\/\/portaltela.pt\/s.01k8rhncp4jt1\/2026\/04\/CACHE_780X1200_ANALOG_WATERMARKED_47017227_627432214864933.jpg","datePublished":"2026-04-29T19:23:00+00:00","author":{"@id":"https:\/\/portaltela.pt\/#\/schema\/person\/c4278d4a6028830caff9ee44b42d32ed"},"breadcrumb":{"@id":"https:\/\/portaltela.pt\/noticias\/2026\/04\/29\/costa-quer-cooperacao-estreita-no-conselho-europeu-com-futuro-pm-hungaro\/#breadcrumb"},"inLanguage":"pt-PT","potentialAction":[{"@type":"ReadAction","target":["https:\/\/portaltela.pt\/noticias\/2026\/04\/29\/costa-quer-cooperacao-estreita-no-conselho-europeu-com-futuro-pm-hungaro\/"]}]},{"@type":"ImageObject","inLanguage":"pt-PT","@id":"https:\/\/portaltela.pt\/noticias\/2026\/04\/29\/costa-quer-cooperacao-estreita-no-conselho-europeu-com-futuro-pm-hungaro\/#primaryimage","url":"https:\/\/portaltela.pt\/s.01k8rhncp4jt1\/2026\/04\/CACHE_780X1200_ANALOG_WATERMARKED_47017227_627432214864933.jpg","contentUrl":"https:\/\/portaltela.pt\/s.01k8rhncp4jt1\/2026\/04\/CACHE_780X1200_ANALOG_WATERMARKED_47017227_627432214864933.jpg","width":796,"height":448,"caption":"Photo"},{"@type":"BreadcrumbList","@id":"https:\/\/portaltela.pt\/noticias\/2026\/04\/29\/costa-quer-cooperacao-estreita-no-conselho-europeu-com-futuro-pm-hungaro\/#breadcrumb","itemListElement":[{"@type":"ListItem","position":1,"name":"In\u00edcio","item":"https:\/\/portaltela.pt\/"},{"@type":"ListItem","position":2,"name":"Costa quer coopera\u00e7\u00e3o estreita no Conselho Europeu com futuro PM h\u00fangaro"}]},{"@type":"WebSite","@id":"https:\/\/portaltela.pt\/#website","url":"https:\/\/portaltela.pt\/","name":"Portal Tela Portugal","description":"","potentialAction":[{"@type":"SearchAction","target":{"@type":"EntryPoint","urlTemplate":"https:\/\/portaltela.pt\/?s={search_term_string}"},"query-input":{"@type":"PropertyValueSpecification","valueRequired":true,"valueName":"search_term_string"}}],"inLanguage":"pt-PT"},{"@type":"Person","@id":"https:\/\/portaltela.pt\/#\/schema\/person\/c4278d4a6028830caff9ee44b42d32ed","name":"Telinha","image":{"@type":"ImageObject","inLanguage":"pt-PT","@id":"https:\/\/portaltela.pt\/s.01k8rhncp4jt1\/2025\/11\/talking-bot-125x125.png","url":"https:\/\/portaltela.pt\/s.01k8rhncp4jt1\/2025\/11\/talking-bot-125x125.png","contentUrl":"https:\/\/portaltela.pt\/s.01k8rhncp4jt1\/2025\/11\/talking-bot-125x125.png","caption":"Telinha"},"sameAs":["https:\/\/portaltela.pt\/"],"url":"https:\/\/portaltela.pt\/por\/367410592786\/"}]}},"_links":{"self":[{"href":"https:\/\/portaltela.pt\/api\/wp\/v2\/posts\/461602","targetHints":{"allow":["GET"]}}],"collection":[{"href":"https:\/\/portaltela.pt\/api\/wp\/v2\/posts"}],"about":[{"href":"https:\/\/portaltela.pt\/api\/wp\/v2\/types\/post"}],"author":[{"embeddable":true,"href":"https:\/\/portaltela.pt\/api\/wp\/v2\/users\/2"}],"replies":[{"embeddable":true,"href":"https:\/\/portaltela.pt\/api\/wp\/v2\/comments?post=461602"}],"version-history":[{"count":0,"href":"https:\/\/portaltela.pt\/api\/wp\/v2\/posts\/461602\/revisions"}],"wp:featuredmedia":[{"embeddable":true,"href":"https:\/\/portaltela.pt\/api\/wp\/v2\/media\/461610"}],"wp:attachment":[{"href":"https:\/\/portaltela.pt\/api\/wp\/v2\/media?parent=461602"}],"wp:term":[{"taxonomy":"category","embeddable":true,"href":"https:\/\/portaltela.pt\/api\/wp\/v2\/categories?post=461602"},{"taxonomy":"post_tag","embeddable":true,"href":"https:\/\/portaltela.pt\/api\/wp\/v2\/tags?post=461602"}],"curies":[{"name":"wp","href":"https:\/\/api.w.org\/{rel}","templated":true}]}}