{"id":461589,"date":"2026-04-29T18:18:19","date_gmt":"2026-04-29T21:18:19","guid":{"rendered":"https:\/\/portaltela.pt\/noticias\/2026\/04\/29\/aiea-mais-paises-podem-querer-desenvolver-armas-nucleares\/"},"modified":"2026-04-29T18:18:19","modified_gmt":"2026-04-29T21:18:19","slug":"aiea-mais-paises-podem-querer-desenvolver-armas-nucleares","status":"publish","type":"post","link":"https:\/\/portaltela.pt\/noticias\/internacional\/2026\/04\/29\/aiea-mais-paises-podem-querer-desenvolver-armas-nucleares\/","title":{"rendered":"AIEA: mais pa\u00edses podem querer desenvolver armas nucleares"},"content":{"rendered":"<p>Rafael Grossi, chefe da AIEA, afirmou numa confer\u00eancia de imprensa em Nova Iorque que mais pa\u00edses poder\u00e3o ponderar desenvolver armas nucleares devido a tens\u00f5es, desconfian\u00e7a e d\u00favidas sobre alian\u00e7as. O coment\u00e1rio surge durante a 11.\u00aa Confer\u00eancia de Revis\u00e3o do TNP, que decorre na sede da ONU at\u00e9 22 de maio.<\/p>\n<p>A reuni\u00e3o, aberta a delega\u00e7\u00f5es de todo o mundo, discute universialidade do tratado, desarmamento, salvaguardas e usos pac\u00edficos da energia nuclear. Entre os temas est\u00e3o ainda medidas de transpar\u00eancia, efici\u00eancia do processo de revis\u00e3o e o papel das salvaguardas internacionais.<\/p>\n<h3>Confer\u00eancia de Revis\u00e3o do TNP<\/h3>\n<p>Guterres pediu no arranque do evento que se criem bases para a evolu\u00e7\u00e3o do tratado, destacando a amea\u00e7a nuclear associada a tecnologias emergentes como IA e computa\u00e7\u00e3o qu\u00e2ntica. O secret\u00e1rio-geral defende que o TNP n\u00e3o \u00e9 antiquado e deve adaptar-se.<\/p>\n<p>Grossi abordou o ur\u00e2nio altamente enriquecido do Ir\u00e3o, sugerindo que a pe\u00e7a pode estar ainda nos escombros de ataques. Indagado sobre recupera\u00e7\u00e3o ou reutiliza\u00e7\u00e3o, o diplomata afirmou que a situa\u00e7\u00e3o deve ser verificada consoante as condi\u00e7\u00f5es de seguran\u00e7a e acesso aos inspetores.<\/p>\n<h3>Situa\u00e7\u00e3o e responsabilidades<\/h3>\n<p>O diretor da AIEA reiterou que h\u00e1 um grande volume de material nuclear com elevado enriquecimento pr\u00f3ximo do n\u00edvel necess\u00e1rio para armas, com inspe\u00e7\u00f5es que se mant\u00eam, apesar de limita\u00e7\u00f5es de acesso. Tamb\u00e9m insistiu que procedimentos de salvaguarda podem ser acionados em circunst\u00e2ncias excecionais.<\/p>\n<p>Grossi afirmou que n\u00e3o pretende abandonar o cargo na AIEA para a campanha \u00e0 lideran\u00e7a da ONU, apontando para a necessidade de negociar com a R\u00fassia e de manter negocia\u00e7\u00f5es com o Ir\u00e3o. A posi\u00e7\u00e3o contraria recomenda\u00e7\u00f5es de suspens\u00e3o de fun\u00e7\u00f5es previstas pela Assembleia-Geral durante campanhas.<\/p>\n<p>N\u00e3o houve indica\u00e7\u00e3o de avalia\u00e7\u00e3o sobre responsabilidade de terceiros; a fala manteve foco em seguran\u00e7a, coopera\u00e7\u00e3o internacional e a necessidade de manter a norma de n\u00e3o prolifera\u00e7\u00e3o sem abrir espa\u00e7o a incremento de pot\u00eancias nucleares.<\/p>\n","protected":false},"excerpt":{"rendered":"<ul>\n<li>O diretor da AIEA, Rafael Grossi, disse, em Nova Iorque, que mais pa\u00edses podem considerar desenvolver armas nucleares devido \u00e0s crescentes tens\u00f5es, desconfian\u00e7as e d\u00favidas sobre alian\u00e7as.<\/li>\n<li>At\u00e9 22 de maio decorre na ONU a 11.\u00aa Confer\u00eancia de Revis\u00e3o do Tratado de N\u00e3o Prolifera\u00e7\u00e3o Nuclear, abordando universalidade, desarmamento, salvaguardas e usos pac\u00edficos da energia nuclear.<\/li>\n<li>O secret\u00e1rio-geral da ONU, Ant\u00f3nio Guterres, pediu bases para a evolu\u00e7\u00e3o do tratado, incluindo o impacto de tecnologias emergentes como intelig\u00eancia artificial e computa\u00e7\u00e3o qu\u00e2ntica.<\/li>\n<li>Grossi comentou o ur\u00e2nio altamente enriquecido do Ir\u00e3o, destacando que h\u00e1 grande quantidade e que as salvaguardas devem permitir verifica\u00e7\u00e3o, mesmo com dificuldades de acesso.<\/li>\n<li>O diplomata recusou renunciar \u00e0 lideran\u00e7a da AIEA durante a candidatura \u00e0 ONU, dizendo ser irrespons\u00e1vel abandonar o cargo e que est\u00e1 envolvido em negocia\u00e7\u00f5es com a R\u00fassia e o Ir\u00e3o.<\/li>\n<\/ul>\n","protected":false},"author":2,"featured_media":461596,"comment_status":"closed","ping_status":"closed","sticky":false,"template":"","format":"standard","meta":{"footnotes":""},"categories":[6814,4],"tags":[9963,8310,9964,8119,7988,8765],"class_list":["post-461589","post","type-post","status-publish","format-standard","has-post-thumbnail","hentry","category-geopolitica","category-internacional","tag-_aiea","tag-_armas","tag-_irao","tag-_onu","tag-_organizacao-internacional","tag-_programa-nuclear"],"yoast_head":"<!-- This site is optimized with the Yoast SEO plugin v27.2 - https:\/\/yoast.com\/product\/yoast-seo-wordpress\/ -->\n<title>AIEA: mais pa\u00edses podem querer desenvolver armas nucleares - Portal Tela Portugal<\/title>\n<meta name=\"robots\" content=\"index, follow, max-snippet:-1, max-image-preview:large, max-video-preview:-1\" \/>\n<meta property=\"og:locale\" content=\"pt_PT\" \/>\n<meta property=\"og:type\" content=\"article\" \/>\n<meta property=\"og:title\" content=\"AIEA: mais pa\u00edses podem querer desenvolver armas nucleares - Portal Tela Portugal\" \/>\n<meta property=\"og:description\" content=\"O diretor da AIEA, Rafael Grossi, disse, em Nova Iorque, que mais pa\u00edses podem considerar desenvolver armas nucleares devido \u00e0s crescentes tens\u00f5es, desconfian\u00e7as e d\u00favidas sobre alian\u00e7as. At\u00e9 22 de maio decorre na ONU a 11.\u00aa Confer\u00eancia de Revis\u00e3o do Tratado de N\u00e3o Prolifera\u00e7\u00e3o Nuclear, abordando universalidade, desarmamento, salvaguardas e usos pac\u00edficos da energia nuclear. O secret\u00e1rio-geral da ONU, Ant\u00f3nio Guterres, pediu bases para a evolu\u00e7\u00e3o do tratado, incluindo o impacto de tecnologias emergentes como intelig\u00eancia artificial e computa\u00e7\u00e3o qu\u00e2ntica. Grossi comentou o ur\u00e2nio altamente enriquecido do Ir\u00e3o, destacando que h\u00e1 grande quantidade e que as salvaguardas devem permitir verifica\u00e7\u00e3o, mesmo com dificuldades de acesso. O diplomata recusou renunciar \u00e0 lideran\u00e7a da AIEA durante a candidatura \u00e0 ONU, dizendo ser irrespons\u00e1vel abandonar o cargo e que est\u00e1 envolvido em negocia\u00e7\u00f5es com a R\u00fassia e o Ir\u00e3o.\" \/>\n<meta property=\"og:url\" content=\"https:\/\/portaltela.pt\/noticias\/2026\/04\/29\/aiea-mais-paises-podem-querer-desenvolver-armas-nucleares\/\" \/>\n<meta property=\"og:site_name\" content=\"Portal Tela Portugal\" \/>\n<meta property=\"article:published_time\" content=\"2026-04-29T21:18:19+00:00\" \/>\n<meta name=\"author\" content=\"Telinha\" \/>\n<meta name=\"twitter:card\" content=\"summary_large_image\" \/>\n<meta name=\"twitter:label1\" content=\"Escrito por\" \/>\n\t<meta name=\"twitter:data1\" content=\"Telinha\" \/>\n\t<meta name=\"twitter:label2\" content=\"Tempo estimado de leitura\" \/>\n\t<meta name=\"twitter:data2\" content=\"2 minutos\" \/>\n<script type=\"application\/ld+json\" class=\"yoast-schema-graph\">{\"@context\":\"https:\/\/schema.org\",\"@graph\":[{\"@type\":\"Article\",\"@id\":\"https:\/\/portaltela.pt\/noticias\/2026\/04\/29\/aiea-mais-paises-podem-querer-desenvolver-armas-nucleares\/#article\",\"isPartOf\":{\"@id\":\"https:\/\/portaltela.pt\/noticias\/2026\/04\/29\/aiea-mais-paises-podem-querer-desenvolver-armas-nucleares\/\"},\"author\":{\"name\":\"Telinha\",\"@id\":\"https:\/\/portaltela.pt\/#\/schema\/person\/c4278d4a6028830caff9ee44b42d32ed\"},\"headline\":\"AIEA: mais pa\u00edses podem querer desenvolver armas nucleares\",\"datePublished\":\"2026-04-29T21:18:19+00:00\",\"mainEntityOfPage\":{\"@id\":\"https:\/\/portaltela.pt\/noticias\/2026\/04\/29\/aiea-mais-paises-podem-querer-desenvolver-armas-nucleares\/\"},\"wordCount\":370,\"image\":{\"@id\":\"https:\/\/portaltela.pt\/noticias\/2026\/04\/29\/aiea-mais-paises-podem-querer-desenvolver-armas-nucleares\/#primaryimage\"},\"thumbnailUrl\":\"https:\/\/portaltela.pt\/s.01k8rhncp4jt1\/2026\/04\/image-1682.jpg\",\"keywords\":[\"_AIEA\",\"_armas\",\"_Ir\u00e3o\",\"_ONU\",\"_organiza\u00e7\u00e3o internacional\",\"_programa nuclear\"],\"articleSection\":[\"Geopol\u00edtica\",\"Internacional\"],\"inLanguage\":\"pt-PT\"},{\"@type\":\"WebPage\",\"@id\":\"https:\/\/portaltela.pt\/noticias\/2026\/04\/29\/aiea-mais-paises-podem-querer-desenvolver-armas-nucleares\/\",\"url\":\"https:\/\/portaltela.pt\/noticias\/2026\/04\/29\/aiea-mais-paises-podem-querer-desenvolver-armas-nucleares\/\",\"name\":\"AIEA: mais pa\u00edses podem querer desenvolver armas nucleares - Portal Tela Portugal\",\"isPartOf\":{\"@id\":\"https:\/\/portaltela.pt\/#website\"},\"primaryImageOfPage\":{\"@id\":\"https:\/\/portaltela.pt\/noticias\/2026\/04\/29\/aiea-mais-paises-podem-querer-desenvolver-armas-nucleares\/#primaryimage\"},\"image\":{\"@id\":\"https:\/\/portaltela.pt\/noticias\/2026\/04\/29\/aiea-mais-paises-podem-querer-desenvolver-armas-nucleares\/#primaryimage\"},\"thumbnailUrl\":\"https:\/\/portaltela.pt\/s.01k8rhncp4jt1\/2026\/04\/image-1682.jpg\",\"datePublished\":\"2026-04-29T21:18:19+00:00\",\"author\":{\"@id\":\"https:\/\/portaltela.pt\/#\/schema\/person\/c4278d4a6028830caff9ee44b42d32ed\"},\"breadcrumb\":{\"@id\":\"https:\/\/portaltela.pt\/noticias\/2026\/04\/29\/aiea-mais-paises-podem-querer-desenvolver-armas-nucleares\/#breadcrumb\"},\"inLanguage\":\"pt-PT\",\"potentialAction\":[{\"@type\":\"ReadAction\",\"target\":[\"https:\/\/portaltela.pt\/noticias\/2026\/04\/29\/aiea-mais-paises-podem-querer-desenvolver-armas-nucleares\/\"]}]},{\"@type\":\"ImageObject\",\"inLanguage\":\"pt-PT\",\"@id\":\"https:\/\/portaltela.pt\/noticias\/2026\/04\/29\/aiea-mais-paises-podem-querer-desenvolver-armas-nucleares\/#primaryimage\",\"url\":\"https:\/\/portaltela.pt\/s.01k8rhncp4jt1\/2026\/04\/image-1682.jpg\",\"contentUrl\":\"https:\/\/portaltela.pt\/s.01k8rhncp4jt1\/2026\/04\/image-1682.jpg\",\"width\":796,\"height\":448,\"caption\":\"Rafael Grossi, diretor da Ag\u00eancia Internacional de Energia At\u00f3mica\"},{\"@type\":\"BreadcrumbList\",\"@id\":\"https:\/\/portaltela.pt\/noticias\/2026\/04\/29\/aiea-mais-paises-podem-querer-desenvolver-armas-nucleares\/#breadcrumb\",\"itemListElement\":[{\"@type\":\"ListItem\",\"position\":1,\"name\":\"In\u00edcio\",\"item\":\"https:\/\/portaltela.pt\/\"},{\"@type\":\"ListItem\",\"position\":2,\"name\":\"AIEA: mais pa\u00edses podem querer desenvolver armas nucleares\"}]},{\"@type\":\"WebSite\",\"@id\":\"https:\/\/portaltela.pt\/#website\",\"url\":\"https:\/\/portaltela.pt\/\",\"name\":\"Portal Tela Portugal\",\"description\":\"\",\"potentialAction\":[{\"@type\":\"SearchAction\",\"target\":{\"@type\":\"EntryPoint\",\"urlTemplate\":\"https:\/\/portaltela.pt\/?s={search_term_string}\"},\"query-input\":{\"@type\":\"PropertyValueSpecification\",\"valueRequired\":true,\"valueName\":\"search_term_string\"}}],\"inLanguage\":\"pt-PT\"},{\"@type\":\"Person\",\"@id\":\"https:\/\/portaltela.pt\/#\/schema\/person\/c4278d4a6028830caff9ee44b42d32ed\",\"name\":\"Telinha\",\"image\":{\"@type\":\"ImageObject\",\"inLanguage\":\"pt-PT\",\"@id\":\"https:\/\/portaltela.pt\/s.01k8rhncp4jt1\/2025\/11\/talking-bot-125x125.png\",\"url\":\"https:\/\/portaltela.pt\/s.01k8rhncp4jt1\/2025\/11\/talking-bot-125x125.png\",\"contentUrl\":\"https:\/\/portaltela.pt\/s.01k8rhncp4jt1\/2025\/11\/talking-bot-125x125.png\",\"caption\":\"Telinha\"},\"sameAs\":[\"https:\/\/portaltela.pt\/\"],\"url\":\"https:\/\/portaltela.pt\/por\/367410592786\/\"}]}<\/script>\n<!-- \/ Yoast SEO plugin. -->","yoast_head_json":{"title":"AIEA: mais pa\u00edses podem querer desenvolver armas nucleares - Portal Tela Portugal","robots":{"index":"index","follow":"follow","max-snippet":"max-snippet:-1","max-image-preview":"max-image-preview:large","max-video-preview":"max-video-preview:-1"},"og_locale":"pt_PT","og_type":"article","og_title":"AIEA: mais pa\u00edses podem querer desenvolver armas nucleares - Portal Tela Portugal","og_description":"O diretor da AIEA, Rafael Grossi, disse, em Nova Iorque, que mais pa\u00edses podem considerar desenvolver armas nucleares devido \u00e0s crescentes tens\u00f5es, desconfian\u00e7as e d\u00favidas sobre alian\u00e7as. At\u00e9 22 de maio decorre na ONU a 11.\u00aa Confer\u00eancia de Revis\u00e3o do Tratado de N\u00e3o Prolifera\u00e7\u00e3o Nuclear, abordando universalidade, desarmamento, salvaguardas e usos pac\u00edficos da energia nuclear. O secret\u00e1rio-geral da ONU, Ant\u00f3nio Guterres, pediu bases para a evolu\u00e7\u00e3o do tratado, incluindo o impacto de tecnologias emergentes como intelig\u00eancia artificial e computa\u00e7\u00e3o qu\u00e2ntica. Grossi comentou o ur\u00e2nio altamente enriquecido do Ir\u00e3o, destacando que h\u00e1 grande quantidade e que as salvaguardas devem permitir verifica\u00e7\u00e3o, mesmo com dificuldades de acesso. O diplomata recusou renunciar \u00e0 lideran\u00e7a da AIEA durante a candidatura \u00e0 ONU, dizendo ser irrespons\u00e1vel abandonar o cargo e que est\u00e1 envolvido em negocia\u00e7\u00f5es com a R\u00fassia e o Ir\u00e3o.","og_url":"https:\/\/portaltela.pt\/noticias\/2026\/04\/29\/aiea-mais-paises-podem-querer-desenvolver-armas-nucleares\/","og_site_name":"Portal Tela Portugal","article_published_time":"2026-04-29T21:18:19+00:00","author":"Telinha","twitter_card":"summary_large_image","twitter_misc":{"Escrito por":"Telinha","Tempo estimado de leitura":"2 minutos"},"schema":{"@context":"https:\/\/schema.org","@graph":[{"@type":"Article","@id":"https:\/\/portaltela.pt\/noticias\/2026\/04\/29\/aiea-mais-paises-podem-querer-desenvolver-armas-nucleares\/#article","isPartOf":{"@id":"https:\/\/portaltela.pt\/noticias\/2026\/04\/29\/aiea-mais-paises-podem-querer-desenvolver-armas-nucleares\/"},"author":{"name":"Telinha","@id":"https:\/\/portaltela.pt\/#\/schema\/person\/c4278d4a6028830caff9ee44b42d32ed"},"headline":"AIEA: mais pa\u00edses podem querer desenvolver armas nucleares","datePublished":"2026-04-29T21:18:19+00:00","mainEntityOfPage":{"@id":"https:\/\/portaltela.pt\/noticias\/2026\/04\/29\/aiea-mais-paises-podem-querer-desenvolver-armas-nucleares\/"},"wordCount":370,"image":{"@id":"https:\/\/portaltela.pt\/noticias\/2026\/04\/29\/aiea-mais-paises-podem-querer-desenvolver-armas-nucleares\/#primaryimage"},"thumbnailUrl":"https:\/\/portaltela.pt\/s.01k8rhncp4jt1\/2026\/04\/image-1682.jpg","keywords":["_AIEA","_armas","_Ir\u00e3o","_ONU","_organiza\u00e7\u00e3o internacional","_programa nuclear"],"articleSection":["Geopol\u00edtica","Internacional"],"inLanguage":"pt-PT"},{"@type":"WebPage","@id":"https:\/\/portaltela.pt\/noticias\/2026\/04\/29\/aiea-mais-paises-podem-querer-desenvolver-armas-nucleares\/","url":"https:\/\/portaltela.pt\/noticias\/2026\/04\/29\/aiea-mais-paises-podem-querer-desenvolver-armas-nucleares\/","name":"AIEA: mais pa\u00edses podem querer desenvolver armas nucleares - Portal Tela Portugal","isPartOf":{"@id":"https:\/\/portaltela.pt\/#website"},"primaryImageOfPage":{"@id":"https:\/\/portaltela.pt\/noticias\/2026\/04\/29\/aiea-mais-paises-podem-querer-desenvolver-armas-nucleares\/#primaryimage"},"image":{"@id":"https:\/\/portaltela.pt\/noticias\/2026\/04\/29\/aiea-mais-paises-podem-querer-desenvolver-armas-nucleares\/#primaryimage"},"thumbnailUrl":"https:\/\/portaltela.pt\/s.01k8rhncp4jt1\/2026\/04\/image-1682.jpg","datePublished":"2026-04-29T21:18:19+00:00","author":{"@id":"https:\/\/portaltela.pt\/#\/schema\/person\/c4278d4a6028830caff9ee44b42d32ed"},"breadcrumb":{"@id":"https:\/\/portaltela.pt\/noticias\/2026\/04\/29\/aiea-mais-paises-podem-querer-desenvolver-armas-nucleares\/#breadcrumb"},"inLanguage":"pt-PT","potentialAction":[{"@type":"ReadAction","target":["https:\/\/portaltela.pt\/noticias\/2026\/04\/29\/aiea-mais-paises-podem-querer-desenvolver-armas-nucleares\/"]}]},{"@type":"ImageObject","inLanguage":"pt-PT","@id":"https:\/\/portaltela.pt\/noticias\/2026\/04\/29\/aiea-mais-paises-podem-querer-desenvolver-armas-nucleares\/#primaryimage","url":"https:\/\/portaltela.pt\/s.01k8rhncp4jt1\/2026\/04\/image-1682.jpg","contentUrl":"https:\/\/portaltela.pt\/s.01k8rhncp4jt1\/2026\/04\/image-1682.jpg","width":796,"height":448,"caption":"Rafael Grossi, diretor da Ag\u00eancia Internacional de Energia At\u00f3mica"},{"@type":"BreadcrumbList","@id":"https:\/\/portaltela.pt\/noticias\/2026\/04\/29\/aiea-mais-paises-podem-querer-desenvolver-armas-nucleares\/#breadcrumb","itemListElement":[{"@type":"ListItem","position":1,"name":"In\u00edcio","item":"https:\/\/portaltela.pt\/"},{"@type":"ListItem","position":2,"name":"AIEA: mais pa\u00edses podem querer desenvolver armas nucleares"}]},{"@type":"WebSite","@id":"https:\/\/portaltela.pt\/#website","url":"https:\/\/portaltela.pt\/","name":"Portal Tela Portugal","description":"","potentialAction":[{"@type":"SearchAction","target":{"@type":"EntryPoint","urlTemplate":"https:\/\/portaltela.pt\/?s={search_term_string}"},"query-input":{"@type":"PropertyValueSpecification","valueRequired":true,"valueName":"search_term_string"}}],"inLanguage":"pt-PT"},{"@type":"Person","@id":"https:\/\/portaltela.pt\/#\/schema\/person\/c4278d4a6028830caff9ee44b42d32ed","name":"Telinha","image":{"@type":"ImageObject","inLanguage":"pt-PT","@id":"https:\/\/portaltela.pt\/s.01k8rhncp4jt1\/2025\/11\/talking-bot-125x125.png","url":"https:\/\/portaltela.pt\/s.01k8rhncp4jt1\/2025\/11\/talking-bot-125x125.png","contentUrl":"https:\/\/portaltela.pt\/s.01k8rhncp4jt1\/2025\/11\/talking-bot-125x125.png","caption":"Telinha"},"sameAs":["https:\/\/portaltela.pt\/"],"url":"https:\/\/portaltela.pt\/por\/367410592786\/"}]}},"_links":{"self":[{"href":"https:\/\/portaltela.pt\/api\/wp\/v2\/posts\/461589","targetHints":{"allow":["GET"]}}],"collection":[{"href":"https:\/\/portaltela.pt\/api\/wp\/v2\/posts"}],"about":[{"href":"https:\/\/portaltela.pt\/api\/wp\/v2\/types\/post"}],"author":[{"embeddable":true,"href":"https:\/\/portaltela.pt\/api\/wp\/v2\/users\/2"}],"replies":[{"embeddable":true,"href":"https:\/\/portaltela.pt\/api\/wp\/v2\/comments?post=461589"}],"version-history":[{"count":0,"href":"https:\/\/portaltela.pt\/api\/wp\/v2\/posts\/461589\/revisions"}],"wp:featuredmedia":[{"embeddable":true,"href":"https:\/\/portaltela.pt\/api\/wp\/v2\/media\/461596"}],"wp:attachment":[{"href":"https:\/\/portaltela.pt\/api\/wp\/v2\/media?parent=461589"}],"wp:term":[{"taxonomy":"category","embeddable":true,"href":"https:\/\/portaltela.pt\/api\/wp\/v2\/categories?post=461589"},{"taxonomy":"post_tag","embeddable":true,"href":"https:\/\/portaltela.pt\/api\/wp\/v2\/tags?post=461589"}],"curies":[{"name":"wp","href":"https:\/\/api.w.org\/{rel}","templated":true}]}}