{"id":461586,"date":"2026-04-29T18:18:06","date_gmt":"2026-04-29T21:18:06","guid":{"rendered":"https:\/\/portaltela.pt\/noticias\/2026\/04\/29\/adeptos-do-al-ahli-provocam-cristiano-ronaldo-e-o-jogador-reage\/"},"modified":"2026-04-29T18:18:06","modified_gmt":"2026-04-29T21:18:06","slug":"adeptos-do-al-ahli-provocam-cristiano-ronaldo-e-o-jogador-reage","status":"publish","type":"post","link":"https:\/\/portaltela.pt\/desporto\/futebol\/2026\/04\/29\/adeptos-do-al-ahli-provocam-cristiano-ronaldo-e-o-jogador-reage\/","title":{"rendered":"Adeptos do Al Ahli provocam Cristiano Ronaldo e o jogador reage"},"content":{"rendered":"<p>Ap\u00f3s a vit\u00f3ria do Al Nassr sobre o Al Ahli, por 2-0, adeptos do Al Ahli provocaram Cristiano Ronaldo. O encontro decorreu em Jeddah, Ar\u00e1bia Saudita. A provoca\u00e7\u00e3o veio na sequ\u00eancia da derrota e por lembrar a recente conquista da Champions asi\u00e1tica pelo clube advers\u00e1rio.<\/p>\n<p>CR7 respondeu de forma firme, destacando os seus t\u00edtulos na Liga dos Campe\u00f5es da UEFA. A mensagem foi interpretada como uma lembran\u00e7a do jogador \u00e0s provoca\u00e7\u00f5es dos f\u00e3s do Al Ahli, que recordaram a conquista continental do clube.<\/p>\n<h3>Rea\u00e7\u00e3o de Ronaldo<\/h3>\n<p>Apesar das provoca\u00e7\u00f5es, o jogador manteve a postura p\u00fablica habitual, sem entrar em confrontos verbais. O contexto do encontro foi o confronto direto entre dois clubes de Jeddah, com a vit\u00f3ria do Al Nassr a manter o clube numa posi\u00e7\u00e3o de determinados objetivos no campeonato.<\/p>\n<p>A turma do Al Ahli vasculhou o historial de Ronaldo, associando a vit\u00f3ria do Al Nassr ao recente t\u00edtulo da Champions asi\u00e1tica. Este epis\u00f3dio ocorre numa altura de grande exposi\u00e7\u00e3o medi\u00e1tica para o futebol saudita, com cl\u00e1ssicos entre equipas locais a atrair foco internacional.<\/p>\n","protected":false},"excerpt":{"rendered":"<ul>\n<li>Ap\u00f3s a vit\u00f3ria do Al Nassr por dois a zero sobre o Al Ahli, com um golo de Ronaldo, houve provoca\u00e7\u00f5es de adeptos do Al Ahli.<\/li>\n<li>Os adeptos do Al Ahli lembraram a recente conquista da Champions Asi\u00e1tica do clube.<\/li>\n<li>Cristiano Ronaldo respondeu, dizendo &#8220;Eu tenho cinqo Champions&#8221; \u2014 aludindo aos t\u00edtulos da Liga dos Campe\u00f5es da UEFA.<\/li>\n<li>O epis\u00f3dio ocorreu durante o encontro entre os dois clubes de Jeddah, na sequ\u00eancia do jogo.<\/li>\n<\/ul>\n","protected":false},"author":2,"featured_media":461588,"comment_status":"closed","ping_status":"closed","sticky":false,"template":"","format":"standard","meta":{"footnotes":""},"categories":[21,24],"tags":[8848,8658,9638,7755,7907],"class_list":["post-461586","post","type-post","status-publish","format-standard","has-post-thumbnail","hentry","category-desporto","category-futebol","tag-_arabia","tag-_champions-league","tag-_cristiano-ronaldo","tag-_futebol","tag-_futebol-internacional"],"yoast_head":"<!-- This site is optimized with the Yoast SEO plugin v27.2 - https:\/\/yoast.com\/product\/yoast-seo-wordpress\/ -->\n<title>Adeptos do Al Ahli provocam Cristiano Ronaldo e o jogador reage - Portal Tela Portugal<\/title>\n<meta name=\"robots\" content=\"index, follow, max-snippet:-1, max-image-preview:large, max-video-preview:-1\" \/>\n<meta property=\"og:locale\" content=\"pt_PT\" \/>\n<meta property=\"og:type\" content=\"article\" \/>\n<meta property=\"og:title\" content=\"Adeptos do Al Ahli provocam Cristiano Ronaldo e o jogador reage - Portal Tela Portugal\" \/>\n<meta property=\"og:description\" content=\"Ap\u00f3s a vit\u00f3ria do Al Nassr por dois a zero sobre o Al Ahli, com um golo de Ronaldo, houve provoca\u00e7\u00f5es de adeptos do Al Ahli. Os adeptos do Al Ahli lembraram a recente conquista da Champions Asi\u00e1tica do clube. Cristiano Ronaldo respondeu, dizendo &quot;Eu tenho cinqo Champions&quot; \u2014 aludindo aos t\u00edtulos da Liga dos Campe\u00f5es da UEFA. O epis\u00f3dio ocorreu durante o encontro entre os dois clubes de Jeddah, na sequ\u00eancia do jogo.\" \/>\n<meta property=\"og:url\" content=\"https:\/\/portaltela.pt\/noticias\/2026\/04\/29\/adeptos-do-al-ahli-provocam-cristiano-ronaldo-e-o-jogador-reage\/\" \/>\n<meta property=\"og:site_name\" content=\"Portal Tela Portugal\" \/>\n<meta property=\"article:published_time\" content=\"2026-04-29T21:18:06+00:00\" \/>\n<meta name=\"author\" content=\"Telinha\" \/>\n<meta name=\"twitter:card\" content=\"summary_large_image\" \/>\n<meta name=\"twitter:label1\" content=\"Escrito por\" \/>\n\t<meta name=\"twitter:data1\" content=\"Telinha\" \/>\n\t<meta name=\"twitter:label2\" content=\"Tempo estimado de leitura\" \/>\n\t<meta name=\"twitter:data2\" content=\"1 minuto\" \/>\n<script type=\"application\/ld+json\" class=\"yoast-schema-graph\">{\"@context\":\"https:\/\/schema.org\",\"@graph\":[{\"@type\":\"Article\",\"@id\":\"https:\/\/portaltela.pt\/noticias\/2026\/04\/29\/adeptos-do-al-ahli-provocam-cristiano-ronaldo-e-o-jogador-reage\/#article\",\"isPartOf\":{\"@id\":\"https:\/\/portaltela.pt\/noticias\/2026\/04\/29\/adeptos-do-al-ahli-provocam-cristiano-ronaldo-e-o-jogador-reage\/\"},\"author\":{\"name\":\"Telinha\",\"@id\":\"https:\/\/portaltela.pt\/#\/schema\/person\/c4278d4a6028830caff9ee44b42d32ed\"},\"headline\":\"Adeptos do Al Ahli provocam Cristiano Ronaldo e o jogador reage\",\"datePublished\":\"2026-04-29T21:18:06+00:00\",\"mainEntityOfPage\":{\"@id\":\"https:\/\/portaltela.pt\/noticias\/2026\/04\/29\/adeptos-do-al-ahli-provocam-cristiano-ronaldo-e-o-jogador-reage\/\"},\"wordCount\":210,\"image\":{\"@id\":\"https:\/\/portaltela.pt\/noticias\/2026\/04\/29\/adeptos-do-al-ahli-provocam-cristiano-ronaldo-e-o-jogador-reage\/#primaryimage\"},\"thumbnailUrl\":\"https:\/\/portaltela.pt\/s.01k8rhncp4jt1\/2026\/04\/img_1200x721uu2026-04-29-22-08-58-2436016.jpg\",\"keywords\":[\"_Ar\u00e1bia\",\"_Champions League\",\"_Cristiano Ronaldo\",\"_futebol\",\"_futebol internacional\"],\"articleSection\":[\"Desporto\",\"Futebol\"],\"inLanguage\":\"pt-PT\"},{\"@type\":\"WebPage\",\"@id\":\"https:\/\/portaltela.pt\/noticias\/2026\/04\/29\/adeptos-do-al-ahli-provocam-cristiano-ronaldo-e-o-jogador-reage\/\",\"url\":\"https:\/\/portaltela.pt\/noticias\/2026\/04\/29\/adeptos-do-al-ahli-provocam-cristiano-ronaldo-e-o-jogador-reage\/\",\"name\":\"Adeptos do Al Ahli provocam Cristiano Ronaldo e o jogador reage - Portal Tela Portugal\",\"isPartOf\":{\"@id\":\"https:\/\/portaltela.pt\/#website\"},\"primaryImageOfPage\":{\"@id\":\"https:\/\/portaltela.pt\/noticias\/2026\/04\/29\/adeptos-do-al-ahli-provocam-cristiano-ronaldo-e-o-jogador-reage\/#primaryimage\"},\"image\":{\"@id\":\"https:\/\/portaltela.pt\/noticias\/2026\/04\/29\/adeptos-do-al-ahli-provocam-cristiano-ronaldo-e-o-jogador-reage\/#primaryimage\"},\"thumbnailUrl\":\"https:\/\/portaltela.pt\/s.01k8rhncp4jt1\/2026\/04\/img_1200x721uu2026-04-29-22-08-58-2436016.jpg\",\"datePublished\":\"2026-04-29T21:18:06+00:00\",\"author\":{\"@id\":\"https:\/\/portaltela.pt\/#\/schema\/person\/c4278d4a6028830caff9ee44b42d32ed\"},\"breadcrumb\":{\"@id\":\"https:\/\/portaltela.pt\/noticias\/2026\/04\/29\/adeptos-do-al-ahli-provocam-cristiano-ronaldo-e-o-jogador-reage\/#breadcrumb\"},\"inLanguage\":\"pt-PT\",\"potentialAction\":[{\"@type\":\"ReadAction\",\"target\":[\"https:\/\/portaltela.pt\/noticias\/2026\/04\/29\/adeptos-do-al-ahli-provocam-cristiano-ronaldo-e-o-jogador-reage\/\"]}]},{\"@type\":\"ImageObject\",\"inLanguage\":\"pt-PT\",\"@id\":\"https:\/\/portaltela.pt\/noticias\/2026\/04\/29\/adeptos-do-al-ahli-provocam-cristiano-ronaldo-e-o-jogador-reage\/#primaryimage\",\"url\":\"https:\/\/portaltela.pt\/s.01k8rhncp4jt1\/2026\/04\/img_1200x721uu2026-04-29-22-08-58-2436016.jpg\",\"contentUrl\":\"https:\/\/portaltela.pt\/s.01k8rhncp4jt1\/2026\/04\/img_1200x721uu2026-04-29-22-08-58-2436016.jpg\",\"width\":796,\"height\":448,\"caption\":\"\u00abEu tenho 5 Champions!\u00bb: adeptos do Al Ahli provocaram Cristiano Ronaldo e levaram resposta\"},{\"@type\":\"BreadcrumbList\",\"@id\":\"https:\/\/portaltela.pt\/noticias\/2026\/04\/29\/adeptos-do-al-ahli-provocam-cristiano-ronaldo-e-o-jogador-reage\/#breadcrumb\",\"itemListElement\":[{\"@type\":\"ListItem\",\"position\":1,\"name\":\"In\u00edcio\",\"item\":\"https:\/\/portaltela.pt\/\"},{\"@type\":\"ListItem\",\"position\":2,\"name\":\"Adeptos do Al Ahli provocam Cristiano Ronaldo e o jogador reage\"}]},{\"@type\":\"WebSite\",\"@id\":\"https:\/\/portaltela.pt\/#website\",\"url\":\"https:\/\/portaltela.pt\/\",\"name\":\"Portal Tela Portugal\",\"description\":\"\",\"potentialAction\":[{\"@type\":\"SearchAction\",\"target\":{\"@type\":\"EntryPoint\",\"urlTemplate\":\"https:\/\/portaltela.pt\/?s={search_term_string}\"},\"query-input\":{\"@type\":\"PropertyValueSpecification\",\"valueRequired\":true,\"valueName\":\"search_term_string\"}}],\"inLanguage\":\"pt-PT\"},{\"@type\":\"Person\",\"@id\":\"https:\/\/portaltela.pt\/#\/schema\/person\/c4278d4a6028830caff9ee44b42d32ed\",\"name\":\"Telinha\",\"image\":{\"@type\":\"ImageObject\",\"inLanguage\":\"pt-PT\",\"@id\":\"https:\/\/portaltela.pt\/s.01k8rhncp4jt1\/2025\/11\/talking-bot-125x125.png\",\"url\":\"https:\/\/portaltela.pt\/s.01k8rhncp4jt1\/2025\/11\/talking-bot-125x125.png\",\"contentUrl\":\"https:\/\/portaltela.pt\/s.01k8rhncp4jt1\/2025\/11\/talking-bot-125x125.png\",\"caption\":\"Telinha\"},\"sameAs\":[\"https:\/\/portaltela.pt\/\"],\"url\":\"https:\/\/portaltela.pt\/por\/367410592786\/\"}]}<\/script>\n<!-- \/ Yoast SEO plugin. -->","yoast_head_json":{"title":"Adeptos do Al Ahli provocam Cristiano Ronaldo e o jogador reage - Portal Tela Portugal","robots":{"index":"index","follow":"follow","max-snippet":"max-snippet:-1","max-image-preview":"max-image-preview:large","max-video-preview":"max-video-preview:-1"},"og_locale":"pt_PT","og_type":"article","og_title":"Adeptos do Al Ahli provocam Cristiano Ronaldo e o jogador reage - Portal Tela Portugal","og_description":"Ap\u00f3s a vit\u00f3ria do Al Nassr por dois a zero sobre o Al Ahli, com um golo de Ronaldo, houve provoca\u00e7\u00f5es de adeptos do Al Ahli. Os adeptos do Al Ahli lembraram a recente conquista da Champions Asi\u00e1tica do clube. Cristiano Ronaldo respondeu, dizendo \"Eu tenho cinqo Champions\" \u2014 aludindo aos t\u00edtulos da Liga dos Campe\u00f5es da UEFA. O epis\u00f3dio ocorreu durante o encontro entre os dois clubes de Jeddah, na sequ\u00eancia do jogo.","og_url":"https:\/\/portaltela.pt\/noticias\/2026\/04\/29\/adeptos-do-al-ahli-provocam-cristiano-ronaldo-e-o-jogador-reage\/","og_site_name":"Portal Tela Portugal","article_published_time":"2026-04-29T21:18:06+00:00","author":"Telinha","twitter_card":"summary_large_image","twitter_misc":{"Escrito por":"Telinha","Tempo estimado de leitura":"1 minuto"},"schema":{"@context":"https:\/\/schema.org","@graph":[{"@type":"Article","@id":"https:\/\/portaltela.pt\/noticias\/2026\/04\/29\/adeptos-do-al-ahli-provocam-cristiano-ronaldo-e-o-jogador-reage\/#article","isPartOf":{"@id":"https:\/\/portaltela.pt\/noticias\/2026\/04\/29\/adeptos-do-al-ahli-provocam-cristiano-ronaldo-e-o-jogador-reage\/"},"author":{"name":"Telinha","@id":"https:\/\/portaltela.pt\/#\/schema\/person\/c4278d4a6028830caff9ee44b42d32ed"},"headline":"Adeptos do Al Ahli provocam Cristiano Ronaldo e o jogador reage","datePublished":"2026-04-29T21:18:06+00:00","mainEntityOfPage":{"@id":"https:\/\/portaltela.pt\/noticias\/2026\/04\/29\/adeptos-do-al-ahli-provocam-cristiano-ronaldo-e-o-jogador-reage\/"},"wordCount":210,"image":{"@id":"https:\/\/portaltela.pt\/noticias\/2026\/04\/29\/adeptos-do-al-ahli-provocam-cristiano-ronaldo-e-o-jogador-reage\/#primaryimage"},"thumbnailUrl":"https:\/\/portaltela.pt\/s.01k8rhncp4jt1\/2026\/04\/img_1200x721uu2026-04-29-22-08-58-2436016.jpg","keywords":["_Ar\u00e1bia","_Champions League","_Cristiano Ronaldo","_futebol","_futebol internacional"],"articleSection":["Desporto","Futebol"],"inLanguage":"pt-PT"},{"@type":"WebPage","@id":"https:\/\/portaltela.pt\/noticias\/2026\/04\/29\/adeptos-do-al-ahli-provocam-cristiano-ronaldo-e-o-jogador-reage\/","url":"https:\/\/portaltela.pt\/noticias\/2026\/04\/29\/adeptos-do-al-ahli-provocam-cristiano-ronaldo-e-o-jogador-reage\/","name":"Adeptos do Al Ahli provocam Cristiano Ronaldo e o jogador reage - Portal Tela Portugal","isPartOf":{"@id":"https:\/\/portaltela.pt\/#website"},"primaryImageOfPage":{"@id":"https:\/\/portaltela.pt\/noticias\/2026\/04\/29\/adeptos-do-al-ahli-provocam-cristiano-ronaldo-e-o-jogador-reage\/#primaryimage"},"image":{"@id":"https:\/\/portaltela.pt\/noticias\/2026\/04\/29\/adeptos-do-al-ahli-provocam-cristiano-ronaldo-e-o-jogador-reage\/#primaryimage"},"thumbnailUrl":"https:\/\/portaltela.pt\/s.01k8rhncp4jt1\/2026\/04\/img_1200x721uu2026-04-29-22-08-58-2436016.jpg","datePublished":"2026-04-29T21:18:06+00:00","author":{"@id":"https:\/\/portaltela.pt\/#\/schema\/person\/c4278d4a6028830caff9ee44b42d32ed"},"breadcrumb":{"@id":"https:\/\/portaltela.pt\/noticias\/2026\/04\/29\/adeptos-do-al-ahli-provocam-cristiano-ronaldo-e-o-jogador-reage\/#breadcrumb"},"inLanguage":"pt-PT","potentialAction":[{"@type":"ReadAction","target":["https:\/\/portaltela.pt\/noticias\/2026\/04\/29\/adeptos-do-al-ahli-provocam-cristiano-ronaldo-e-o-jogador-reage\/"]}]},{"@type":"ImageObject","inLanguage":"pt-PT","@id":"https:\/\/portaltela.pt\/noticias\/2026\/04\/29\/adeptos-do-al-ahli-provocam-cristiano-ronaldo-e-o-jogador-reage\/#primaryimage","url":"https:\/\/portaltela.pt\/s.01k8rhncp4jt1\/2026\/04\/img_1200x721uu2026-04-29-22-08-58-2436016.jpg","contentUrl":"https:\/\/portaltela.pt\/s.01k8rhncp4jt1\/2026\/04\/img_1200x721uu2026-04-29-22-08-58-2436016.jpg","width":796,"height":448,"caption":"\u00abEu tenho 5 Champions!\u00bb: adeptos do Al Ahli provocaram Cristiano Ronaldo e levaram resposta"},{"@type":"BreadcrumbList","@id":"https:\/\/portaltela.pt\/noticias\/2026\/04\/29\/adeptos-do-al-ahli-provocam-cristiano-ronaldo-e-o-jogador-reage\/#breadcrumb","itemListElement":[{"@type":"ListItem","position":1,"name":"In\u00edcio","item":"https:\/\/portaltela.pt\/"},{"@type":"ListItem","position":2,"name":"Adeptos do Al Ahli provocam Cristiano Ronaldo e o jogador reage"}]},{"@type":"WebSite","@id":"https:\/\/portaltela.pt\/#website","url":"https:\/\/portaltela.pt\/","name":"Portal Tela Portugal","description":"","potentialAction":[{"@type":"SearchAction","target":{"@type":"EntryPoint","urlTemplate":"https:\/\/portaltela.pt\/?s={search_term_string}"},"query-input":{"@type":"PropertyValueSpecification","valueRequired":true,"valueName":"search_term_string"}}],"inLanguage":"pt-PT"},{"@type":"Person","@id":"https:\/\/portaltela.pt\/#\/schema\/person\/c4278d4a6028830caff9ee44b42d32ed","name":"Telinha","image":{"@type":"ImageObject","inLanguage":"pt-PT","@id":"https:\/\/portaltela.pt\/s.01k8rhncp4jt1\/2025\/11\/talking-bot-125x125.png","url":"https:\/\/portaltela.pt\/s.01k8rhncp4jt1\/2025\/11\/talking-bot-125x125.png","contentUrl":"https:\/\/portaltela.pt\/s.01k8rhncp4jt1\/2025\/11\/talking-bot-125x125.png","caption":"Telinha"},"sameAs":["https:\/\/portaltela.pt\/"],"url":"https:\/\/portaltela.pt\/por\/367410592786\/"}]}},"_links":{"self":[{"href":"https:\/\/portaltela.pt\/api\/wp\/v2\/posts\/461586","targetHints":{"allow":["GET"]}}],"collection":[{"href":"https:\/\/portaltela.pt\/api\/wp\/v2\/posts"}],"about":[{"href":"https:\/\/portaltela.pt\/api\/wp\/v2\/types\/post"}],"author":[{"embeddable":true,"href":"https:\/\/portaltela.pt\/api\/wp\/v2\/users\/2"}],"replies":[{"embeddable":true,"href":"https:\/\/portaltela.pt\/api\/wp\/v2\/comments?post=461586"}],"version-history":[{"count":0,"href":"https:\/\/portaltela.pt\/api\/wp\/v2\/posts\/461586\/revisions"}],"wp:featuredmedia":[{"embeddable":true,"href":"https:\/\/portaltela.pt\/api\/wp\/v2\/media\/461588"}],"wp:attachment":[{"href":"https:\/\/portaltela.pt\/api\/wp\/v2\/media?parent=461586"}],"wp:term":[{"taxonomy":"category","embeddable":true,"href":"https:\/\/portaltela.pt\/api\/wp\/v2\/categories?post=461586"},{"taxonomy":"post_tag","embeddable":true,"href":"https:\/\/portaltela.pt\/api\/wp\/v2\/tags?post=461586"}],"curies":[{"name":"wp","href":"https:\/\/api.w.org\/{rel}","templated":true}]}}