{"id":461585,"date":"2026-04-29T18:18:03","date_gmt":"2026-04-29T21:18:03","guid":{"rendered":"https:\/\/portaltela.pt\/noticias\/2026\/04\/29\/tba-e-aljube-denunciam-pressao-por-higienizacao-da-cultura-em-lisboa\/"},"modified":"2026-04-29T18:18:03","modified_gmt":"2026-04-29T21:18:03","slug":"tba-e-aljube-denunciam-pressao-por-higienizacao-da-cultura-em-lisboa","status":"publish","type":"post","link":"https:\/\/portaltela.pt\/noticias\/2026\/04\/29\/tba-e-aljube-denunciam-pressao-por-higienizacao-da-cultura-em-lisboa\/","title":{"rendered":"TBA e Aljube denunciam press\u00e3o por higieniza\u00e7\u00e3o da cultura em Lisboa"},"content":{"rendered":"<p>Ao menos de um ano ap\u00f3s a n\u00e3o-recondu\u00e7\u00e3o de Francisco Fraz\u00e3o e Rita Rato nas direc\u00e7\u00f5es do Teatro do Bairro Alto (TBA) e do Museu do Aljube \u2013 Resist\u00eancia e Liberdade, ambos participaram num debate p\u00fablico sobre o papel da cultura nas cidades. O encontro ocorreu na Faculdade de Ci\u00eancias Sociais e Humanas (FCSH) da Universidade de Lisboa.<\/p>\n<p>Durante a sess\u00e3o, Fraz\u00e3o criticou a vis\u00e3o de que as decis\u00f5es art\u00edsticas devem ser encaradas como inc\u00f3modos para as cidades, apontando sinais de que Lisboa sofre com uma gest\u00e3o que privilegia a higieniza\u00e7\u00e3o cultural. Rato acompanhou a an\u00e1lise, numa discuss\u00e3o em que tamb\u00e9m estiveram presentes a moderadora Ana Estev\u00e3es e outros agentes culturais. O debate surge numa fase em que as entidades tiraram o tim\u00e3o das respectivas institui\u00e7\u00f5es.<\/p>\n<h3>Contexto e participantes<\/h3>\n<p>Fraz\u00e3o afirmou que, em Lisboa, h\u00e1 uma tend\u00eancia de reduzir o espa\u00e7o de decis\u00e3o cultural a interesses de gest\u00e3o, o que, segundo ele, pode prejudicar a diversidade program\u00e1tica. O tema da gest\u00e3o dos espa\u00e7os do TBA e do Aljube foi apresentado como exemplo de controv\u00e9rsia recente na cidade. A conversa serviu para clarificar posi\u00e7\u00f5es de ambos os intervenientes.<\/p>\n<p>A organiza\u00e7\u00e3o do debate manteve o foco na fun\u00e7\u00e3o da cultura na constru\u00e7\u00e3o urbana, sem aventar solu\u00e7\u00f5es espec\u00edficas. O encontro, transformado em espa\u00e7o de reflex\u00e3o p\u00fablica, procurou oferecer perspetivas sobre o futuro das institui\u00e7\u00f5es em Lisboa e a forma de contrariar press\u00f5es de corte de programa\u00e7\u00e3o. O P\u00fablico reportou o evento.<\/p>\n","protected":false},"excerpt":{"rendered":"<ul>\n<li>Pela primeira vez desde a n\u00e3o-recondu\u00e7\u00e3o de Francisco Fraz\u00e3o e Rita Rato aos cargos do Teatro do Bairro Alto e do Museu do Aljube, eles debateram publicamente o papel da cultura nas cidades.<\/li>\n<li>O debate ocorreu na Faculdade de Ci\u00eancias Sociais e Humanas da Universidade de Lisboa.<\/li>\n<li>Francisco Fraz\u00e3o afirmou que os lugares de decis\u00e3o art\u00edstica s\u00e3o vistos cada vez mais como inc\u00f3modo, especialmente em Lisboa, apontando tamb\u00e9m uma suposta falta de talento dos operadores.<\/li>\n<li>Os dois discutiram o papel da cultura na constru\u00e7\u00e3o das cidades e os seus pr\u00f3prios pap\u00e9is, recentemente exonerados pela autarquia \u00e0 frente do TBA e do Aljube.<\/li>\n<li>Fraz\u00e3o descreveu a sa\u00edda como um ato de \u201cm\u00e1 gest\u00e3o que quis provocar o m\u00e1ximo dano no m\u00ednimo tempo poss\u00edvel\u201d.<\/li>\n<\/ul>\n","protected":false},"author":2,"featured_media":461587,"comment_status":"closed","ping_status":"closed","sticky":false,"template":"","format":"standard","meta":{"footnotes":""},"categories":[7375,1],"tags":[7756,8422,7974,8110,8364],"class_list":["post-461585","post","type-post","status-publish","format-standard","has-post-thumbnail","hentry","category-cultura","category-noticias","tag-_cultura","tag-_gestao-publica","tag-_lisboa","tag-_museus-arquivos","tag-_teatro"],"yoast_head":"<!-- This site is optimized with the Yoast SEO plugin v27.2 - https:\/\/yoast.com\/product\/yoast-seo-wordpress\/ -->\n<title>TBA e Aljube denunciam press\u00e3o por higieniza\u00e7\u00e3o da cultura em Lisboa - Portal Tela Portugal<\/title>\n<meta name=\"robots\" content=\"index, follow, max-snippet:-1, max-image-preview:large, max-video-preview:-1\" \/>\n<meta property=\"og:locale\" content=\"pt_PT\" \/>\n<meta property=\"og:type\" content=\"article\" \/>\n<meta property=\"og:title\" content=\"TBA e Aljube denunciam press\u00e3o por higieniza\u00e7\u00e3o da cultura em Lisboa - Portal Tela Portugal\" \/>\n<meta property=\"og:description\" content=\"Pela primeira vez desde a n\u00e3o-recondu\u00e7\u00e3o de Francisco Fraz\u00e3o e Rita Rato aos cargos do Teatro do Bairro Alto e do Museu do Aljube, eles debateram publicamente o papel da cultura nas cidades. O debate ocorreu na Faculdade de Ci\u00eancias Sociais e Humanas da Universidade de Lisboa. Francisco Fraz\u00e3o afirmou que os lugares de decis\u00e3o art\u00edstica s\u00e3o vistos cada vez mais como inc\u00f3modo, especialmente em Lisboa, apontando tamb\u00e9m uma suposta falta de talento dos operadores. Os dois discutiram o papel da cultura na constru\u00e7\u00e3o das cidades e os seus pr\u00f3prios pap\u00e9is, recentemente exonerados pela autarquia \u00e0 frente do TBA e do Aljube. Fraz\u00e3o descreveu a sa\u00edda como um ato de \u201cm\u00e1 gest\u00e3o que quis provocar o m\u00e1ximo dano no m\u00ednimo tempo poss\u00edvel\u201d.\" \/>\n<meta property=\"og:url\" content=\"https:\/\/portaltela.pt\/noticias\/2026\/04\/29\/tba-e-aljube-denunciam-pressao-por-higienizacao-da-cultura-em-lisboa\/\" \/>\n<meta property=\"og:site_name\" content=\"Portal Tela Portugal\" \/>\n<meta property=\"article:published_time\" content=\"2026-04-29T21:18:03+00:00\" \/>\n<meta name=\"author\" content=\"Telinha\" \/>\n<meta name=\"twitter:card\" content=\"summary_large_image\" \/>\n<meta name=\"twitter:label1\" content=\"Escrito por\" \/>\n\t<meta name=\"twitter:data1\" content=\"Telinha\" \/>\n\t<meta name=\"twitter:label2\" content=\"Tempo estimado de leitura\" \/>\n\t<meta name=\"twitter:data2\" content=\"1 minuto\" \/>\n<script type=\"application\/ld+json\" class=\"yoast-schema-graph\">{\"@context\":\"https:\/\/schema.org\",\"@graph\":[{\"@type\":\"Article\",\"@id\":\"https:\/\/portaltela.pt\/noticias\/2026\/04\/29\/tba-e-aljube-denunciam-pressao-por-higienizacao-da-cultura-em-lisboa\/#article\",\"isPartOf\":{\"@id\":\"https:\/\/portaltela.pt\/noticias\/2026\/04\/29\/tba-e-aljube-denunciam-pressao-por-higienizacao-da-cultura-em-lisboa\/\"},\"author\":{\"name\":\"Telinha\",\"@id\":\"https:\/\/portaltela.pt\/#\/schema\/person\/c4278d4a6028830caff9ee44b42d32ed\"},\"headline\":\"TBA e Aljube denunciam press\u00e3o por higieniza\u00e7\u00e3o da cultura em Lisboa\",\"datePublished\":\"2026-04-29T21:18:03+00:00\",\"mainEntityOfPage\":{\"@id\":\"https:\/\/portaltela.pt\/noticias\/2026\/04\/29\/tba-e-aljube-denunciam-pressao-por-higienizacao-da-cultura-em-lisboa\/\"},\"wordCount\":294,\"image\":{\"@id\":\"https:\/\/portaltela.pt\/noticias\/2026\/04\/29\/tba-e-aljube-denunciam-pressao-por-higienizacao-da-cultura-em-lisboa\/#primaryimage\"},\"thumbnailUrl\":\"https:\/\/portaltela.pt\/s.01k8rhncp4jt1\/2026\/04\/2085087.jpg\",\"keywords\":[\"_cultura\",\"_gest\u00e3o p\u00fablica\",\"_Lisboa\",\"_museus\/arquivos\",\"_teatro\"],\"articleSection\":[\"Cultura\",\"Not\u00edcias\"],\"inLanguage\":\"pt-PT\"},{\"@type\":\"WebPage\",\"@id\":\"https:\/\/portaltela.pt\/noticias\/2026\/04\/29\/tba-e-aljube-denunciam-pressao-por-higienizacao-da-cultura-em-lisboa\/\",\"url\":\"https:\/\/portaltela.pt\/noticias\/2026\/04\/29\/tba-e-aljube-denunciam-pressao-por-higienizacao-da-cultura-em-lisboa\/\",\"name\":\"TBA e Aljube denunciam press\u00e3o por higieniza\u00e7\u00e3o da cultura em Lisboa - Portal Tela Portugal\",\"isPartOf\":{\"@id\":\"https:\/\/portaltela.pt\/#website\"},\"primaryImageOfPage\":{\"@id\":\"https:\/\/portaltela.pt\/noticias\/2026\/04\/29\/tba-e-aljube-denunciam-pressao-por-higienizacao-da-cultura-em-lisboa\/#primaryimage\"},\"image\":{\"@id\":\"https:\/\/portaltela.pt\/noticias\/2026\/04\/29\/tba-e-aljube-denunciam-pressao-por-higienizacao-da-cultura-em-lisboa\/#primaryimage\"},\"thumbnailUrl\":\"https:\/\/portaltela.pt\/s.01k8rhncp4jt1\/2026\/04\/2085087.jpg\",\"datePublished\":\"2026-04-29T21:18:03+00:00\",\"author\":{\"@id\":\"https:\/\/portaltela.pt\/#\/schema\/person\/c4278d4a6028830caff9ee44b42d32ed\"},\"breadcrumb\":{\"@id\":\"https:\/\/portaltela.pt\/noticias\/2026\/04\/29\/tba-e-aljube-denunciam-pressao-por-higienizacao-da-cultura-em-lisboa\/#breadcrumb\"},\"inLanguage\":\"pt-PT\",\"potentialAction\":[{\"@type\":\"ReadAction\",\"target\":[\"https:\/\/portaltela.pt\/noticias\/2026\/04\/29\/tba-e-aljube-denunciam-pressao-por-higienizacao-da-cultura-em-lisboa\/\"]}]},{\"@type\":\"ImageObject\",\"inLanguage\":\"pt-PT\",\"@id\":\"https:\/\/portaltela.pt\/noticias\/2026\/04\/29\/tba-e-aljube-denunciam-pressao-por-higienizacao-da-cultura-em-lisboa\/#primaryimage\",\"url\":\"https:\/\/portaltela.pt\/s.01k8rhncp4jt1\/2026\/04\/2085087.jpg\",\"contentUrl\":\"https:\/\/portaltela.pt\/s.01k8rhncp4jt1\/2026\/04\/2085087.jpg\",\"width\":796,\"height\":448,\"caption\":\"Rita Rato, a moderadora Ana Estev\u00e3es e Francisco Fraz\u00e3o no debate na Faculdade de Ci\u00eancias Sociais e Humanas da Universidade de Lisboa\"},{\"@type\":\"BreadcrumbList\",\"@id\":\"https:\/\/portaltela.pt\/noticias\/2026\/04\/29\/tba-e-aljube-denunciam-pressao-por-higienizacao-da-cultura-em-lisboa\/#breadcrumb\",\"itemListElement\":[{\"@type\":\"ListItem\",\"position\":1,\"name\":\"In\u00edcio\",\"item\":\"https:\/\/portaltela.pt\/\"},{\"@type\":\"ListItem\",\"position\":2,\"name\":\"TBA e Aljube denunciam press\u00e3o por higieniza\u00e7\u00e3o da cultura em Lisboa\"}]},{\"@type\":\"WebSite\",\"@id\":\"https:\/\/portaltela.pt\/#website\",\"url\":\"https:\/\/portaltela.pt\/\",\"name\":\"Portal Tela Portugal\",\"description\":\"\",\"potentialAction\":[{\"@type\":\"SearchAction\",\"target\":{\"@type\":\"EntryPoint\",\"urlTemplate\":\"https:\/\/portaltela.pt\/?s={search_term_string}\"},\"query-input\":{\"@type\":\"PropertyValueSpecification\",\"valueRequired\":true,\"valueName\":\"search_term_string\"}}],\"inLanguage\":\"pt-PT\"},{\"@type\":\"Person\",\"@id\":\"https:\/\/portaltela.pt\/#\/schema\/person\/c4278d4a6028830caff9ee44b42d32ed\",\"name\":\"Telinha\",\"image\":{\"@type\":\"ImageObject\",\"inLanguage\":\"pt-PT\",\"@id\":\"https:\/\/portaltela.pt\/s.01k8rhncp4jt1\/2025\/11\/talking-bot-125x125.png\",\"url\":\"https:\/\/portaltela.pt\/s.01k8rhncp4jt1\/2025\/11\/talking-bot-125x125.png\",\"contentUrl\":\"https:\/\/portaltela.pt\/s.01k8rhncp4jt1\/2025\/11\/talking-bot-125x125.png\",\"caption\":\"Telinha\"},\"sameAs\":[\"https:\/\/portaltela.pt\/\"],\"url\":\"https:\/\/portaltela.pt\/por\/367410592786\/\"}]}<\/script>\n<!-- \/ Yoast SEO plugin. -->","yoast_head_json":{"title":"TBA e Aljube denunciam press\u00e3o por higieniza\u00e7\u00e3o da cultura em Lisboa - Portal Tela Portugal","robots":{"index":"index","follow":"follow","max-snippet":"max-snippet:-1","max-image-preview":"max-image-preview:large","max-video-preview":"max-video-preview:-1"},"og_locale":"pt_PT","og_type":"article","og_title":"TBA e Aljube denunciam press\u00e3o por higieniza\u00e7\u00e3o da cultura em Lisboa - Portal Tela Portugal","og_description":"Pela primeira vez desde a n\u00e3o-recondu\u00e7\u00e3o de Francisco Fraz\u00e3o e Rita Rato aos cargos do Teatro do Bairro Alto e do Museu do Aljube, eles debateram publicamente o papel da cultura nas cidades. O debate ocorreu na Faculdade de Ci\u00eancias Sociais e Humanas da Universidade de Lisboa. Francisco Fraz\u00e3o afirmou que os lugares de decis\u00e3o art\u00edstica s\u00e3o vistos cada vez mais como inc\u00f3modo, especialmente em Lisboa, apontando tamb\u00e9m uma suposta falta de talento dos operadores. Os dois discutiram o papel da cultura na constru\u00e7\u00e3o das cidades e os seus pr\u00f3prios pap\u00e9is, recentemente exonerados pela autarquia \u00e0 frente do TBA e do Aljube. Fraz\u00e3o descreveu a sa\u00edda como um ato de \u201cm\u00e1 gest\u00e3o que quis provocar o m\u00e1ximo dano no m\u00ednimo tempo poss\u00edvel\u201d.","og_url":"https:\/\/portaltela.pt\/noticias\/2026\/04\/29\/tba-e-aljube-denunciam-pressao-por-higienizacao-da-cultura-em-lisboa\/","og_site_name":"Portal Tela Portugal","article_published_time":"2026-04-29T21:18:03+00:00","author":"Telinha","twitter_card":"summary_large_image","twitter_misc":{"Escrito por":"Telinha","Tempo estimado de leitura":"1 minuto"},"schema":{"@context":"https:\/\/schema.org","@graph":[{"@type":"Article","@id":"https:\/\/portaltela.pt\/noticias\/2026\/04\/29\/tba-e-aljube-denunciam-pressao-por-higienizacao-da-cultura-em-lisboa\/#article","isPartOf":{"@id":"https:\/\/portaltela.pt\/noticias\/2026\/04\/29\/tba-e-aljube-denunciam-pressao-por-higienizacao-da-cultura-em-lisboa\/"},"author":{"name":"Telinha","@id":"https:\/\/portaltela.pt\/#\/schema\/person\/c4278d4a6028830caff9ee44b42d32ed"},"headline":"TBA e Aljube denunciam press\u00e3o por higieniza\u00e7\u00e3o da cultura em Lisboa","datePublished":"2026-04-29T21:18:03+00:00","mainEntityOfPage":{"@id":"https:\/\/portaltela.pt\/noticias\/2026\/04\/29\/tba-e-aljube-denunciam-pressao-por-higienizacao-da-cultura-em-lisboa\/"},"wordCount":294,"image":{"@id":"https:\/\/portaltela.pt\/noticias\/2026\/04\/29\/tba-e-aljube-denunciam-pressao-por-higienizacao-da-cultura-em-lisboa\/#primaryimage"},"thumbnailUrl":"https:\/\/portaltela.pt\/s.01k8rhncp4jt1\/2026\/04\/2085087.jpg","keywords":["_cultura","_gest\u00e3o p\u00fablica","_Lisboa","_museus\/arquivos","_teatro"],"articleSection":["Cultura","Not\u00edcias"],"inLanguage":"pt-PT"},{"@type":"WebPage","@id":"https:\/\/portaltela.pt\/noticias\/2026\/04\/29\/tba-e-aljube-denunciam-pressao-por-higienizacao-da-cultura-em-lisboa\/","url":"https:\/\/portaltela.pt\/noticias\/2026\/04\/29\/tba-e-aljube-denunciam-pressao-por-higienizacao-da-cultura-em-lisboa\/","name":"TBA e Aljube denunciam press\u00e3o por higieniza\u00e7\u00e3o da cultura em Lisboa - Portal Tela Portugal","isPartOf":{"@id":"https:\/\/portaltela.pt\/#website"},"primaryImageOfPage":{"@id":"https:\/\/portaltela.pt\/noticias\/2026\/04\/29\/tba-e-aljube-denunciam-pressao-por-higienizacao-da-cultura-em-lisboa\/#primaryimage"},"image":{"@id":"https:\/\/portaltela.pt\/noticias\/2026\/04\/29\/tba-e-aljube-denunciam-pressao-por-higienizacao-da-cultura-em-lisboa\/#primaryimage"},"thumbnailUrl":"https:\/\/portaltela.pt\/s.01k8rhncp4jt1\/2026\/04\/2085087.jpg","datePublished":"2026-04-29T21:18:03+00:00","author":{"@id":"https:\/\/portaltela.pt\/#\/schema\/person\/c4278d4a6028830caff9ee44b42d32ed"},"breadcrumb":{"@id":"https:\/\/portaltela.pt\/noticias\/2026\/04\/29\/tba-e-aljube-denunciam-pressao-por-higienizacao-da-cultura-em-lisboa\/#breadcrumb"},"inLanguage":"pt-PT","potentialAction":[{"@type":"ReadAction","target":["https:\/\/portaltela.pt\/noticias\/2026\/04\/29\/tba-e-aljube-denunciam-pressao-por-higienizacao-da-cultura-em-lisboa\/"]}]},{"@type":"ImageObject","inLanguage":"pt-PT","@id":"https:\/\/portaltela.pt\/noticias\/2026\/04\/29\/tba-e-aljube-denunciam-pressao-por-higienizacao-da-cultura-em-lisboa\/#primaryimage","url":"https:\/\/portaltela.pt\/s.01k8rhncp4jt1\/2026\/04\/2085087.jpg","contentUrl":"https:\/\/portaltela.pt\/s.01k8rhncp4jt1\/2026\/04\/2085087.jpg","width":796,"height":448,"caption":"Rita Rato, a moderadora Ana Estev\u00e3es e Francisco Fraz\u00e3o no debate na Faculdade de Ci\u00eancias Sociais e Humanas da Universidade de Lisboa"},{"@type":"BreadcrumbList","@id":"https:\/\/portaltela.pt\/noticias\/2026\/04\/29\/tba-e-aljube-denunciam-pressao-por-higienizacao-da-cultura-em-lisboa\/#breadcrumb","itemListElement":[{"@type":"ListItem","position":1,"name":"In\u00edcio","item":"https:\/\/portaltela.pt\/"},{"@type":"ListItem","position":2,"name":"TBA e Aljube denunciam press\u00e3o por higieniza\u00e7\u00e3o da cultura em Lisboa"}]},{"@type":"WebSite","@id":"https:\/\/portaltela.pt\/#website","url":"https:\/\/portaltela.pt\/","name":"Portal Tela Portugal","description":"","potentialAction":[{"@type":"SearchAction","target":{"@type":"EntryPoint","urlTemplate":"https:\/\/portaltela.pt\/?s={search_term_string}"},"query-input":{"@type":"PropertyValueSpecification","valueRequired":true,"valueName":"search_term_string"}}],"inLanguage":"pt-PT"},{"@type":"Person","@id":"https:\/\/portaltela.pt\/#\/schema\/person\/c4278d4a6028830caff9ee44b42d32ed","name":"Telinha","image":{"@type":"ImageObject","inLanguage":"pt-PT","@id":"https:\/\/portaltela.pt\/s.01k8rhncp4jt1\/2025\/11\/talking-bot-125x125.png","url":"https:\/\/portaltela.pt\/s.01k8rhncp4jt1\/2025\/11\/talking-bot-125x125.png","contentUrl":"https:\/\/portaltela.pt\/s.01k8rhncp4jt1\/2025\/11\/talking-bot-125x125.png","caption":"Telinha"},"sameAs":["https:\/\/portaltela.pt\/"],"url":"https:\/\/portaltela.pt\/por\/367410592786\/"}]}},"_links":{"self":[{"href":"https:\/\/portaltela.pt\/api\/wp\/v2\/posts\/461585","targetHints":{"allow":["GET"]}}],"collection":[{"href":"https:\/\/portaltela.pt\/api\/wp\/v2\/posts"}],"about":[{"href":"https:\/\/portaltela.pt\/api\/wp\/v2\/types\/post"}],"author":[{"embeddable":true,"href":"https:\/\/portaltela.pt\/api\/wp\/v2\/users\/2"}],"replies":[{"embeddable":true,"href":"https:\/\/portaltela.pt\/api\/wp\/v2\/comments?post=461585"}],"version-history":[{"count":0,"href":"https:\/\/portaltela.pt\/api\/wp\/v2\/posts\/461585\/revisions"}],"wp:featuredmedia":[{"embeddable":true,"href":"https:\/\/portaltela.pt\/api\/wp\/v2\/media\/461587"}],"wp:attachment":[{"href":"https:\/\/portaltela.pt\/api\/wp\/v2\/media?parent=461585"}],"wp:term":[{"taxonomy":"category","embeddable":true,"href":"https:\/\/portaltela.pt\/api\/wp\/v2\/categories?post=461585"},{"taxonomy":"post_tag","embeddable":true,"href":"https:\/\/portaltela.pt\/api\/wp\/v2\/tags?post=461585"}],"curies":[{"name":"wp","href":"https:\/\/api.w.org\/{rel}","templated":true}]}}