{"id":461573,"date":"2026-04-29T18:03:26","date_gmt":"2026-04-29T21:03:26","guid":{"rendered":"https:\/\/portaltela.pt\/noticias\/2026\/04\/29\/direita-impede-audicoes-e-acesso-a-documentos-sobre-lei-da-identidade-de-genero\/"},"modified":"2026-04-29T18:03:26","modified_gmt":"2026-04-29T21:03:26","slug":"direita-impede-audicoes-e-acesso-a-documentos-sobre-lei-da-identidade-de-genero","status":"publish","type":"post","link":"https:\/\/portaltela.pt\/noticias\/politica\/2026\/04\/29\/direita-impede-audicoes-e-acesso-a-documentos-sobre-lei-da-identidade-de-genero\/","title":{"rendered":"Direita impede audi\u00e7\u00f5es e acesso a documentos sobre lei da identidade de g\u00e9nero"},"content":{"rendered":"<p>O PSD, o Chega e o CDS-PP chumbaram as audi\u00e7\u00f5es da ministra Margarida Balseiro Lopes e da presidente da Comiss\u00e3o para a Cidadania e a Igualdade de G\u00e9nero (CIG). O tema envolve os pareceres sobre a entidade e o recorte de posi\u00e7\u00f5es t\u00e9cnicas nos projectos de lei sobre autodetermina\u00e7\u00e3o de g\u00e9nero, conforme not\u00edcia do P\u00daBLICO.<\/p>\n<p>Os elementos em causa incluem o expurgo de cr\u00edticas t\u00e9cnicas dos pareceres entregues aos projectos de lei, segundo a imprensa. O bloco de direita rejeitou tamb\u00e9m o requerimento para enviar ao Parlamento todos os documentos existentes sobre o assunto.<\/p>\n<p>Acompanham as decis\u00f5es as cr\u00edticas de partidos \u00e0 esquerda e da Iniciativa Liberal, que apontam para falta de transpar\u00eancia no processo. O debate centra-se na forma como foram tratados os pareceres t\u00e9cnicos da CIG.<\/p>\n<p>A motiva\u00e7\u00e3o oficial para o chumbo, de acordo com os tr\u00eas partidos da oposi\u00e7\u00e3o, \u00e9 tratar o tema como um assunto n\u00e3o relevante, evitando, dizem, \u201ccirco medi\u00e1tico\u201d. Mant\u00eam a posi\u00e7\u00e3o de n\u00e3o contribuir para esse tipo de espect\u00e1culo parlamentar.<\/p>\n<h3>Rea\u00e7\u00e3o no parlamento<\/h3>\n<p>Os deputados da oposi\u00e7\u00e3o defenderam que o Parlamento tem o direito de conhecer o material t\u00e9cnico integral. O PSD, o Chega e o CDS-PP recusaram a disponibiliza\u00e7\u00e3o de toda a documenta\u00e7\u00e3o ao legislativo.<\/p>\n<h3>Contexto do processo<\/h3>\n<p>Por sua vez, a esquerda e a Iniciativa Liberal defendem maior transpar\u00eancia e responsabiliza\u00e7\u00e3o no acompanhamento dos pareceres da CIG. O objetivo \u00e9 esclarecer o que foi expurgado e qual o impacto nos projectos de lei.<\/p>\n<p>O epis\u00f3dio agrava o clima de impasse entre os partidos sobre o ritmo e a forma de fiscaliza\u00e7\u00e3o das entidades p\u00fablicas ligadas aos direitos de identidade de g\u00e9nero. A decis\u00e3o de hoje mant\u00e9m a tens\u00e3o entre governo e oposi\u00e7\u00e3o.<\/p>\n","protected":false},"excerpt":{"rendered":"<ul>\n<li>O PSD, o Chega e o CDS-PP chumbaram as audi\u00e7\u00f5es da ministra Margarida Balseiro Lopes e da presidente da Comiss\u00e3o para a Cidadania e Igualdade de G\u00e9nero (CIG) sobre pareceres relativos \u00e0 CIG e aos projetos de lei de autodetermina\u00e7\u00e3o de g\u00e9nero.<\/li>\n<li>Os partidos justificaram o chumbo com a ideia de que o tema \u00e9 \u201cn\u00e3o-assunto\u201d e evitar \u201ccirco medi\u00e1tico\u201d.<\/li>\n<li>\u00c0 esquerda e a Iniciativa Liberal criticaram a falta de transpar\u00eancia no processo.<\/li>\n<li>Tamb\u00e9m foi rejeitado o requerimento para que todos os documentos existentes sobre o tema fossem enviados ao Parlamento.<\/li>\n<li>O jornal P\u00fablico avan\u00e7ou que os pareceres foram expurgados da posi\u00e7\u00e3o t\u00e9cnica sobre os projetos de lei.<\/li>\n<\/ul>\n","protected":false},"author":2,"featured_media":461577,"comment_status":"closed","ping_status":"closed","sticky":false,"template":"","format":"standard","meta":{"footnotes":""},"categories":[1,5],"tags":[8011,7914,8366,8950,7913,8280],"class_list":["post-461573","post","type-post","status-publish","format-standard","has-post-thumbnail","hentry","category-noticias","category-politica","tag-_direito","tag-_direitos-humanos","tag-_identidade-de-genero-desafios-na-atualidade","tag-_oposicao","tag-_politica","tag-_transparencia"],"yoast_head":"<!-- This site is optimized with the Yoast SEO plugin v27.2 - https:\/\/yoast.com\/product\/yoast-seo-wordpress\/ -->\n<title>Direita impede audi\u00e7\u00f5es e acesso a documentos sobre lei da identidade de g\u00e9nero - Portal Tela Portugal<\/title>\n<meta name=\"robots\" content=\"index, follow, max-snippet:-1, max-image-preview:large, max-video-preview:-1\" \/>\n<meta property=\"og:locale\" content=\"pt_PT\" \/>\n<meta property=\"og:type\" content=\"article\" \/>\n<meta property=\"og:title\" content=\"Direita impede audi\u00e7\u00f5es e acesso a documentos sobre lei da identidade de g\u00e9nero - Portal Tela Portugal\" \/>\n<meta property=\"og:description\" content=\"O PSD, o Chega e o CDS-PP chumbaram as audi\u00e7\u00f5es da ministra Margarida Balseiro Lopes e da presidente da Comiss\u00e3o para a Cidadania e Igualdade de G\u00e9nero (CIG) sobre pareceres relativos \u00e0 CIG e aos projetos de lei de autodetermina\u00e7\u00e3o de g\u00e9nero. Os partidos justificaram o chumbo com a ideia de que o tema \u00e9 \u201cn\u00e3o-assunto\u201d e evitar \u201ccirco medi\u00e1tico\u201d. \u00c0 esquerda e a Iniciativa Liberal criticaram a falta de transpar\u00eancia no processo. Tamb\u00e9m foi rejeitado o requerimento para que todos os documentos existentes sobre o tema fossem enviados ao Parlamento. O jornal P\u00fablico avan\u00e7ou que os pareceres foram expurgados da posi\u00e7\u00e3o t\u00e9cnica sobre os projetos de lei.\" \/>\n<meta property=\"og:url\" content=\"https:\/\/portaltela.pt\/noticias\/2026\/04\/29\/direita-impede-audicoes-e-acesso-a-documentos-sobre-lei-da-identidade-de-genero\/\" \/>\n<meta property=\"og:site_name\" content=\"Portal Tela Portugal\" \/>\n<meta property=\"article:published_time\" content=\"2026-04-29T21:03:26+00:00\" \/>\n<meta name=\"author\" content=\"Telinha\" \/>\n<meta name=\"twitter:card\" content=\"summary_large_image\" \/>\n<meta name=\"twitter:label1\" content=\"Escrito por\" \/>\n\t<meta name=\"twitter:data1\" content=\"Telinha\" \/>\n\t<meta name=\"twitter:label2\" content=\"Tempo estimado de leitura\" \/>\n\t<meta name=\"twitter:data2\" content=\"2 minutos\" \/>\n<script type=\"application\/ld+json\" class=\"yoast-schema-graph\">{\"@context\":\"https:\/\/schema.org\",\"@graph\":[{\"@type\":\"Article\",\"@id\":\"https:\/\/portaltela.pt\/noticias\/2026\/04\/29\/direita-impede-audicoes-e-acesso-a-documentos-sobre-lei-da-identidade-de-genero\/#article\",\"isPartOf\":{\"@id\":\"https:\/\/portaltela.pt\/noticias\/2026\/04\/29\/direita-impede-audicoes-e-acesso-a-documentos-sobre-lei-da-identidade-de-genero\/\"},\"author\":{\"name\":\"Telinha\",\"@id\":\"https:\/\/portaltela.pt\/#\/schema\/person\/c4278d4a6028830caff9ee44b42d32ed\"},\"headline\":\"Direita impede audi\u00e7\u00f5es e acesso a documentos sobre lei da identidade de g\u00e9nero\",\"datePublished\":\"2026-04-29T21:03:26+00:00\",\"mainEntityOfPage\":{\"@id\":\"https:\/\/portaltela.pt\/noticias\/2026\/04\/29\/direita-impede-audicoes-e-acesso-a-documentos-sobre-lei-da-identidade-de-genero\/\"},\"wordCount\":333,\"image\":{\"@id\":\"https:\/\/portaltela.pt\/noticias\/2026\/04\/29\/direita-impede-audicoes-e-acesso-a-documentos-sobre-lei-da-identidade-de-genero\/#primaryimage\"},\"thumbnailUrl\":\"https:\/\/portaltela.pt\/s.01k8rhncp4jt1\/2026\/04\/2085094.jpg\",\"keywords\":[\"_direito\",\"_direitos humanos\",\"_identidade de g\u00e9nero \u2013 Desafios na Atualidade\",\"_oposi\u00e7\u00e3o\",\"_pol\u00edtica\",\"_transpar\u00eancia\"],\"articleSection\":[\"Not\u00edcias\",\"Pol\u00edtica\"],\"inLanguage\":\"pt-PT\"},{\"@type\":\"WebPage\",\"@id\":\"https:\/\/portaltela.pt\/noticias\/2026\/04\/29\/direita-impede-audicoes-e-acesso-a-documentos-sobre-lei-da-identidade-de-genero\/\",\"url\":\"https:\/\/portaltela.pt\/noticias\/2026\/04\/29\/direita-impede-audicoes-e-acesso-a-documentos-sobre-lei-da-identidade-de-genero\/\",\"name\":\"Direita impede audi\u00e7\u00f5es e acesso a documentos sobre lei da identidade de g\u00e9nero - Portal Tela Portugal\",\"isPartOf\":{\"@id\":\"https:\/\/portaltela.pt\/#website\"},\"primaryImageOfPage\":{\"@id\":\"https:\/\/portaltela.pt\/noticias\/2026\/04\/29\/direita-impede-audicoes-e-acesso-a-documentos-sobre-lei-da-identidade-de-genero\/#primaryimage\"},\"image\":{\"@id\":\"https:\/\/portaltela.pt\/noticias\/2026\/04\/29\/direita-impede-audicoes-e-acesso-a-documentos-sobre-lei-da-identidade-de-genero\/#primaryimage\"},\"thumbnailUrl\":\"https:\/\/portaltela.pt\/s.01k8rhncp4jt1\/2026\/04\/2085094.jpg\",\"datePublished\":\"2026-04-29T21:03:26+00:00\",\"author\":{\"@id\":\"https:\/\/portaltela.pt\/#\/schema\/person\/c4278d4a6028830caff9ee44b42d32ed\"},\"breadcrumb\":{\"@id\":\"https:\/\/portaltela.pt\/noticias\/2026\/04\/29\/direita-impede-audicoes-e-acesso-a-documentos-sobre-lei-da-identidade-de-genero\/#breadcrumb\"},\"inLanguage\":\"pt-PT\",\"potentialAction\":[{\"@type\":\"ReadAction\",\"target\":[\"https:\/\/portaltela.pt\/noticias\/2026\/04\/29\/direita-impede-audicoes-e-acesso-a-documentos-sobre-lei-da-identidade-de-genero\/\"]}]},{\"@type\":\"ImageObject\",\"inLanguage\":\"pt-PT\",\"@id\":\"https:\/\/portaltela.pt\/noticias\/2026\/04\/29\/direita-impede-audicoes-e-acesso-a-documentos-sobre-lei-da-identidade-de-genero\/#primaryimage\",\"url\":\"https:\/\/portaltela.pt\/s.01k8rhncp4jt1\/2026\/04\/2085094.jpg\",\"contentUrl\":\"https:\/\/portaltela.pt\/s.01k8rhncp4jt1\/2026\/04\/2085094.jpg\",\"width\":796,\"height\":448,\"caption\":\"Projectos de lei do PSD, Chega e CDS-PP que pretendem revogar actual regime sobre autodetermina\u00e7\u00e3o de g\u00e9nero foram aprovados, na generalidade, em Mar\u00e7o\"},{\"@type\":\"BreadcrumbList\",\"@id\":\"https:\/\/portaltela.pt\/noticias\/2026\/04\/29\/direita-impede-audicoes-e-acesso-a-documentos-sobre-lei-da-identidade-de-genero\/#breadcrumb\",\"itemListElement\":[{\"@type\":\"ListItem\",\"position\":1,\"name\":\"In\u00edcio\",\"item\":\"https:\/\/portaltela.pt\/\"},{\"@type\":\"ListItem\",\"position\":2,\"name\":\"Direita impede audi\u00e7\u00f5es e acesso a documentos sobre lei da identidade de g\u00e9nero\"}]},{\"@type\":\"WebSite\",\"@id\":\"https:\/\/portaltela.pt\/#website\",\"url\":\"https:\/\/portaltela.pt\/\",\"name\":\"Portal Tela Portugal\",\"description\":\"\",\"potentialAction\":[{\"@type\":\"SearchAction\",\"target\":{\"@type\":\"EntryPoint\",\"urlTemplate\":\"https:\/\/portaltela.pt\/?s={search_term_string}\"},\"query-input\":{\"@type\":\"PropertyValueSpecification\",\"valueRequired\":true,\"valueName\":\"search_term_string\"}}],\"inLanguage\":\"pt-PT\"},{\"@type\":\"Person\",\"@id\":\"https:\/\/portaltela.pt\/#\/schema\/person\/c4278d4a6028830caff9ee44b42d32ed\",\"name\":\"Telinha\",\"image\":{\"@type\":\"ImageObject\",\"inLanguage\":\"pt-PT\",\"@id\":\"https:\/\/portaltela.pt\/s.01k8rhncp4jt1\/2025\/11\/talking-bot-125x125.png\",\"url\":\"https:\/\/portaltela.pt\/s.01k8rhncp4jt1\/2025\/11\/talking-bot-125x125.png\",\"contentUrl\":\"https:\/\/portaltela.pt\/s.01k8rhncp4jt1\/2025\/11\/talking-bot-125x125.png\",\"caption\":\"Telinha\"},\"sameAs\":[\"https:\/\/portaltela.pt\/\"],\"url\":\"https:\/\/portaltela.pt\/por\/367410592786\/\"}]}<\/script>\n<!-- \/ Yoast SEO plugin. -->","yoast_head_json":{"title":"Direita impede audi\u00e7\u00f5es e acesso a documentos sobre lei da identidade de g\u00e9nero - Portal Tela Portugal","robots":{"index":"index","follow":"follow","max-snippet":"max-snippet:-1","max-image-preview":"max-image-preview:large","max-video-preview":"max-video-preview:-1"},"og_locale":"pt_PT","og_type":"article","og_title":"Direita impede audi\u00e7\u00f5es e acesso a documentos sobre lei da identidade de g\u00e9nero - Portal Tela Portugal","og_description":"O PSD, o Chega e o CDS-PP chumbaram as audi\u00e7\u00f5es da ministra Margarida Balseiro Lopes e da presidente da Comiss\u00e3o para a Cidadania e Igualdade de G\u00e9nero (CIG) sobre pareceres relativos \u00e0 CIG e aos projetos de lei de autodetermina\u00e7\u00e3o de g\u00e9nero. Os partidos justificaram o chumbo com a ideia de que o tema \u00e9 \u201cn\u00e3o-assunto\u201d e evitar \u201ccirco medi\u00e1tico\u201d. \u00c0 esquerda e a Iniciativa Liberal criticaram a falta de transpar\u00eancia no processo. Tamb\u00e9m foi rejeitado o requerimento para que todos os documentos existentes sobre o tema fossem enviados ao Parlamento. O jornal P\u00fablico avan\u00e7ou que os pareceres foram expurgados da posi\u00e7\u00e3o t\u00e9cnica sobre os projetos de lei.","og_url":"https:\/\/portaltela.pt\/noticias\/2026\/04\/29\/direita-impede-audicoes-e-acesso-a-documentos-sobre-lei-da-identidade-de-genero\/","og_site_name":"Portal Tela Portugal","article_published_time":"2026-04-29T21:03:26+00:00","author":"Telinha","twitter_card":"summary_large_image","twitter_misc":{"Escrito por":"Telinha","Tempo estimado de leitura":"2 minutos"},"schema":{"@context":"https:\/\/schema.org","@graph":[{"@type":"Article","@id":"https:\/\/portaltela.pt\/noticias\/2026\/04\/29\/direita-impede-audicoes-e-acesso-a-documentos-sobre-lei-da-identidade-de-genero\/#article","isPartOf":{"@id":"https:\/\/portaltela.pt\/noticias\/2026\/04\/29\/direita-impede-audicoes-e-acesso-a-documentos-sobre-lei-da-identidade-de-genero\/"},"author":{"name":"Telinha","@id":"https:\/\/portaltela.pt\/#\/schema\/person\/c4278d4a6028830caff9ee44b42d32ed"},"headline":"Direita impede audi\u00e7\u00f5es e acesso a documentos sobre lei da identidade de g\u00e9nero","datePublished":"2026-04-29T21:03:26+00:00","mainEntityOfPage":{"@id":"https:\/\/portaltela.pt\/noticias\/2026\/04\/29\/direita-impede-audicoes-e-acesso-a-documentos-sobre-lei-da-identidade-de-genero\/"},"wordCount":333,"image":{"@id":"https:\/\/portaltela.pt\/noticias\/2026\/04\/29\/direita-impede-audicoes-e-acesso-a-documentos-sobre-lei-da-identidade-de-genero\/#primaryimage"},"thumbnailUrl":"https:\/\/portaltela.pt\/s.01k8rhncp4jt1\/2026\/04\/2085094.jpg","keywords":["_direito","_direitos humanos","_identidade de g\u00e9nero \u2013 Desafios na Atualidade","_oposi\u00e7\u00e3o","_pol\u00edtica","_transpar\u00eancia"],"articleSection":["Not\u00edcias","Pol\u00edtica"],"inLanguage":"pt-PT"},{"@type":"WebPage","@id":"https:\/\/portaltela.pt\/noticias\/2026\/04\/29\/direita-impede-audicoes-e-acesso-a-documentos-sobre-lei-da-identidade-de-genero\/","url":"https:\/\/portaltela.pt\/noticias\/2026\/04\/29\/direita-impede-audicoes-e-acesso-a-documentos-sobre-lei-da-identidade-de-genero\/","name":"Direita impede audi\u00e7\u00f5es e acesso a documentos sobre lei da identidade de g\u00e9nero - Portal Tela Portugal","isPartOf":{"@id":"https:\/\/portaltela.pt\/#website"},"primaryImageOfPage":{"@id":"https:\/\/portaltela.pt\/noticias\/2026\/04\/29\/direita-impede-audicoes-e-acesso-a-documentos-sobre-lei-da-identidade-de-genero\/#primaryimage"},"image":{"@id":"https:\/\/portaltela.pt\/noticias\/2026\/04\/29\/direita-impede-audicoes-e-acesso-a-documentos-sobre-lei-da-identidade-de-genero\/#primaryimage"},"thumbnailUrl":"https:\/\/portaltela.pt\/s.01k8rhncp4jt1\/2026\/04\/2085094.jpg","datePublished":"2026-04-29T21:03:26+00:00","author":{"@id":"https:\/\/portaltela.pt\/#\/schema\/person\/c4278d4a6028830caff9ee44b42d32ed"},"breadcrumb":{"@id":"https:\/\/portaltela.pt\/noticias\/2026\/04\/29\/direita-impede-audicoes-e-acesso-a-documentos-sobre-lei-da-identidade-de-genero\/#breadcrumb"},"inLanguage":"pt-PT","potentialAction":[{"@type":"ReadAction","target":["https:\/\/portaltela.pt\/noticias\/2026\/04\/29\/direita-impede-audicoes-e-acesso-a-documentos-sobre-lei-da-identidade-de-genero\/"]}]},{"@type":"ImageObject","inLanguage":"pt-PT","@id":"https:\/\/portaltela.pt\/noticias\/2026\/04\/29\/direita-impede-audicoes-e-acesso-a-documentos-sobre-lei-da-identidade-de-genero\/#primaryimage","url":"https:\/\/portaltela.pt\/s.01k8rhncp4jt1\/2026\/04\/2085094.jpg","contentUrl":"https:\/\/portaltela.pt\/s.01k8rhncp4jt1\/2026\/04\/2085094.jpg","width":796,"height":448,"caption":"Projectos de lei do PSD, Chega e CDS-PP que pretendem revogar actual regime sobre autodetermina\u00e7\u00e3o de g\u00e9nero foram aprovados, na generalidade, em Mar\u00e7o"},{"@type":"BreadcrumbList","@id":"https:\/\/portaltela.pt\/noticias\/2026\/04\/29\/direita-impede-audicoes-e-acesso-a-documentos-sobre-lei-da-identidade-de-genero\/#breadcrumb","itemListElement":[{"@type":"ListItem","position":1,"name":"In\u00edcio","item":"https:\/\/portaltela.pt\/"},{"@type":"ListItem","position":2,"name":"Direita impede audi\u00e7\u00f5es e acesso a documentos sobre lei da identidade de g\u00e9nero"}]},{"@type":"WebSite","@id":"https:\/\/portaltela.pt\/#website","url":"https:\/\/portaltela.pt\/","name":"Portal Tela Portugal","description":"","potentialAction":[{"@type":"SearchAction","target":{"@type":"EntryPoint","urlTemplate":"https:\/\/portaltela.pt\/?s={search_term_string}"},"query-input":{"@type":"PropertyValueSpecification","valueRequired":true,"valueName":"search_term_string"}}],"inLanguage":"pt-PT"},{"@type":"Person","@id":"https:\/\/portaltela.pt\/#\/schema\/person\/c4278d4a6028830caff9ee44b42d32ed","name":"Telinha","image":{"@type":"ImageObject","inLanguage":"pt-PT","@id":"https:\/\/portaltela.pt\/s.01k8rhncp4jt1\/2025\/11\/talking-bot-125x125.png","url":"https:\/\/portaltela.pt\/s.01k8rhncp4jt1\/2025\/11\/talking-bot-125x125.png","contentUrl":"https:\/\/portaltela.pt\/s.01k8rhncp4jt1\/2025\/11\/talking-bot-125x125.png","caption":"Telinha"},"sameAs":["https:\/\/portaltela.pt\/"],"url":"https:\/\/portaltela.pt\/por\/367410592786\/"}]}},"_links":{"self":[{"href":"https:\/\/portaltela.pt\/api\/wp\/v2\/posts\/461573","targetHints":{"allow":["GET"]}}],"collection":[{"href":"https:\/\/portaltela.pt\/api\/wp\/v2\/posts"}],"about":[{"href":"https:\/\/portaltela.pt\/api\/wp\/v2\/types\/post"}],"author":[{"embeddable":true,"href":"https:\/\/portaltela.pt\/api\/wp\/v2\/users\/2"}],"replies":[{"embeddable":true,"href":"https:\/\/portaltela.pt\/api\/wp\/v2\/comments?post=461573"}],"version-history":[{"count":0,"href":"https:\/\/portaltela.pt\/api\/wp\/v2\/posts\/461573\/revisions"}],"wp:featuredmedia":[{"embeddable":true,"href":"https:\/\/portaltela.pt\/api\/wp\/v2\/media\/461577"}],"wp:attachment":[{"href":"https:\/\/portaltela.pt\/api\/wp\/v2\/media?parent=461573"}],"wp:term":[{"taxonomy":"category","embeddable":true,"href":"https:\/\/portaltela.pt\/api\/wp\/v2\/categories?post=461573"},{"taxonomy":"post_tag","embeddable":true,"href":"https:\/\/portaltela.pt\/api\/wp\/v2\/tags?post=461573"}],"curies":[{"name":"wp","href":"https:\/\/api.w.org\/{rel}","templated":true}]}}