{"id":461571,"date":"2026-04-29T17:48:41","date_gmt":"2026-04-29T20:48:41","guid":{"rendered":"https:\/\/portaltela.pt\/noticias\/2026\/04\/29\/lider-do-ps-afirma-que-apoios-diretos-a-viticultura-ficam-em-risco-no-proximo-quadro\/"},"modified":"2026-04-29T17:48:41","modified_gmt":"2026-04-29T20:48:41","slug":"lider-do-ps-afirma-que-apoios-diretos-a-viticultura-ficam-em-risco-no-proximo-quadro","status":"publish","type":"post","link":"https:\/\/portaltela.pt\/noticias\/economia\/2026\/04\/29\/lider-do-ps-afirma-que-apoios-diretos-a-viticultura-ficam-em-risco-no-proximo-quadro\/","title":{"rendered":"L\u00edder do PS afirma que apoios diretos \u00e0 viticultura ficam em risco no pr\u00f3ximo quadro"},"content":{"rendered":"<p>O secret\u00e1rio-geral do PS, Jos\u00e9 Lu\u00eds Carneiro, alertou para o risco de desaparecerem apoios diretos \u00e0 viticultura no quadro comunit\u00e1rio 2028-2034, estimando uma perda de cerca de 60 milh\u00f5es de euros por ano. A observa\u00e7\u00e3o foi feita durante uma visita \u00e0 Ovibeja, em Beja, na quarta-feira, onde o pol\u00edtico falou aos jornalistas.<\/p>\n<p>Carneiro destacou que a poss\u00edvel retirada dos apoios diretos ao setor vit\u00edcola seria uma perda significativa, com especial impacto na reestrutura\u00e7\u00e3o da vinha. Recordou que, com os Governos do PS, j\u00e1 foi efetuada a reestrutura\u00e7\u00e3o de uma parte relevante do setor atrav\u00e9s do programa Vitis, reconhecendo o contributo de antigos governantes.<\/p>\n<p>O l\u00edder socialista afirmou ser tamb\u00e9m contr\u00e1rio \u00e0 diminui\u00e7\u00e3o de apoios diretos aos agricultores reformados, destacando que muitos t\u00eam mais de 65 anos e que essas subven\u00e7\u00f5es s\u00e3o determinantes para manter condi\u00e7\u00f5es de vida dignas.[]<\/p>\n<h3>PARCA e respostas \u00e0 crise na cadeia agroalimentar<\/h3>\n<p>Carneiro pediu ao Governo que convoque a Plataforma de Acompanhamento das Rela\u00e7\u00f5es na Cadeia Agroalimentar (PARCA) para monitorizar os efeitos da guerra no M\u00e9dio Oriente na agricultura e ajustar medidas conforme a evolu\u00e7\u00e3o da infla\u00e7\u00e3o.<\/p>\n<p>O politico mencionou ainda preju\u00edzos agr\u00edcolas estimados em 200 milh\u00f5es de euros devido a tempestades, em contraste com informa\u00e7\u00f5es parlamentares que apontavam apenas 3 milh\u00f5es executados, defendendo que haja execu\u00e7\u00e3o efetiva de planos j\u00e1 apresentados.<\/p>\n<h3>Ovibeja como exemplo da import\u00e2ncia da agricultura<\/h3>\n<p>Sobre a 42.\u00aa Ovibeja, o l\u00edder socialista destacou a demonstra\u00e7\u00e3o da import\u00e2ncia da agricultura para o desenvolvimento regional e nacional. O certame, organizado pela ACOS, decorre at\u00e9 domingo no Parque de Feiras e Exposi\u00e7\u00f5es Manuel Castro e Brito, em Beja, sob o tema central Vinho \u00e0 prova.<\/p>\n","protected":false},"excerpt":{"rendered":"<ul>\n<li>O secret\u00e1rio-geral do PS, Jos\u00e9 Lu\u00eds Carneiro, avisou que os apoios diretos \u00e0 viticultura no quadro comunit\u00e1rio 2028\u20112034 podem desaparecer, num montante de cerca de 60 milh\u00f5es de euros por ano.<\/li>\n<li>O alerta foi feito \u00e0 margem da Ovibeja, em Beja, destacando a import\u00e2ncia do montante para a reestrutura\u00e7\u00e3o da vinha, lembrando o programa Vitis que reestruturou 40% da vinha portuguesa.<\/li>\n<li>Carneiro afirmou que \u00e9 contra a retirada de apoios diretos aos agricultores reformados no quadro 2028\u20112034, destacando que uma parte significativa tem mais de 65 anos.<\/li>\n<li>O l\u00edder socialista pediu a convoca\u00e7\u00e3o da Plataforma de Acompanhamento das Rela\u00e7\u00f5es na Cadeia Agroalimentar (PARCA) para monitorizar os efeitos da guerra no M\u00e9dio Oriente na agricultura e ajustar medidas.<\/li>\n<li>O governante mencionou os cerca de 200 milh\u00f5es de euros de preju\u00edzos na agricultura causados por tempestades e pediu que a execu\u00e7\u00e3o das medidas n\u00e3o fique apenas na apresenta\u00e7\u00e3o de planos.<\/li>\n<li>A Ovibeja decorre at\u00e9 domingo, em Beja, com o tema central &#8220;Vinho \u00e0 prova&#8221;.<\/li>\n<\/ul>\n","protected":false},"author":2,"featured_media":461572,"comment_status":"closed","ping_status":"closed","sticky":false,"template":"","format":"standard","meta":{"footnotes":""},"categories":[2,6735],"tags":[179,943,5569,2144,5586,4103],"class_list":["post-461571","post","type-post","status-publish","format-standard","has-post-thumbnail","hentry","category-economia","category-negocios","tag-agricultura","tag-beja","tag-ovibeja","tag-ps","tag-vinho","tag-viticultura"],"yoast_head":"<!-- This site is optimized with the Yoast SEO plugin v27.2 - https:\/\/yoast.com\/product\/yoast-seo-wordpress\/ -->\n<title>L\u00edder do PS afirma que apoios diretos \u00e0 viticultura ficam em risco no pr\u00f3ximo quadro - Portal Tela Portugal<\/title>\n<meta name=\"robots\" content=\"index, follow, max-snippet:-1, max-image-preview:large, max-video-preview:-1\" \/>\n<meta property=\"og:locale\" content=\"pt_PT\" \/>\n<meta property=\"og:type\" content=\"article\" \/>\n<meta property=\"og:title\" content=\"L\u00edder do PS afirma que apoios diretos \u00e0 viticultura ficam em risco no pr\u00f3ximo quadro - Portal Tela Portugal\" \/>\n<meta property=\"og:description\" content=\"O secret\u00e1rio-geral do PS, Jos\u00e9 Lu\u00eds Carneiro, avisou que os apoios diretos \u00e0 viticultura no quadro comunit\u00e1rio 2028\u20112034 podem desaparecer, num montante de cerca de 60 milh\u00f5es de euros por ano. O alerta foi feito \u00e0 margem da Ovibeja, em Beja, destacando a import\u00e2ncia do montante para a reestrutura\u00e7\u00e3o da vinha, lembrando o programa Vitis que reestruturou 40% da vinha portuguesa. Carneiro afirmou que \u00e9 contra a retirada de apoios diretos aos agricultores reformados no quadro 2028\u20112034, destacando que uma parte significativa tem mais de 65 anos. O l\u00edder socialista pediu a convoca\u00e7\u00e3o da Plataforma de Acompanhamento das Rela\u00e7\u00f5es na Cadeia Agroalimentar (PARCA) para monitorizar os efeitos da guerra no M\u00e9dio Oriente na agricultura e ajustar medidas. O governante mencionou os cerca de 200 milh\u00f5es de euros de preju\u00edzos na agricultura causados por tempestades e pediu que a execu\u00e7\u00e3o das medidas n\u00e3o fique apenas na apresenta\u00e7\u00e3o de planos. A Ovibeja decorre at\u00e9 domingo, em Beja, com o tema central &quot;Vinho \u00e0 prova&quot;.\" \/>\n<meta property=\"og:url\" content=\"https:\/\/portaltela.pt\/noticias\/2026\/04\/29\/lider-do-ps-afirma-que-apoios-diretos-a-viticultura-ficam-em-risco-no-proximo-quadro\/\" \/>\n<meta property=\"og:site_name\" content=\"Portal Tela Portugal\" \/>\n<meta property=\"article:published_time\" content=\"2026-04-29T20:48:41+00:00\" \/>\n<meta name=\"author\" content=\"Telinha\" \/>\n<meta name=\"twitter:card\" content=\"summary_large_image\" \/>\n<meta name=\"twitter:label1\" content=\"Escrito por\" \/>\n\t<meta name=\"twitter:data1\" content=\"Telinha\" \/>\n\t<meta name=\"twitter:label2\" content=\"Tempo estimado de leitura\" \/>\n\t<meta name=\"twitter:data2\" content=\"1 minuto\" \/>\n<script type=\"application\/ld+json\" class=\"yoast-schema-graph\">{\"@context\":\"https:\/\/schema.org\",\"@graph\":[{\"@type\":\"Article\",\"@id\":\"https:\/\/portaltela.pt\/noticias\/2026\/04\/29\/lider-do-ps-afirma-que-apoios-diretos-a-viticultura-ficam-em-risco-no-proximo-quadro\/#article\",\"isPartOf\":{\"@id\":\"https:\/\/portaltela.pt\/noticias\/2026\/04\/29\/lider-do-ps-afirma-que-apoios-diretos-a-viticultura-ficam-em-risco-no-proximo-quadro\/\"},\"author\":{\"name\":\"Telinha\",\"@id\":\"https:\/\/portaltela.pt\/#\/schema\/person\/c4278d4a6028830caff9ee44b42d32ed\"},\"headline\":\"L\u00edder do PS afirma que apoios diretos \u00e0 viticultura ficam em risco no pr\u00f3ximo quadro\",\"datePublished\":\"2026-04-29T20:48:41+00:00\",\"mainEntityOfPage\":{\"@id\":\"https:\/\/portaltela.pt\/noticias\/2026\/04\/29\/lider-do-ps-afirma-que-apoios-diretos-a-viticultura-ficam-em-risco-no-proximo-quadro\/\"},\"wordCount\":310,\"image\":{\"@id\":\"https:\/\/portaltela.pt\/noticias\/2026\/04\/29\/lider-do-ps-afirma-que-apoios-diretos-a-viticultura-ficam-em-risco-no-proximo-quadro\/#primaryimage\"},\"thumbnailUrl\":\"https:\/\/portaltela.pt\/s.01k8rhncp4jt1\/2026\/04\/img_1280x721uu2026-04-17-15-38-41-2279165.jpg\",\"keywords\":[\"agricultura\",\"Beja\",\"Ovibeja\",\"PS\",\"vinho\",\"viticultura\"],\"articleSection\":[\"Economia\",\"Neg\u00f3cios\"],\"inLanguage\":\"pt-PT\"},{\"@type\":\"WebPage\",\"@id\":\"https:\/\/portaltela.pt\/noticias\/2026\/04\/29\/lider-do-ps-afirma-que-apoios-diretos-a-viticultura-ficam-em-risco-no-proximo-quadro\/\",\"url\":\"https:\/\/portaltela.pt\/noticias\/2026\/04\/29\/lider-do-ps-afirma-que-apoios-diretos-a-viticultura-ficam-em-risco-no-proximo-quadro\/\",\"name\":\"L\u00edder do PS afirma que apoios diretos \u00e0 viticultura ficam em risco no pr\u00f3ximo quadro - Portal Tela Portugal\",\"isPartOf\":{\"@id\":\"https:\/\/portaltela.pt\/#website\"},\"primaryImageOfPage\":{\"@id\":\"https:\/\/portaltela.pt\/noticias\/2026\/04\/29\/lider-do-ps-afirma-que-apoios-diretos-a-viticultura-ficam-em-risco-no-proximo-quadro\/#primaryimage\"},\"image\":{\"@id\":\"https:\/\/portaltela.pt\/noticias\/2026\/04\/29\/lider-do-ps-afirma-que-apoios-diretos-a-viticultura-ficam-em-risco-no-proximo-quadro\/#primaryimage\"},\"thumbnailUrl\":\"https:\/\/portaltela.pt\/s.01k8rhncp4jt1\/2026\/04\/img_1280x721uu2026-04-17-15-38-41-2279165.jpg\",\"datePublished\":\"2026-04-29T20:48:41+00:00\",\"author\":{\"@id\":\"https:\/\/portaltela.pt\/#\/schema\/person\/c4278d4a6028830caff9ee44b42d32ed\"},\"breadcrumb\":{\"@id\":\"https:\/\/portaltela.pt\/noticias\/2026\/04\/29\/lider-do-ps-afirma-que-apoios-diretos-a-viticultura-ficam-em-risco-no-proximo-quadro\/#breadcrumb\"},\"inLanguage\":\"pt-PT\",\"potentialAction\":[{\"@type\":\"ReadAction\",\"target\":[\"https:\/\/portaltela.pt\/noticias\/2026\/04\/29\/lider-do-ps-afirma-que-apoios-diretos-a-viticultura-ficam-em-risco-no-proximo-quadro\/\"]}]},{\"@type\":\"ImageObject\",\"inLanguage\":\"pt-PT\",\"@id\":\"https:\/\/portaltela.pt\/noticias\/2026\/04\/29\/lider-do-ps-afirma-que-apoios-diretos-a-viticultura-ficam-em-risco-no-proximo-quadro\/#primaryimage\",\"url\":\"https:\/\/portaltela.pt\/s.01k8rhncp4jt1\/2026\/04\/img_1280x721uu2026-04-17-15-38-41-2279165.jpg\",\"contentUrl\":\"https:\/\/portaltela.pt\/s.01k8rhncp4jt1\/2026\/04\/img_1280x721uu2026-04-17-15-38-41-2279165.jpg\",\"width\":796,\"height\":448,\"caption\":\"Jos\u00e9 Lu\u00eds Carneiro, l\u00edder socialista\"},{\"@type\":\"BreadcrumbList\",\"@id\":\"https:\/\/portaltela.pt\/noticias\/2026\/04\/29\/lider-do-ps-afirma-que-apoios-diretos-a-viticultura-ficam-em-risco-no-proximo-quadro\/#breadcrumb\",\"itemListElement\":[{\"@type\":\"ListItem\",\"position\":1,\"name\":\"In\u00edcio\",\"item\":\"https:\/\/portaltela.pt\/\"},{\"@type\":\"ListItem\",\"position\":2,\"name\":\"L\u00edder do PS afirma que apoios diretos \u00e0 viticultura ficam em risco no pr\u00f3ximo quadro\"}]},{\"@type\":\"WebSite\",\"@id\":\"https:\/\/portaltela.pt\/#website\",\"url\":\"https:\/\/portaltela.pt\/\",\"name\":\"Portal Tela Portugal\",\"description\":\"\",\"potentialAction\":[{\"@type\":\"SearchAction\",\"target\":{\"@type\":\"EntryPoint\",\"urlTemplate\":\"https:\/\/portaltela.pt\/?s={search_term_string}\"},\"query-input\":{\"@type\":\"PropertyValueSpecification\",\"valueRequired\":true,\"valueName\":\"search_term_string\"}}],\"inLanguage\":\"pt-PT\"},{\"@type\":\"Person\",\"@id\":\"https:\/\/portaltela.pt\/#\/schema\/person\/c4278d4a6028830caff9ee44b42d32ed\",\"name\":\"Telinha\",\"image\":{\"@type\":\"ImageObject\",\"inLanguage\":\"pt-PT\",\"@id\":\"https:\/\/portaltela.pt\/s.01k8rhncp4jt1\/2025\/11\/talking-bot-125x125.png\",\"url\":\"https:\/\/portaltela.pt\/s.01k8rhncp4jt1\/2025\/11\/talking-bot-125x125.png\",\"contentUrl\":\"https:\/\/portaltela.pt\/s.01k8rhncp4jt1\/2025\/11\/talking-bot-125x125.png\",\"caption\":\"Telinha\"},\"sameAs\":[\"https:\/\/portaltela.pt\/\"],\"url\":\"https:\/\/portaltela.pt\/por\/367410592786\/\"}]}<\/script>\n<!-- \/ Yoast SEO plugin. -->","yoast_head_json":{"title":"L\u00edder do PS afirma que apoios diretos \u00e0 viticultura ficam em risco no pr\u00f3ximo quadro - Portal Tela Portugal","robots":{"index":"index","follow":"follow","max-snippet":"max-snippet:-1","max-image-preview":"max-image-preview:large","max-video-preview":"max-video-preview:-1"},"og_locale":"pt_PT","og_type":"article","og_title":"L\u00edder do PS afirma que apoios diretos \u00e0 viticultura ficam em risco no pr\u00f3ximo quadro - Portal Tela Portugal","og_description":"O secret\u00e1rio-geral do PS, Jos\u00e9 Lu\u00eds Carneiro, avisou que os apoios diretos \u00e0 viticultura no quadro comunit\u00e1rio 2028\u20112034 podem desaparecer, num montante de cerca de 60 milh\u00f5es de euros por ano. O alerta foi feito \u00e0 margem da Ovibeja, em Beja, destacando a import\u00e2ncia do montante para a reestrutura\u00e7\u00e3o da vinha, lembrando o programa Vitis que reestruturou 40% da vinha portuguesa. Carneiro afirmou que \u00e9 contra a retirada de apoios diretos aos agricultores reformados no quadro 2028\u20112034, destacando que uma parte significativa tem mais de 65 anos. O l\u00edder socialista pediu a convoca\u00e7\u00e3o da Plataforma de Acompanhamento das Rela\u00e7\u00f5es na Cadeia Agroalimentar (PARCA) para monitorizar os efeitos da guerra no M\u00e9dio Oriente na agricultura e ajustar medidas. O governante mencionou os cerca de 200 milh\u00f5es de euros de preju\u00edzos na agricultura causados por tempestades e pediu que a execu\u00e7\u00e3o das medidas n\u00e3o fique apenas na apresenta\u00e7\u00e3o de planos. A Ovibeja decorre at\u00e9 domingo, em Beja, com o tema central \"Vinho \u00e0 prova\".","og_url":"https:\/\/portaltela.pt\/noticias\/2026\/04\/29\/lider-do-ps-afirma-que-apoios-diretos-a-viticultura-ficam-em-risco-no-proximo-quadro\/","og_site_name":"Portal Tela Portugal","article_published_time":"2026-04-29T20:48:41+00:00","author":"Telinha","twitter_card":"summary_large_image","twitter_misc":{"Escrito por":"Telinha","Tempo estimado de leitura":"1 minuto"},"schema":{"@context":"https:\/\/schema.org","@graph":[{"@type":"Article","@id":"https:\/\/portaltela.pt\/noticias\/2026\/04\/29\/lider-do-ps-afirma-que-apoios-diretos-a-viticultura-ficam-em-risco-no-proximo-quadro\/#article","isPartOf":{"@id":"https:\/\/portaltela.pt\/noticias\/2026\/04\/29\/lider-do-ps-afirma-que-apoios-diretos-a-viticultura-ficam-em-risco-no-proximo-quadro\/"},"author":{"name":"Telinha","@id":"https:\/\/portaltela.pt\/#\/schema\/person\/c4278d4a6028830caff9ee44b42d32ed"},"headline":"L\u00edder do PS afirma que apoios diretos \u00e0 viticultura ficam em risco no pr\u00f3ximo quadro","datePublished":"2026-04-29T20:48:41+00:00","mainEntityOfPage":{"@id":"https:\/\/portaltela.pt\/noticias\/2026\/04\/29\/lider-do-ps-afirma-que-apoios-diretos-a-viticultura-ficam-em-risco-no-proximo-quadro\/"},"wordCount":310,"image":{"@id":"https:\/\/portaltela.pt\/noticias\/2026\/04\/29\/lider-do-ps-afirma-que-apoios-diretos-a-viticultura-ficam-em-risco-no-proximo-quadro\/#primaryimage"},"thumbnailUrl":"https:\/\/portaltela.pt\/s.01k8rhncp4jt1\/2026\/04\/img_1280x721uu2026-04-17-15-38-41-2279165.jpg","keywords":["agricultura","Beja","Ovibeja","PS","vinho","viticultura"],"articleSection":["Economia","Neg\u00f3cios"],"inLanguage":"pt-PT"},{"@type":"WebPage","@id":"https:\/\/portaltela.pt\/noticias\/2026\/04\/29\/lider-do-ps-afirma-que-apoios-diretos-a-viticultura-ficam-em-risco-no-proximo-quadro\/","url":"https:\/\/portaltela.pt\/noticias\/2026\/04\/29\/lider-do-ps-afirma-que-apoios-diretos-a-viticultura-ficam-em-risco-no-proximo-quadro\/","name":"L\u00edder do PS afirma que apoios diretos \u00e0 viticultura ficam em risco no pr\u00f3ximo quadro - Portal Tela Portugal","isPartOf":{"@id":"https:\/\/portaltela.pt\/#website"},"primaryImageOfPage":{"@id":"https:\/\/portaltela.pt\/noticias\/2026\/04\/29\/lider-do-ps-afirma-que-apoios-diretos-a-viticultura-ficam-em-risco-no-proximo-quadro\/#primaryimage"},"image":{"@id":"https:\/\/portaltela.pt\/noticias\/2026\/04\/29\/lider-do-ps-afirma-que-apoios-diretos-a-viticultura-ficam-em-risco-no-proximo-quadro\/#primaryimage"},"thumbnailUrl":"https:\/\/portaltela.pt\/s.01k8rhncp4jt1\/2026\/04\/img_1280x721uu2026-04-17-15-38-41-2279165.jpg","datePublished":"2026-04-29T20:48:41+00:00","author":{"@id":"https:\/\/portaltela.pt\/#\/schema\/person\/c4278d4a6028830caff9ee44b42d32ed"},"breadcrumb":{"@id":"https:\/\/portaltela.pt\/noticias\/2026\/04\/29\/lider-do-ps-afirma-que-apoios-diretos-a-viticultura-ficam-em-risco-no-proximo-quadro\/#breadcrumb"},"inLanguage":"pt-PT","potentialAction":[{"@type":"ReadAction","target":["https:\/\/portaltela.pt\/noticias\/2026\/04\/29\/lider-do-ps-afirma-que-apoios-diretos-a-viticultura-ficam-em-risco-no-proximo-quadro\/"]}]},{"@type":"ImageObject","inLanguage":"pt-PT","@id":"https:\/\/portaltela.pt\/noticias\/2026\/04\/29\/lider-do-ps-afirma-que-apoios-diretos-a-viticultura-ficam-em-risco-no-proximo-quadro\/#primaryimage","url":"https:\/\/portaltela.pt\/s.01k8rhncp4jt1\/2026\/04\/img_1280x721uu2026-04-17-15-38-41-2279165.jpg","contentUrl":"https:\/\/portaltela.pt\/s.01k8rhncp4jt1\/2026\/04\/img_1280x721uu2026-04-17-15-38-41-2279165.jpg","width":796,"height":448,"caption":"Jos\u00e9 Lu\u00eds Carneiro, l\u00edder socialista"},{"@type":"BreadcrumbList","@id":"https:\/\/portaltela.pt\/noticias\/2026\/04\/29\/lider-do-ps-afirma-que-apoios-diretos-a-viticultura-ficam-em-risco-no-proximo-quadro\/#breadcrumb","itemListElement":[{"@type":"ListItem","position":1,"name":"In\u00edcio","item":"https:\/\/portaltela.pt\/"},{"@type":"ListItem","position":2,"name":"L\u00edder do PS afirma que apoios diretos \u00e0 viticultura ficam em risco no pr\u00f3ximo quadro"}]},{"@type":"WebSite","@id":"https:\/\/portaltela.pt\/#website","url":"https:\/\/portaltela.pt\/","name":"Portal Tela Portugal","description":"","potentialAction":[{"@type":"SearchAction","target":{"@type":"EntryPoint","urlTemplate":"https:\/\/portaltela.pt\/?s={search_term_string}"},"query-input":{"@type":"PropertyValueSpecification","valueRequired":true,"valueName":"search_term_string"}}],"inLanguage":"pt-PT"},{"@type":"Person","@id":"https:\/\/portaltela.pt\/#\/schema\/person\/c4278d4a6028830caff9ee44b42d32ed","name":"Telinha","image":{"@type":"ImageObject","inLanguage":"pt-PT","@id":"https:\/\/portaltela.pt\/s.01k8rhncp4jt1\/2025\/11\/talking-bot-125x125.png","url":"https:\/\/portaltela.pt\/s.01k8rhncp4jt1\/2025\/11\/talking-bot-125x125.png","contentUrl":"https:\/\/portaltela.pt\/s.01k8rhncp4jt1\/2025\/11\/talking-bot-125x125.png","caption":"Telinha"},"sameAs":["https:\/\/portaltela.pt\/"],"url":"https:\/\/portaltela.pt\/por\/367410592786\/"}]}},"_links":{"self":[{"href":"https:\/\/portaltela.pt\/api\/wp\/v2\/posts\/461571","targetHints":{"allow":["GET"]}}],"collection":[{"href":"https:\/\/portaltela.pt\/api\/wp\/v2\/posts"}],"about":[{"href":"https:\/\/portaltela.pt\/api\/wp\/v2\/types\/post"}],"author":[{"embeddable":true,"href":"https:\/\/portaltela.pt\/api\/wp\/v2\/users\/2"}],"replies":[{"embeddable":true,"href":"https:\/\/portaltela.pt\/api\/wp\/v2\/comments?post=461571"}],"version-history":[{"count":0,"href":"https:\/\/portaltela.pt\/api\/wp\/v2\/posts\/461571\/revisions"}],"wp:featuredmedia":[{"embeddable":true,"href":"https:\/\/portaltela.pt\/api\/wp\/v2\/media\/461572"}],"wp:attachment":[{"href":"https:\/\/portaltela.pt\/api\/wp\/v2\/media?parent=461571"}],"wp:term":[{"taxonomy":"category","embeddable":true,"href":"https:\/\/portaltela.pt\/api\/wp\/v2\/categories?post=461571"},{"taxonomy":"post_tag","embeddable":true,"href":"https:\/\/portaltela.pt\/api\/wp\/v2\/tags?post=461571"}],"curies":[{"name":"wp","href":"https:\/\/api.w.org\/{rel}","templated":true}]}}