{"id":461563,"date":"2026-04-29T17:48:24","date_gmt":"2026-04-29T20:48:24","guid":{"rendered":"https:\/\/portaltela.pt\/noticias\/2026\/04\/29\/tribunal-arrasa-atuacao-do-ministerio-publico-no-caso-rui-pinto\/"},"modified":"2026-04-29T17:48:24","modified_gmt":"2026-04-29T20:48:24","slug":"tribunal-arrasa-atuacao-do-ministerio-publico-no-caso-rui-pinto","status":"publish","type":"post","link":"https:\/\/portaltela.pt\/noticias\/2026\/04\/29\/tribunal-arrasa-atuacao-do-ministerio-publico-no-caso-rui-pinto\/","title":{"rendered":"Tribunal arrasa atua\u00e7\u00e3o do Minist\u00e9rio P\u00fablico no caso Rui Pinto"},"content":{"rendered":"<p>No ac\u00f3rd\u00e3o do processo 1178\/19.5TELSB, no \u00e2mbito do caso Football Leaks, o Tribunal Coletivo do Ju\u00edzo Central Criminal de Lisboa criticou a atua\u00e7\u00e3o do Minist\u00e9rio P\u00fablico. A defesa de Rui Pinto sustenta que a a\u00e7\u00e3o penal foi conduzida de forma que levou \u00e0 \u201ceterniza\u00e7\u00e3o do percurso judicial\u201d.<\/p>\n<p>Os ju\u00edzes apontam que a fragmenta\u00e7\u00e3o sucessiva dos processos e a reaprecia\u00e7\u00e3o de factos j\u00e1 julgados criaram um funcionamento incompat\u00edvel com a Constitui\u00e7\u00e3o e com a Conven\u00e7\u00e3o Europeia dos Direitos Humanos. O documento questiona o rumo da investiga\u00e7\u00e3o e o alegado aproveitamento de procedimentos com efeitos prejudiciais ao arguido.<\/p>\n<p>Rui Pinto est\u00e1 envolvido no caso Football Leaks, que envolve alega\u00e7\u00f5es de divulga\u00e7\u00e3o de dados e documentos confidenciais relacionados com clubes e entidades desportivas. O ac\u00f3rd\u00e3o analisa a atua\u00e7\u00e3o do Minist\u00e9rio P\u00fablico ao longo da tramita\u00e7\u00e3o do processo.<\/p>\n<p>A decis\u00e3o, segundo os ju\u00edzes, reflete uma avalia\u00e7\u00e3o cr\u00edtica sobre como a a\u00e7\u00e3o penal foi gerida, sugerindo impactos no equil\u00edbrio processual e no tempo de tramita\u00e7\u00e3o. O ac\u00f3rd\u00e3o n\u00e3o conclui sobre culpa ou inoc\u00eancia, limitando-se a avaliar a condu\u00e7\u00e3o judicial. Record \u00e9 a fonte de acesso ao ac\u00f3rd\u00e3o.<\/p>\n","protected":false},"excerpt":{"rendered":"<ul>\n<li>O ac\u00f3rd\u00e3o do processo 1178\/19.5TELSB, no \u00e2mbito do caso Football Leaks, \u00e9 cr\u00edtico em rela\u00e7\u00e3o \u00e0 atua\u00e7\u00e3o do Minist\u00e9rio P\u00fablico.<\/li>\n<li>Os ju\u00edzes afirmam que a forma como a a\u00e7\u00e3o penal foi conduzida conduziu \u00e0 \u201ceterniza\u00e7\u00e3o do percurso judicial\u201d.<\/li>\n<li>A defesa de Rui Pinto sustenta que houve fragmenta\u00e7\u00e3o de processos e reaprecia\u00e7\u00e3o de factos j\u00e1 julgados.<\/li>\n<li>Os magistrados indicam que estas a\u00e7\u00f5es s\u00e3o incompat\u00edveis com a Constitui\u00e7\u00e3o e com a Conven\u00e7\u00e3o Europeia dos Direitos Humanos.<\/li>\n<\/ul>\n","protected":false},"author":2,"featured_media":461570,"comment_status":"closed","ping_status":"closed","sticky":false,"template":"","format":"standard","meta":{"footnotes":""},"categories":[6815,1],"tags":[152,2633,32,215,2613,6208],"class_list":["post-461563","post","type-post","status-publish","format-standard","has-post-thumbnail","hentry","category-justica","category-noticias","tag-desporto","tag-direitos-humanos","tag-futebol","tag-investigacao","tag-ministerio-publico","tag-tribunais"],"yoast_head":"<!-- This site is optimized with the Yoast SEO plugin v27.2 - https:\/\/yoast.com\/product\/yoast-seo-wordpress\/ -->\n<title>Tribunal arrasa atua\u00e7\u00e3o do Minist\u00e9rio P\u00fablico no caso Rui Pinto - Portal Tela Portugal<\/title>\n<meta name=\"robots\" content=\"index, follow, max-snippet:-1, max-image-preview:large, max-video-preview:-1\" \/>\n<meta property=\"og:locale\" content=\"pt_PT\" \/>\n<meta property=\"og:type\" content=\"article\" \/>\n<meta property=\"og:title\" content=\"Tribunal arrasa atua\u00e7\u00e3o do Minist\u00e9rio P\u00fablico no caso Rui Pinto - Portal Tela Portugal\" \/>\n<meta property=\"og:description\" content=\"O ac\u00f3rd\u00e3o do processo 1178\/19.5TELSB, no \u00e2mbito do caso Football Leaks, \u00e9 cr\u00edtico em rela\u00e7\u00e3o \u00e0 atua\u00e7\u00e3o do Minist\u00e9rio P\u00fablico. Os ju\u00edzes afirmam que a forma como a a\u00e7\u00e3o penal foi conduzida conduziu \u00e0 \u201ceterniza\u00e7\u00e3o do percurso judicial\u201d. A defesa de Rui Pinto sustenta que houve fragmenta\u00e7\u00e3o de processos e reaprecia\u00e7\u00e3o de factos j\u00e1 julgados. Os magistrados indicam que estas a\u00e7\u00f5es s\u00e3o incompat\u00edveis com a Constitui\u00e7\u00e3o e com a Conven\u00e7\u00e3o Europeia dos Direitos Humanos.\" \/>\n<meta property=\"og:url\" content=\"https:\/\/portaltela.pt\/noticias\/2026\/04\/29\/tribunal-arrasa-atuacao-do-ministerio-publico-no-caso-rui-pinto\/\" \/>\n<meta property=\"og:site_name\" content=\"Portal Tela Portugal\" \/>\n<meta property=\"article:published_time\" content=\"2026-04-29T20:48:24+00:00\" \/>\n<meta name=\"author\" content=\"Telinha\" \/>\n<meta name=\"twitter:card\" content=\"summary_large_image\" \/>\n<meta name=\"twitter:label1\" content=\"Escrito por\" \/>\n\t<meta name=\"twitter:data1\" content=\"Telinha\" \/>\n\t<meta name=\"twitter:label2\" content=\"Tempo estimado de leitura\" \/>\n\t<meta name=\"twitter:data2\" content=\"1 minuto\" \/>\n<script type=\"application\/ld+json\" class=\"yoast-schema-graph\">{\"@context\":\"https:\/\/schema.org\",\"@graph\":[{\"@type\":\"Article\",\"@id\":\"https:\/\/portaltela.pt\/noticias\/2026\/04\/29\/tribunal-arrasa-atuacao-do-ministerio-publico-no-caso-rui-pinto\/#article\",\"isPartOf\":{\"@id\":\"https:\/\/portaltela.pt\/noticias\/2026\/04\/29\/tribunal-arrasa-atuacao-do-ministerio-publico-no-caso-rui-pinto\/\"},\"author\":{\"name\":\"Telinha\",\"@id\":\"https:\/\/portaltela.pt\/#\/schema\/person\/c4278d4a6028830caff9ee44b42d32ed\"},\"headline\":\"Tribunal arrasa atua\u00e7\u00e3o do Minist\u00e9rio P\u00fablico no caso Rui Pinto\",\"datePublished\":\"2026-04-29T20:48:24+00:00\",\"mainEntityOfPage\":{\"@id\":\"https:\/\/portaltela.pt\/noticias\/2026\/04\/29\/tribunal-arrasa-atuacao-do-ministerio-publico-no-caso-rui-pinto\/\"},\"wordCount\":230,\"image\":{\"@id\":\"https:\/\/portaltela.pt\/noticias\/2026\/04\/29\/tribunal-arrasa-atuacao-do-ministerio-publico-no-caso-rui-pinto\/#primaryimage\"},\"thumbnailUrl\":\"https:\/\/portaltela.pt\/s.01k8rhncp4jt1\/2026\/04\/img_920x518uu2025-09-03-17-45-57-2387666-1.jpg\",\"keywords\":[\"desporto\",\"direitos humanos\",\"futebol\",\"investiga\u00e7\u00e3o\",\"Minist\u00e9rio P\u00fablico\",\"Tribunais\"],\"articleSection\":[\"Justi\u00e7a\",\"Not\u00edcias\"],\"inLanguage\":\"pt-PT\"},{\"@type\":\"WebPage\",\"@id\":\"https:\/\/portaltela.pt\/noticias\/2026\/04\/29\/tribunal-arrasa-atuacao-do-ministerio-publico-no-caso-rui-pinto\/\",\"url\":\"https:\/\/portaltela.pt\/noticias\/2026\/04\/29\/tribunal-arrasa-atuacao-do-ministerio-publico-no-caso-rui-pinto\/\",\"name\":\"Tribunal arrasa atua\u00e7\u00e3o do Minist\u00e9rio P\u00fablico no caso Rui Pinto - Portal Tela Portugal\",\"isPartOf\":{\"@id\":\"https:\/\/portaltela.pt\/#website\"},\"primaryImageOfPage\":{\"@id\":\"https:\/\/portaltela.pt\/noticias\/2026\/04\/29\/tribunal-arrasa-atuacao-do-ministerio-publico-no-caso-rui-pinto\/#primaryimage\"},\"image\":{\"@id\":\"https:\/\/portaltela.pt\/noticias\/2026\/04\/29\/tribunal-arrasa-atuacao-do-ministerio-publico-no-caso-rui-pinto\/#primaryimage\"},\"thumbnailUrl\":\"https:\/\/portaltela.pt\/s.01k8rhncp4jt1\/2026\/04\/img_920x518uu2025-09-03-17-45-57-2387666-1.jpg\",\"datePublished\":\"2026-04-29T20:48:24+00:00\",\"author\":{\"@id\":\"https:\/\/portaltela.pt\/#\/schema\/person\/c4278d4a6028830caff9ee44b42d32ed\"},\"breadcrumb\":{\"@id\":\"https:\/\/portaltela.pt\/noticias\/2026\/04\/29\/tribunal-arrasa-atuacao-do-ministerio-publico-no-caso-rui-pinto\/#breadcrumb\"},\"inLanguage\":\"pt-PT\",\"potentialAction\":[{\"@type\":\"ReadAction\",\"target\":[\"https:\/\/portaltela.pt\/noticias\/2026\/04\/29\/tribunal-arrasa-atuacao-do-ministerio-publico-no-caso-rui-pinto\/\"]}]},{\"@type\":\"ImageObject\",\"inLanguage\":\"pt-PT\",\"@id\":\"https:\/\/portaltela.pt\/noticias\/2026\/04\/29\/tribunal-arrasa-atuacao-do-ministerio-publico-no-caso-rui-pinto\/#primaryimage\",\"url\":\"https:\/\/portaltela.pt\/s.01k8rhncp4jt1\/2026\/04\/img_920x518uu2025-09-03-17-45-57-2387666-1.jpg\",\"contentUrl\":\"https:\/\/portaltela.pt\/s.01k8rhncp4jt1\/2026\/04\/img_920x518uu2025-09-03-17-45-57-2387666-1.jpg\",\"width\":796,\"height\":448,\"caption\":\"Rui Pinto\"},{\"@type\":\"BreadcrumbList\",\"@id\":\"https:\/\/portaltela.pt\/noticias\/2026\/04\/29\/tribunal-arrasa-atuacao-do-ministerio-publico-no-caso-rui-pinto\/#breadcrumb\",\"itemListElement\":[{\"@type\":\"ListItem\",\"position\":1,\"name\":\"In\u00edcio\",\"item\":\"https:\/\/portaltela.pt\/\"},{\"@type\":\"ListItem\",\"position\":2,\"name\":\"Tribunal arrasa atua\u00e7\u00e3o do Minist\u00e9rio P\u00fablico no caso Rui Pinto\"}]},{\"@type\":\"WebSite\",\"@id\":\"https:\/\/portaltela.pt\/#website\",\"url\":\"https:\/\/portaltela.pt\/\",\"name\":\"Portal Tela Portugal\",\"description\":\"\",\"potentialAction\":[{\"@type\":\"SearchAction\",\"target\":{\"@type\":\"EntryPoint\",\"urlTemplate\":\"https:\/\/portaltela.pt\/?s={search_term_string}\"},\"query-input\":{\"@type\":\"PropertyValueSpecification\",\"valueRequired\":true,\"valueName\":\"search_term_string\"}}],\"inLanguage\":\"pt-PT\"},{\"@type\":\"Person\",\"@id\":\"https:\/\/portaltela.pt\/#\/schema\/person\/c4278d4a6028830caff9ee44b42d32ed\",\"name\":\"Telinha\",\"image\":{\"@type\":\"ImageObject\",\"inLanguage\":\"pt-PT\",\"@id\":\"https:\/\/portaltela.pt\/s.01k8rhncp4jt1\/2025\/11\/talking-bot-125x125.png\",\"url\":\"https:\/\/portaltela.pt\/s.01k8rhncp4jt1\/2025\/11\/talking-bot-125x125.png\",\"contentUrl\":\"https:\/\/portaltela.pt\/s.01k8rhncp4jt1\/2025\/11\/talking-bot-125x125.png\",\"caption\":\"Telinha\"},\"sameAs\":[\"https:\/\/portaltela.pt\/\"],\"url\":\"https:\/\/portaltela.pt\/por\/367410592786\/\"}]}<\/script>\n<!-- \/ Yoast SEO plugin. -->","yoast_head_json":{"title":"Tribunal arrasa atua\u00e7\u00e3o do Minist\u00e9rio P\u00fablico no caso Rui Pinto - Portal Tela Portugal","robots":{"index":"index","follow":"follow","max-snippet":"max-snippet:-1","max-image-preview":"max-image-preview:large","max-video-preview":"max-video-preview:-1"},"og_locale":"pt_PT","og_type":"article","og_title":"Tribunal arrasa atua\u00e7\u00e3o do Minist\u00e9rio P\u00fablico no caso Rui Pinto - Portal Tela Portugal","og_description":"O ac\u00f3rd\u00e3o do processo 1178\/19.5TELSB, no \u00e2mbito do caso Football Leaks, \u00e9 cr\u00edtico em rela\u00e7\u00e3o \u00e0 atua\u00e7\u00e3o do Minist\u00e9rio P\u00fablico. Os ju\u00edzes afirmam que a forma como a a\u00e7\u00e3o penal foi conduzida conduziu \u00e0 \u201ceterniza\u00e7\u00e3o do percurso judicial\u201d. A defesa de Rui Pinto sustenta que houve fragmenta\u00e7\u00e3o de processos e reaprecia\u00e7\u00e3o de factos j\u00e1 julgados. Os magistrados indicam que estas a\u00e7\u00f5es s\u00e3o incompat\u00edveis com a Constitui\u00e7\u00e3o e com a Conven\u00e7\u00e3o Europeia dos Direitos Humanos.","og_url":"https:\/\/portaltela.pt\/noticias\/2026\/04\/29\/tribunal-arrasa-atuacao-do-ministerio-publico-no-caso-rui-pinto\/","og_site_name":"Portal Tela Portugal","article_published_time":"2026-04-29T20:48:24+00:00","author":"Telinha","twitter_card":"summary_large_image","twitter_misc":{"Escrito por":"Telinha","Tempo estimado de leitura":"1 minuto"},"schema":{"@context":"https:\/\/schema.org","@graph":[{"@type":"Article","@id":"https:\/\/portaltela.pt\/noticias\/2026\/04\/29\/tribunal-arrasa-atuacao-do-ministerio-publico-no-caso-rui-pinto\/#article","isPartOf":{"@id":"https:\/\/portaltela.pt\/noticias\/2026\/04\/29\/tribunal-arrasa-atuacao-do-ministerio-publico-no-caso-rui-pinto\/"},"author":{"name":"Telinha","@id":"https:\/\/portaltela.pt\/#\/schema\/person\/c4278d4a6028830caff9ee44b42d32ed"},"headline":"Tribunal arrasa atua\u00e7\u00e3o do Minist\u00e9rio P\u00fablico no caso Rui Pinto","datePublished":"2026-04-29T20:48:24+00:00","mainEntityOfPage":{"@id":"https:\/\/portaltela.pt\/noticias\/2026\/04\/29\/tribunal-arrasa-atuacao-do-ministerio-publico-no-caso-rui-pinto\/"},"wordCount":230,"image":{"@id":"https:\/\/portaltela.pt\/noticias\/2026\/04\/29\/tribunal-arrasa-atuacao-do-ministerio-publico-no-caso-rui-pinto\/#primaryimage"},"thumbnailUrl":"https:\/\/portaltela.pt\/s.01k8rhncp4jt1\/2026\/04\/img_920x518uu2025-09-03-17-45-57-2387666-1.jpg","keywords":["desporto","direitos humanos","futebol","investiga\u00e7\u00e3o","Minist\u00e9rio P\u00fablico","Tribunais"],"articleSection":["Justi\u00e7a","Not\u00edcias"],"inLanguage":"pt-PT"},{"@type":"WebPage","@id":"https:\/\/portaltela.pt\/noticias\/2026\/04\/29\/tribunal-arrasa-atuacao-do-ministerio-publico-no-caso-rui-pinto\/","url":"https:\/\/portaltela.pt\/noticias\/2026\/04\/29\/tribunal-arrasa-atuacao-do-ministerio-publico-no-caso-rui-pinto\/","name":"Tribunal arrasa atua\u00e7\u00e3o do Minist\u00e9rio P\u00fablico no caso Rui Pinto - Portal Tela Portugal","isPartOf":{"@id":"https:\/\/portaltela.pt\/#website"},"primaryImageOfPage":{"@id":"https:\/\/portaltela.pt\/noticias\/2026\/04\/29\/tribunal-arrasa-atuacao-do-ministerio-publico-no-caso-rui-pinto\/#primaryimage"},"image":{"@id":"https:\/\/portaltela.pt\/noticias\/2026\/04\/29\/tribunal-arrasa-atuacao-do-ministerio-publico-no-caso-rui-pinto\/#primaryimage"},"thumbnailUrl":"https:\/\/portaltela.pt\/s.01k8rhncp4jt1\/2026\/04\/img_920x518uu2025-09-03-17-45-57-2387666-1.jpg","datePublished":"2026-04-29T20:48:24+00:00","author":{"@id":"https:\/\/portaltela.pt\/#\/schema\/person\/c4278d4a6028830caff9ee44b42d32ed"},"breadcrumb":{"@id":"https:\/\/portaltela.pt\/noticias\/2026\/04\/29\/tribunal-arrasa-atuacao-do-ministerio-publico-no-caso-rui-pinto\/#breadcrumb"},"inLanguage":"pt-PT","potentialAction":[{"@type":"ReadAction","target":["https:\/\/portaltela.pt\/noticias\/2026\/04\/29\/tribunal-arrasa-atuacao-do-ministerio-publico-no-caso-rui-pinto\/"]}]},{"@type":"ImageObject","inLanguage":"pt-PT","@id":"https:\/\/portaltela.pt\/noticias\/2026\/04\/29\/tribunal-arrasa-atuacao-do-ministerio-publico-no-caso-rui-pinto\/#primaryimage","url":"https:\/\/portaltela.pt\/s.01k8rhncp4jt1\/2026\/04\/img_920x518uu2025-09-03-17-45-57-2387666-1.jpg","contentUrl":"https:\/\/portaltela.pt\/s.01k8rhncp4jt1\/2026\/04\/img_920x518uu2025-09-03-17-45-57-2387666-1.jpg","width":796,"height":448,"caption":"Rui Pinto"},{"@type":"BreadcrumbList","@id":"https:\/\/portaltela.pt\/noticias\/2026\/04\/29\/tribunal-arrasa-atuacao-do-ministerio-publico-no-caso-rui-pinto\/#breadcrumb","itemListElement":[{"@type":"ListItem","position":1,"name":"In\u00edcio","item":"https:\/\/portaltela.pt\/"},{"@type":"ListItem","position":2,"name":"Tribunal arrasa atua\u00e7\u00e3o do Minist\u00e9rio P\u00fablico no caso Rui Pinto"}]},{"@type":"WebSite","@id":"https:\/\/portaltela.pt\/#website","url":"https:\/\/portaltela.pt\/","name":"Portal Tela Portugal","description":"","potentialAction":[{"@type":"SearchAction","target":{"@type":"EntryPoint","urlTemplate":"https:\/\/portaltela.pt\/?s={search_term_string}"},"query-input":{"@type":"PropertyValueSpecification","valueRequired":true,"valueName":"search_term_string"}}],"inLanguage":"pt-PT"},{"@type":"Person","@id":"https:\/\/portaltela.pt\/#\/schema\/person\/c4278d4a6028830caff9ee44b42d32ed","name":"Telinha","image":{"@type":"ImageObject","inLanguage":"pt-PT","@id":"https:\/\/portaltela.pt\/s.01k8rhncp4jt1\/2025\/11\/talking-bot-125x125.png","url":"https:\/\/portaltela.pt\/s.01k8rhncp4jt1\/2025\/11\/talking-bot-125x125.png","contentUrl":"https:\/\/portaltela.pt\/s.01k8rhncp4jt1\/2025\/11\/talking-bot-125x125.png","caption":"Telinha"},"sameAs":["https:\/\/portaltela.pt\/"],"url":"https:\/\/portaltela.pt\/por\/367410592786\/"}]}},"_links":{"self":[{"href":"https:\/\/portaltela.pt\/api\/wp\/v2\/posts\/461563","targetHints":{"allow":["GET"]}}],"collection":[{"href":"https:\/\/portaltela.pt\/api\/wp\/v2\/posts"}],"about":[{"href":"https:\/\/portaltela.pt\/api\/wp\/v2\/types\/post"}],"author":[{"embeddable":true,"href":"https:\/\/portaltela.pt\/api\/wp\/v2\/users\/2"}],"replies":[{"embeddable":true,"href":"https:\/\/portaltela.pt\/api\/wp\/v2\/comments?post=461563"}],"version-history":[{"count":0,"href":"https:\/\/portaltela.pt\/api\/wp\/v2\/posts\/461563\/revisions"}],"wp:featuredmedia":[{"embeddable":true,"href":"https:\/\/portaltela.pt\/api\/wp\/v2\/media\/461570"}],"wp:attachment":[{"href":"https:\/\/portaltela.pt\/api\/wp\/v2\/media?parent=461563"}],"wp:term":[{"taxonomy":"category","embeddable":true,"href":"https:\/\/portaltela.pt\/api\/wp\/v2\/categories?post=461563"},{"taxonomy":"post_tag","embeddable":true,"href":"https:\/\/portaltela.pt\/api\/wp\/v2\/tags?post=461563"}],"curies":[{"name":"wp","href":"https:\/\/api.w.org\/{rel}","templated":true}]}}