{"id":461560,"date":"2026-04-29T17:48:17","date_gmt":"2026-04-29T20:48:17","guid":{"rendered":"https:\/\/portaltela.pt\/noticias\/2026\/04\/29\/patrice-trovoada-mira-evitar-a-reeleicao-do-presidente-de-sao-tome-e-principe\/"},"modified":"2026-04-29T17:48:17","modified_gmt":"2026-04-29T20:48:17","slug":"patrice-trovoada-mira-evitar-a-reeleicao-do-presidente-de-sao-tome-e-principe","status":"publish","type":"post","link":"https:\/\/portaltela.pt\/noticias\/politica\/2026\/04\/29\/patrice-trovoada-mira-evitar-a-reeleicao-do-presidente-de-sao-tome-e-principe\/","title":{"rendered":"Patrice Trovoada mira evitar a reelei\u00e7\u00e3o do Presidente de S\u00e3o Tom\u00e9 e Pr\u00edncipe"},"content":{"rendered":"<p>Patrice Trovoada afirmou recentemente que pretende evitar a reelei\u00e7\u00e3o do Presidente de S\u00e3o Tom\u00e9 e Pr\u00edncipe, numa declara\u00e7\u00e3o p\u00fablica que chega num momento de tens\u00e3o pol\u00edtica no pa\u00eds.<\/p>\n<p>Segundo a informa\u00e7\u00e3o dispon\u00edvel, n\u00e3o foram detalhadas propostas ou estrat\u00e9gias para impedir a continuidade do actual Presidente. O conte\u00fado completo da entrevista est\u00e1 reservado a subscritores.<\/p>\n<p>Informa\u00e7\u00f5es adicionais sobre o contexto pol\u00edtico, eventuais apoios ou impactos para o processo eleitoral n\u00e3o foram divulgadas. O tema permanece em aberto at\u00e9 novas declara\u00e7\u00f5es oficiais.<\/p>\n","protected":false},"excerpt":{"rendered":"<ul>\n<li>Patrice Trovoada afirma que quer evitar a reelei\u00e7\u00e3o do Presidente de S\u00e3o Tom\u00e9 e Pr\u00edncipe.<\/li>\n<li>O conte\u00fado completo da not\u00edcia est\u00e1 acess\u00edvel apenas a subscritores.<\/li>\n<li>Na vers\u00e3o dispon\u00edvel publicamente n\u00e3o s\u00e3o apresentadas informa\u00e7\u00f5es adicionais.<\/li>\n<li>N\u00e3o h\u00e1 contexto temporal ou detalhes sobre o momento da declara\u00e7\u00e3o no excerto fornecido.<\/li>\n<\/ul>\n","protected":false},"author":2,"featured_media":461562,"comment_status":"closed","ping_status":"closed","sticky":false,"template":"","format":"standard","meta":{"footnotes":""},"categories":[6912,5],"tags":[7977,68,34,1732,2832,30],"class_list":["post-461560","post","type-post","status-publish","format-standard","has-post-thumbnail","hentry","category-internacionais","category-politica","tag-_africa","tag-eleicoes","tag-governo","tag-partidos","tag-politica","tag-presidente"],"yoast_head":"<!-- This site is optimized with the Yoast SEO plugin v27.2 - https:\/\/yoast.com\/product\/yoast-seo-wordpress\/ -->\n<title>Patrice Trovoada mira evitar a reelei\u00e7\u00e3o do Presidente de S\u00e3o Tom\u00e9 e Pr\u00edncipe - Portal Tela Portugal<\/title>\n<meta name=\"robots\" content=\"index, follow, max-snippet:-1, max-image-preview:large, max-video-preview:-1\" \/>\n<meta property=\"og:locale\" content=\"pt_PT\" \/>\n<meta property=\"og:type\" content=\"article\" \/>\n<meta property=\"og:title\" content=\"Patrice Trovoada mira evitar a reelei\u00e7\u00e3o do Presidente de S\u00e3o Tom\u00e9 e Pr\u00edncipe - Portal Tela Portugal\" \/>\n<meta property=\"og:description\" content=\"Patrice Trovoada afirma que quer evitar a reelei\u00e7\u00e3o do Presidente de S\u00e3o Tom\u00e9 e Pr\u00edncipe. O conte\u00fado completo da not\u00edcia est\u00e1 acess\u00edvel apenas a subscritores. Na vers\u00e3o dispon\u00edvel publicamente n\u00e3o s\u00e3o apresentadas informa\u00e7\u00f5es adicionais. N\u00e3o h\u00e1 contexto temporal ou detalhes sobre o momento da declara\u00e7\u00e3o no excerto fornecido.\" \/>\n<meta property=\"og:url\" content=\"https:\/\/portaltela.pt\/noticias\/2026\/04\/29\/patrice-trovoada-mira-evitar-a-reeleicao-do-presidente-de-sao-tome-e-principe\/\" \/>\n<meta property=\"og:site_name\" content=\"Portal Tela Portugal\" \/>\n<meta property=\"article:published_time\" content=\"2026-04-29T20:48:17+00:00\" \/>\n<meta name=\"author\" content=\"Telinha\" \/>\n<meta name=\"twitter:card\" content=\"summary_large_image\" \/>\n<meta name=\"twitter:label1\" content=\"Escrito por\" \/>\n\t<meta name=\"twitter:data1\" content=\"Telinha\" \/>\n<script type=\"application\/ld+json\" class=\"yoast-schema-graph\">{\"@context\":\"https:\/\/schema.org\",\"@graph\":[{\"@type\":\"Article\",\"@id\":\"https:\/\/portaltela.pt\/noticias\/2026\/04\/29\/patrice-trovoada-mira-evitar-a-reeleicao-do-presidente-de-sao-tome-e-principe\/#article\",\"isPartOf\":{\"@id\":\"https:\/\/portaltela.pt\/noticias\/2026\/04\/29\/patrice-trovoada-mira-evitar-a-reeleicao-do-presidente-de-sao-tome-e-principe\/\"},\"author\":{\"name\":\"Telinha\",\"@id\":\"https:\/\/portaltela.pt\/#\/schema\/person\/c4278d4a6028830caff9ee44b42d32ed\"},\"headline\":\"Patrice Trovoada mira evitar a reelei\u00e7\u00e3o do Presidente de S\u00e3o Tom\u00e9 e Pr\u00edncipe\",\"datePublished\":\"2026-04-29T20:48:17+00:00\",\"mainEntityOfPage\":{\"@id\":\"https:\/\/portaltela.pt\/noticias\/2026\/04\/29\/patrice-trovoada-mira-evitar-a-reeleicao-do-presidente-de-sao-tome-e-principe\/\"},\"wordCount\":113,\"image\":{\"@id\":\"https:\/\/portaltela.pt\/noticias\/2026\/04\/29\/patrice-trovoada-mira-evitar-a-reeleicao-do-presidente-de-sao-tome-e-principe\/#primaryimage\"},\"thumbnailUrl\":\"https:\/\/portaltela.pt\/s.01k8rhncp4jt1\/2026\/04\/CACHE_780X1200_ANALOG_WATERMARKED_42648111_3225739_08042024072112.jpg\",\"keywords\":[\"_\u00c1frica\",\"elei\u00e7\u00f5es\",\"governo\",\"partidos\",\"pol\u00edtica\",\"presidente\"],\"articleSection\":[\"Internacionais\",\"Pol\u00edtica\"],\"inLanguage\":\"pt-PT\"},{\"@type\":\"WebPage\",\"@id\":\"https:\/\/portaltela.pt\/noticias\/2026\/04\/29\/patrice-trovoada-mira-evitar-a-reeleicao-do-presidente-de-sao-tome-e-principe\/\",\"url\":\"https:\/\/portaltela.pt\/noticias\/2026\/04\/29\/patrice-trovoada-mira-evitar-a-reeleicao-do-presidente-de-sao-tome-e-principe\/\",\"name\":\"Patrice Trovoada mira evitar a reelei\u00e7\u00e3o do Presidente de S\u00e3o Tom\u00e9 e Pr\u00edncipe - Portal Tela Portugal\",\"isPartOf\":{\"@id\":\"https:\/\/portaltela.pt\/#website\"},\"primaryImageOfPage\":{\"@id\":\"https:\/\/portaltela.pt\/noticias\/2026\/04\/29\/patrice-trovoada-mira-evitar-a-reeleicao-do-presidente-de-sao-tome-e-principe\/#primaryimage\"},\"image\":{\"@id\":\"https:\/\/portaltela.pt\/noticias\/2026\/04\/29\/patrice-trovoada-mira-evitar-a-reeleicao-do-presidente-de-sao-tome-e-principe\/#primaryimage\"},\"thumbnailUrl\":\"https:\/\/portaltela.pt\/s.01k8rhncp4jt1\/2026\/04\/CACHE_780X1200_ANALOG_WATERMARKED_42648111_3225739_08042024072112.jpg\",\"datePublished\":\"2026-04-29T20:48:17+00:00\",\"author\":{\"@id\":\"https:\/\/portaltela.pt\/#\/schema\/person\/c4278d4a6028830caff9ee44b42d32ed\"},\"breadcrumb\":{\"@id\":\"https:\/\/portaltela.pt\/noticias\/2026\/04\/29\/patrice-trovoada-mira-evitar-a-reeleicao-do-presidente-de-sao-tome-e-principe\/#breadcrumb\"},\"inLanguage\":\"pt-PT\",\"potentialAction\":[{\"@type\":\"ReadAction\",\"target\":[\"https:\/\/portaltela.pt\/noticias\/2026\/04\/29\/patrice-trovoada-mira-evitar-a-reeleicao-do-presidente-de-sao-tome-e-principe\/\"]}]},{\"@type\":\"ImageObject\",\"inLanguage\":\"pt-PT\",\"@id\":\"https:\/\/portaltela.pt\/noticias\/2026\/04\/29\/patrice-trovoada-mira-evitar-a-reeleicao-do-presidente-de-sao-tome-e-principe\/#primaryimage\",\"url\":\"https:\/\/portaltela.pt\/s.01k8rhncp4jt1\/2026\/04\/CACHE_780X1200_ANALOG_WATERMARKED_42648111_3225739_08042024072112.jpg\",\"contentUrl\":\"https:\/\/portaltela.pt\/s.01k8rhncp4jt1\/2026\/04\/CACHE_780X1200_ANALOG_WATERMARKED_42648111_3225739_08042024072112.jpg\",\"width\":796,\"height\":448,\"caption\":\"Patrice Trovoada diz que quer evitar a reelei\u00e7\u00e3o do Presidente de S\u00e3o Tom\u00e9 e Pr\u00edncipe\"},{\"@type\":\"BreadcrumbList\",\"@id\":\"https:\/\/portaltela.pt\/noticias\/2026\/04\/29\/patrice-trovoada-mira-evitar-a-reeleicao-do-presidente-de-sao-tome-e-principe\/#breadcrumb\",\"itemListElement\":[{\"@type\":\"ListItem\",\"position\":1,\"name\":\"In\u00edcio\",\"item\":\"https:\/\/portaltela.pt\/\"},{\"@type\":\"ListItem\",\"position\":2,\"name\":\"Patrice Trovoada mira evitar a reelei\u00e7\u00e3o do Presidente de S\u00e3o Tom\u00e9 e Pr\u00edncipe\"}]},{\"@type\":\"WebSite\",\"@id\":\"https:\/\/portaltela.pt\/#website\",\"url\":\"https:\/\/portaltela.pt\/\",\"name\":\"Portal Tela Portugal\",\"description\":\"\",\"potentialAction\":[{\"@type\":\"SearchAction\",\"target\":{\"@type\":\"EntryPoint\",\"urlTemplate\":\"https:\/\/portaltela.pt\/?s={search_term_string}\"},\"query-input\":{\"@type\":\"PropertyValueSpecification\",\"valueRequired\":true,\"valueName\":\"search_term_string\"}}],\"inLanguage\":\"pt-PT\"},{\"@type\":\"Person\",\"@id\":\"https:\/\/portaltela.pt\/#\/schema\/person\/c4278d4a6028830caff9ee44b42d32ed\",\"name\":\"Telinha\",\"image\":{\"@type\":\"ImageObject\",\"inLanguage\":\"pt-PT\",\"@id\":\"https:\/\/portaltela.pt\/s.01k8rhncp4jt1\/2025\/11\/talking-bot-125x125.png\",\"url\":\"https:\/\/portaltela.pt\/s.01k8rhncp4jt1\/2025\/11\/talking-bot-125x125.png\",\"contentUrl\":\"https:\/\/portaltela.pt\/s.01k8rhncp4jt1\/2025\/11\/talking-bot-125x125.png\",\"caption\":\"Telinha\"},\"sameAs\":[\"https:\/\/portaltela.pt\/\"],\"url\":\"https:\/\/portaltela.pt\/por\/367410592786\/\"}]}<\/script>\n<!-- \/ Yoast SEO plugin. -->","yoast_head_json":{"title":"Patrice Trovoada mira evitar a reelei\u00e7\u00e3o do Presidente de S\u00e3o Tom\u00e9 e Pr\u00edncipe - Portal Tela Portugal","robots":{"index":"index","follow":"follow","max-snippet":"max-snippet:-1","max-image-preview":"max-image-preview:large","max-video-preview":"max-video-preview:-1"},"og_locale":"pt_PT","og_type":"article","og_title":"Patrice Trovoada mira evitar a reelei\u00e7\u00e3o do Presidente de S\u00e3o Tom\u00e9 e Pr\u00edncipe - Portal Tela Portugal","og_description":"Patrice Trovoada afirma que quer evitar a reelei\u00e7\u00e3o do Presidente de S\u00e3o Tom\u00e9 e Pr\u00edncipe. O conte\u00fado completo da not\u00edcia est\u00e1 acess\u00edvel apenas a subscritores. Na vers\u00e3o dispon\u00edvel publicamente n\u00e3o s\u00e3o apresentadas informa\u00e7\u00f5es adicionais. N\u00e3o h\u00e1 contexto temporal ou detalhes sobre o momento da declara\u00e7\u00e3o no excerto fornecido.","og_url":"https:\/\/portaltela.pt\/noticias\/2026\/04\/29\/patrice-trovoada-mira-evitar-a-reeleicao-do-presidente-de-sao-tome-e-principe\/","og_site_name":"Portal Tela Portugal","article_published_time":"2026-04-29T20:48:17+00:00","author":"Telinha","twitter_card":"summary_large_image","twitter_misc":{"Escrito por":"Telinha"},"schema":{"@context":"https:\/\/schema.org","@graph":[{"@type":"Article","@id":"https:\/\/portaltela.pt\/noticias\/2026\/04\/29\/patrice-trovoada-mira-evitar-a-reeleicao-do-presidente-de-sao-tome-e-principe\/#article","isPartOf":{"@id":"https:\/\/portaltela.pt\/noticias\/2026\/04\/29\/patrice-trovoada-mira-evitar-a-reeleicao-do-presidente-de-sao-tome-e-principe\/"},"author":{"name":"Telinha","@id":"https:\/\/portaltela.pt\/#\/schema\/person\/c4278d4a6028830caff9ee44b42d32ed"},"headline":"Patrice Trovoada mira evitar a reelei\u00e7\u00e3o do Presidente de S\u00e3o Tom\u00e9 e Pr\u00edncipe","datePublished":"2026-04-29T20:48:17+00:00","mainEntityOfPage":{"@id":"https:\/\/portaltela.pt\/noticias\/2026\/04\/29\/patrice-trovoada-mira-evitar-a-reeleicao-do-presidente-de-sao-tome-e-principe\/"},"wordCount":113,"image":{"@id":"https:\/\/portaltela.pt\/noticias\/2026\/04\/29\/patrice-trovoada-mira-evitar-a-reeleicao-do-presidente-de-sao-tome-e-principe\/#primaryimage"},"thumbnailUrl":"https:\/\/portaltela.pt\/s.01k8rhncp4jt1\/2026\/04\/CACHE_780X1200_ANALOG_WATERMARKED_42648111_3225739_08042024072112.jpg","keywords":["_\u00c1frica","elei\u00e7\u00f5es","governo","partidos","pol\u00edtica","presidente"],"articleSection":["Internacionais","Pol\u00edtica"],"inLanguage":"pt-PT"},{"@type":"WebPage","@id":"https:\/\/portaltela.pt\/noticias\/2026\/04\/29\/patrice-trovoada-mira-evitar-a-reeleicao-do-presidente-de-sao-tome-e-principe\/","url":"https:\/\/portaltela.pt\/noticias\/2026\/04\/29\/patrice-trovoada-mira-evitar-a-reeleicao-do-presidente-de-sao-tome-e-principe\/","name":"Patrice Trovoada mira evitar a reelei\u00e7\u00e3o do Presidente de S\u00e3o Tom\u00e9 e Pr\u00edncipe - Portal Tela Portugal","isPartOf":{"@id":"https:\/\/portaltela.pt\/#website"},"primaryImageOfPage":{"@id":"https:\/\/portaltela.pt\/noticias\/2026\/04\/29\/patrice-trovoada-mira-evitar-a-reeleicao-do-presidente-de-sao-tome-e-principe\/#primaryimage"},"image":{"@id":"https:\/\/portaltela.pt\/noticias\/2026\/04\/29\/patrice-trovoada-mira-evitar-a-reeleicao-do-presidente-de-sao-tome-e-principe\/#primaryimage"},"thumbnailUrl":"https:\/\/portaltela.pt\/s.01k8rhncp4jt1\/2026\/04\/CACHE_780X1200_ANALOG_WATERMARKED_42648111_3225739_08042024072112.jpg","datePublished":"2026-04-29T20:48:17+00:00","author":{"@id":"https:\/\/portaltela.pt\/#\/schema\/person\/c4278d4a6028830caff9ee44b42d32ed"},"breadcrumb":{"@id":"https:\/\/portaltela.pt\/noticias\/2026\/04\/29\/patrice-trovoada-mira-evitar-a-reeleicao-do-presidente-de-sao-tome-e-principe\/#breadcrumb"},"inLanguage":"pt-PT","potentialAction":[{"@type":"ReadAction","target":["https:\/\/portaltela.pt\/noticias\/2026\/04\/29\/patrice-trovoada-mira-evitar-a-reeleicao-do-presidente-de-sao-tome-e-principe\/"]}]},{"@type":"ImageObject","inLanguage":"pt-PT","@id":"https:\/\/portaltela.pt\/noticias\/2026\/04\/29\/patrice-trovoada-mira-evitar-a-reeleicao-do-presidente-de-sao-tome-e-principe\/#primaryimage","url":"https:\/\/portaltela.pt\/s.01k8rhncp4jt1\/2026\/04\/CACHE_780X1200_ANALOG_WATERMARKED_42648111_3225739_08042024072112.jpg","contentUrl":"https:\/\/portaltela.pt\/s.01k8rhncp4jt1\/2026\/04\/CACHE_780X1200_ANALOG_WATERMARKED_42648111_3225739_08042024072112.jpg","width":796,"height":448,"caption":"Patrice Trovoada diz que quer evitar a reelei\u00e7\u00e3o do Presidente de S\u00e3o Tom\u00e9 e Pr\u00edncipe"},{"@type":"BreadcrumbList","@id":"https:\/\/portaltela.pt\/noticias\/2026\/04\/29\/patrice-trovoada-mira-evitar-a-reeleicao-do-presidente-de-sao-tome-e-principe\/#breadcrumb","itemListElement":[{"@type":"ListItem","position":1,"name":"In\u00edcio","item":"https:\/\/portaltela.pt\/"},{"@type":"ListItem","position":2,"name":"Patrice Trovoada mira evitar a reelei\u00e7\u00e3o do Presidente de S\u00e3o Tom\u00e9 e Pr\u00edncipe"}]},{"@type":"WebSite","@id":"https:\/\/portaltela.pt\/#website","url":"https:\/\/portaltela.pt\/","name":"Portal Tela Portugal","description":"","potentialAction":[{"@type":"SearchAction","target":{"@type":"EntryPoint","urlTemplate":"https:\/\/portaltela.pt\/?s={search_term_string}"},"query-input":{"@type":"PropertyValueSpecification","valueRequired":true,"valueName":"search_term_string"}}],"inLanguage":"pt-PT"},{"@type":"Person","@id":"https:\/\/portaltela.pt\/#\/schema\/person\/c4278d4a6028830caff9ee44b42d32ed","name":"Telinha","image":{"@type":"ImageObject","inLanguage":"pt-PT","@id":"https:\/\/portaltela.pt\/s.01k8rhncp4jt1\/2025\/11\/talking-bot-125x125.png","url":"https:\/\/portaltela.pt\/s.01k8rhncp4jt1\/2025\/11\/talking-bot-125x125.png","contentUrl":"https:\/\/portaltela.pt\/s.01k8rhncp4jt1\/2025\/11\/talking-bot-125x125.png","caption":"Telinha"},"sameAs":["https:\/\/portaltela.pt\/"],"url":"https:\/\/portaltela.pt\/por\/367410592786\/"}]}},"_links":{"self":[{"href":"https:\/\/portaltela.pt\/api\/wp\/v2\/posts\/461560","targetHints":{"allow":["GET"]}}],"collection":[{"href":"https:\/\/portaltela.pt\/api\/wp\/v2\/posts"}],"about":[{"href":"https:\/\/portaltela.pt\/api\/wp\/v2\/types\/post"}],"author":[{"embeddable":true,"href":"https:\/\/portaltela.pt\/api\/wp\/v2\/users\/2"}],"replies":[{"embeddable":true,"href":"https:\/\/portaltela.pt\/api\/wp\/v2\/comments?post=461560"}],"version-history":[{"count":0,"href":"https:\/\/portaltela.pt\/api\/wp\/v2\/posts\/461560\/revisions"}],"wp:featuredmedia":[{"embeddable":true,"href":"https:\/\/portaltela.pt\/api\/wp\/v2\/media\/461562"}],"wp:attachment":[{"href":"https:\/\/portaltela.pt\/api\/wp\/v2\/media?parent=461560"}],"wp:term":[{"taxonomy":"category","embeddable":true,"href":"https:\/\/portaltela.pt\/api\/wp\/v2\/categories?post=461560"},{"taxonomy":"post_tag","embeddable":true,"href":"https:\/\/portaltela.pt\/api\/wp\/v2\/tags?post=461560"}],"curies":[{"name":"wp","href":"https:\/\/api.w.org\/{rel}","templated":true}]}}