{"id":461549,"date":"2026-04-29T17:34:05","date_gmt":"2026-04-29T20:34:05","guid":{"rendered":"https:\/\/portaltela.pt\/noticias\/2026\/04\/29\/cabaz-alimentar-cai-de-preco-pela-primeira-vez-em-sete-semanas\/"},"modified":"2026-04-29T17:34:05","modified_gmt":"2026-04-29T20:34:05","slug":"cabaz-alimentar-cai-de-preco-pela-primeira-vez-em-sete-semanas","status":"publish","type":"post","link":"https:\/\/portaltela.pt\/noticias\/economia\/2026\/04\/29\/cabaz-alimentar-cai-de-preco-pela-primeira-vez-em-sete-semanas\/","title":{"rendered":"Cabaz alimentar cai de pre\u00e7o pela primeira vez em sete semanas"},"content":{"rendered":"<p>O pre\u00e7o do cabaz alimentar desceu pela primeira vez em sete semanas, conforme revela a DECO PROteste em comunicado esta quarta-feira. O cabaz, que re\u00fane 63 produtos, acolhe carne, congelados, fruta, legumes, latic\u00ednios, mercearia e peixe, e custa 258,52 euros nesta semana.<\/p>\n<p>Desde o in\u00edcio deste ano, o cabaz aumentou 16,69 euros. Em 2022, o conjunto podia ser adquirido com 70,82 euros a menos. A DECO PROteste sublinha que a varia\u00e7\u00e3o estatut\u00e1ria abrange os itens de alimenta\u00e7\u00e3o b\u00e1sicos, acompanhando a evolu\u00e7\u00e3o de pre\u00e7os de v\u00e1rias fam\u00edlias de produtos.<\/p>\n<h3>Descida de pre\u00e7os nesta semana<\/h3>\n<p>Entre 22 e 29 de abril, os cereais de fibra subiram 16% para 4,36 euros, a alface frisada avan\u00e7ou 13% para 2,69 euros e o p\u00e3o de forma sem c\u00f4dea aumentou 8% para 2,59 euros. Estas oscila\u00e7\u00f5es destacam a volatilidade de determinados setores do cabaz.<\/p>\n<p>Desde 5 de janeiro de 2022, os maiores aumentos registados s\u00e3o na carne de novilho para cozer (124% para 13,04 euros\/kg), na couve-cora\u00e7\u00e3o (101% para dois euros\/kg) e nos ovos (84% para 2,10 euros\/kg).<\/p>\n","protected":false},"excerpt":{"rendered":"<ul>\n<li>Ap\u00f3s sete semanas de aumentos consecutivos, o cabaz alimentar come\u00e7a a descer, ficando este semana em 258,52 euros, segundo a DECO PROteste.<\/li>\n<li>Desde o in\u00edcio do ano, o cabaz j\u00e1 aumentou 16,69 euros. Em 2022, o conjunto de 63 produtos custava menos 70,82 euros.<\/li>\n<li>O cabaz inclui carne, congelados, frutas, legumes, latic\u00ednios, mercearia e peixe.<\/li>\n<li>Na \u00faltima semana (22 a 29 de abril), os cereais de fibra chegaram a 4,36 euros, a alface frisada a 2,69 euros e o p\u00e3o de forma sem c\u00f4dea a 2,59 euros, os maiores aumentos percentuais.<\/li>\n<li>Desde 5 de janeiro de 2022, os maiores aumentos foram carne de novilho para cozer (13,04 euros\/kg, 124%), couve-cora\u00e7\u00e3o (2 euros\/kg, 101%) e ovos (2,10 euros\/kg, 84%).<\/li>\n<\/ul>\n","protected":false},"author":2,"featured_media":461556,"comment_status":"closed","ping_status":"closed","sticky":false,"template":"","format":"standard","meta":{"footnotes":""},"categories":[2,6850],"tags":[8033,8876,6115,8307,9962,8544],"class_list":["post-461549","post","type-post","status-publish","format-standard","has-post-thumbnail","hentry","category-economia","category-financas","tag-_alimentacao","tag-_alimentos","tag-_economia","tag-_inflacao","tag-_mercearia","tag-_precos"],"yoast_head":"<!-- This site is optimized with the Yoast SEO plugin v27.2 - https:\/\/yoast.com\/product\/yoast-seo-wordpress\/ -->\n<title>Cabaz alimentar cai de pre\u00e7o pela primeira vez em sete semanas - Portal Tela Portugal<\/title>\n<meta name=\"robots\" content=\"index, follow, max-snippet:-1, max-image-preview:large, max-video-preview:-1\" \/>\n<meta property=\"og:locale\" content=\"pt_PT\" \/>\n<meta property=\"og:type\" content=\"article\" \/>\n<meta property=\"og:title\" content=\"Cabaz alimentar cai de pre\u00e7o pela primeira vez em sete semanas - Portal Tela Portugal\" \/>\n<meta property=\"og:description\" content=\"Ap\u00f3s sete semanas de aumentos consecutivos, o cabaz alimentar come\u00e7a a descer, ficando este semana em 258,52 euros, segundo a DECO PROteste. Desde o in\u00edcio do ano, o cabaz j\u00e1 aumentou 16,69 euros. Em 2022, o conjunto de 63 produtos custava menos 70,82 euros. O cabaz inclui carne, congelados, frutas, legumes, latic\u00ednios, mercearia e peixe. Na \u00faltima semana (22 a 29 de abril), os cereais de fibra chegaram a 4,36 euros, a alface frisada a 2,69 euros e o p\u00e3o de forma sem c\u00f4dea a 2,59 euros, os maiores aumentos percentuais. Desde 5 de janeiro de 2022, os maiores aumentos foram carne de novilho para cozer (13,04 euros\/kg, 124%), couve-cora\u00e7\u00e3o (2 euros\/kg, 101%) e ovos (2,10 euros\/kg, 84%).\" \/>\n<meta property=\"og:url\" content=\"https:\/\/portaltela.pt\/noticias\/2026\/04\/29\/cabaz-alimentar-cai-de-preco-pela-primeira-vez-em-sete-semanas\/\" \/>\n<meta property=\"og:site_name\" content=\"Portal Tela Portugal\" \/>\n<meta property=\"article:published_time\" content=\"2026-04-29T20:34:05+00:00\" \/>\n<meta name=\"author\" content=\"Telinha\" \/>\n<meta name=\"twitter:card\" content=\"summary_large_image\" \/>\n<meta name=\"twitter:label1\" content=\"Escrito por\" \/>\n\t<meta name=\"twitter:data1\" content=\"Telinha\" \/>\n\t<meta name=\"twitter:label2\" content=\"Tempo estimado de leitura\" \/>\n\t<meta name=\"twitter:data2\" content=\"1 minuto\" \/>\n<script type=\"application\/ld+json\" class=\"yoast-schema-graph\">{\"@context\":\"https:\/\/schema.org\",\"@graph\":[{\"@type\":\"Article\",\"@id\":\"https:\/\/portaltela.pt\/noticias\/2026\/04\/29\/cabaz-alimentar-cai-de-preco-pela-primeira-vez-em-sete-semanas\/#article\",\"isPartOf\":{\"@id\":\"https:\/\/portaltela.pt\/noticias\/2026\/04\/29\/cabaz-alimentar-cai-de-preco-pela-primeira-vez-em-sete-semanas\/\"},\"author\":{\"name\":\"Telinha\",\"@id\":\"https:\/\/portaltela.pt\/#\/schema\/person\/c4278d4a6028830caff9ee44b42d32ed\"},\"headline\":\"Cabaz alimentar cai de pre\u00e7o pela primeira vez em sete semanas\",\"datePublished\":\"2026-04-29T20:34:05+00:00\",\"mainEntityOfPage\":{\"@id\":\"https:\/\/portaltela.pt\/noticias\/2026\/04\/29\/cabaz-alimentar-cai-de-preco-pela-primeira-vez-em-sete-semanas\/\"},\"wordCount\":186,\"image\":{\"@id\":\"https:\/\/portaltela.pt\/noticias\/2026\/04\/29\/cabaz-alimentar-cai-de-preco-pela-primeira-vez-em-sete-semanas\/#primaryimage\"},\"thumbnailUrl\":\"https:\/\/portaltela.pt\/s.01k8rhncp4jt1\/2026\/04\/image-1679.jpg\",\"keywords\":[\"_alimenta\u00e7\u00e3o\",\"_alimentos\",\"_economia\",\"_infla\u00e7\u00e3o\",\"_mercearia\",\"_pre\u00e7os\"],\"articleSection\":[\"Economia\",\"Finan\u00e7as\"],\"inLanguage\":\"pt-PT\"},{\"@type\":\"WebPage\",\"@id\":\"https:\/\/portaltela.pt\/noticias\/2026\/04\/29\/cabaz-alimentar-cai-de-preco-pela-primeira-vez-em-sete-semanas\/\",\"url\":\"https:\/\/portaltela.pt\/noticias\/2026\/04\/29\/cabaz-alimentar-cai-de-preco-pela-primeira-vez-em-sete-semanas\/\",\"name\":\"Cabaz alimentar cai de pre\u00e7o pela primeira vez em sete semanas - Portal Tela Portugal\",\"isPartOf\":{\"@id\":\"https:\/\/portaltela.pt\/#website\"},\"primaryImageOfPage\":{\"@id\":\"https:\/\/portaltela.pt\/noticias\/2026\/04\/29\/cabaz-alimentar-cai-de-preco-pela-primeira-vez-em-sete-semanas\/#primaryimage\"},\"image\":{\"@id\":\"https:\/\/portaltela.pt\/noticias\/2026\/04\/29\/cabaz-alimentar-cai-de-preco-pela-primeira-vez-em-sete-semanas\/#primaryimage\"},\"thumbnailUrl\":\"https:\/\/portaltela.pt\/s.01k8rhncp4jt1\/2026\/04\/image-1679.jpg\",\"datePublished\":\"2026-04-29T20:34:05+00:00\",\"author\":{\"@id\":\"https:\/\/portaltela.pt\/#\/schema\/person\/c4278d4a6028830caff9ee44b42d32ed\"},\"breadcrumb\":{\"@id\":\"https:\/\/portaltela.pt\/noticias\/2026\/04\/29\/cabaz-alimentar-cai-de-preco-pela-primeira-vez-em-sete-semanas\/#breadcrumb\"},\"inLanguage\":\"pt-PT\",\"potentialAction\":[{\"@type\":\"ReadAction\",\"target\":[\"https:\/\/portaltela.pt\/noticias\/2026\/04\/29\/cabaz-alimentar-cai-de-preco-pela-primeira-vez-em-sete-semanas\/\"]}]},{\"@type\":\"ImageObject\",\"inLanguage\":\"pt-PT\",\"@id\":\"https:\/\/portaltela.pt\/noticias\/2026\/04\/29\/cabaz-alimentar-cai-de-preco-pela-primeira-vez-em-sete-semanas\/#primaryimage\",\"url\":\"https:\/\/portaltela.pt\/s.01k8rhncp4jt1\/2026\/04\/image-1679.jpg\",\"contentUrl\":\"https:\/\/portaltela.pt\/s.01k8rhncp4jt1\/2026\/04\/image-1679.jpg\",\"caption\":\"Cabaz alimentar custa, esta semana, 258,52 euros\"},{\"@type\":\"BreadcrumbList\",\"@id\":\"https:\/\/portaltela.pt\/noticias\/2026\/04\/29\/cabaz-alimentar-cai-de-preco-pela-primeira-vez-em-sete-semanas\/#breadcrumb\",\"itemListElement\":[{\"@type\":\"ListItem\",\"position\":1,\"name\":\"In\u00edcio\",\"item\":\"https:\/\/portaltela.pt\/\"},{\"@type\":\"ListItem\",\"position\":2,\"name\":\"Cabaz alimentar cai de pre\u00e7o pela primeira vez em sete semanas\"}]},{\"@type\":\"WebSite\",\"@id\":\"https:\/\/portaltela.pt\/#website\",\"url\":\"https:\/\/portaltela.pt\/\",\"name\":\"Portal Tela Portugal\",\"description\":\"\",\"potentialAction\":[{\"@type\":\"SearchAction\",\"target\":{\"@type\":\"EntryPoint\",\"urlTemplate\":\"https:\/\/portaltela.pt\/?s={search_term_string}\"},\"query-input\":{\"@type\":\"PropertyValueSpecification\",\"valueRequired\":true,\"valueName\":\"search_term_string\"}}],\"inLanguage\":\"pt-PT\"},{\"@type\":\"Person\",\"@id\":\"https:\/\/portaltela.pt\/#\/schema\/person\/c4278d4a6028830caff9ee44b42d32ed\",\"name\":\"Telinha\",\"image\":{\"@type\":\"ImageObject\",\"inLanguage\":\"pt-PT\",\"@id\":\"https:\/\/portaltela.pt\/s.01k8rhncp4jt1\/2025\/11\/talking-bot-125x125.png\",\"url\":\"https:\/\/portaltela.pt\/s.01k8rhncp4jt1\/2025\/11\/talking-bot-125x125.png\",\"contentUrl\":\"https:\/\/portaltela.pt\/s.01k8rhncp4jt1\/2025\/11\/talking-bot-125x125.png\",\"caption\":\"Telinha\"},\"sameAs\":[\"https:\/\/portaltela.pt\/\"],\"url\":\"https:\/\/portaltela.pt\/por\/367410592786\/\"}]}<\/script>\n<!-- \/ Yoast SEO plugin. -->","yoast_head_json":{"title":"Cabaz alimentar cai de pre\u00e7o pela primeira vez em sete semanas - Portal Tela Portugal","robots":{"index":"index","follow":"follow","max-snippet":"max-snippet:-1","max-image-preview":"max-image-preview:large","max-video-preview":"max-video-preview:-1"},"og_locale":"pt_PT","og_type":"article","og_title":"Cabaz alimentar cai de pre\u00e7o pela primeira vez em sete semanas - Portal Tela Portugal","og_description":"Ap\u00f3s sete semanas de aumentos consecutivos, o cabaz alimentar come\u00e7a a descer, ficando este semana em 258,52 euros, segundo a DECO PROteste. Desde o in\u00edcio do ano, o cabaz j\u00e1 aumentou 16,69 euros. Em 2022, o conjunto de 63 produtos custava menos 70,82 euros. O cabaz inclui carne, congelados, frutas, legumes, latic\u00ednios, mercearia e peixe. Na \u00faltima semana (22 a 29 de abril), os cereais de fibra chegaram a 4,36 euros, a alface frisada a 2,69 euros e o p\u00e3o de forma sem c\u00f4dea a 2,59 euros, os maiores aumentos percentuais. Desde 5 de janeiro de 2022, os maiores aumentos foram carne de novilho para cozer (13,04 euros\/kg, 124%), couve-cora\u00e7\u00e3o (2 euros\/kg, 101%) e ovos (2,10 euros\/kg, 84%).","og_url":"https:\/\/portaltela.pt\/noticias\/2026\/04\/29\/cabaz-alimentar-cai-de-preco-pela-primeira-vez-em-sete-semanas\/","og_site_name":"Portal Tela Portugal","article_published_time":"2026-04-29T20:34:05+00:00","author":"Telinha","twitter_card":"summary_large_image","twitter_misc":{"Escrito por":"Telinha","Tempo estimado de leitura":"1 minuto"},"schema":{"@context":"https:\/\/schema.org","@graph":[{"@type":"Article","@id":"https:\/\/portaltela.pt\/noticias\/2026\/04\/29\/cabaz-alimentar-cai-de-preco-pela-primeira-vez-em-sete-semanas\/#article","isPartOf":{"@id":"https:\/\/portaltela.pt\/noticias\/2026\/04\/29\/cabaz-alimentar-cai-de-preco-pela-primeira-vez-em-sete-semanas\/"},"author":{"name":"Telinha","@id":"https:\/\/portaltela.pt\/#\/schema\/person\/c4278d4a6028830caff9ee44b42d32ed"},"headline":"Cabaz alimentar cai de pre\u00e7o pela primeira vez em sete semanas","datePublished":"2026-04-29T20:34:05+00:00","mainEntityOfPage":{"@id":"https:\/\/portaltela.pt\/noticias\/2026\/04\/29\/cabaz-alimentar-cai-de-preco-pela-primeira-vez-em-sete-semanas\/"},"wordCount":186,"image":{"@id":"https:\/\/portaltela.pt\/noticias\/2026\/04\/29\/cabaz-alimentar-cai-de-preco-pela-primeira-vez-em-sete-semanas\/#primaryimage"},"thumbnailUrl":"https:\/\/portaltela.pt\/s.01k8rhncp4jt1\/2026\/04\/image-1679.jpg","keywords":["_alimenta\u00e7\u00e3o","_alimentos","_economia","_infla\u00e7\u00e3o","_mercearia","_pre\u00e7os"],"articleSection":["Economia","Finan\u00e7as"],"inLanguage":"pt-PT"},{"@type":"WebPage","@id":"https:\/\/portaltela.pt\/noticias\/2026\/04\/29\/cabaz-alimentar-cai-de-preco-pela-primeira-vez-em-sete-semanas\/","url":"https:\/\/portaltela.pt\/noticias\/2026\/04\/29\/cabaz-alimentar-cai-de-preco-pela-primeira-vez-em-sete-semanas\/","name":"Cabaz alimentar cai de pre\u00e7o pela primeira vez em sete semanas - Portal Tela Portugal","isPartOf":{"@id":"https:\/\/portaltela.pt\/#website"},"primaryImageOfPage":{"@id":"https:\/\/portaltela.pt\/noticias\/2026\/04\/29\/cabaz-alimentar-cai-de-preco-pela-primeira-vez-em-sete-semanas\/#primaryimage"},"image":{"@id":"https:\/\/portaltela.pt\/noticias\/2026\/04\/29\/cabaz-alimentar-cai-de-preco-pela-primeira-vez-em-sete-semanas\/#primaryimage"},"thumbnailUrl":"https:\/\/portaltela.pt\/s.01k8rhncp4jt1\/2026\/04\/image-1679.jpg","datePublished":"2026-04-29T20:34:05+00:00","author":{"@id":"https:\/\/portaltela.pt\/#\/schema\/person\/c4278d4a6028830caff9ee44b42d32ed"},"breadcrumb":{"@id":"https:\/\/portaltela.pt\/noticias\/2026\/04\/29\/cabaz-alimentar-cai-de-preco-pela-primeira-vez-em-sete-semanas\/#breadcrumb"},"inLanguage":"pt-PT","potentialAction":[{"@type":"ReadAction","target":["https:\/\/portaltela.pt\/noticias\/2026\/04\/29\/cabaz-alimentar-cai-de-preco-pela-primeira-vez-em-sete-semanas\/"]}]},{"@type":"ImageObject","inLanguage":"pt-PT","@id":"https:\/\/portaltela.pt\/noticias\/2026\/04\/29\/cabaz-alimentar-cai-de-preco-pela-primeira-vez-em-sete-semanas\/#primaryimage","url":"https:\/\/portaltela.pt\/s.01k8rhncp4jt1\/2026\/04\/image-1679.jpg","contentUrl":"https:\/\/portaltela.pt\/s.01k8rhncp4jt1\/2026\/04\/image-1679.jpg","caption":"Cabaz alimentar custa, esta semana, 258,52 euros"},{"@type":"BreadcrumbList","@id":"https:\/\/portaltela.pt\/noticias\/2026\/04\/29\/cabaz-alimentar-cai-de-preco-pela-primeira-vez-em-sete-semanas\/#breadcrumb","itemListElement":[{"@type":"ListItem","position":1,"name":"In\u00edcio","item":"https:\/\/portaltela.pt\/"},{"@type":"ListItem","position":2,"name":"Cabaz alimentar cai de pre\u00e7o pela primeira vez em sete semanas"}]},{"@type":"WebSite","@id":"https:\/\/portaltela.pt\/#website","url":"https:\/\/portaltela.pt\/","name":"Portal Tela Portugal","description":"","potentialAction":[{"@type":"SearchAction","target":{"@type":"EntryPoint","urlTemplate":"https:\/\/portaltela.pt\/?s={search_term_string}"},"query-input":{"@type":"PropertyValueSpecification","valueRequired":true,"valueName":"search_term_string"}}],"inLanguage":"pt-PT"},{"@type":"Person","@id":"https:\/\/portaltela.pt\/#\/schema\/person\/c4278d4a6028830caff9ee44b42d32ed","name":"Telinha","image":{"@type":"ImageObject","inLanguage":"pt-PT","@id":"https:\/\/portaltela.pt\/s.01k8rhncp4jt1\/2025\/11\/talking-bot-125x125.png","url":"https:\/\/portaltela.pt\/s.01k8rhncp4jt1\/2025\/11\/talking-bot-125x125.png","contentUrl":"https:\/\/portaltela.pt\/s.01k8rhncp4jt1\/2025\/11\/talking-bot-125x125.png","caption":"Telinha"},"sameAs":["https:\/\/portaltela.pt\/"],"url":"https:\/\/portaltela.pt\/por\/367410592786\/"}]}},"_links":{"self":[{"href":"https:\/\/portaltela.pt\/api\/wp\/v2\/posts\/461549","targetHints":{"allow":["GET"]}}],"collection":[{"href":"https:\/\/portaltela.pt\/api\/wp\/v2\/posts"}],"about":[{"href":"https:\/\/portaltela.pt\/api\/wp\/v2\/types\/post"}],"author":[{"embeddable":true,"href":"https:\/\/portaltela.pt\/api\/wp\/v2\/users\/2"}],"replies":[{"embeddable":true,"href":"https:\/\/portaltela.pt\/api\/wp\/v2\/comments?post=461549"}],"version-history":[{"count":0,"href":"https:\/\/portaltela.pt\/api\/wp\/v2\/posts\/461549\/revisions"}],"wp:featuredmedia":[{"embeddable":true,"href":"https:\/\/portaltela.pt\/api\/wp\/v2\/media\/461556"}],"wp:attachment":[{"href":"https:\/\/portaltela.pt\/api\/wp\/v2\/media?parent=461549"}],"wp:term":[{"taxonomy":"category","embeddable":true,"href":"https:\/\/portaltela.pt\/api\/wp\/v2\/categories?post=461549"},{"taxonomy":"post_tag","embeddable":true,"href":"https:\/\/portaltela.pt\/api\/wp\/v2\/tags?post=461549"}],"curies":[{"name":"wp","href":"https:\/\/api.w.org\/{rel}","templated":true}]}}