{"id":461548,"date":"2026-04-29T17:34:02","date_gmt":"2026-04-29T20:34:02","guid":{"rendered":"https:\/\/portaltela.pt\/noticias\/2026\/04\/29\/nova-epoca-do-futebol-de-praia-comeca-domingo-com-a-supertaca\/"},"modified":"2026-04-29T17:34:02","modified_gmt":"2026-04-29T20:34:02","slug":"nova-epoca-do-futebol-de-praia-comeca-domingo-com-a-supertaca","status":"publish","type":"post","link":"https:\/\/portaltela.pt\/desporto\/futebol\/2026\/04\/29\/nova-epoca-do-futebol-de-praia-comeca-domingo-com-a-supertaca\/","title":{"rendered":"Nova \u00e9poca do futebol de praia come\u00e7a domingo com a Superta\u00e7a"},"content":{"rendered":"<p>A nova \u00e9poca do futebol de praia arranca este domingo com a Superta\u00e7a. O S\u00f3t\u00e3o, campe\u00e3o nacional, enfrenta o Vila Flor, final marcada para o dia 3, \u00e0s 14h30, na Carvoeira Beach Sports Arena, na praia da Foz do Lizandro, perto da Ericeira. O encontro abre a temporada 2025\/26.<\/p>\n<p>O S\u00f3t\u00e3o venceu a Ta\u00e7a de Portugal e conquistou pela primeira vez a prova rainha. O Vila Flor chega como finalista da Ta\u00e7a, depois de perder a final desta prova. A final da Superta\u00e7a serve de abertura oficial da nova \u00e9poca.<\/p>\n<p>A apresenta\u00e7\u00e3o marca o come\u00e7o oficial da \u00e9poca 2025\/26. A primeira fase do Campeonato Elite est\u00e1 agendada para arrancar a 9 de maio, mantendo o calend\u00e1rio competitivo at\u00e9 novas defini\u00e7\u00f5es. A organiza\u00e7\u00e3o reserva detalhes sobre hor\u00e1rios e ingressos para a imprensa.<\/p>\n<h3>Local e formato da Superta\u00e7a<\/h3>\n<p>A Carvoeira Beach Sports Arena recebe o jogo entre os dois clubes. A equipa vencedora da Superta\u00e7a passa a liderar o in\u00edcio da temporada, com a reta final a definir posi\u00e7\u00f5es e avan\u00e7os no campeonato. O encontro promete ritmo intenso e disputas pela lideran\u00e7a.<\/p>\n<h3>Perspectivas da \u00e9poca 2025\/26<\/h3>\n<p>A competi\u00e7\u00e3o deve manter o equil\u00edbrio entre campe\u00f5es nacionais e finalistas de ta\u00e7as, com os dois clubes a procurar consolidar o seu desempenho. O in\u00edcio oficial aproxima-se, com mais jogos programados a seguir.<\/p>\n","protected":false},"excerpt":{"rendered":"<ul>\n<li>A Superta\u00e7a d\u00e1 o pontap\u00e9 inicial \u00e0 \u00e9poca 2025\/26 do futebol de praia neste domingo, na Carvoeira Beach Sports Arena, na praia da Foz do Lizandro.<\/li>\n<li>O S\u00f3t\u00e3o, campe\u00e3o nacional e vencedor da Ta\u00e7a de Portugal, defende-se contra o Vila Flor na final marcada para dia 3, \u00e0s 14h30.<\/li>\n<li>O encontro realiza-se na praia da Foz do Lizandro, perto da Ericeira.<\/li>\n<li>O S\u00f3t\u00e3o conquistou pela primeira vez a prova rainha.<\/li>\n<li>A primeira fase do Campeonato Elite come\u00e7a a 9 de maio.<\/li>\n<\/ul>\n","protected":false},"author":2,"featured_media":461555,"comment_status":"closed","ping_status":"closed","sticky":false,"template":"","format":"standard","meta":{"footnotes":""},"categories":[21,24],"tags":[32,1014,1172,1377],"class_list":["post-461548","post","type-post","status-publish","format-standard","has-post-thumbnail","hentry","category-desporto","category-futebol","tag-futebol","tag-portugal","tag-taca-da-liga","tag-taca-da-portugal"],"yoast_head":"<!-- This site is optimized with the Yoast SEO plugin v27.2 - https:\/\/yoast.com\/product\/yoast-seo-wordpress\/ -->\n<title>Nova \u00e9poca do futebol de praia come\u00e7a domingo com a Superta\u00e7a - Portal Tela Portugal<\/title>\n<meta name=\"robots\" content=\"index, follow, max-snippet:-1, max-image-preview:large, max-video-preview:-1\" \/>\n<meta property=\"og:locale\" content=\"pt_PT\" \/>\n<meta property=\"og:type\" content=\"article\" \/>\n<meta property=\"og:title\" content=\"Nova \u00e9poca do futebol de praia come\u00e7a domingo com a Superta\u00e7a - Portal Tela Portugal\" \/>\n<meta property=\"og:description\" content=\"A Superta\u00e7a d\u00e1 o pontap\u00e9 inicial \u00e0 \u00e9poca 2025\/26 do futebol de praia neste domingo, na Carvoeira Beach Sports Arena, na praia da Foz do Lizandro. O S\u00f3t\u00e3o, campe\u00e3o nacional e vencedor da Ta\u00e7a de Portugal, defende-se contra o Vila Flor na final marcada para dia 3, \u00e0s 14h30. O encontro realiza-se na praia da Foz do Lizandro, perto da Ericeira. O S\u00f3t\u00e3o conquistou pela primeira vez a prova rainha. A primeira fase do Campeonato Elite come\u00e7a a 9 de maio.\" \/>\n<meta property=\"og:url\" content=\"https:\/\/portaltela.pt\/noticias\/2026\/04\/29\/nova-epoca-do-futebol-de-praia-comeca-domingo-com-a-supertaca\/\" \/>\n<meta property=\"og:site_name\" content=\"Portal Tela Portugal\" \/>\n<meta property=\"article:published_time\" content=\"2026-04-29T20:34:02+00:00\" \/>\n<meta name=\"author\" content=\"Telinha\" \/>\n<meta name=\"twitter:card\" content=\"summary_large_image\" \/>\n<meta name=\"twitter:label1\" content=\"Escrito por\" \/>\n\t<meta name=\"twitter:data1\" content=\"Telinha\" \/>\n\t<meta name=\"twitter:label2\" content=\"Tempo estimado de leitura\" \/>\n\t<meta name=\"twitter:data2\" content=\"1 minuto\" \/>\n<script type=\"application\/ld+json\" class=\"yoast-schema-graph\">{\"@context\":\"https:\/\/schema.org\",\"@graph\":[{\"@type\":\"Article\",\"@id\":\"https:\/\/portaltela.pt\/noticias\/2026\/04\/29\/nova-epoca-do-futebol-de-praia-comeca-domingo-com-a-supertaca\/#article\",\"isPartOf\":{\"@id\":\"https:\/\/portaltela.pt\/noticias\/2026\/04\/29\/nova-epoca-do-futebol-de-praia-comeca-domingo-com-a-supertaca\/\"},\"author\":{\"name\":\"Telinha\",\"@id\":\"https:\/\/portaltela.pt\/#\/schema\/person\/c4278d4a6028830caff9ee44b42d32ed\"},\"headline\":\"Nova \u00e9poca do futebol de praia come\u00e7a domingo com a Superta\u00e7a\",\"datePublished\":\"2026-04-29T20:34:02+00:00\",\"mainEntityOfPage\":{\"@id\":\"https:\/\/portaltela.pt\/noticias\/2026\/04\/29\/nova-epoca-do-futebol-de-praia-comeca-domingo-com-a-supertaca\/\"},\"wordCount\":251,\"image\":{\"@id\":\"https:\/\/portaltela.pt\/noticias\/2026\/04\/29\/nova-epoca-do-futebol-de-praia-comeca-domingo-com-a-supertaca\/#primaryimage\"},\"thumbnailUrl\":\"https:\/\/portaltela.pt\/s.01k8rhncp4jt1\/2026\/04\/img_920x518uu2026-04-29-21-14-09-2436004-im-639130940826408483.jpg\",\"keywords\":[\"futebol\",\"Portugal\",\"Ta\u00e7a da Liga\",\"Ta\u00e7a da Portugal\"],\"articleSection\":[\"Desporto\",\"Futebol\"],\"inLanguage\":\"pt-PT\"},{\"@type\":\"WebPage\",\"@id\":\"https:\/\/portaltela.pt\/noticias\/2026\/04\/29\/nova-epoca-do-futebol-de-praia-comeca-domingo-com-a-supertaca\/\",\"url\":\"https:\/\/portaltela.pt\/noticias\/2026\/04\/29\/nova-epoca-do-futebol-de-praia-comeca-domingo-com-a-supertaca\/\",\"name\":\"Nova \u00e9poca do futebol de praia come\u00e7a domingo com a Superta\u00e7a - Portal Tela Portugal\",\"isPartOf\":{\"@id\":\"https:\/\/portaltela.pt\/#website\"},\"primaryImageOfPage\":{\"@id\":\"https:\/\/portaltela.pt\/noticias\/2026\/04\/29\/nova-epoca-do-futebol-de-praia-comeca-domingo-com-a-supertaca\/#primaryimage\"},\"image\":{\"@id\":\"https:\/\/portaltela.pt\/noticias\/2026\/04\/29\/nova-epoca-do-futebol-de-praia-comeca-domingo-com-a-supertaca\/#primaryimage\"},\"thumbnailUrl\":\"https:\/\/portaltela.pt\/s.01k8rhncp4jt1\/2026\/04\/img_920x518uu2026-04-29-21-14-09-2436004-im-639130940826408483.jpg\",\"datePublished\":\"2026-04-29T20:34:02+00:00\",\"author\":{\"@id\":\"https:\/\/portaltela.pt\/#\/schema\/person\/c4278d4a6028830caff9ee44b42d32ed\"},\"breadcrumb\":{\"@id\":\"https:\/\/portaltela.pt\/noticias\/2026\/04\/29\/nova-epoca-do-futebol-de-praia-comeca-domingo-com-a-supertaca\/#breadcrumb\"},\"inLanguage\":\"pt-PT\",\"potentialAction\":[{\"@type\":\"ReadAction\",\"target\":[\"https:\/\/portaltela.pt\/noticias\/2026\/04\/29\/nova-epoca-do-futebol-de-praia-comeca-domingo-com-a-supertaca\/\"]}]},{\"@type\":\"ImageObject\",\"inLanguage\":\"pt-PT\",\"@id\":\"https:\/\/portaltela.pt\/noticias\/2026\/04\/29\/nova-epoca-do-futebol-de-praia-comeca-domingo-com-a-supertaca\/#primaryimage\",\"url\":\"https:\/\/portaltela.pt\/s.01k8rhncp4jt1\/2026\/04\/img_920x518uu2026-04-29-21-14-09-2436004-im-639130940826408483.jpg\",\"contentUrl\":\"https:\/\/portaltela.pt\/s.01k8rhncp4jt1\/2026\/04\/img_920x518uu2026-04-29-21-14-09-2436004-im-639130940826408483.jpg\",\"width\":796,\"height\":448,\"caption\":\"Superta\u00e7a acontece no domingo na praia da Foz do Lizandro\"},{\"@type\":\"BreadcrumbList\",\"@id\":\"https:\/\/portaltela.pt\/noticias\/2026\/04\/29\/nova-epoca-do-futebol-de-praia-comeca-domingo-com-a-supertaca\/#breadcrumb\",\"itemListElement\":[{\"@type\":\"ListItem\",\"position\":1,\"name\":\"In\u00edcio\",\"item\":\"https:\/\/portaltela.pt\/\"},{\"@type\":\"ListItem\",\"position\":2,\"name\":\"Nova \u00e9poca do futebol de praia come\u00e7a domingo com a Superta\u00e7a\"}]},{\"@type\":\"WebSite\",\"@id\":\"https:\/\/portaltela.pt\/#website\",\"url\":\"https:\/\/portaltela.pt\/\",\"name\":\"Portal Tela Portugal\",\"description\":\"\",\"potentialAction\":[{\"@type\":\"SearchAction\",\"target\":{\"@type\":\"EntryPoint\",\"urlTemplate\":\"https:\/\/portaltela.pt\/?s={search_term_string}\"},\"query-input\":{\"@type\":\"PropertyValueSpecification\",\"valueRequired\":true,\"valueName\":\"search_term_string\"}}],\"inLanguage\":\"pt-PT\"},{\"@type\":\"Person\",\"@id\":\"https:\/\/portaltela.pt\/#\/schema\/person\/c4278d4a6028830caff9ee44b42d32ed\",\"name\":\"Telinha\",\"image\":{\"@type\":\"ImageObject\",\"inLanguage\":\"pt-PT\",\"@id\":\"https:\/\/portaltela.pt\/s.01k8rhncp4jt1\/2025\/11\/talking-bot-125x125.png\",\"url\":\"https:\/\/portaltela.pt\/s.01k8rhncp4jt1\/2025\/11\/talking-bot-125x125.png\",\"contentUrl\":\"https:\/\/portaltela.pt\/s.01k8rhncp4jt1\/2025\/11\/talking-bot-125x125.png\",\"caption\":\"Telinha\"},\"sameAs\":[\"https:\/\/portaltela.pt\/\"],\"url\":\"https:\/\/portaltela.pt\/por\/367410592786\/\"}]}<\/script>\n<!-- \/ Yoast SEO plugin. -->","yoast_head_json":{"title":"Nova \u00e9poca do futebol de praia come\u00e7a domingo com a Superta\u00e7a - Portal Tela Portugal","robots":{"index":"index","follow":"follow","max-snippet":"max-snippet:-1","max-image-preview":"max-image-preview:large","max-video-preview":"max-video-preview:-1"},"og_locale":"pt_PT","og_type":"article","og_title":"Nova \u00e9poca do futebol de praia come\u00e7a domingo com a Superta\u00e7a - Portal Tela Portugal","og_description":"A Superta\u00e7a d\u00e1 o pontap\u00e9 inicial \u00e0 \u00e9poca 2025\/26 do futebol de praia neste domingo, na Carvoeira Beach Sports Arena, na praia da Foz do Lizandro. O S\u00f3t\u00e3o, campe\u00e3o nacional e vencedor da Ta\u00e7a de Portugal, defende-se contra o Vila Flor na final marcada para dia 3, \u00e0s 14h30. O encontro realiza-se na praia da Foz do Lizandro, perto da Ericeira. O S\u00f3t\u00e3o conquistou pela primeira vez a prova rainha. A primeira fase do Campeonato Elite come\u00e7a a 9 de maio.","og_url":"https:\/\/portaltela.pt\/noticias\/2026\/04\/29\/nova-epoca-do-futebol-de-praia-comeca-domingo-com-a-supertaca\/","og_site_name":"Portal Tela Portugal","article_published_time":"2026-04-29T20:34:02+00:00","author":"Telinha","twitter_card":"summary_large_image","twitter_misc":{"Escrito por":"Telinha","Tempo estimado de leitura":"1 minuto"},"schema":{"@context":"https:\/\/schema.org","@graph":[{"@type":"Article","@id":"https:\/\/portaltela.pt\/noticias\/2026\/04\/29\/nova-epoca-do-futebol-de-praia-comeca-domingo-com-a-supertaca\/#article","isPartOf":{"@id":"https:\/\/portaltela.pt\/noticias\/2026\/04\/29\/nova-epoca-do-futebol-de-praia-comeca-domingo-com-a-supertaca\/"},"author":{"name":"Telinha","@id":"https:\/\/portaltela.pt\/#\/schema\/person\/c4278d4a6028830caff9ee44b42d32ed"},"headline":"Nova \u00e9poca do futebol de praia come\u00e7a domingo com a Superta\u00e7a","datePublished":"2026-04-29T20:34:02+00:00","mainEntityOfPage":{"@id":"https:\/\/portaltela.pt\/noticias\/2026\/04\/29\/nova-epoca-do-futebol-de-praia-comeca-domingo-com-a-supertaca\/"},"wordCount":251,"image":{"@id":"https:\/\/portaltela.pt\/noticias\/2026\/04\/29\/nova-epoca-do-futebol-de-praia-comeca-domingo-com-a-supertaca\/#primaryimage"},"thumbnailUrl":"https:\/\/portaltela.pt\/s.01k8rhncp4jt1\/2026\/04\/img_920x518uu2026-04-29-21-14-09-2436004-im-639130940826408483.jpg","keywords":["futebol","Portugal","Ta\u00e7a da Liga","Ta\u00e7a da Portugal"],"articleSection":["Desporto","Futebol"],"inLanguage":"pt-PT"},{"@type":"WebPage","@id":"https:\/\/portaltela.pt\/noticias\/2026\/04\/29\/nova-epoca-do-futebol-de-praia-comeca-domingo-com-a-supertaca\/","url":"https:\/\/portaltela.pt\/noticias\/2026\/04\/29\/nova-epoca-do-futebol-de-praia-comeca-domingo-com-a-supertaca\/","name":"Nova \u00e9poca do futebol de praia come\u00e7a domingo com a Superta\u00e7a - Portal Tela Portugal","isPartOf":{"@id":"https:\/\/portaltela.pt\/#website"},"primaryImageOfPage":{"@id":"https:\/\/portaltela.pt\/noticias\/2026\/04\/29\/nova-epoca-do-futebol-de-praia-comeca-domingo-com-a-supertaca\/#primaryimage"},"image":{"@id":"https:\/\/portaltela.pt\/noticias\/2026\/04\/29\/nova-epoca-do-futebol-de-praia-comeca-domingo-com-a-supertaca\/#primaryimage"},"thumbnailUrl":"https:\/\/portaltela.pt\/s.01k8rhncp4jt1\/2026\/04\/img_920x518uu2026-04-29-21-14-09-2436004-im-639130940826408483.jpg","datePublished":"2026-04-29T20:34:02+00:00","author":{"@id":"https:\/\/portaltela.pt\/#\/schema\/person\/c4278d4a6028830caff9ee44b42d32ed"},"breadcrumb":{"@id":"https:\/\/portaltela.pt\/noticias\/2026\/04\/29\/nova-epoca-do-futebol-de-praia-comeca-domingo-com-a-supertaca\/#breadcrumb"},"inLanguage":"pt-PT","potentialAction":[{"@type":"ReadAction","target":["https:\/\/portaltela.pt\/noticias\/2026\/04\/29\/nova-epoca-do-futebol-de-praia-comeca-domingo-com-a-supertaca\/"]}]},{"@type":"ImageObject","inLanguage":"pt-PT","@id":"https:\/\/portaltela.pt\/noticias\/2026\/04\/29\/nova-epoca-do-futebol-de-praia-comeca-domingo-com-a-supertaca\/#primaryimage","url":"https:\/\/portaltela.pt\/s.01k8rhncp4jt1\/2026\/04\/img_920x518uu2026-04-29-21-14-09-2436004-im-639130940826408483.jpg","contentUrl":"https:\/\/portaltela.pt\/s.01k8rhncp4jt1\/2026\/04\/img_920x518uu2026-04-29-21-14-09-2436004-im-639130940826408483.jpg","width":796,"height":448,"caption":"Superta\u00e7a acontece no domingo na praia da Foz do Lizandro"},{"@type":"BreadcrumbList","@id":"https:\/\/portaltela.pt\/noticias\/2026\/04\/29\/nova-epoca-do-futebol-de-praia-comeca-domingo-com-a-supertaca\/#breadcrumb","itemListElement":[{"@type":"ListItem","position":1,"name":"In\u00edcio","item":"https:\/\/portaltela.pt\/"},{"@type":"ListItem","position":2,"name":"Nova \u00e9poca do futebol de praia come\u00e7a domingo com a Superta\u00e7a"}]},{"@type":"WebSite","@id":"https:\/\/portaltela.pt\/#website","url":"https:\/\/portaltela.pt\/","name":"Portal Tela Portugal","description":"","potentialAction":[{"@type":"SearchAction","target":{"@type":"EntryPoint","urlTemplate":"https:\/\/portaltela.pt\/?s={search_term_string}"},"query-input":{"@type":"PropertyValueSpecification","valueRequired":true,"valueName":"search_term_string"}}],"inLanguage":"pt-PT"},{"@type":"Person","@id":"https:\/\/portaltela.pt\/#\/schema\/person\/c4278d4a6028830caff9ee44b42d32ed","name":"Telinha","image":{"@type":"ImageObject","inLanguage":"pt-PT","@id":"https:\/\/portaltela.pt\/s.01k8rhncp4jt1\/2025\/11\/talking-bot-125x125.png","url":"https:\/\/portaltela.pt\/s.01k8rhncp4jt1\/2025\/11\/talking-bot-125x125.png","contentUrl":"https:\/\/portaltela.pt\/s.01k8rhncp4jt1\/2025\/11\/talking-bot-125x125.png","caption":"Telinha"},"sameAs":["https:\/\/portaltela.pt\/"],"url":"https:\/\/portaltela.pt\/por\/367410592786\/"}]}},"_links":{"self":[{"href":"https:\/\/portaltela.pt\/api\/wp\/v2\/posts\/461548","targetHints":{"allow":["GET"]}}],"collection":[{"href":"https:\/\/portaltela.pt\/api\/wp\/v2\/posts"}],"about":[{"href":"https:\/\/portaltela.pt\/api\/wp\/v2\/types\/post"}],"author":[{"embeddable":true,"href":"https:\/\/portaltela.pt\/api\/wp\/v2\/users\/2"}],"replies":[{"embeddable":true,"href":"https:\/\/portaltela.pt\/api\/wp\/v2\/comments?post=461548"}],"version-history":[{"count":0,"href":"https:\/\/portaltela.pt\/api\/wp\/v2\/posts\/461548\/revisions"}],"wp:featuredmedia":[{"embeddable":true,"href":"https:\/\/portaltela.pt\/api\/wp\/v2\/media\/461555"}],"wp:attachment":[{"href":"https:\/\/portaltela.pt\/api\/wp\/v2\/media?parent=461548"}],"wp:term":[{"taxonomy":"category","embeddable":true,"href":"https:\/\/portaltela.pt\/api\/wp\/v2\/categories?post=461548"},{"taxonomy":"post_tag","embeddable":true,"href":"https:\/\/portaltela.pt\/api\/wp\/v2\/tags?post=461548"}],"curies":[{"name":"wp","href":"https:\/\/api.w.org\/{rel}","templated":true}]}}