{"id":461547,"date":"2026-04-29T17:34:01","date_gmt":"2026-04-29T20:34:01","guid":{"rendered":"https:\/\/portaltela.pt\/noticias\/2026\/04\/29\/realizador-de-cinema-iraniano-enfrenta-calvario-sob-escrutinio-publico\/"},"modified":"2026-04-29T17:34:01","modified_gmt":"2026-04-29T20:34:01","slug":"realizador-de-cinema-iraniano-enfrenta-calvario-sob-escrutinio-publico","status":"publish","type":"post","link":"https:\/\/portaltela.pt\/series-e-filmes\/2026\/04\/29\/realizador-de-cinema-iraniano-enfrenta-calvario-sob-escrutinio-publico\/","title":{"rendered":"Realizador de cinema iraniano enfrenta calv\u00e1rio sob escrut\u00ednio p\u00fablico"},"content":{"rendered":"<p>O filme Divina com\u00e9dia, de Ali Asgari, estreia esta quinta-feira nos cinemas de todo o pa\u00eds ap\u00f3s abrir o Festival da Maia. A s\u00e1tira social utiliza humor negro para retratar o percurso de um realizador iraniano ao longo de um \u00fanico dia, marcado por contratempos.<\/p>\n<p>A obra combina surrealismo e refer\u00eancias liter\u00e1rias, com uma est\u00e9tica que remete a cineastas como Nanni Moretti e Elia Suleiman, em coprodu\u00e7\u00e3o italiana. O protagonista \u00e9 um realizador de origem turca que enfrenta dificuldades administrativas e pol\u00edticas no Ir\u00e3o.<\/p>\n<p>Ali Asgari j\u00e1 \u00e9 presen\u00e7a constante em festivais internacionais, tendo participado de Vila do Conde e recebido convite para j\u00fari de curtas em Cannes. O cineasta tem produzido trabalhos independentes no Ir\u00e3o, muitas vezes censurados ou exibidos de forma n\u00e3o oficial.<\/p>\n<h3>Contexto e percurso<\/h3>\n<p>Desde a curta-metragem O sil\u00eancio, Asgari figura em palcos globais, apresentando obras que cont\u00eam cr\u00edticas sociais intensas. Versos terrenos provocou esc\u00e2ndalo na cinema iraniano, com exibi\u00e7\u00e3o limitada e circulando sobretudo de forma clandestina.<\/p>\n<p>Divina com\u00e9dia evidencia, segundo a produ\u00e7\u00e3o, que o riso pode funcionar como forma de resist\u00eancia. O filme envolve ainda desfechos imprevis\u00edveis, com situa\u00e7\u00f5es que parecem encerrar-se apenas para se reerguerem de modo inesperado.<\/p>\n<h3>Impacto e repercuss\u00e3o internacional<\/h3>\n<p>Enquanto o Ir\u00e3o mant\u00e9m restri\u00e7\u00f5es \u00e0 exibi\u00e7\u00e3o de alguns filmes, Asgari continua a produzir e a promover as suas obras no circuito mundial. A estreia no circuito nacional ocorre num momento de aten\u00e7\u00e3o renovada ao cinema iraniano contempor\u00e2neo.<\/p>\n","protected":false},"excerpt":{"rendered":"<ul>\n<li>Estreia esta quinta-feira nos cinemas o filme Divina com\u00e9dia, s\u00e1tira social de Ali Asgari vinda do Ir\u00e3o, que abriu o Festival da Maia.<\/li>\n<li>A obra, com humor negro, surrealismo e s\u00e1tira, acompanha o dia dantesco de um realizador iraniano de origem turca.<\/li>\n<li>No enredo, as autoridades recusam-lhe o visto de rodagem se o filme seguinte for em turco e cancelam-lhe a licen\u00e7a de exibi\u00e7\u00e3o do filme que vai estrear.<\/li>\n<li>O cartaz remete a Nanni Moretti e a coprodu\u00e7\u00e3o \u00e9 italiana; o humor visual lembra Elia Suleiman.<\/li>\n<li>Ali Asgari continua a fazer cinema no Ir\u00e3o de forma independente e j\u00e1 teve presen\u00e7a em Vila do Conde e Cannes, onde foi convidado para o j\u00fari de curtas-metragens; o filme transmite que o riso pode ser resist\u00eancia.<\/li>\n<\/ul>\n","protected":false},"author":2,"featured_media":461557,"comment_status":"closed","ping_status":"closed","sticky":false,"template":"","format":"standard","meta":{"footnotes":""},"categories":[7375,7368],"tags":[5349,112,7040,2158,3674,3327],"class_list":["post-461547","post","type-post","status-publish","format-standard","has-post-thumbnail","hentry","category-cultura","category-series-e-filmes","tag-censura","tag-cinema","tag-cinema-internacional","tag-coproducoes-internacionais","tag-festival","tag-iran"],"yoast_head":"<!-- This site is optimized with the Yoast SEO plugin v27.2 - https:\/\/yoast.com\/product\/yoast-seo-wordpress\/ -->\n<title>Realizador de cinema iraniano enfrenta calv\u00e1rio sob escrut\u00ednio p\u00fablico - Portal Tela Portugal<\/title>\n<meta name=\"robots\" content=\"index, follow, max-snippet:-1, max-image-preview:large, max-video-preview:-1\" \/>\n<meta property=\"og:locale\" content=\"pt_PT\" \/>\n<meta property=\"og:type\" content=\"article\" \/>\n<meta property=\"og:title\" content=\"Realizador de cinema iraniano enfrenta calv\u00e1rio sob escrut\u00ednio p\u00fablico - Portal Tela Portugal\" \/>\n<meta property=\"og:description\" content=\"Estreia esta quinta-feira nos cinemas o filme Divina com\u00e9dia, s\u00e1tira social de Ali Asgari vinda do Ir\u00e3o, que abriu o Festival da Maia. A obra, com humor negro, surrealismo e s\u00e1tira, acompanha o dia dantesco de um realizador iraniano de origem turca. No enredo, as autoridades recusam-lhe o visto de rodagem se o filme seguinte for em turco e cancelam-lhe a licen\u00e7a de exibi\u00e7\u00e3o do filme que vai estrear. O cartaz remete a Nanni Moretti e a coprodu\u00e7\u00e3o \u00e9 italiana; o humor visual lembra Elia Suleiman. Ali Asgari continua a fazer cinema no Ir\u00e3o de forma independente e j\u00e1 teve presen\u00e7a em Vila do Conde e Cannes, onde foi convidado para o j\u00fari de curtas-metragens; o filme transmite que o riso pode ser resist\u00eancia.\" \/>\n<meta property=\"og:url\" content=\"https:\/\/portaltela.pt\/noticias\/2026\/04\/29\/realizador-de-cinema-iraniano-enfrenta-calvario-sob-escrutinio-publico\/\" \/>\n<meta property=\"og:site_name\" content=\"Portal Tela Portugal\" \/>\n<meta property=\"article:published_time\" content=\"2026-04-29T20:34:01+00:00\" \/>\n<meta name=\"author\" content=\"Telinha\" \/>\n<meta name=\"twitter:card\" content=\"summary_large_image\" \/>\n<meta name=\"twitter:label1\" content=\"Escrito por\" \/>\n\t<meta name=\"twitter:data1\" content=\"Telinha\" \/>\n\t<meta name=\"twitter:label2\" content=\"Tempo estimado de leitura\" \/>\n\t<meta name=\"twitter:data2\" content=\"1 minuto\" \/>\n<script type=\"application\/ld+json\" class=\"yoast-schema-graph\">{\"@context\":\"https:\/\/schema.org\",\"@graph\":[{\"@type\":\"Article\",\"@id\":\"https:\/\/portaltela.pt\/noticias\/2026\/04\/29\/realizador-de-cinema-iraniano-enfrenta-calvario-sob-escrutinio-publico\/#article\",\"isPartOf\":{\"@id\":\"https:\/\/portaltela.pt\/noticias\/2026\/04\/29\/realizador-de-cinema-iraniano-enfrenta-calvario-sob-escrutinio-publico\/\"},\"author\":{\"name\":\"Telinha\",\"@id\":\"https:\/\/portaltela.pt\/#\/schema\/person\/c4278d4a6028830caff9ee44b42d32ed\"},\"headline\":\"Realizador de cinema iraniano enfrenta calv\u00e1rio sob escrut\u00ednio p\u00fablico\",\"datePublished\":\"2026-04-29T20:34:01+00:00\",\"mainEntityOfPage\":{\"@id\":\"https:\/\/portaltela.pt\/noticias\/2026\/04\/29\/realizador-de-cinema-iraniano-enfrenta-calvario-sob-escrutinio-publico\/\"},\"wordCount\":276,\"image\":{\"@id\":\"https:\/\/portaltela.pt\/noticias\/2026\/04\/29\/realizador-de-cinema-iraniano-enfrenta-calvario-sob-escrutinio-publico\/#primaryimage\"},\"thumbnailUrl\":\"https:\/\/portaltela.pt\/s.01k8rhncp4jt1\/2026\/04\/image-1679.jpg\",\"keywords\":[\"censura\",\"cinema\",\"cinema internacional\",\"coprodu\u00e7\u00f5es internacionais\",\"festival\",\"\u00cdr\u00e1n\"],\"articleSection\":[\"Cultura\",\"S\u00e9ries e filmes\"],\"inLanguage\":\"pt-PT\"},{\"@type\":\"WebPage\",\"@id\":\"https:\/\/portaltela.pt\/noticias\/2026\/04\/29\/realizador-de-cinema-iraniano-enfrenta-calvario-sob-escrutinio-publico\/\",\"url\":\"https:\/\/portaltela.pt\/noticias\/2026\/04\/29\/realizador-de-cinema-iraniano-enfrenta-calvario-sob-escrutinio-publico\/\",\"name\":\"Realizador de cinema iraniano enfrenta calv\u00e1rio sob escrut\u00ednio p\u00fablico - Portal Tela Portugal\",\"isPartOf\":{\"@id\":\"https:\/\/portaltela.pt\/#website\"},\"primaryImageOfPage\":{\"@id\":\"https:\/\/portaltela.pt\/noticias\/2026\/04\/29\/realizador-de-cinema-iraniano-enfrenta-calvario-sob-escrutinio-publico\/#primaryimage\"},\"image\":{\"@id\":\"https:\/\/portaltela.pt\/noticias\/2026\/04\/29\/realizador-de-cinema-iraniano-enfrenta-calvario-sob-escrutinio-publico\/#primaryimage\"},\"thumbnailUrl\":\"https:\/\/portaltela.pt\/s.01k8rhncp4jt1\/2026\/04\/image-1679.jpg\",\"datePublished\":\"2026-04-29T20:34:01+00:00\",\"author\":{\"@id\":\"https:\/\/portaltela.pt\/#\/schema\/person\/c4278d4a6028830caff9ee44b42d32ed\"},\"breadcrumb\":{\"@id\":\"https:\/\/portaltela.pt\/noticias\/2026\/04\/29\/realizador-de-cinema-iraniano-enfrenta-calvario-sob-escrutinio-publico\/#breadcrumb\"},\"inLanguage\":\"pt-PT\",\"potentialAction\":[{\"@type\":\"ReadAction\",\"target\":[\"https:\/\/portaltela.pt\/noticias\/2026\/04\/29\/realizador-de-cinema-iraniano-enfrenta-calvario-sob-escrutinio-publico\/\"]}]},{\"@type\":\"ImageObject\",\"inLanguage\":\"pt-PT\",\"@id\":\"https:\/\/portaltela.pt\/noticias\/2026\/04\/29\/realizador-de-cinema-iraniano-enfrenta-calvario-sob-escrutinio-publico\/#primaryimage\",\"url\":\"https:\/\/portaltela.pt\/s.01k8rhncp4jt1\/2026\/04\/image-1679.jpg\",\"contentUrl\":\"https:\/\/portaltela.pt\/s.01k8rhncp4jt1\/2026\/04\/image-1679.jpg\",\"width\":796,\"height\":448,\"caption\":\"Imagem central do filme iraniano \\\"Divina com\u00e9dia\\\" remete para o imagin\u00e1rio cinematogr\u00e1fico do italiano Nanni Moretti.\"},{\"@type\":\"BreadcrumbList\",\"@id\":\"https:\/\/portaltela.pt\/noticias\/2026\/04\/29\/realizador-de-cinema-iraniano-enfrenta-calvario-sob-escrutinio-publico\/#breadcrumb\",\"itemListElement\":[{\"@type\":\"ListItem\",\"position\":1,\"name\":\"In\u00edcio\",\"item\":\"https:\/\/portaltela.pt\/\"},{\"@type\":\"ListItem\",\"position\":2,\"name\":\"Realizador de cinema iraniano enfrenta calv\u00e1rio sob escrut\u00ednio p\u00fablico\"}]},{\"@type\":\"WebSite\",\"@id\":\"https:\/\/portaltela.pt\/#website\",\"url\":\"https:\/\/portaltela.pt\/\",\"name\":\"Portal Tela Portugal\",\"description\":\"\",\"potentialAction\":[{\"@type\":\"SearchAction\",\"target\":{\"@type\":\"EntryPoint\",\"urlTemplate\":\"https:\/\/portaltela.pt\/?s={search_term_string}\"},\"query-input\":{\"@type\":\"PropertyValueSpecification\",\"valueRequired\":true,\"valueName\":\"search_term_string\"}}],\"inLanguage\":\"pt-PT\"},{\"@type\":\"Person\",\"@id\":\"https:\/\/portaltela.pt\/#\/schema\/person\/c4278d4a6028830caff9ee44b42d32ed\",\"name\":\"Telinha\",\"image\":{\"@type\":\"ImageObject\",\"inLanguage\":\"pt-PT\",\"@id\":\"https:\/\/portaltela.pt\/s.01k8rhncp4jt1\/2025\/11\/talking-bot-125x125.png\",\"url\":\"https:\/\/portaltela.pt\/s.01k8rhncp4jt1\/2025\/11\/talking-bot-125x125.png\",\"contentUrl\":\"https:\/\/portaltela.pt\/s.01k8rhncp4jt1\/2025\/11\/talking-bot-125x125.png\",\"caption\":\"Telinha\"},\"sameAs\":[\"https:\/\/portaltela.pt\/\"],\"url\":\"https:\/\/portaltela.pt\/por\/367410592786\/\"}]}<\/script>\n<!-- \/ Yoast SEO plugin. -->","yoast_head_json":{"title":"Realizador de cinema iraniano enfrenta calv\u00e1rio sob escrut\u00ednio p\u00fablico - Portal Tela Portugal","robots":{"index":"index","follow":"follow","max-snippet":"max-snippet:-1","max-image-preview":"max-image-preview:large","max-video-preview":"max-video-preview:-1"},"og_locale":"pt_PT","og_type":"article","og_title":"Realizador de cinema iraniano enfrenta calv\u00e1rio sob escrut\u00ednio p\u00fablico - Portal Tela Portugal","og_description":"Estreia esta quinta-feira nos cinemas o filme Divina com\u00e9dia, s\u00e1tira social de Ali Asgari vinda do Ir\u00e3o, que abriu o Festival da Maia. A obra, com humor negro, surrealismo e s\u00e1tira, acompanha o dia dantesco de um realizador iraniano de origem turca. No enredo, as autoridades recusam-lhe o visto de rodagem se o filme seguinte for em turco e cancelam-lhe a licen\u00e7a de exibi\u00e7\u00e3o do filme que vai estrear. O cartaz remete a Nanni Moretti e a coprodu\u00e7\u00e3o \u00e9 italiana; o humor visual lembra Elia Suleiman. Ali Asgari continua a fazer cinema no Ir\u00e3o de forma independente e j\u00e1 teve presen\u00e7a em Vila do Conde e Cannes, onde foi convidado para o j\u00fari de curtas-metragens; o filme transmite que o riso pode ser resist\u00eancia.","og_url":"https:\/\/portaltela.pt\/noticias\/2026\/04\/29\/realizador-de-cinema-iraniano-enfrenta-calvario-sob-escrutinio-publico\/","og_site_name":"Portal Tela Portugal","article_published_time":"2026-04-29T20:34:01+00:00","author":"Telinha","twitter_card":"summary_large_image","twitter_misc":{"Escrito por":"Telinha","Tempo estimado de leitura":"1 minuto"},"schema":{"@context":"https:\/\/schema.org","@graph":[{"@type":"Article","@id":"https:\/\/portaltela.pt\/noticias\/2026\/04\/29\/realizador-de-cinema-iraniano-enfrenta-calvario-sob-escrutinio-publico\/#article","isPartOf":{"@id":"https:\/\/portaltela.pt\/noticias\/2026\/04\/29\/realizador-de-cinema-iraniano-enfrenta-calvario-sob-escrutinio-publico\/"},"author":{"name":"Telinha","@id":"https:\/\/portaltela.pt\/#\/schema\/person\/c4278d4a6028830caff9ee44b42d32ed"},"headline":"Realizador de cinema iraniano enfrenta calv\u00e1rio sob escrut\u00ednio p\u00fablico","datePublished":"2026-04-29T20:34:01+00:00","mainEntityOfPage":{"@id":"https:\/\/portaltela.pt\/noticias\/2026\/04\/29\/realizador-de-cinema-iraniano-enfrenta-calvario-sob-escrutinio-publico\/"},"wordCount":276,"image":{"@id":"https:\/\/portaltela.pt\/noticias\/2026\/04\/29\/realizador-de-cinema-iraniano-enfrenta-calvario-sob-escrutinio-publico\/#primaryimage"},"thumbnailUrl":"https:\/\/portaltela.pt\/s.01k8rhncp4jt1\/2026\/04\/image-1679.jpg","keywords":["censura","cinema","cinema internacional","coprodu\u00e7\u00f5es internacionais","festival","\u00cdr\u00e1n"],"articleSection":["Cultura","S\u00e9ries e filmes"],"inLanguage":"pt-PT"},{"@type":"WebPage","@id":"https:\/\/portaltela.pt\/noticias\/2026\/04\/29\/realizador-de-cinema-iraniano-enfrenta-calvario-sob-escrutinio-publico\/","url":"https:\/\/portaltela.pt\/noticias\/2026\/04\/29\/realizador-de-cinema-iraniano-enfrenta-calvario-sob-escrutinio-publico\/","name":"Realizador de cinema iraniano enfrenta calv\u00e1rio sob escrut\u00ednio p\u00fablico - Portal Tela Portugal","isPartOf":{"@id":"https:\/\/portaltela.pt\/#website"},"primaryImageOfPage":{"@id":"https:\/\/portaltela.pt\/noticias\/2026\/04\/29\/realizador-de-cinema-iraniano-enfrenta-calvario-sob-escrutinio-publico\/#primaryimage"},"image":{"@id":"https:\/\/portaltela.pt\/noticias\/2026\/04\/29\/realizador-de-cinema-iraniano-enfrenta-calvario-sob-escrutinio-publico\/#primaryimage"},"thumbnailUrl":"https:\/\/portaltela.pt\/s.01k8rhncp4jt1\/2026\/04\/image-1679.jpg","datePublished":"2026-04-29T20:34:01+00:00","author":{"@id":"https:\/\/portaltela.pt\/#\/schema\/person\/c4278d4a6028830caff9ee44b42d32ed"},"breadcrumb":{"@id":"https:\/\/portaltela.pt\/noticias\/2026\/04\/29\/realizador-de-cinema-iraniano-enfrenta-calvario-sob-escrutinio-publico\/#breadcrumb"},"inLanguage":"pt-PT","potentialAction":[{"@type":"ReadAction","target":["https:\/\/portaltela.pt\/noticias\/2026\/04\/29\/realizador-de-cinema-iraniano-enfrenta-calvario-sob-escrutinio-publico\/"]}]},{"@type":"ImageObject","inLanguage":"pt-PT","@id":"https:\/\/portaltela.pt\/noticias\/2026\/04\/29\/realizador-de-cinema-iraniano-enfrenta-calvario-sob-escrutinio-publico\/#primaryimage","url":"https:\/\/portaltela.pt\/s.01k8rhncp4jt1\/2026\/04\/image-1679.jpg","contentUrl":"https:\/\/portaltela.pt\/s.01k8rhncp4jt1\/2026\/04\/image-1679.jpg","width":796,"height":448,"caption":"Imagem central do filme iraniano \"Divina com\u00e9dia\" remete para o imagin\u00e1rio cinematogr\u00e1fico do italiano Nanni Moretti."},{"@type":"BreadcrumbList","@id":"https:\/\/portaltela.pt\/noticias\/2026\/04\/29\/realizador-de-cinema-iraniano-enfrenta-calvario-sob-escrutinio-publico\/#breadcrumb","itemListElement":[{"@type":"ListItem","position":1,"name":"In\u00edcio","item":"https:\/\/portaltela.pt\/"},{"@type":"ListItem","position":2,"name":"Realizador de cinema iraniano enfrenta calv\u00e1rio sob escrut\u00ednio p\u00fablico"}]},{"@type":"WebSite","@id":"https:\/\/portaltela.pt\/#website","url":"https:\/\/portaltela.pt\/","name":"Portal Tela Portugal","description":"","potentialAction":[{"@type":"SearchAction","target":{"@type":"EntryPoint","urlTemplate":"https:\/\/portaltela.pt\/?s={search_term_string}"},"query-input":{"@type":"PropertyValueSpecification","valueRequired":true,"valueName":"search_term_string"}}],"inLanguage":"pt-PT"},{"@type":"Person","@id":"https:\/\/portaltela.pt\/#\/schema\/person\/c4278d4a6028830caff9ee44b42d32ed","name":"Telinha","image":{"@type":"ImageObject","inLanguage":"pt-PT","@id":"https:\/\/portaltela.pt\/s.01k8rhncp4jt1\/2025\/11\/talking-bot-125x125.png","url":"https:\/\/portaltela.pt\/s.01k8rhncp4jt1\/2025\/11\/talking-bot-125x125.png","contentUrl":"https:\/\/portaltela.pt\/s.01k8rhncp4jt1\/2025\/11\/talking-bot-125x125.png","caption":"Telinha"},"sameAs":["https:\/\/portaltela.pt\/"],"url":"https:\/\/portaltela.pt\/por\/367410592786\/"}]}},"_links":{"self":[{"href":"https:\/\/portaltela.pt\/api\/wp\/v2\/posts\/461547","targetHints":{"allow":["GET"]}}],"collection":[{"href":"https:\/\/portaltela.pt\/api\/wp\/v2\/posts"}],"about":[{"href":"https:\/\/portaltela.pt\/api\/wp\/v2\/types\/post"}],"author":[{"embeddable":true,"href":"https:\/\/portaltela.pt\/api\/wp\/v2\/users\/2"}],"replies":[{"embeddable":true,"href":"https:\/\/portaltela.pt\/api\/wp\/v2\/comments?post=461547"}],"version-history":[{"count":0,"href":"https:\/\/portaltela.pt\/api\/wp\/v2\/posts\/461547\/revisions"}],"wp:featuredmedia":[{"embeddable":true,"href":"https:\/\/portaltela.pt\/api\/wp\/v2\/media\/461557"}],"wp:attachment":[{"href":"https:\/\/portaltela.pt\/api\/wp\/v2\/media?parent=461547"}],"wp:term":[{"taxonomy":"category","embeddable":true,"href":"https:\/\/portaltela.pt\/api\/wp\/v2\/categories?post=461547"},{"taxonomy":"post_tag","embeddable":true,"href":"https:\/\/portaltela.pt\/api\/wp\/v2\/tags?post=461547"}],"curies":[{"name":"wp","href":"https:\/\/api.w.org\/{rel}","templated":true}]}}