{"id":461545,"date":"2026-04-29T17:33:57","date_gmt":"2026-04-29T20:33:57","guid":{"rendered":"https:\/\/portaltela.pt\/noticias\/2026\/04\/29\/gnr-investiga-furto-de-maquinas-agricolas-em-vimioso\/"},"modified":"2026-04-29T17:33:57","modified_gmt":"2026-04-29T20:33:57","slug":"gnr-investiga-furto-de-maquinas-agricolas-em-vimioso","status":"publish","type":"post","link":"https:\/\/portaltela.pt\/criminalidade\/2026\/04\/29\/gnr-investiga-furto-de-maquinas-agricolas-em-vimioso\/","title":{"rendered":"GNR investiga furto de m\u00e1quinas agr\u00edcolas em Vimioso"},"content":{"rendered":"<p>A GNR est\u00e1 a investigar furtos de m\u00e1quinas agr\u00edcolas no concelho de Vimioso. Em apenas uma semana j\u00e1 ocorreram dois acontecimentos nas localidades de Car\u00e7\u00e3o e Matela. N\u00e3o h\u00e1 confirma\u00e7\u00e3o de rela\u00e7\u00e3o entre os casos, mas os furtos concentram-se em equipamentos agr\u00edcolas.<\/p>\n<p>No primeiro incidente, o preju\u00edzo situa-se em cerca de 2.500 euros. Foram levadas enxadas, ro\u00e7adoras e outros utens\u00edlios de um armaz\u00e9m a cerca de um quil\u00f3metro da casa do propriet\u00e1rio, que se divide entre Car\u00e7\u00e3o e Porto.<\/p>\n<p>No segundo caso, reportado \u00e0 GNR esta quinta-feira, foi furtada uma m\u00e1quina de varejar azeitona, cujo valor ultrapassa os mil euros. Os propriet\u00e1rios foram alertados por vizinhos da porta aberta do armaz\u00e9m; a entrada ter\u00e1 sido feita com uma rebarbadora.<\/p>\n<h3>Investiga\u00e7\u00e3o em curso<\/h3>\n<p>O N\u00facleo de Investiga\u00e7\u00e3o Criminal da GNR de Miranda do Douro est\u00e1 a coordenar as dilig\u00eancias para apurar os factos, identificar autores e estabelecer eventuais rela\u00e7\u00f5es entre os furtos, bem como determinar o modo de atua\u00e7\u00e3o dos criminosos.<\/p>\n","protected":false},"excerpt":{"rendered":"<ul>\n<li>A GNR est\u00e1 a investigar o furto de m\u00e1quinas agr\u00edcolas no concelho de Vimioso, com dois casos registados em Car\u00e7\u00e3o e Matela numa semana.<\/li>\n<li>Os furtos concentram-se apenas em m\u00e1quinas agr\u00edcolas, segundo a GNR, e n\u00e3o h\u00e1 certezas de rela\u00e7\u00e3o entre os eventos.<\/li>\n<li>No primeiro caso, o preju\u00edzo \u00e9 de cerca de 2.500\u20ac, com enxadas, ro\u00e7adoras e outros utens\u00edlios furtados de um armaz\u00e9m a cerca de um quil\u00f3metro da casa do propriet\u00e1rio, que fica entre Car\u00e7\u00e3o e o Porto.<\/li>\n<li>No segundo caso, divulgado quinta-feira, foi furtada uma m\u00e1quina de varejar azeitona, com valor superior a mil euros; a entrada pode ter sido via rebarbadora ap\u00f3s vizinhos reconhecerem a porta aberta.<\/li>\n<li>As ocorr\u00eancias est\u00e3o a ser investigadas pelo N\u00facleo de Investiga\u00e7\u00e3o Criminal da GNR de Miranda do Douro.<\/li>\n<\/ul>\n","protected":false},"author":2,"featured_media":461553,"comment_status":"closed","ping_status":"closed","sticky":false,"template":"","format":"standard","meta":{"footnotes":""},"categories":[6907,7374],"tags":[8598,8702,8464,8227,7960,8040],"class_list":["post-461545","post","type-post","status-publish","format-standard","has-post-thumbnail","hentry","category-crime","category-criminalidade","tag-_agropecuaria","tag-_concelhos","tag-_furto","tag-_gnr","tag-_investigacao-criminal","tag-_municipios"],"yoast_head":"<!-- This site is optimized with the Yoast SEO plugin v27.2 - https:\/\/yoast.com\/product\/yoast-seo-wordpress\/ -->\n<title>GNR investiga furto de m\u00e1quinas agr\u00edcolas em Vimioso - Portal Tela Portugal<\/title>\n<meta name=\"robots\" content=\"index, follow, max-snippet:-1, max-image-preview:large, max-video-preview:-1\" \/>\n<meta property=\"og:locale\" content=\"pt_PT\" \/>\n<meta property=\"og:type\" content=\"article\" \/>\n<meta property=\"og:title\" content=\"GNR investiga furto de m\u00e1quinas agr\u00edcolas em Vimioso - Portal Tela Portugal\" \/>\n<meta property=\"og:description\" content=\"A GNR est\u00e1 a investigar o furto de m\u00e1quinas agr\u00edcolas no concelho de Vimioso, com dois casos registados em Car\u00e7\u00e3o e Matela numa semana. Os furtos concentram-se apenas em m\u00e1quinas agr\u00edcolas, segundo a GNR, e n\u00e3o h\u00e1 certezas de rela\u00e7\u00e3o entre os eventos. No primeiro caso, o preju\u00edzo \u00e9 de cerca de 2.500\u20ac, com enxadas, ro\u00e7adoras e outros utens\u00edlios furtados de um armaz\u00e9m a cerca de um quil\u00f3metro da casa do propriet\u00e1rio, que fica entre Car\u00e7\u00e3o e o Porto. No segundo caso, divulgado quinta-feira, foi furtada uma m\u00e1quina de varejar azeitona, com valor superior a mil euros; a entrada pode ter sido via rebarbadora ap\u00f3s vizinhos reconhecerem a porta aberta. As ocorr\u00eancias est\u00e3o a ser investigadas pelo N\u00facleo de Investiga\u00e7\u00e3o Criminal da GNR de Miranda do Douro.\" \/>\n<meta property=\"og:url\" content=\"https:\/\/portaltela.pt\/noticias\/2026\/04\/29\/gnr-investiga-furto-de-maquinas-agricolas-em-vimioso\/\" \/>\n<meta property=\"og:site_name\" content=\"Portal Tela Portugal\" \/>\n<meta property=\"article:published_time\" content=\"2026-04-29T20:33:57+00:00\" \/>\n<meta name=\"author\" content=\"Telinha\" \/>\n<meta name=\"twitter:card\" content=\"summary_large_image\" \/>\n<meta name=\"twitter:label1\" content=\"Escrito por\" \/>\n\t<meta name=\"twitter:data1\" content=\"Telinha\" \/>\n\t<meta name=\"twitter:label2\" content=\"Tempo estimado de leitura\" \/>\n\t<meta name=\"twitter:data2\" content=\"1 minuto\" \/>\n<script type=\"application\/ld+json\" class=\"yoast-schema-graph\">{\"@context\":\"https:\/\/schema.org\",\"@graph\":[{\"@type\":\"Article\",\"@id\":\"https:\/\/portaltela.pt\/noticias\/2026\/04\/29\/gnr-investiga-furto-de-maquinas-agricolas-em-vimioso\/#article\",\"isPartOf\":{\"@id\":\"https:\/\/portaltela.pt\/noticias\/2026\/04\/29\/gnr-investiga-furto-de-maquinas-agricolas-em-vimioso\/\"},\"author\":{\"name\":\"Telinha\",\"@id\":\"https:\/\/portaltela.pt\/#\/schema\/person\/c4278d4a6028830caff9ee44b42d32ed\"},\"headline\":\"GNR investiga furto de m\u00e1quinas agr\u00edcolas em Vimioso\",\"datePublished\":\"2026-04-29T20:33:57+00:00\",\"mainEntityOfPage\":{\"@id\":\"https:\/\/portaltela.pt\/noticias\/2026\/04\/29\/gnr-investiga-furto-de-maquinas-agricolas-em-vimioso\/\"},\"wordCount\":191,\"image\":{\"@id\":\"https:\/\/portaltela.pt\/noticias\/2026\/04\/29\/gnr-investiga-furto-de-maquinas-agricolas-em-vimioso\/#primaryimage\"},\"thumbnailUrl\":\"https:\/\/portaltela.pt\/s.01k8rhncp4jt1\/2026\/04\/img_1280x721uu2020-08-20-20-33-16-969017.jpg\",\"keywords\":[\"_agropecu\u00e1ria\",\"_concelhos\",\"_furto\",\"_GNR\",\"_investiga\u00e7\u00e3o criminal\",\"_munic\u00edpios\"],\"articleSection\":[\"Crime\",\"Criminalidade\"],\"inLanguage\":\"pt-PT\"},{\"@type\":\"WebPage\",\"@id\":\"https:\/\/portaltela.pt\/noticias\/2026\/04\/29\/gnr-investiga-furto-de-maquinas-agricolas-em-vimioso\/\",\"url\":\"https:\/\/portaltela.pt\/noticias\/2026\/04\/29\/gnr-investiga-furto-de-maquinas-agricolas-em-vimioso\/\",\"name\":\"GNR investiga furto de m\u00e1quinas agr\u00edcolas em Vimioso - Portal Tela Portugal\",\"isPartOf\":{\"@id\":\"https:\/\/portaltela.pt\/#website\"},\"primaryImageOfPage\":{\"@id\":\"https:\/\/portaltela.pt\/noticias\/2026\/04\/29\/gnr-investiga-furto-de-maquinas-agricolas-em-vimioso\/#primaryimage\"},\"image\":{\"@id\":\"https:\/\/portaltela.pt\/noticias\/2026\/04\/29\/gnr-investiga-furto-de-maquinas-agricolas-em-vimioso\/#primaryimage\"},\"thumbnailUrl\":\"https:\/\/portaltela.pt\/s.01k8rhncp4jt1\/2026\/04\/img_1280x721uu2020-08-20-20-33-16-969017.jpg\",\"datePublished\":\"2026-04-29T20:33:57+00:00\",\"author\":{\"@id\":\"https:\/\/portaltela.pt\/#\/schema\/person\/c4278d4a6028830caff9ee44b42d32ed\"},\"breadcrumb\":{\"@id\":\"https:\/\/portaltela.pt\/noticias\/2026\/04\/29\/gnr-investiga-furto-de-maquinas-agricolas-em-vimioso\/#breadcrumb\"},\"inLanguage\":\"pt-PT\",\"potentialAction\":[{\"@type\":\"ReadAction\",\"target\":[\"https:\/\/portaltela.pt\/noticias\/2026\/04\/29\/gnr-investiga-furto-de-maquinas-agricolas-em-vimioso\/\"]}]},{\"@type\":\"ImageObject\",\"inLanguage\":\"pt-PT\",\"@id\":\"https:\/\/portaltela.pt\/noticias\/2026\/04\/29\/gnr-investiga-furto-de-maquinas-agricolas-em-vimioso\/#primaryimage\",\"url\":\"https:\/\/portaltela.pt\/s.01k8rhncp4jt1\/2026\/04\/img_1280x721uu2020-08-20-20-33-16-969017.jpg\",\"contentUrl\":\"https:\/\/portaltela.pt\/s.01k8rhncp4jt1\/2026\/04\/img_1280x721uu2020-08-20-20-33-16-969017.jpg\",\"width\":796,\"height\":448,\"caption\":\"Photo\"},{\"@type\":\"BreadcrumbList\",\"@id\":\"https:\/\/portaltela.pt\/noticias\/2026\/04\/29\/gnr-investiga-furto-de-maquinas-agricolas-em-vimioso\/#breadcrumb\",\"itemListElement\":[{\"@type\":\"ListItem\",\"position\":1,\"name\":\"In\u00edcio\",\"item\":\"https:\/\/portaltela.pt\/\"},{\"@type\":\"ListItem\",\"position\":2,\"name\":\"GNR investiga furto de m\u00e1quinas agr\u00edcolas em Vimioso\"}]},{\"@type\":\"WebSite\",\"@id\":\"https:\/\/portaltela.pt\/#website\",\"url\":\"https:\/\/portaltela.pt\/\",\"name\":\"Portal Tela Portugal\",\"description\":\"\",\"potentialAction\":[{\"@type\":\"SearchAction\",\"target\":{\"@type\":\"EntryPoint\",\"urlTemplate\":\"https:\/\/portaltela.pt\/?s={search_term_string}\"},\"query-input\":{\"@type\":\"PropertyValueSpecification\",\"valueRequired\":true,\"valueName\":\"search_term_string\"}}],\"inLanguage\":\"pt-PT\"},{\"@type\":\"Person\",\"@id\":\"https:\/\/portaltela.pt\/#\/schema\/person\/c4278d4a6028830caff9ee44b42d32ed\",\"name\":\"Telinha\",\"image\":{\"@type\":\"ImageObject\",\"inLanguage\":\"pt-PT\",\"@id\":\"https:\/\/portaltela.pt\/s.01k8rhncp4jt1\/2025\/11\/talking-bot-125x125.png\",\"url\":\"https:\/\/portaltela.pt\/s.01k8rhncp4jt1\/2025\/11\/talking-bot-125x125.png\",\"contentUrl\":\"https:\/\/portaltela.pt\/s.01k8rhncp4jt1\/2025\/11\/talking-bot-125x125.png\",\"caption\":\"Telinha\"},\"sameAs\":[\"https:\/\/portaltela.pt\/\"],\"url\":\"https:\/\/portaltela.pt\/por\/367410592786\/\"}]}<\/script>\n<!-- \/ Yoast SEO plugin. -->","yoast_head_json":{"title":"GNR investiga furto de m\u00e1quinas agr\u00edcolas em Vimioso - Portal Tela Portugal","robots":{"index":"index","follow":"follow","max-snippet":"max-snippet:-1","max-image-preview":"max-image-preview:large","max-video-preview":"max-video-preview:-1"},"og_locale":"pt_PT","og_type":"article","og_title":"GNR investiga furto de m\u00e1quinas agr\u00edcolas em Vimioso - Portal Tela Portugal","og_description":"A GNR est\u00e1 a investigar o furto de m\u00e1quinas agr\u00edcolas no concelho de Vimioso, com dois casos registados em Car\u00e7\u00e3o e Matela numa semana. Os furtos concentram-se apenas em m\u00e1quinas agr\u00edcolas, segundo a GNR, e n\u00e3o h\u00e1 certezas de rela\u00e7\u00e3o entre os eventos. No primeiro caso, o preju\u00edzo \u00e9 de cerca de 2.500\u20ac, com enxadas, ro\u00e7adoras e outros utens\u00edlios furtados de um armaz\u00e9m a cerca de um quil\u00f3metro da casa do propriet\u00e1rio, que fica entre Car\u00e7\u00e3o e o Porto. No segundo caso, divulgado quinta-feira, foi furtada uma m\u00e1quina de varejar azeitona, com valor superior a mil euros; a entrada pode ter sido via rebarbadora ap\u00f3s vizinhos reconhecerem a porta aberta. As ocorr\u00eancias est\u00e3o a ser investigadas pelo N\u00facleo de Investiga\u00e7\u00e3o Criminal da GNR de Miranda do Douro.","og_url":"https:\/\/portaltela.pt\/noticias\/2026\/04\/29\/gnr-investiga-furto-de-maquinas-agricolas-em-vimioso\/","og_site_name":"Portal Tela Portugal","article_published_time":"2026-04-29T20:33:57+00:00","author":"Telinha","twitter_card":"summary_large_image","twitter_misc":{"Escrito por":"Telinha","Tempo estimado de leitura":"1 minuto"},"schema":{"@context":"https:\/\/schema.org","@graph":[{"@type":"Article","@id":"https:\/\/portaltela.pt\/noticias\/2026\/04\/29\/gnr-investiga-furto-de-maquinas-agricolas-em-vimioso\/#article","isPartOf":{"@id":"https:\/\/portaltela.pt\/noticias\/2026\/04\/29\/gnr-investiga-furto-de-maquinas-agricolas-em-vimioso\/"},"author":{"name":"Telinha","@id":"https:\/\/portaltela.pt\/#\/schema\/person\/c4278d4a6028830caff9ee44b42d32ed"},"headline":"GNR investiga furto de m\u00e1quinas agr\u00edcolas em Vimioso","datePublished":"2026-04-29T20:33:57+00:00","mainEntityOfPage":{"@id":"https:\/\/portaltela.pt\/noticias\/2026\/04\/29\/gnr-investiga-furto-de-maquinas-agricolas-em-vimioso\/"},"wordCount":191,"image":{"@id":"https:\/\/portaltela.pt\/noticias\/2026\/04\/29\/gnr-investiga-furto-de-maquinas-agricolas-em-vimioso\/#primaryimage"},"thumbnailUrl":"https:\/\/portaltela.pt\/s.01k8rhncp4jt1\/2026\/04\/img_1280x721uu2020-08-20-20-33-16-969017.jpg","keywords":["_agropecu\u00e1ria","_concelhos","_furto","_GNR","_investiga\u00e7\u00e3o criminal","_munic\u00edpios"],"articleSection":["Crime","Criminalidade"],"inLanguage":"pt-PT"},{"@type":"WebPage","@id":"https:\/\/portaltela.pt\/noticias\/2026\/04\/29\/gnr-investiga-furto-de-maquinas-agricolas-em-vimioso\/","url":"https:\/\/portaltela.pt\/noticias\/2026\/04\/29\/gnr-investiga-furto-de-maquinas-agricolas-em-vimioso\/","name":"GNR investiga furto de m\u00e1quinas agr\u00edcolas em Vimioso - Portal Tela Portugal","isPartOf":{"@id":"https:\/\/portaltela.pt\/#website"},"primaryImageOfPage":{"@id":"https:\/\/portaltela.pt\/noticias\/2026\/04\/29\/gnr-investiga-furto-de-maquinas-agricolas-em-vimioso\/#primaryimage"},"image":{"@id":"https:\/\/portaltela.pt\/noticias\/2026\/04\/29\/gnr-investiga-furto-de-maquinas-agricolas-em-vimioso\/#primaryimage"},"thumbnailUrl":"https:\/\/portaltela.pt\/s.01k8rhncp4jt1\/2026\/04\/img_1280x721uu2020-08-20-20-33-16-969017.jpg","datePublished":"2026-04-29T20:33:57+00:00","author":{"@id":"https:\/\/portaltela.pt\/#\/schema\/person\/c4278d4a6028830caff9ee44b42d32ed"},"breadcrumb":{"@id":"https:\/\/portaltela.pt\/noticias\/2026\/04\/29\/gnr-investiga-furto-de-maquinas-agricolas-em-vimioso\/#breadcrumb"},"inLanguage":"pt-PT","potentialAction":[{"@type":"ReadAction","target":["https:\/\/portaltela.pt\/noticias\/2026\/04\/29\/gnr-investiga-furto-de-maquinas-agricolas-em-vimioso\/"]}]},{"@type":"ImageObject","inLanguage":"pt-PT","@id":"https:\/\/portaltela.pt\/noticias\/2026\/04\/29\/gnr-investiga-furto-de-maquinas-agricolas-em-vimioso\/#primaryimage","url":"https:\/\/portaltela.pt\/s.01k8rhncp4jt1\/2026\/04\/img_1280x721uu2020-08-20-20-33-16-969017.jpg","contentUrl":"https:\/\/portaltela.pt\/s.01k8rhncp4jt1\/2026\/04\/img_1280x721uu2020-08-20-20-33-16-969017.jpg","width":796,"height":448,"caption":"Photo"},{"@type":"BreadcrumbList","@id":"https:\/\/portaltela.pt\/noticias\/2026\/04\/29\/gnr-investiga-furto-de-maquinas-agricolas-em-vimioso\/#breadcrumb","itemListElement":[{"@type":"ListItem","position":1,"name":"In\u00edcio","item":"https:\/\/portaltela.pt\/"},{"@type":"ListItem","position":2,"name":"GNR investiga furto de m\u00e1quinas agr\u00edcolas em Vimioso"}]},{"@type":"WebSite","@id":"https:\/\/portaltela.pt\/#website","url":"https:\/\/portaltela.pt\/","name":"Portal Tela Portugal","description":"","potentialAction":[{"@type":"SearchAction","target":{"@type":"EntryPoint","urlTemplate":"https:\/\/portaltela.pt\/?s={search_term_string}"},"query-input":{"@type":"PropertyValueSpecification","valueRequired":true,"valueName":"search_term_string"}}],"inLanguage":"pt-PT"},{"@type":"Person","@id":"https:\/\/portaltela.pt\/#\/schema\/person\/c4278d4a6028830caff9ee44b42d32ed","name":"Telinha","image":{"@type":"ImageObject","inLanguage":"pt-PT","@id":"https:\/\/portaltela.pt\/s.01k8rhncp4jt1\/2025\/11\/talking-bot-125x125.png","url":"https:\/\/portaltela.pt\/s.01k8rhncp4jt1\/2025\/11\/talking-bot-125x125.png","contentUrl":"https:\/\/portaltela.pt\/s.01k8rhncp4jt1\/2025\/11\/talking-bot-125x125.png","caption":"Telinha"},"sameAs":["https:\/\/portaltela.pt\/"],"url":"https:\/\/portaltela.pt\/por\/367410592786\/"}]}},"_links":{"self":[{"href":"https:\/\/portaltela.pt\/api\/wp\/v2\/posts\/461545","targetHints":{"allow":["GET"]}}],"collection":[{"href":"https:\/\/portaltela.pt\/api\/wp\/v2\/posts"}],"about":[{"href":"https:\/\/portaltela.pt\/api\/wp\/v2\/types\/post"}],"author":[{"embeddable":true,"href":"https:\/\/portaltela.pt\/api\/wp\/v2\/users\/2"}],"replies":[{"embeddable":true,"href":"https:\/\/portaltela.pt\/api\/wp\/v2\/comments?post=461545"}],"version-history":[{"count":0,"href":"https:\/\/portaltela.pt\/api\/wp\/v2\/posts\/461545\/revisions"}],"wp:featuredmedia":[{"embeddable":true,"href":"https:\/\/portaltela.pt\/api\/wp\/v2\/media\/461553"}],"wp:attachment":[{"href":"https:\/\/portaltela.pt\/api\/wp\/v2\/media?parent=461545"}],"wp:term":[{"taxonomy":"category","embeddable":true,"href":"https:\/\/portaltela.pt\/api\/wp\/v2\/categories?post=461545"},{"taxonomy":"post_tag","embeddable":true,"href":"https:\/\/portaltela.pt\/api\/wp\/v2\/tags?post=461545"}],"curies":[{"name":"wp","href":"https:\/\/api.w.org\/{rel}","templated":true}]}}