{"id":461543,"date":"2026-04-29T17:33:53","date_gmt":"2026-04-29T20:33:53","guid":{"rendered":"https:\/\/portaltela.pt\/noticias\/2026\/04\/29\/matosinhos-aguarda-estudo-metropolitano-e-nao-avanca-com-transportes-gratis\/"},"modified":"2026-04-29T17:33:53","modified_gmt":"2026-04-29T20:33:53","slug":"matosinhos-aguarda-estudo-metropolitano-e-nao-avanca-com-transportes-gratis","status":"publish","type":"post","link":"https:\/\/portaltela.pt\/sociedade\/2026\/04\/29\/matosinhos-aguarda-estudo-metropolitano-e-nao-avanca-com-transportes-gratis\/","title":{"rendered":"Matosinhos aguarda estudo metropolitano e n\u00e3o avan\u00e7a com transportes gr\u00e1tis"},"content":{"rendered":"<p>A C\u00e2mara de Matosinhos n\u00e3o avan\u00e7ar\u00e1 com a gratuitidade de transportes, ao contr\u00e1rio do que foi anunciado para o Porto. A decis\u00e3o depende de um estudo da \u00c1rea Metropolitana do Porto (AMP) e de uma avalia\u00e7\u00e3o do impacto financeiro.<\/p>\n<p>A autarca Lu\u00edsa Salgueiro explicou que Matosinhos tem uma realidade diferente, com dois operadores e redes em fase de estabiliza\u00e7\u00e3o. Ela afirmou que o benef\u00edcio s\u00f3 faria sentido com uma vis\u00e3o supramunicipal.<\/p>\n<p>Salgueiro sublinhou que a gratuitidade deve abranger todos os munic\u00edpios para evitar falhas de gest\u00e3o. A decis\u00e3o foi tomada na sequ\u00eancia de dificuldades surgidas na AMP e da necessidade de analisar o efeito na mobilidade de forma integrada.<\/p>\n<h3>Estudo da AMP e urg\u00eancia de uma vis\u00e3o metropolitana<\/h3>\n<p>A autarca disse que Matosinhos vai aguardar o estudo da AMP para decidir, tanto no territ\u00f3rio como na colabora\u00e7\u00e3o com outros munic\u00edpios. O objetivo \u00e9 promover o transporte p\u00fablico com efeito real para quem cruza fronteiras municipais.<\/p>\n<p>Para que o benef\u00edcio tenha efeito, \u00e9 essencial que haja uma escala supramunicipal, justificou. Sem isso, trabalhadores que v\u00e3o para o Porto em Matosinhos continuariam a pagar por o transporte.<\/p>\n<p>A edilidade acrescentou que a medida deve ser acordada solidariamente entre munic\u00edpios. Evitar pol\u00edticas isoladas foi o ponto central da posi\u00e7\u00e3o de Matosinhos.<\/p>\n<h3>Pedido de indemniza\u00e7\u00e3o de 19 milh\u00f5es de euros<\/h3>\n<p>Lu\u00edsa Salgueiro vai depor no tribunal a 11 de maio, no caso do hotel da Praia da Mem\u00f3ria. O propriet\u00e1rio reclama 19 milh\u00f5es de euros por ter visto negada a licen\u00e7a de constru\u00e7\u00e3o. A C\u00e2mara de Matosinhos e o Minist\u00e9rio do Ambiente s\u00e3o r\u00e9us.<\/p>\n<p>Antes do embargo, houve tentativa de acordo fora do processo litigioso, que n\u00e3o teve sucesso. O processo come\u00e7ou em 2020, ap\u00f3s a obra ter arrancado e ter sido anulada a licen\u00e7a.<\/p>\n","protected":false},"excerpt":{"rendered":"<ul>\n<li>Matosinhos n\u00e3o avan\u00e7ar\u00e1 com transportes p\u00fablicos gratuitos, aguardando o estudo da \u00c1rea Metropolitana do Porto (AMP).<\/li>\n<li>A autarca Lu\u00edsa Salgueiro afirma que a gratuidadom s\u00f3 faz sentido se abranger todos os munic\u00edpios da AMP.<\/li>\n<li>A gest\u00e3o fica mais complexa porque Matosinhos tem dois operadores e est\u00e1 em fase de estabiliza\u00e7\u00e3o de redes, sem avalia\u00e7\u00e3o financeira do impacto.<\/li>\n<li>A medida precisa ser supramunicipal para ter efeito, j\u00e1 que trabalhadores de Matosinhos podem pagar transporte ao deslocarem-se para o Porto.<\/li>\n<li>Salgueiro vai depor, a 11 de maio, no caso do hotel da Praia da Mem\u00f3ria, em que o propriet\u00e1rio pede 19 milh\u00f5es de euros de indemniza\u00e7\u00e3o; a C\u00e2mara de Matosinhos e o Minist\u00e9rio do Ambiente tamb\u00e9m s\u00e3o r\u00e9us.<\/li>\n<\/ul>\n","protected":false},"author":2,"featured_media":461558,"comment_status":"closed","ping_status":"closed","sticky":false,"template":"","format":"standard","meta":{"footnotes":""},"categories":[6725,6871],"tags":[8139,8440,8020,8319,8088,8287],"class_list":["post-461543","post","type-post","status-publish","format-standard","has-post-thumbnail","hentry","category-meio-ambiente","category-sociedade","tag-_indenizacoes","tag-_matosinhos","tag-_mobilidade","tag-_mobilidade-urbana","tag-_porto","tag-_transporte"],"yoast_head":"<!-- This site is optimized with the Yoast SEO plugin v27.2 - https:\/\/yoast.com\/product\/yoast-seo-wordpress\/ -->\n<title>Matosinhos aguarda estudo metropolitano e n\u00e3o avan\u00e7a com transportes gr\u00e1tis - Portal Tela Portugal<\/title>\n<meta name=\"robots\" content=\"index, follow, max-snippet:-1, max-image-preview:large, max-video-preview:-1\" \/>\n<meta property=\"og:locale\" content=\"pt_PT\" \/>\n<meta property=\"og:type\" content=\"article\" \/>\n<meta property=\"og:title\" content=\"Matosinhos aguarda estudo metropolitano e n\u00e3o avan\u00e7a com transportes gr\u00e1tis - Portal Tela Portugal\" \/>\n<meta property=\"og:description\" content=\"Matosinhos n\u00e3o avan\u00e7ar\u00e1 com transportes p\u00fablicos gratuitos, aguardando o estudo da \u00c1rea Metropolitana do Porto (AMP). A autarca Lu\u00edsa Salgueiro afirma que a gratuidadom s\u00f3 faz sentido se abranger todos os munic\u00edpios da AMP. A gest\u00e3o fica mais complexa porque Matosinhos tem dois operadores e est\u00e1 em fase de estabiliza\u00e7\u00e3o de redes, sem avalia\u00e7\u00e3o financeira do impacto. A medida precisa ser supramunicipal para ter efeito, j\u00e1 que trabalhadores de Matosinhos podem pagar transporte ao deslocarem-se para o Porto. Salgueiro vai depor, a 11 de maio, no caso do hotel da Praia da Mem\u00f3ria, em que o propriet\u00e1rio pede 19 milh\u00f5es de euros de indemniza\u00e7\u00e3o; a C\u00e2mara de Matosinhos e o Minist\u00e9rio do Ambiente tamb\u00e9m s\u00e3o r\u00e9us.\" \/>\n<meta property=\"og:url\" content=\"https:\/\/portaltela.pt\/noticias\/2026\/04\/29\/matosinhos-aguarda-estudo-metropolitano-e-nao-avanca-com-transportes-gratis\/\" \/>\n<meta property=\"og:site_name\" content=\"Portal Tela Portugal\" \/>\n<meta property=\"article:published_time\" content=\"2026-04-29T20:33:53+00:00\" \/>\n<meta name=\"author\" content=\"Telinha\" \/>\n<meta name=\"twitter:card\" content=\"summary_large_image\" \/>\n<meta name=\"twitter:label1\" content=\"Escrito por\" \/>\n\t<meta name=\"twitter:data1\" content=\"Telinha\" \/>\n\t<meta name=\"twitter:label2\" content=\"Tempo estimado de leitura\" \/>\n\t<meta name=\"twitter:data2\" content=\"2 minutos\" \/>\n<script type=\"application\/ld+json\" class=\"yoast-schema-graph\">{\"@context\":\"https:\/\/schema.org\",\"@graph\":[{\"@type\":\"Article\",\"@id\":\"https:\/\/portaltela.pt\/noticias\/2026\/04\/29\/matosinhos-aguarda-estudo-metropolitano-e-nao-avanca-com-transportes-gratis\/#article\",\"isPartOf\":{\"@id\":\"https:\/\/portaltela.pt\/noticias\/2026\/04\/29\/matosinhos-aguarda-estudo-metropolitano-e-nao-avanca-com-transportes-gratis\/\"},\"author\":{\"name\":\"Telinha\",\"@id\":\"https:\/\/portaltela.pt\/#\/schema\/person\/c4278d4a6028830caff9ee44b42d32ed\"},\"headline\":\"Matosinhos aguarda estudo metropolitano e n\u00e3o avan\u00e7a com transportes gr\u00e1tis\",\"datePublished\":\"2026-04-29T20:33:53+00:00\",\"mainEntityOfPage\":{\"@id\":\"https:\/\/portaltela.pt\/noticias\/2026\/04\/29\/matosinhos-aguarda-estudo-metropolitano-e-nao-avanca-com-transportes-gratis\/\"},\"wordCount\":339,\"image\":{\"@id\":\"https:\/\/portaltela.pt\/noticias\/2026\/04\/29\/matosinhos-aguarda-estudo-metropolitano-e-nao-avanca-com-transportes-gratis\/#primaryimage\"},\"thumbnailUrl\":\"https:\/\/portaltela.pt\/s.01k8rhncp4jt1\/2026\/04\/image-1680.jpg\",\"keywords\":[\"_indeniza\u00e7\u00f5es\",\"_Matosinhos\",\"_mobilidade\",\"_mobilidade urbana\",\"_Porto\",\"_transporte\"],\"articleSection\":[\"Meio Ambiente\",\"Sociedade\"],\"inLanguage\":\"pt-PT\"},{\"@type\":\"WebPage\",\"@id\":\"https:\/\/portaltela.pt\/noticias\/2026\/04\/29\/matosinhos-aguarda-estudo-metropolitano-e-nao-avanca-com-transportes-gratis\/\",\"url\":\"https:\/\/portaltela.pt\/noticias\/2026\/04\/29\/matosinhos-aguarda-estudo-metropolitano-e-nao-avanca-com-transportes-gratis\/\",\"name\":\"Matosinhos aguarda estudo metropolitano e n\u00e3o avan\u00e7a com transportes gr\u00e1tis - Portal Tela Portugal\",\"isPartOf\":{\"@id\":\"https:\/\/portaltela.pt\/#website\"},\"primaryImageOfPage\":{\"@id\":\"https:\/\/portaltela.pt\/noticias\/2026\/04\/29\/matosinhos-aguarda-estudo-metropolitano-e-nao-avanca-com-transportes-gratis\/#primaryimage\"},\"image\":{\"@id\":\"https:\/\/portaltela.pt\/noticias\/2026\/04\/29\/matosinhos-aguarda-estudo-metropolitano-e-nao-avanca-com-transportes-gratis\/#primaryimage\"},\"thumbnailUrl\":\"https:\/\/portaltela.pt\/s.01k8rhncp4jt1\/2026\/04\/image-1680.jpg\",\"datePublished\":\"2026-04-29T20:33:53+00:00\",\"author\":{\"@id\":\"https:\/\/portaltela.pt\/#\/schema\/person\/c4278d4a6028830caff9ee44b42d32ed\"},\"breadcrumb\":{\"@id\":\"https:\/\/portaltela.pt\/noticias\/2026\/04\/29\/matosinhos-aguarda-estudo-metropolitano-e-nao-avanca-com-transportes-gratis\/#breadcrumb\"},\"inLanguage\":\"pt-PT\",\"potentialAction\":[{\"@type\":\"ReadAction\",\"target\":[\"https:\/\/portaltela.pt\/noticias\/2026\/04\/29\/matosinhos-aguarda-estudo-metropolitano-e-nao-avanca-com-transportes-gratis\/\"]}]},{\"@type\":\"ImageObject\",\"inLanguage\":\"pt-PT\",\"@id\":\"https:\/\/portaltela.pt\/noticias\/2026\/04\/29\/matosinhos-aguarda-estudo-metropolitano-e-nao-avanca-com-transportes-gratis\/#primaryimage\",\"url\":\"https:\/\/portaltela.pt\/s.01k8rhncp4jt1\/2026\/04\/image-1680.jpg\",\"contentUrl\":\"https:\/\/portaltela.pt\/s.01k8rhncp4jt1\/2026\/04\/image-1680.jpg\",\"width\":796,\"height\":448,\"caption\":\"Ao contr\u00e1rio do anunciado para o Porto, Matosinhos n\u00e3o ter\u00e1 transporte p\u00fablico gr\u00e1tis\"},{\"@type\":\"BreadcrumbList\",\"@id\":\"https:\/\/portaltela.pt\/noticias\/2026\/04\/29\/matosinhos-aguarda-estudo-metropolitano-e-nao-avanca-com-transportes-gratis\/#breadcrumb\",\"itemListElement\":[{\"@type\":\"ListItem\",\"position\":1,\"name\":\"In\u00edcio\",\"item\":\"https:\/\/portaltela.pt\/\"},{\"@type\":\"ListItem\",\"position\":2,\"name\":\"Matosinhos aguarda estudo metropolitano e n\u00e3o avan\u00e7a com transportes gr\u00e1tis\"}]},{\"@type\":\"WebSite\",\"@id\":\"https:\/\/portaltela.pt\/#website\",\"url\":\"https:\/\/portaltela.pt\/\",\"name\":\"Portal Tela Portugal\",\"description\":\"\",\"potentialAction\":[{\"@type\":\"SearchAction\",\"target\":{\"@type\":\"EntryPoint\",\"urlTemplate\":\"https:\/\/portaltela.pt\/?s={search_term_string}\"},\"query-input\":{\"@type\":\"PropertyValueSpecification\",\"valueRequired\":true,\"valueName\":\"search_term_string\"}}],\"inLanguage\":\"pt-PT\"},{\"@type\":\"Person\",\"@id\":\"https:\/\/portaltela.pt\/#\/schema\/person\/c4278d4a6028830caff9ee44b42d32ed\",\"name\":\"Telinha\",\"image\":{\"@type\":\"ImageObject\",\"inLanguage\":\"pt-PT\",\"@id\":\"https:\/\/portaltela.pt\/s.01k8rhncp4jt1\/2025\/11\/talking-bot-125x125.png\",\"url\":\"https:\/\/portaltela.pt\/s.01k8rhncp4jt1\/2025\/11\/talking-bot-125x125.png\",\"contentUrl\":\"https:\/\/portaltela.pt\/s.01k8rhncp4jt1\/2025\/11\/talking-bot-125x125.png\",\"caption\":\"Telinha\"},\"sameAs\":[\"https:\/\/portaltela.pt\/\"],\"url\":\"https:\/\/portaltela.pt\/por\/367410592786\/\"}]}<\/script>\n<!-- \/ Yoast SEO plugin. -->","yoast_head_json":{"title":"Matosinhos aguarda estudo metropolitano e n\u00e3o avan\u00e7a com transportes gr\u00e1tis - Portal Tela Portugal","robots":{"index":"index","follow":"follow","max-snippet":"max-snippet:-1","max-image-preview":"max-image-preview:large","max-video-preview":"max-video-preview:-1"},"og_locale":"pt_PT","og_type":"article","og_title":"Matosinhos aguarda estudo metropolitano e n\u00e3o avan\u00e7a com transportes gr\u00e1tis - Portal Tela Portugal","og_description":"Matosinhos n\u00e3o avan\u00e7ar\u00e1 com transportes p\u00fablicos gratuitos, aguardando o estudo da \u00c1rea Metropolitana do Porto (AMP). A autarca Lu\u00edsa Salgueiro afirma que a gratuidadom s\u00f3 faz sentido se abranger todos os munic\u00edpios da AMP. A gest\u00e3o fica mais complexa porque Matosinhos tem dois operadores e est\u00e1 em fase de estabiliza\u00e7\u00e3o de redes, sem avalia\u00e7\u00e3o financeira do impacto. A medida precisa ser supramunicipal para ter efeito, j\u00e1 que trabalhadores de Matosinhos podem pagar transporte ao deslocarem-se para o Porto. Salgueiro vai depor, a 11 de maio, no caso do hotel da Praia da Mem\u00f3ria, em que o propriet\u00e1rio pede 19 milh\u00f5es de euros de indemniza\u00e7\u00e3o; a C\u00e2mara de Matosinhos e o Minist\u00e9rio do Ambiente tamb\u00e9m s\u00e3o r\u00e9us.","og_url":"https:\/\/portaltela.pt\/noticias\/2026\/04\/29\/matosinhos-aguarda-estudo-metropolitano-e-nao-avanca-com-transportes-gratis\/","og_site_name":"Portal Tela Portugal","article_published_time":"2026-04-29T20:33:53+00:00","author":"Telinha","twitter_card":"summary_large_image","twitter_misc":{"Escrito por":"Telinha","Tempo estimado de leitura":"2 minutos"},"schema":{"@context":"https:\/\/schema.org","@graph":[{"@type":"Article","@id":"https:\/\/portaltela.pt\/noticias\/2026\/04\/29\/matosinhos-aguarda-estudo-metropolitano-e-nao-avanca-com-transportes-gratis\/#article","isPartOf":{"@id":"https:\/\/portaltela.pt\/noticias\/2026\/04\/29\/matosinhos-aguarda-estudo-metropolitano-e-nao-avanca-com-transportes-gratis\/"},"author":{"name":"Telinha","@id":"https:\/\/portaltela.pt\/#\/schema\/person\/c4278d4a6028830caff9ee44b42d32ed"},"headline":"Matosinhos aguarda estudo metropolitano e n\u00e3o avan\u00e7a com transportes gr\u00e1tis","datePublished":"2026-04-29T20:33:53+00:00","mainEntityOfPage":{"@id":"https:\/\/portaltela.pt\/noticias\/2026\/04\/29\/matosinhos-aguarda-estudo-metropolitano-e-nao-avanca-com-transportes-gratis\/"},"wordCount":339,"image":{"@id":"https:\/\/portaltela.pt\/noticias\/2026\/04\/29\/matosinhos-aguarda-estudo-metropolitano-e-nao-avanca-com-transportes-gratis\/#primaryimage"},"thumbnailUrl":"https:\/\/portaltela.pt\/s.01k8rhncp4jt1\/2026\/04\/image-1680.jpg","keywords":["_indeniza\u00e7\u00f5es","_Matosinhos","_mobilidade","_mobilidade urbana","_Porto","_transporte"],"articleSection":["Meio Ambiente","Sociedade"],"inLanguage":"pt-PT"},{"@type":"WebPage","@id":"https:\/\/portaltela.pt\/noticias\/2026\/04\/29\/matosinhos-aguarda-estudo-metropolitano-e-nao-avanca-com-transportes-gratis\/","url":"https:\/\/portaltela.pt\/noticias\/2026\/04\/29\/matosinhos-aguarda-estudo-metropolitano-e-nao-avanca-com-transportes-gratis\/","name":"Matosinhos aguarda estudo metropolitano e n\u00e3o avan\u00e7a com transportes gr\u00e1tis - Portal Tela Portugal","isPartOf":{"@id":"https:\/\/portaltela.pt\/#website"},"primaryImageOfPage":{"@id":"https:\/\/portaltela.pt\/noticias\/2026\/04\/29\/matosinhos-aguarda-estudo-metropolitano-e-nao-avanca-com-transportes-gratis\/#primaryimage"},"image":{"@id":"https:\/\/portaltela.pt\/noticias\/2026\/04\/29\/matosinhos-aguarda-estudo-metropolitano-e-nao-avanca-com-transportes-gratis\/#primaryimage"},"thumbnailUrl":"https:\/\/portaltela.pt\/s.01k8rhncp4jt1\/2026\/04\/image-1680.jpg","datePublished":"2026-04-29T20:33:53+00:00","author":{"@id":"https:\/\/portaltela.pt\/#\/schema\/person\/c4278d4a6028830caff9ee44b42d32ed"},"breadcrumb":{"@id":"https:\/\/portaltela.pt\/noticias\/2026\/04\/29\/matosinhos-aguarda-estudo-metropolitano-e-nao-avanca-com-transportes-gratis\/#breadcrumb"},"inLanguage":"pt-PT","potentialAction":[{"@type":"ReadAction","target":["https:\/\/portaltela.pt\/noticias\/2026\/04\/29\/matosinhos-aguarda-estudo-metropolitano-e-nao-avanca-com-transportes-gratis\/"]}]},{"@type":"ImageObject","inLanguage":"pt-PT","@id":"https:\/\/portaltela.pt\/noticias\/2026\/04\/29\/matosinhos-aguarda-estudo-metropolitano-e-nao-avanca-com-transportes-gratis\/#primaryimage","url":"https:\/\/portaltela.pt\/s.01k8rhncp4jt1\/2026\/04\/image-1680.jpg","contentUrl":"https:\/\/portaltela.pt\/s.01k8rhncp4jt1\/2026\/04\/image-1680.jpg","width":796,"height":448,"caption":"Ao contr\u00e1rio do anunciado para o Porto, Matosinhos n\u00e3o ter\u00e1 transporte p\u00fablico gr\u00e1tis"},{"@type":"BreadcrumbList","@id":"https:\/\/portaltela.pt\/noticias\/2026\/04\/29\/matosinhos-aguarda-estudo-metropolitano-e-nao-avanca-com-transportes-gratis\/#breadcrumb","itemListElement":[{"@type":"ListItem","position":1,"name":"In\u00edcio","item":"https:\/\/portaltela.pt\/"},{"@type":"ListItem","position":2,"name":"Matosinhos aguarda estudo metropolitano e n\u00e3o avan\u00e7a com transportes gr\u00e1tis"}]},{"@type":"WebSite","@id":"https:\/\/portaltela.pt\/#website","url":"https:\/\/portaltela.pt\/","name":"Portal Tela Portugal","description":"","potentialAction":[{"@type":"SearchAction","target":{"@type":"EntryPoint","urlTemplate":"https:\/\/portaltela.pt\/?s={search_term_string}"},"query-input":{"@type":"PropertyValueSpecification","valueRequired":true,"valueName":"search_term_string"}}],"inLanguage":"pt-PT"},{"@type":"Person","@id":"https:\/\/portaltela.pt\/#\/schema\/person\/c4278d4a6028830caff9ee44b42d32ed","name":"Telinha","image":{"@type":"ImageObject","inLanguage":"pt-PT","@id":"https:\/\/portaltela.pt\/s.01k8rhncp4jt1\/2025\/11\/talking-bot-125x125.png","url":"https:\/\/portaltela.pt\/s.01k8rhncp4jt1\/2025\/11\/talking-bot-125x125.png","contentUrl":"https:\/\/portaltela.pt\/s.01k8rhncp4jt1\/2025\/11\/talking-bot-125x125.png","caption":"Telinha"},"sameAs":["https:\/\/portaltela.pt\/"],"url":"https:\/\/portaltela.pt\/por\/367410592786\/"}]}},"_links":{"self":[{"href":"https:\/\/portaltela.pt\/api\/wp\/v2\/posts\/461543","targetHints":{"allow":["GET"]}}],"collection":[{"href":"https:\/\/portaltela.pt\/api\/wp\/v2\/posts"}],"about":[{"href":"https:\/\/portaltela.pt\/api\/wp\/v2\/types\/post"}],"author":[{"embeddable":true,"href":"https:\/\/portaltela.pt\/api\/wp\/v2\/users\/2"}],"replies":[{"embeddable":true,"href":"https:\/\/portaltela.pt\/api\/wp\/v2\/comments?post=461543"}],"version-history":[{"count":0,"href":"https:\/\/portaltela.pt\/api\/wp\/v2\/posts\/461543\/revisions"}],"wp:featuredmedia":[{"embeddable":true,"href":"https:\/\/portaltela.pt\/api\/wp\/v2\/media\/461558"}],"wp:attachment":[{"href":"https:\/\/portaltela.pt\/api\/wp\/v2\/media?parent=461543"}],"wp:term":[{"taxonomy":"category","embeddable":true,"href":"https:\/\/portaltela.pt\/api\/wp\/v2\/categories?post=461543"},{"taxonomy":"post_tag","embeddable":true,"href":"https:\/\/portaltela.pt\/api\/wp\/v2\/tags?post=461543"}],"curies":[{"name":"wp","href":"https:\/\/api.w.org\/{rel}","templated":true}]}}